{"id":1192,"date":"2022-11-08T12:00:00","date_gmt":"2022-11-08T11:00:00","guid":{"rendered":"https:\/\/politicasocial.vinaros.es\/cartel-obra-de-teatro-poi\/"},"modified":"2023-01-03T12:28:18","modified_gmt":"2023-01-03T11:28:18","slug":"cartel-obra-de-teatro-poi","status":"publish","type":"post","link":"https:\/\/politicasocial.vinaros.es\/es\/cartel-obra-de-teatro-poi\/","title":{"rendered":"Cartel Obra de teatro \u00abPOI\u00bb"},"content":{"rendered":"\n<p id=\"tw-target-text\"><strong>\u00a1CAMBIO \u00daLTIMA HORA! Con motivo de las previsiones meteorol\u00f3gicas la representaci\u00f3n se realizar\u00e1 en el Auditorio Municipal d\u00eda 12\/11\/2022 a las 12:00h<\/strong>.<\/p>\n\n<p>El pr\u00f3ximo d\u00eda 12\/11\/2022 a las 12:00h tendr\u00e1 lugar en la Plaza de la Comuni\u00f3n. La representaci\u00f3n de la obra \u00abPOI\u00bb por la compa\u00f1\u00eda \u00abCia. \u200b\u200bD&#8217;Es Tro\u00bb dirigida a p\u00fablico infantil, adolescentes, j\u00f3venes y adultos.<\/p>\n\n<p>Esta actividad se encuentra dentro de los actos programados por la Concejal\u00eda de Igualdad del Ayuntamiento de Vinar\u00f2s para los meses de octubre, noviembre y diciembre de 2022.<\/p>\n\n<p>Tem\u00e1tica: artes del circo y juego popular de la peonza.<\/p>\n\n<p>Entrada libre.<\/p>\n","protected":false},"excerpt":{"rendered":"<p>\u00a1CAMBIO \u00daLTIMA HORA! Con motivo de las previsiones meteorol\u00f3gicas la representaci\u00f3n se realizar\u00e1 en el Auditorio Municipal d\u00eda 12\/11\/2022 a las 12:00h. El pr\u00f3ximo d\u00eda 12\/11\/2022 a las 12:00h tendr\u00e1 lugar en la Plaza de la Comuni\u00f3n. La representaci\u00f3n de la obra \u00abPOI\u00bb por la compa\u00f1\u00eda \u00abCia. \u200b\u200bD&#8217;Es Tro\u00bb dirigida a p\u00fablico infantil, adolescentes, j\u00f3venes [&hellip;]<\/p>\n","protected":false},"author":1,"featured_media":432,"comment_status":"open","ping_status":"open","sticky":false,"template":"","format":"standard","meta":{"_acf_changed":false,"inline_featured_image":false,"footnotes":""},"categories":[11],"tags":[],"class_list":["post-1192","post","type-post","status-publish","format-standard","has-post-thumbnail","hentry","category-servicios-sociales"],"acf":[],"yoast_head":"<!-- This site is optimized with the Yoast SEO plugin v27.0 - https:\/\/yoast.com\/product\/yoast-seo-wordpress\/ -->\n<title>Cartel Obra de teatro &quot;POI&quot; - Pol\u00edtica Social - Ajuntament de Vinar\u00f2s<\/title>\n<meta name=\"robots\" content=\"index, follow, max-snippet:-1, max-image-preview:large, max-video-preview:-1\" \/>\n<link rel=\"canonical\" href=\"https:\/\/politicasocial.vinaros.es\/es\/cartel-obra-de-teatro-poi\/\" \/>\n<meta property=\"og:locale\" content=\"es_ES\" \/>\n<meta property=\"og:type\" content=\"article\" \/>\n<meta property=\"og:title\" content=\"Cartel Obra de teatro &quot;POI&quot; - Pol\u00edtica Social - Ajuntament de Vinar\u00f2s\" \/>\n<meta property=\"og:description\" content=\"\u00a1CAMBIO \u00daLTIMA HORA! Con motivo de las previsiones meteorol\u00f3gicas la representaci\u00f3n se realizar\u00e1 en el Auditorio Municipal d\u00eda 12\/11\/2022 a las 12:00h. El pr\u00f3ximo d\u00eda 12\/11\/2022 a las 12:00h tendr\u00e1 lugar en la Plaza de la Comuni\u00f3n. La representaci\u00f3n de la obra \u00abPOI\u00bb por la compa\u00f1\u00eda \u00abCia. \u200b\u200bD&#8217;Es Tro\u00bb dirigida a p\u00fablico infantil, adolescentes, j\u00f3venes [&hellip;]\" \/>\n<meta property=\"og:url\" content=\"https:\/\/politicasocial.vinaros.es\/es\/cartel-obra-de-teatro-poi\/\" \/>\n<meta property=\"og:site_name\" content=\"Pol\u00edtica Social - Ajuntament de Vinar\u00f2s\" \/>\n<meta property=\"article:published_time\" content=\"2022-11-08T11:00:00+00:00\" \/>\n<meta property=\"article:modified_time\" content=\"2023-01-03T11:28:18+00:00\" \/>\n<meta property=\"og:image\" content=\"https:\/\/politicasocial.vinaros.es\/wp-content\/uploads\/2022\/11\/serveis-socials-vinaros-cartell-obra-de-teatre-poi.png\" \/>\n\t<meta property=\"og:image:width\" content=\"339\" \/>\n\t<meta property=\"og:image:height\" content=\"480\" \/>\n\t<meta property=\"og:image:type\" content=\"image\/png\" \/>\n<meta name=\"author\" content=\"Ra\u00fal Torner Martinell\" \/>\n<meta name=\"twitter:card\" content=\"summary_large_image\" \/>\n<meta name=\"twitter:label1\" content=\"Escrito por\" \/>\n\t<meta name=\"twitter:data1\" content=\"Ra\u00fal Torner Martinell\" \/>\n\t<meta name=\"twitter:label2\" content=\"Tiempo de lectura\" \/>\n\t<meta name=\"twitter:data2\" content=\"1 minuto\" \/>\n<script type=\"application\/ld+json\" class=\"yoast-schema-graph\">{\"@context\":\"https:\/\/schema.org\",\"@graph\":[{\"@type\":\"Article\",\"@id\":\"https:\/\/politicasocial.vinaros.es\/es\/cartel-obra-de-teatro-poi\/#article\",\"isPartOf\":{\"@id\":\"https:\/\/politicasocial.vinaros.es\/es\/cartel-obra-de-teatro-poi\/\"},\"author\":{\"name\":\"Ra\u00fal Torner Martinell\",\"@id\":\"https:\/\/politicasocial.vinaros.es\/es\/#\/schema\/person\/25b8c0c60cdeca0d29acc31758a695da\"},\"headline\":\"Cartel Obra de teatro \u00abPOI\u00bb\",\"datePublished\":\"2022-11-08T11:00:00+00:00\",\"dateModified\":\"2023-01-03T11:28:18+00:00\",\"mainEntityOfPage\":{\"@id\":\"https:\/\/politicasocial.vinaros.es\/es\/cartel-obra-de-teatro-poi\/\"},\"wordCount\":113,\"commentCount\":0,\"image\":{\"@id\":\"https:\/\/politicasocial.vinaros.es\/es\/cartel-obra-de-teatro-poi\/#primaryimage\"},\"thumbnailUrl\":\"https:\/\/politicasocial.vinaros.es\/wp-content\/uploads\/2022\/11\/serveis-socials-vinaros-cartell-obra-de-teatre-poi.png\",\"articleSection\":[\"Servicios Sociales\"],\"inLanguage\":\"es\",\"potentialAction\":[{\"@type\":\"CommentAction\",\"name\":\"Comment\",\"target\":[\"https:\/\/politicasocial.vinaros.es\/es\/cartel-obra-de-teatro-poi\/#respond\"]}]},{\"@type\":\"WebPage\",\"@id\":\"https:\/\/politicasocial.vinaros.es\/es\/cartel-obra-de-teatro-poi\/\",\"url\":\"https:\/\/politicasocial.vinaros.es\/es\/cartel-obra-de-teatro-poi\/\",\"name\":\"Cartel Obra de teatro \\\"POI\\\" - Pol\u00edtica Social - Ajuntament de Vinar\u00f2s\",\"isPartOf\":{\"@id\":\"https:\/\/politicasocial.vinaros.es\/es\/#website\"},\"primaryImageOfPage\":{\"@id\":\"https:\/\/politicasocial.vinaros.es\/es\/cartel-obra-de-teatro-poi\/#primaryimage\"},\"image\":{\"@id\":\"https:\/\/politicasocial.vinaros.es\/es\/cartel-obra-de-teatro-poi\/#primaryimage\"},\"thumbnailUrl\":\"https:\/\/politicasocial.vinaros.es\/wp-content\/uploads\/2022\/11\/serveis-socials-vinaros-cartell-obra-de-teatre-poi.png\",\"datePublished\":\"2022-11-08T11:00:00+00:00\",\"dateModified\":\"2023-01-03T11:28:18+00:00\",\"author\":{\"@id\":\"https:\/\/politicasocial.vinaros.es\/es\/#\/schema\/person\/25b8c0c60cdeca0d29acc31758a695da\"},\"breadcrumb\":{\"@id\":\"https:\/\/politicasocial.vinaros.es\/es\/cartel-obra-de-teatro-poi\/#breadcrumb\"},\"inLanguage\":\"es\",\"potentialAction\":[{\"@type\":\"ReadAction\",\"target\":[\"https:\/\/politicasocial.vinaros.es\/es\/cartel-obra-de-teatro-poi\/\"]}]},{\"@type\":\"ImageObject\",\"inLanguage\":\"es\",\"@id\":\"https:\/\/politicasocial.vinaros.es\/es\/cartel-obra-de-teatro-poi\/#primaryimage\",\"url\":\"https:\/\/politicasocial.vinaros.es\/wp-content\/uploads\/2022\/11\/serveis-socials-vinaros-cartell-obra-de-teatre-poi.png\",\"contentUrl\":\"https:\/\/politicasocial.vinaros.es\/wp-content\/uploads\/2022\/11\/serveis-socials-vinaros-cartell-obra-de-teatre-poi.png\",\"width\":339,\"height\":480},{\"@type\":\"BreadcrumbList\",\"@id\":\"https:\/\/politicasocial.vinaros.es\/es\/cartel-obra-de-teatro-poi\/#breadcrumb\",\"itemListElement\":[{\"@type\":\"ListItem\",\"position\":1,\"name\":\"Inicio\",\"item\":\"https:\/\/politicasocial.vinaros.es\/es\/\"},{\"@type\":\"ListItem\",\"position\":2,\"name\":\"Servicios Sociales\",\"item\":\"https:\/\/politicasocial.vinaros.es\/es\/categoria\/servicios-sociales\/\"},{\"@type\":\"ListItem\",\"position\":3,\"name\":\"Cartel Obra de teatro &#8220;POI&#8221;\"}]},{\"@type\":\"WebSite\",\"@id\":\"https:\/\/politicasocial.vinaros.es\/es\/#website\",\"url\":\"https:\/\/politicasocial.vinaros.es\/es\/\",\"name\":\"Pol\u00edtica Social - Ajuntament de Vinar\u00f2s\",\"description\":\"Regidoria de Pol\u00edtica Social\",\"potentialAction\":[{\"@type\":\"SearchAction\",\"target\":{\"@type\":\"EntryPoint\",\"urlTemplate\":\"https:\/\/politicasocial.vinaros.es\/es\/?s={search_term_string}\"},\"query-input\":{\"@type\":\"PropertyValueSpecification\",\"valueRequired\":true,\"valueName\":\"search_term_string\"}}],\"inLanguage\":\"es\"},{\"@type\":\"Person\",\"@id\":\"https:\/\/politicasocial.vinaros.es\/es\/#\/schema\/person\/25b8c0c60cdeca0d29acc31758a695da\",\"name\":\"Ra\u00fal Torner Martinell\",\"image\":{\"@type\":\"ImageObject\",\"inLanguage\":\"es\",\"@id\":\"https:\/\/politicasocial.vinaros.es\/es\/#\/schema\/person\/image\/\",\"url\":\"https:\/\/secure.gravatar.com\/avatar\/3716f530378a992b4951fb4809843919506e982d2df14dcde67785574c23e79b?s=96&d=mm&r=g\",\"contentUrl\":\"https:\/\/secure.gravatar.com\/avatar\/3716f530378a992b4951fb4809843919506e982d2df14dcde67785574c23e79b?s=96&d=mm&r=g\",\"caption\":\"Ra\u00fal Torner Martinell\"},\"url\":\"https:\/\/politicasocial.vinaros.es\/es\"}]}<\/script>\n<!-- \/ Yoast SEO plugin. -->","yoast_head_json":{"title":"Cartel Obra de teatro \"POI\" - Pol\u00edtica Social - Ajuntament de Vinar\u00f2s","robots":{"index":"index","follow":"follow","max-snippet":"max-snippet:-1","max-image-preview":"max-image-preview:large","max-video-preview":"max-video-preview:-1"},"canonical":"https:\/\/politicasocial.vinaros.es\/es\/cartel-obra-de-teatro-poi\/","og_locale":"es_ES","og_type":"article","og_title":"Cartel Obra de teatro \"POI\" - Pol\u00edtica Social - Ajuntament de Vinar\u00f2s","og_description":"\u00a1CAMBIO \u00daLTIMA HORA! Con motivo de las previsiones meteorol\u00f3gicas la representaci\u00f3n se realizar\u00e1 en el Auditorio Municipal d\u00eda 12\/11\/2022 a las 12:00h. El pr\u00f3ximo d\u00eda 12\/11\/2022 a las 12:00h tendr\u00e1 lugar en la Plaza de la Comuni\u00f3n. La representaci\u00f3n de la obra \u00abPOI\u00bb por la compa\u00f1\u00eda \u00abCia. \u200b\u200bD&#8217;Es Tro\u00bb dirigida a p\u00fablico infantil, adolescentes, j\u00f3venes [&hellip;]","og_url":"https:\/\/politicasocial.vinaros.es\/es\/cartel-obra-de-teatro-poi\/","og_site_name":"Pol\u00edtica Social - Ajuntament de Vinar\u00f2s","article_published_time":"2022-11-08T11:00:00+00:00","article_modified_time":"2023-01-03T11:28:18+00:00","og_image":[{"width":339,"height":480,"url":"https:\/\/politicasocial.vinaros.es\/wp-content\/uploads\/2022\/11\/serveis-socials-vinaros-cartell-obra-de-teatre-poi.png","type":"image\/png"}],"author":"Ra\u00fal Torner Martinell","twitter_card":"summary_large_image","twitter_misc":{"Escrito por":"Ra\u00fal Torner Martinell","Tiempo de lectura":"1 minuto"},"schema":{"@context":"https:\/\/schema.org","@graph":[{"@type":"Article","@id":"https:\/\/politicasocial.vinaros.es\/es\/cartel-obra-de-teatro-poi\/#article","isPartOf":{"@id":"https:\/\/politicasocial.vinaros.es\/es\/cartel-obra-de-teatro-poi\/"},"author":{"name":"Ra\u00fal Torner Martinell","@id":"https:\/\/politicasocial.vinaros.es\/es\/#\/schema\/person\/25b8c0c60cdeca0d29acc31758a695da"},"headline":"Cartel Obra de teatro \u00abPOI\u00bb","datePublished":"2022-11-08T11:00:00+00:00","dateModified":"2023-01-03T11:28:18+00:00","mainEntityOfPage":{"@id":"https:\/\/politicasocial.vinaros.es\/es\/cartel-obra-de-teatro-poi\/"},"wordCount":113,"commentCount":0,"image":{"@id":"https:\/\/politicasocial.vinaros.es\/es\/cartel-obra-de-teatro-poi\/#primaryimage"},"thumbnailUrl":"https:\/\/politicasocial.vinaros.es\/wp-content\/uploads\/2022\/11\/serveis-socials-vinaros-cartell-obra-de-teatre-poi.png","articleSection":["Servicios Sociales"],"inLanguage":"es","potentialAction":[{"@type":"CommentAction","name":"Comment","target":["https:\/\/politicasocial.vinaros.es\/es\/cartel-obra-de-teatro-poi\/#respond"]}]},{"@type":"WebPage","@id":"https:\/\/politicasocial.vinaros.es\/es\/cartel-obra-de-teatro-poi\/","url":"https:\/\/politicasocial.vinaros.es\/es\/cartel-obra-de-teatro-poi\/","name":"Cartel Obra de teatro \"POI\" - Pol\u00edtica Social - Ajuntament de Vinar\u00f2s","isPartOf":{"@id":"https:\/\/politicasocial.vinaros.es\/es\/#website"},"primaryImageOfPage":{"@id":"https:\/\/politicasocial.vinaros.es\/es\/cartel-obra-de-teatro-poi\/#primaryimage"},"image":{"@id":"https:\/\/politicasocial.vinaros.es\/es\/cartel-obra-de-teatro-poi\/#primaryimage"},"thumbnailUrl":"https:\/\/politicasocial.vinaros.es\/wp-content\/uploads\/2022\/11\/serveis-socials-vinaros-cartell-obra-de-teatre-poi.png","datePublished":"2022-11-08T11:00:00+00:00","dateModified":"2023-01-03T11:28:18+00:00","author":{"@id":"https:\/\/politicasocial.vinaros.es\/es\/#\/schema\/person\/25b8c0c60cdeca0d29acc31758a695da"},"breadcrumb":{"@id":"https:\/\/politicasocial.vinaros.es\/es\/cartel-obra-de-teatro-poi\/#breadcrumb"},"inLanguage":"es","potentialAction":[{"@type":"ReadAction","target":["https:\/\/politicasocial.vinaros.es\/es\/cartel-obra-de-teatro-poi\/"]}]},{"@type":"ImageObject","inLanguage":"es","@id":"https:\/\/politicasocial.vinaros.es\/es\/cartel-obra-de-teatro-poi\/#primaryimage","url":"https:\/\/politicasocial.vinaros.es\/wp-content\/uploads\/2022\/11\/serveis-socials-vinaros-cartell-obra-de-teatre-poi.png","contentUrl":"https:\/\/politicasocial.vinaros.es\/wp-content\/uploads\/2022\/11\/serveis-socials-vinaros-cartell-obra-de-teatre-poi.png","width":339,"height":480},{"@type":"BreadcrumbList","@id":"https:\/\/politicasocial.vinaros.es\/es\/cartel-obra-de-teatro-poi\/#breadcrumb","itemListElement":[{"@type":"ListItem","position":1,"name":"Inicio","item":"https:\/\/politicasocial.vinaros.es\/es\/"},{"@type":"ListItem","position":2,"name":"Servicios Sociales","item":"https:\/\/politicasocial.vinaros.es\/es\/categoria\/servicios-sociales\/"},{"@type":"ListItem","position":3,"name":"Cartel Obra de teatro &#8220;POI&#8221;"}]},{"@type":"WebSite","@id":"https:\/\/politicasocial.vinaros.es\/es\/#website","url":"https:\/\/politicasocial.vinaros.es\/es\/","name":"Pol\u00edtica Social - Ajuntament de Vinar\u00f2s","description":"Regidoria de Pol\u00edtica Social","potentialAction":[{"@type":"SearchAction","target":{"@type":"EntryPoint","urlTemplate":"https:\/\/politicasocial.vinaros.es\/es\/?s={search_term_string}"},"query-input":{"@type":"PropertyValueSpecification","valueRequired":true,"valueName":"search_term_string"}}],"inLanguage":"es"},{"@type":"Person","@id":"https:\/\/politicasocial.vinaros.es\/es\/#\/schema\/person\/25b8c0c60cdeca0d29acc31758a695da","name":"Ra\u00fal Torner Martinell","image":{"@type":"ImageObject","inLanguage":"es","@id":"https:\/\/politicasocial.vinaros.es\/es\/#\/schema\/person\/image\/","url":"https:\/\/secure.gravatar.com\/avatar\/3716f530378a992b4951fb4809843919506e982d2df14dcde67785574c23e79b?s=96&d=mm&r=g","contentUrl":"https:\/\/secure.gravatar.com\/avatar\/3716f530378a992b4951fb4809843919506e982d2df14dcde67785574c23e79b?s=96&d=mm&r=g","caption":"Ra\u00fal Torner Martinell"},"url":"https:\/\/politicasocial.vinaros.es\/es"}]}},"_links":{"self":[{"href":"https:\/\/politicasocial.vinaros.es\/es\/wp-json\/wp\/v2\/posts\/1192","targetHints":{"allow":["GET"]}}],"collection":[{"href":"https:\/\/politicasocial.vinaros.es\/es\/wp-json\/wp\/v2\/posts"}],"about":[{"href":"https:\/\/politicasocial.vinaros.es\/es\/wp-json\/wp\/v2\/types\/post"}],"author":[{"embeddable":true,"href":"https:\/\/politicasocial.vinaros.es\/es\/wp-json\/wp\/v2\/users\/1"}],"replies":[{"embeddable":true,"href":"https:\/\/politicasocial.vinaros.es\/es\/wp-json\/wp\/v2\/comments?post=1192"}],"version-history":[{"count":1,"href":"https:\/\/politicasocial.vinaros.es\/es\/wp-json\/wp\/v2\/posts\/1192\/revisions"}],"predecessor-version":[{"id":1193,"href":"https:\/\/politicasocial.vinaros.es\/es\/wp-json\/wp\/v2\/posts\/1192\/revisions\/1193"}],"wp:featuredmedia":[{"embeddable":true,"href":"https:\/\/politicasocial.vinaros.es\/es\/wp-json\/wp\/v2\/media\/432"}],"wp:attachment":[{"href":"https:\/\/politicasocial.vinaros.es\/es\/wp-json\/wp\/v2\/media?parent=1192"}],"wp:term":[{"taxonomy":"category","embeddable":true,"href":"https:\/\/politicasocial.vinaros.es\/es\/wp-json\/wp\/v2\/categories?post=1192"},{"taxonomy":"post_tag","embeddable":true,"href":"https:\/\/politicasocial.vinaros.es\/es\/wp-json\/wp\/v2\/tags?post=1192"}],"curies":[{"name":"wp","href":"https:\/\/api.w.org\/{rel}","templated":true}]}}