{"id":1215,"date":"2022-10-05T13:00:00","date_gmt":"2022-10-05T11:00:00","guid":{"rendered":"https:\/\/politicasocial.vinaros.es\/celebracion-del-3er-jovefest-vinaros-2022\/"},"modified":"2023-01-03T12:50:14","modified_gmt":"2023-01-03T11:50:14","slug":"celebracion-del-3er-jovefest-vinaros-2022","status":"publish","type":"post","link":"https:\/\/politicasocial.vinaros.es\/es\/celebracion-del-3er-jovefest-vinaros-2022\/","title":{"rendered":"Celebraci\u00f3n del 3er JoveFest Vinar\u00f2s 2022"},"content":{"rendered":"\n<p>El objetivo es fomentar un ocio saludable para la juventud como medida para evitar conductas y consumos no deseables.<\/p>\n\n<p>El 08 de octubre se celebrar\u00e1 el III JoveFest con el lema <strong>\u00abSin drogas tambi\u00e9n hay fiesta\u00bb<\/strong>, con el objetivo de ofrecer desde el Ajuntament una oferta de entretenimiento de calidad para los j\u00f3venes dentro de la campa\u00f1a de ocio y tiempo libre de la Unidad de Prevenci\u00f3n Comunitaria de Conductas Adictivas, UPCCA. La regidora de Bienestar Social, Amalia Cab\u00f3s, destaca que este a\u00f1o, con una tercera edici\u00f3n, se consolida esta jornada de actividades para los j\u00f3venes, con alternativas positivas de ocio y tiempo libre para fomentar el entretenimiento saludable como una herramienta para combatir conductas y consumos no deseables.<\/p>\n\n<p>Seg\u00fan a\u00f1ad\u00eda la regidora \u00abel Ajuntament de Vinar\u00f2s tiene la intenci\u00f3n de seguir trabajando para desarrollar una oferta de ocio y tiempo libre saludable que responda en todas las necesidades de la juventud del municipio, por este motivo, se ha programado una jornada con talleres de batucada, muixeranga, grafiti, bolsas de tela, alfarer\u00eda y autodefensa. Por otro lado, comentaba que tambi\u00e9n se habilitar\u00e1 varios espacios con <em>Laser tag<\/em> para jugar en equipos, minigolf y bumper balls. Adem\u00e1s, tambi\u00e9n se instalar\u00e1 el Punto Violeta, un espacio informativo para sensibilizar y concienciar a los j\u00f3venes sobre la violencia de g\u00e9nero.<\/p>\n\n<p>La jornada se har\u00e1 en el paseo de Fora del Forat, a partir de las 16h e ir\u00e1n desarroll\u00e1ndose simult\u00e1neamente los diferentes talleres y actividades hasta las 20h. La edad para participar es desde los 12 hasta los 30 a\u00f1os.<\/p>\n\n<p>La entrada al recinto ser\u00e1 libre y las actividades son totalmente gratuitas, una vez dentro los j\u00f3venes podr\u00e1n apuntarse a las actividades que m\u00e1s les interesen. Finalmente, recordar que las actividades seguir\u00e1n las normas de higiene y seguridad para que la actividad sea segura.<\/p>\n","protected":false},"excerpt":{"rendered":"<p>El objetivo es fomentar un ocio saludable para la juventud como medida para evitar conductas y consumos no deseables. El 08 de octubre se celebrar\u00e1 el III JoveFest con el lema \u00abSin drogas tambi\u00e9n hay fiesta\u00bb, con el objetivo de ofrecer desde el Ajuntament una oferta de entretenimiento de calidad para los j\u00f3venes dentro de [&hellip;]<\/p>\n","protected":false},"author":1,"featured_media":439,"comment_status":"open","ping_status":"open","sticky":false,"template":"","format":"standard","meta":{"_acf_changed":false,"inline_featured_image":false,"footnotes":""},"categories":[11],"tags":[],"class_list":["post-1215","post","type-post","status-publish","format-standard","has-post-thumbnail","hentry","category-servicios-sociales"],"acf":[],"yoast_head":"<!-- This site is optimized with the Yoast SEO plugin v27.0 - https:\/\/yoast.com\/product\/yoast-seo-wordpress\/ -->\n<title>Celebraci\u00f3n del 3er JoveFest Vinar\u00f2s 2022 - Pol\u00edtica Social - Ajuntament de Vinar\u00f2s<\/title>\n<meta name=\"robots\" content=\"index, follow, max-snippet:-1, max-image-preview:large, max-video-preview:-1\" \/>\n<link rel=\"canonical\" href=\"https:\/\/politicasocial.vinaros.es\/es\/celebracion-del-3er-jovefest-vinaros-2022\/\" \/>\n<meta property=\"og:locale\" content=\"es_ES\" \/>\n<meta property=\"og:type\" content=\"article\" \/>\n<meta property=\"og:title\" content=\"Celebraci\u00f3n del 3er JoveFest Vinar\u00f2s 2022 - Pol\u00edtica Social - Ajuntament de Vinar\u00f2s\" \/>\n<meta property=\"og:description\" content=\"El objetivo es fomentar un ocio saludable para la juventud como medida para evitar conductas y consumos no deseables. El 08 de octubre se celebrar\u00e1 el III JoveFest con el lema \u00abSin drogas tambi\u00e9n hay fiesta\u00bb, con el objetivo de ofrecer desde el Ajuntament una oferta de entretenimiento de calidad para los j\u00f3venes dentro de [&hellip;]\" \/>\n<meta property=\"og:url\" content=\"https:\/\/politicasocial.vinaros.es\/es\/celebracion-del-3er-jovefest-vinaros-2022\/\" \/>\n<meta property=\"og:site_name\" content=\"Pol\u00edtica Social - Ajuntament de Vinar\u00f2s\" \/>\n<meta property=\"article:published_time\" content=\"2022-10-05T11:00:00+00:00\" \/>\n<meta property=\"article:modified_time\" content=\"2023-01-03T11:50:14+00:00\" \/>\n<meta property=\"og:image\" content=\"https:\/\/politicasocial.vinaros.es\/wp-content\/uploads\/2022\/11\/serveis-socials-vinaros-celebracio-3er-jovefest-vinaros-2022.png\" \/>\n\t<meta property=\"og:image:width\" content=\"339\" \/>\n\t<meta property=\"og:image:height\" content=\"480\" \/>\n\t<meta property=\"og:image:type\" content=\"image\/png\" \/>\n<meta name=\"author\" content=\"Ra\u00fal Torner Martinell\" \/>\n<meta name=\"twitter:card\" content=\"summary_large_image\" \/>\n<meta name=\"twitter:label1\" content=\"Escrito por\" \/>\n\t<meta name=\"twitter:data1\" content=\"Ra\u00fal Torner Martinell\" \/>\n\t<meta name=\"twitter:label2\" content=\"Tiempo de lectura\" \/>\n\t<meta name=\"twitter:data2\" content=\"2 minutos\" \/>\n<script type=\"application\/ld+json\" class=\"yoast-schema-graph\">{\"@context\":\"https:\/\/schema.org\",\"@graph\":[{\"@type\":\"Article\",\"@id\":\"https:\/\/politicasocial.vinaros.es\/es\/celebracion-del-3er-jovefest-vinaros-2022\/#article\",\"isPartOf\":{\"@id\":\"https:\/\/politicasocial.vinaros.es\/es\/celebracion-del-3er-jovefest-vinaros-2022\/\"},\"author\":{\"name\":\"Ra\u00fal Torner Martinell\",\"@id\":\"https:\/\/politicasocial.vinaros.es\/es\/#\/schema\/person\/25b8c0c60cdeca0d29acc31758a695da\"},\"headline\":\"Celebraci\u00f3n del 3er JoveFest Vinar\u00f2s 2022\",\"datePublished\":\"2022-10-05T11:00:00+00:00\",\"dateModified\":\"2023-01-03T11:50:14+00:00\",\"mainEntityOfPage\":{\"@id\":\"https:\/\/politicasocial.vinaros.es\/es\/celebracion-del-3er-jovefest-vinaros-2022\/\"},\"wordCount\":332,\"commentCount\":0,\"image\":{\"@id\":\"https:\/\/politicasocial.vinaros.es\/es\/celebracion-del-3er-jovefest-vinaros-2022\/#primaryimage\"},\"thumbnailUrl\":\"https:\/\/politicasocial.vinaros.es\/wp-content\/uploads\/2022\/11\/serveis-socials-vinaros-celebracio-3er-jovefest-vinaros-2022.png\",\"articleSection\":[\"Servicios Sociales\"],\"inLanguage\":\"es\",\"potentialAction\":[{\"@type\":\"CommentAction\",\"name\":\"Comment\",\"target\":[\"https:\/\/politicasocial.vinaros.es\/es\/celebracion-del-3er-jovefest-vinaros-2022\/#respond\"]}]},{\"@type\":\"WebPage\",\"@id\":\"https:\/\/politicasocial.vinaros.es\/es\/celebracion-del-3er-jovefest-vinaros-2022\/\",\"url\":\"https:\/\/politicasocial.vinaros.es\/es\/celebracion-del-3er-jovefest-vinaros-2022\/\",\"name\":\"Celebraci\u00f3n del 3er JoveFest Vinar\u00f2s 2022 - Pol\u00edtica Social - Ajuntament de Vinar\u00f2s\",\"isPartOf\":{\"@id\":\"https:\/\/politicasocial.vinaros.es\/es\/#website\"},\"primaryImageOfPage\":{\"@id\":\"https:\/\/politicasocial.vinaros.es\/es\/celebracion-del-3er-jovefest-vinaros-2022\/#primaryimage\"},\"image\":{\"@id\":\"https:\/\/politicasocial.vinaros.es\/es\/celebracion-del-3er-jovefest-vinaros-2022\/#primaryimage\"},\"thumbnailUrl\":\"https:\/\/politicasocial.vinaros.es\/wp-content\/uploads\/2022\/11\/serveis-socials-vinaros-celebracio-3er-jovefest-vinaros-2022.png\",\"datePublished\":\"2022-10-05T11:00:00+00:00\",\"dateModified\":\"2023-01-03T11:50:14+00:00\",\"author\":{\"@id\":\"https:\/\/politicasocial.vinaros.es\/es\/#\/schema\/person\/25b8c0c60cdeca0d29acc31758a695da\"},\"breadcrumb\":{\"@id\":\"https:\/\/politicasocial.vinaros.es\/es\/celebracion-del-3er-jovefest-vinaros-2022\/#breadcrumb\"},\"inLanguage\":\"es\",\"potentialAction\":[{\"@type\":\"ReadAction\",\"target\":[\"https:\/\/politicasocial.vinaros.es\/es\/celebracion-del-3er-jovefest-vinaros-2022\/\"]}]},{\"@type\":\"ImageObject\",\"inLanguage\":\"es\",\"@id\":\"https:\/\/politicasocial.vinaros.es\/es\/celebracion-del-3er-jovefest-vinaros-2022\/#primaryimage\",\"url\":\"https:\/\/politicasocial.vinaros.es\/wp-content\/uploads\/2022\/11\/serveis-socials-vinaros-celebracio-3er-jovefest-vinaros-2022.png\",\"contentUrl\":\"https:\/\/politicasocial.vinaros.es\/wp-content\/uploads\/2022\/11\/serveis-socials-vinaros-celebracio-3er-jovefest-vinaros-2022.png\",\"width\":339,\"height\":480},{\"@type\":\"BreadcrumbList\",\"@id\":\"https:\/\/politicasocial.vinaros.es\/es\/celebracion-del-3er-jovefest-vinaros-2022\/#breadcrumb\",\"itemListElement\":[{\"@type\":\"ListItem\",\"position\":1,\"name\":\"Inicio\",\"item\":\"https:\/\/politicasocial.vinaros.es\/es\/\"},{\"@type\":\"ListItem\",\"position\":2,\"name\":\"Servicios Sociales\",\"item\":\"https:\/\/politicasocial.vinaros.es\/es\/categoria\/servicios-sociales\/\"},{\"@type\":\"ListItem\",\"position\":3,\"name\":\"Celebraci\u00f3n del 3er JoveFest Vinar\u00f2s 2022\"}]},{\"@type\":\"WebSite\",\"@id\":\"https:\/\/politicasocial.vinaros.es\/es\/#website\",\"url\":\"https:\/\/politicasocial.vinaros.es\/es\/\",\"name\":\"Pol\u00edtica Social - Ajuntament de Vinar\u00f2s\",\"description\":\"Regidoria de Pol\u00edtica Social\",\"potentialAction\":[{\"@type\":\"SearchAction\",\"target\":{\"@type\":\"EntryPoint\",\"urlTemplate\":\"https:\/\/politicasocial.vinaros.es\/es\/?s={search_term_string}\"},\"query-input\":{\"@type\":\"PropertyValueSpecification\",\"valueRequired\":true,\"valueName\":\"search_term_string\"}}],\"inLanguage\":\"es\"},{\"@type\":\"Person\",\"@id\":\"https:\/\/politicasocial.vinaros.es\/es\/#\/schema\/person\/25b8c0c60cdeca0d29acc31758a695da\",\"name\":\"Ra\u00fal Torner Martinell\",\"image\":{\"@type\":\"ImageObject\",\"inLanguage\":\"es\",\"@id\":\"https:\/\/politicasocial.vinaros.es\/es\/#\/schema\/person\/image\/\",\"url\":\"https:\/\/secure.gravatar.com\/avatar\/3716f530378a992b4951fb4809843919506e982d2df14dcde67785574c23e79b?s=96&d=mm&r=g\",\"contentUrl\":\"https:\/\/secure.gravatar.com\/avatar\/3716f530378a992b4951fb4809843919506e982d2df14dcde67785574c23e79b?s=96&d=mm&r=g\",\"caption\":\"Ra\u00fal Torner Martinell\"},\"url\":\"https:\/\/politicasocial.vinaros.es\/es\"}]}<\/script>\n<!-- \/ Yoast SEO plugin. -->","yoast_head_json":{"title":"Celebraci\u00f3n del 3er JoveFest Vinar\u00f2s 2022 - Pol\u00edtica Social - Ajuntament de Vinar\u00f2s","robots":{"index":"index","follow":"follow","max-snippet":"max-snippet:-1","max-image-preview":"max-image-preview:large","max-video-preview":"max-video-preview:-1"},"canonical":"https:\/\/politicasocial.vinaros.es\/es\/celebracion-del-3er-jovefest-vinaros-2022\/","og_locale":"es_ES","og_type":"article","og_title":"Celebraci\u00f3n del 3er JoveFest Vinar\u00f2s 2022 - Pol\u00edtica Social - Ajuntament de Vinar\u00f2s","og_description":"El objetivo es fomentar un ocio saludable para la juventud como medida para evitar conductas y consumos no deseables. El 08 de octubre se celebrar\u00e1 el III JoveFest con el lema \u00abSin drogas tambi\u00e9n hay fiesta\u00bb, con el objetivo de ofrecer desde el Ajuntament una oferta de entretenimiento de calidad para los j\u00f3venes dentro de [&hellip;]","og_url":"https:\/\/politicasocial.vinaros.es\/es\/celebracion-del-3er-jovefest-vinaros-2022\/","og_site_name":"Pol\u00edtica Social - Ajuntament de Vinar\u00f2s","article_published_time":"2022-10-05T11:00:00+00:00","article_modified_time":"2023-01-03T11:50:14+00:00","og_image":[{"width":339,"height":480,"url":"https:\/\/politicasocial.vinaros.es\/wp-content\/uploads\/2022\/11\/serveis-socials-vinaros-celebracio-3er-jovefest-vinaros-2022.png","type":"image\/png"}],"author":"Ra\u00fal Torner Martinell","twitter_card":"summary_large_image","twitter_misc":{"Escrito por":"Ra\u00fal Torner Martinell","Tiempo de lectura":"2 minutos"},"schema":{"@context":"https:\/\/schema.org","@graph":[{"@type":"Article","@id":"https:\/\/politicasocial.vinaros.es\/es\/celebracion-del-3er-jovefest-vinaros-2022\/#article","isPartOf":{"@id":"https:\/\/politicasocial.vinaros.es\/es\/celebracion-del-3er-jovefest-vinaros-2022\/"},"author":{"name":"Ra\u00fal Torner Martinell","@id":"https:\/\/politicasocial.vinaros.es\/es\/#\/schema\/person\/25b8c0c60cdeca0d29acc31758a695da"},"headline":"Celebraci\u00f3n del 3er JoveFest Vinar\u00f2s 2022","datePublished":"2022-10-05T11:00:00+00:00","dateModified":"2023-01-03T11:50:14+00:00","mainEntityOfPage":{"@id":"https:\/\/politicasocial.vinaros.es\/es\/celebracion-del-3er-jovefest-vinaros-2022\/"},"wordCount":332,"commentCount":0,"image":{"@id":"https:\/\/politicasocial.vinaros.es\/es\/celebracion-del-3er-jovefest-vinaros-2022\/#primaryimage"},"thumbnailUrl":"https:\/\/politicasocial.vinaros.es\/wp-content\/uploads\/2022\/11\/serveis-socials-vinaros-celebracio-3er-jovefest-vinaros-2022.png","articleSection":["Servicios Sociales"],"inLanguage":"es","potentialAction":[{"@type":"CommentAction","name":"Comment","target":["https:\/\/politicasocial.vinaros.es\/es\/celebracion-del-3er-jovefest-vinaros-2022\/#respond"]}]},{"@type":"WebPage","@id":"https:\/\/politicasocial.vinaros.es\/es\/celebracion-del-3er-jovefest-vinaros-2022\/","url":"https:\/\/politicasocial.vinaros.es\/es\/celebracion-del-3er-jovefest-vinaros-2022\/","name":"Celebraci\u00f3n del 3er JoveFest Vinar\u00f2s 2022 - Pol\u00edtica Social - Ajuntament de Vinar\u00f2s","isPartOf":{"@id":"https:\/\/politicasocial.vinaros.es\/es\/#website"},"primaryImageOfPage":{"@id":"https:\/\/politicasocial.vinaros.es\/es\/celebracion-del-3er-jovefest-vinaros-2022\/#primaryimage"},"image":{"@id":"https:\/\/politicasocial.vinaros.es\/es\/celebracion-del-3er-jovefest-vinaros-2022\/#primaryimage"},"thumbnailUrl":"https:\/\/politicasocial.vinaros.es\/wp-content\/uploads\/2022\/11\/serveis-socials-vinaros-celebracio-3er-jovefest-vinaros-2022.png","datePublished":"2022-10-05T11:00:00+00:00","dateModified":"2023-01-03T11:50:14+00:00","author":{"@id":"https:\/\/politicasocial.vinaros.es\/es\/#\/schema\/person\/25b8c0c60cdeca0d29acc31758a695da"},"breadcrumb":{"@id":"https:\/\/politicasocial.vinaros.es\/es\/celebracion-del-3er-jovefest-vinaros-2022\/#breadcrumb"},"inLanguage":"es","potentialAction":[{"@type":"ReadAction","target":["https:\/\/politicasocial.vinaros.es\/es\/celebracion-del-3er-jovefest-vinaros-2022\/"]}]},{"@type":"ImageObject","inLanguage":"es","@id":"https:\/\/politicasocial.vinaros.es\/es\/celebracion-del-3er-jovefest-vinaros-2022\/#primaryimage","url":"https:\/\/politicasocial.vinaros.es\/wp-content\/uploads\/2022\/11\/serveis-socials-vinaros-celebracio-3er-jovefest-vinaros-2022.png","contentUrl":"https:\/\/politicasocial.vinaros.es\/wp-content\/uploads\/2022\/11\/serveis-socials-vinaros-celebracio-3er-jovefest-vinaros-2022.png","width":339,"height":480},{"@type":"BreadcrumbList","@id":"https:\/\/politicasocial.vinaros.es\/es\/celebracion-del-3er-jovefest-vinaros-2022\/#breadcrumb","itemListElement":[{"@type":"ListItem","position":1,"name":"Inicio","item":"https:\/\/politicasocial.vinaros.es\/es\/"},{"@type":"ListItem","position":2,"name":"Servicios Sociales","item":"https:\/\/politicasocial.vinaros.es\/es\/categoria\/servicios-sociales\/"},{"@type":"ListItem","position":3,"name":"Celebraci\u00f3n del 3er JoveFest Vinar\u00f2s 2022"}]},{"@type":"WebSite","@id":"https:\/\/politicasocial.vinaros.es\/es\/#website","url":"https:\/\/politicasocial.vinaros.es\/es\/","name":"Pol\u00edtica Social - Ajuntament de Vinar\u00f2s","description":"Regidoria de Pol\u00edtica Social","potentialAction":[{"@type":"SearchAction","target":{"@type":"EntryPoint","urlTemplate":"https:\/\/politicasocial.vinaros.es\/es\/?s={search_term_string}"},"query-input":{"@type":"PropertyValueSpecification","valueRequired":true,"valueName":"search_term_string"}}],"inLanguage":"es"},{"@type":"Person","@id":"https:\/\/politicasocial.vinaros.es\/es\/#\/schema\/person\/25b8c0c60cdeca0d29acc31758a695da","name":"Ra\u00fal Torner Martinell","image":{"@type":"ImageObject","inLanguage":"es","@id":"https:\/\/politicasocial.vinaros.es\/es\/#\/schema\/person\/image\/","url":"https:\/\/secure.gravatar.com\/avatar\/3716f530378a992b4951fb4809843919506e982d2df14dcde67785574c23e79b?s=96&d=mm&r=g","contentUrl":"https:\/\/secure.gravatar.com\/avatar\/3716f530378a992b4951fb4809843919506e982d2df14dcde67785574c23e79b?s=96&d=mm&r=g","caption":"Ra\u00fal Torner Martinell"},"url":"https:\/\/politicasocial.vinaros.es\/es"}]}},"_links":{"self":[{"href":"https:\/\/politicasocial.vinaros.es\/es\/wp-json\/wp\/v2\/posts\/1215","targetHints":{"allow":["GET"]}}],"collection":[{"href":"https:\/\/politicasocial.vinaros.es\/es\/wp-json\/wp\/v2\/posts"}],"about":[{"href":"https:\/\/politicasocial.vinaros.es\/es\/wp-json\/wp\/v2\/types\/post"}],"author":[{"embeddable":true,"href":"https:\/\/politicasocial.vinaros.es\/es\/wp-json\/wp\/v2\/users\/1"}],"replies":[{"embeddable":true,"href":"https:\/\/politicasocial.vinaros.es\/es\/wp-json\/wp\/v2\/comments?post=1215"}],"version-history":[{"count":1,"href":"https:\/\/politicasocial.vinaros.es\/es\/wp-json\/wp\/v2\/posts\/1215\/revisions"}],"predecessor-version":[{"id":1216,"href":"https:\/\/politicasocial.vinaros.es\/es\/wp-json\/wp\/v2\/posts\/1215\/revisions\/1216"}],"wp:featuredmedia":[{"embeddable":true,"href":"https:\/\/politicasocial.vinaros.es\/es\/wp-json\/wp\/v2\/media\/439"}],"wp:attachment":[{"href":"https:\/\/politicasocial.vinaros.es\/es\/wp-json\/wp\/v2\/media?parent=1215"}],"wp:term":[{"taxonomy":"category","embeddable":true,"href":"https:\/\/politicasocial.vinaros.es\/es\/wp-json\/wp\/v2\/categories?post=1215"},{"taxonomy":"post_tag","embeddable":true,"href":"https:\/\/politicasocial.vinaros.es\/es\/wp-json\/wp\/v2\/tags?post=1215"}],"curies":[{"name":"wp","href":"https:\/\/api.w.org\/{rel}","templated":true}]}}