{"id":1217,"date":"2022-10-05T12:00:00","date_gmt":"2022-10-05T10:00:00","guid":{"rendered":"https:\/\/politicasocial.vinaros.es\/participacion-del-cris-a-la-xxix-reunion-de-la-societad-de-psiquiatria-de-la-comunitat-valenciana\/"},"modified":"2023-01-03T12:52:39","modified_gmt":"2023-01-03T11:52:39","slug":"participacion-del-cris-a-la-xxix-reunion-de-la-societad-de-psiquiatria-de-la-comunitat-valenciana","status":"publish","type":"post","link":"https:\/\/politicasocial.vinaros.es\/es\/participacion-del-cris-a-la-xxix-reunion-de-la-societad-de-psiquiatria-de-la-comunitat-valenciana\/","title":{"rendered":"Participaci\u00f3n del CRIS a la XXIX Reuni\u00f3n de la Societad de Psiquiatria de la Comunitat Valenciana"},"content":{"rendered":"\n<h2 class=\"wp-block-heading\">El CRIS de Vinar\u00f2s participa en la XXIX reuni\u00f3n de la Sociedad de Psiquiatr\u00eda de la Comunitat Valenciana.<\/h2>\n\n<p><strong>Se presentan los buenos resultados del programa piloto para favorecer el acceso al empleo de las personas en graves problemas de salud mental coordinado por la terapeuta ocupacional del CRIS.<\/strong><\/p>\n\n<p>La reuni\u00f3n se celebr\u00f3 el 30 de septiembre y 01 de octubre en Gandia bajo el t\u00edtulo \u00abLa integraci\u00f3n Social del Enfermo Mental\u00bb, donde se reunieron los profesionales m\u00e1s importantes de las diferentes disciplinas que atienden a la persona en enfermedad mental, tanto desde una perspectiva sanitaria como social y legislativa.<\/p>\n\n<p>En representaci\u00f3n del CRIS de Vinar\u00f2s, la terapeuta ocupacional, Elena Foix, particip\u00f3 como ponente con la presentaci\u00f3n del programa piloto de coordinaci\u00f3n USM-CRIS-LABORA, quien nace a propuesta de la Red de Salud Mental de Castell\u00f3n para valorar si el trabajo en red mejora la integraci\u00f3n laboral de las personas en graves problemas de salud mental.<\/p>\n\n<p>En su ponencia, la terapeuta ocupacional del CRIS present\u00f3 los resultados positivos del programa piloto, con una inserci\u00f3n laboral de casi el 30% de la poblaci\u00f3n atendida. Adem\u00e1s, se constatan mejoras significativas en estas personas, tales como la mayor implicaci\u00f3n en el proceso de recuperaci\u00f3n, el aumento de la motivaci\u00f3n y la mejor autopercepci\u00f3n de las propias capacidades.<\/p>\n\n<p>Por tanto, se demuestra que el trabajo en red favorece el acceso al empleo y que promueve el empoderamiento, la autonom\u00eda y la integraci\u00f3n en la comunidad, repercutiendo en una mejora de la calidad de vida y en consecuencia, se plantea ampliar el programa a otras \u00e1reas geogr\u00e1ficas.<\/p>\n\n<figure class=\"wp-block-image size-full\"><img loading=\"lazy\" decoding=\"async\" width=\"1024\" height=\"768\" src=\"https:\/\/politicasocial.vinaros.es\/wp-content\/uploads\/2022\/10\/serveis-socials-vinaros-participacio-del-cris-a-la-xxix-reunio-de-la-societat-de-psiquiatria-de-la-comunitat-valenciana-02.jpeg\" alt=\"\" class=\"wp-image-297\" srcset=\"https:\/\/politicasocial.vinaros.es\/wp-content\/uploads\/2022\/10\/serveis-socials-vinaros-participacio-del-cris-a-la-xxix-reunio-de-la-societat-de-psiquiatria-de-la-comunitat-valenciana-02.jpeg 1024w, https:\/\/politicasocial.vinaros.es\/wp-content\/uploads\/2022\/10\/serveis-socials-vinaros-participacio-del-cris-a-la-xxix-reunio-de-la-societat-de-psiquiatria-de-la-comunitat-valenciana-02-800x600.jpeg 800w, https:\/\/politicasocial.vinaros.es\/wp-content\/uploads\/2022\/10\/serveis-socials-vinaros-participacio-del-cris-a-la-xxix-reunio-de-la-societat-de-psiquiatria-de-la-comunitat-valenciana-02-600x450.jpeg 600w, https:\/\/politicasocial.vinaros.es\/wp-content\/uploads\/2022\/10\/serveis-socials-vinaros-participacio-del-cris-a-la-xxix-reunio-de-la-societat-de-psiquiatria-de-la-comunitat-valenciana-02-768x576.jpeg 768w\" sizes=\"auto, (max-width: 1024px) 100vw, 1024px\" \/><\/figure>\n","protected":false},"excerpt":{"rendered":"<p>El CRIS de Vinar\u00f2s participa en la XXIX reuni\u00f3n de la Sociedad de Psiquiatr\u00eda de la Comunitat Valenciana. Se presentan los buenos resultados del programa piloto para favorecer el acceso al empleo de las personas en graves problemas de salud mental coordinado por la terapeuta ocupacional del CRIS. La reuni\u00f3n se celebr\u00f3 el 30 de [&hellip;]<\/p>\n","protected":false},"author":1,"featured_media":440,"comment_status":"open","ping_status":"open","sticky":false,"template":"","format":"standard","meta":{"_acf_changed":false,"inline_featured_image":false,"footnotes":""},"categories":[11],"tags":[],"class_list":["post-1217","post","type-post","status-publish","format-standard","has-post-thumbnail","hentry","category-servicios-sociales"],"acf":[],"yoast_head":"<!-- This site is optimized with the Yoast SEO plugin v27.0 - https:\/\/yoast.com\/product\/yoast-seo-wordpress\/ -->\n<title>Participaci\u00f3n del CRIS a la XXIX Reuni\u00f3n de la Societad de Psiquiatria de la Comunitat Valenciana - Pol\u00edtica Social - Ajuntament de Vinar\u00f2s<\/title>\n<meta name=\"robots\" content=\"index, follow, max-snippet:-1, max-image-preview:large, max-video-preview:-1\" \/>\n<link rel=\"canonical\" href=\"https:\/\/politicasocial.vinaros.es\/es\/participacion-del-cris-a-la-xxix-reunion-de-la-societad-de-psiquiatria-de-la-comunitat-valenciana\/\" \/>\n<meta property=\"og:locale\" content=\"es_ES\" \/>\n<meta property=\"og:type\" content=\"article\" \/>\n<meta property=\"og:title\" content=\"Participaci\u00f3n del CRIS a la XXIX Reuni\u00f3n de la Societad de Psiquiatria de la Comunitat Valenciana - Pol\u00edtica Social - Ajuntament de Vinar\u00f2s\" \/>\n<meta property=\"og:description\" content=\"El CRIS de Vinar\u00f2s participa en la XXIX reuni\u00f3n de la Sociedad de Psiquiatr\u00eda de la Comunitat Valenciana. Se presentan los buenos resultados del programa piloto para favorecer el acceso al empleo de las personas en graves problemas de salud mental coordinado por la terapeuta ocupacional del CRIS. La reuni\u00f3n se celebr\u00f3 el 30 de [&hellip;]\" \/>\n<meta property=\"og:url\" content=\"https:\/\/politicasocial.vinaros.es\/es\/participacion-del-cris-a-la-xxix-reunion-de-la-societad-de-psiquiatria-de-la-comunitat-valenciana\/\" \/>\n<meta property=\"og:site_name\" content=\"Pol\u00edtica Social - Ajuntament de Vinar\u00f2s\" \/>\n<meta property=\"article:published_time\" content=\"2022-10-05T10:00:00+00:00\" \/>\n<meta property=\"article:modified_time\" content=\"2023-01-03T11:52:39+00:00\" \/>\n<meta property=\"og:image\" content=\"https:\/\/politicasocial.vinaros.es\/wp-content\/uploads\/2022\/11\/serveis-socials-vinaros-participacio-del-cris-a-la-xxix-reunio-de-la-societat-de-psiquiatria-de-la-comunitat-valenciana-01.jpeg\" \/>\n\t<meta property=\"og:image:width\" content=\"480\" \/>\n\t<meta property=\"og:image:height\" content=\"360\" \/>\n\t<meta property=\"og:image:type\" content=\"image\/jpeg\" \/>\n<meta name=\"author\" content=\"Ra\u00fal Torner Martinell\" \/>\n<meta name=\"twitter:card\" content=\"summary_large_image\" \/>\n<meta name=\"twitter:label1\" content=\"Escrito por\" \/>\n\t<meta name=\"twitter:data1\" content=\"Ra\u00fal Torner Martinell\" \/>\n\t<meta name=\"twitter:label2\" content=\"Tiempo de lectura\" \/>\n\t<meta name=\"twitter:data2\" content=\"1 minuto\" \/>\n<script type=\"application\/ld+json\" class=\"yoast-schema-graph\">{\"@context\":\"https:\/\/schema.org\",\"@graph\":[{\"@type\":\"Article\",\"@id\":\"https:\/\/politicasocial.vinaros.es\/es\/participacion-del-cris-a-la-xxix-reunion-de-la-societad-de-psiquiatria-de-la-comunitat-valenciana\/#article\",\"isPartOf\":{\"@id\":\"https:\/\/politicasocial.vinaros.es\/es\/participacion-del-cris-a-la-xxix-reunion-de-la-societad-de-psiquiatria-de-la-comunitat-valenciana\/\"},\"author\":{\"name\":\"Ra\u00fal Torner Martinell\",\"@id\":\"https:\/\/politicasocial.vinaros.es\/es\/#\/schema\/person\/25b8c0c60cdeca0d29acc31758a695da\"},\"headline\":\"Participaci\u00f3n del CRIS a la XXIX Reuni\u00f3n de la Societad de Psiquiatria de la Comunitat Valenciana\",\"datePublished\":\"2022-10-05T10:00:00+00:00\",\"dateModified\":\"2023-01-03T11:52:39+00:00\",\"mainEntityOfPage\":{\"@id\":\"https:\/\/politicasocial.vinaros.es\/es\/participacion-del-cris-a-la-xxix-reunion-de-la-societad-de-psiquiatria-de-la-comunitat-valenciana\/\"},\"wordCount\":298,\"commentCount\":0,\"image\":{\"@id\":\"https:\/\/politicasocial.vinaros.es\/es\/participacion-del-cris-a-la-xxix-reunion-de-la-societad-de-psiquiatria-de-la-comunitat-valenciana\/#primaryimage\"},\"thumbnailUrl\":\"https:\/\/politicasocial.vinaros.es\/wp-content\/uploads\/2022\/11\/serveis-socials-vinaros-participacio-del-cris-a-la-xxix-reunio-de-la-societat-de-psiquiatria-de-la-comunitat-valenciana-01.jpeg\",\"articleSection\":[\"Servicios Sociales\"],\"inLanguage\":\"es\",\"potentialAction\":[{\"@type\":\"CommentAction\",\"name\":\"Comment\",\"target\":[\"https:\/\/politicasocial.vinaros.es\/es\/participacion-del-cris-a-la-xxix-reunion-de-la-societad-de-psiquiatria-de-la-comunitat-valenciana\/#respond\"]}]},{\"@type\":\"WebPage\",\"@id\":\"https:\/\/politicasocial.vinaros.es\/es\/participacion-del-cris-a-la-xxix-reunion-de-la-societad-de-psiquiatria-de-la-comunitat-valenciana\/\",\"url\":\"https:\/\/politicasocial.vinaros.es\/es\/participacion-del-cris-a-la-xxix-reunion-de-la-societad-de-psiquiatria-de-la-comunitat-valenciana\/\",\"name\":\"Participaci\u00f3n del CRIS a la XXIX Reuni\u00f3n de la Societad de Psiquiatria de la Comunitat Valenciana - Pol\u00edtica Social - Ajuntament de Vinar\u00f2s\",\"isPartOf\":{\"@id\":\"https:\/\/politicasocial.vinaros.es\/es\/#website\"},\"primaryImageOfPage\":{\"@id\":\"https:\/\/politicasocial.vinaros.es\/es\/participacion-del-cris-a-la-xxix-reunion-de-la-societad-de-psiquiatria-de-la-comunitat-valenciana\/#primaryimage\"},\"image\":{\"@id\":\"https:\/\/politicasocial.vinaros.es\/es\/participacion-del-cris-a-la-xxix-reunion-de-la-societad-de-psiquiatria-de-la-comunitat-valenciana\/#primaryimage\"},\"thumbnailUrl\":\"https:\/\/politicasocial.vinaros.es\/wp-content\/uploads\/2022\/11\/serveis-socials-vinaros-participacio-del-cris-a-la-xxix-reunio-de-la-societat-de-psiquiatria-de-la-comunitat-valenciana-01.jpeg\",\"datePublished\":\"2022-10-05T10:00:00+00:00\",\"dateModified\":\"2023-01-03T11:52:39+00:00\",\"author\":{\"@id\":\"https:\/\/politicasocial.vinaros.es\/es\/#\/schema\/person\/25b8c0c60cdeca0d29acc31758a695da\"},\"breadcrumb\":{\"@id\":\"https:\/\/politicasocial.vinaros.es\/es\/participacion-del-cris-a-la-xxix-reunion-de-la-societad-de-psiquiatria-de-la-comunitat-valenciana\/#breadcrumb\"},\"inLanguage\":\"es\",\"potentialAction\":[{\"@type\":\"ReadAction\",\"target\":[\"https:\/\/politicasocial.vinaros.es\/es\/participacion-del-cris-a-la-xxix-reunion-de-la-societad-de-psiquiatria-de-la-comunitat-valenciana\/\"]}]},{\"@type\":\"ImageObject\",\"inLanguage\":\"es\",\"@id\":\"https:\/\/politicasocial.vinaros.es\/es\/participacion-del-cris-a-la-xxix-reunion-de-la-societad-de-psiquiatria-de-la-comunitat-valenciana\/#primaryimage\",\"url\":\"https:\/\/politicasocial.vinaros.es\/wp-content\/uploads\/2022\/11\/serveis-socials-vinaros-participacio-del-cris-a-la-xxix-reunio-de-la-societat-de-psiquiatria-de-la-comunitat-valenciana-01.jpeg\",\"contentUrl\":\"https:\/\/politicasocial.vinaros.es\/wp-content\/uploads\/2022\/11\/serveis-socials-vinaros-participacio-del-cris-a-la-xxix-reunio-de-la-societat-de-psiquiatria-de-la-comunitat-valenciana-01.jpeg\",\"width\":480,\"height\":360},{\"@type\":\"BreadcrumbList\",\"@id\":\"https:\/\/politicasocial.vinaros.es\/es\/participacion-del-cris-a-la-xxix-reunion-de-la-societad-de-psiquiatria-de-la-comunitat-valenciana\/#breadcrumb\",\"itemListElement\":[{\"@type\":\"ListItem\",\"position\":1,\"name\":\"Inicio\",\"item\":\"https:\/\/politicasocial.vinaros.es\/es\/\"},{\"@type\":\"ListItem\",\"position\":2,\"name\":\"Servicios Sociales\",\"item\":\"https:\/\/politicasocial.vinaros.es\/es\/categoria\/servicios-sociales\/\"},{\"@type\":\"ListItem\",\"position\":3,\"name\":\"Participaci\u00f3n del CRIS a la XXIX Reuni\u00f3n de la Societad de Psiquiatria de la Comunitat Valenciana\"}]},{\"@type\":\"WebSite\",\"@id\":\"https:\/\/politicasocial.vinaros.es\/es\/#website\",\"url\":\"https:\/\/politicasocial.vinaros.es\/es\/\",\"name\":\"Pol\u00edtica Social - Ajuntament de Vinar\u00f2s\",\"description\":\"Regidoria de Pol\u00edtica Social\",\"potentialAction\":[{\"@type\":\"SearchAction\",\"target\":{\"@type\":\"EntryPoint\",\"urlTemplate\":\"https:\/\/politicasocial.vinaros.es\/es\/?s={search_term_string}\"},\"query-input\":{\"@type\":\"PropertyValueSpecification\",\"valueRequired\":true,\"valueName\":\"search_term_string\"}}],\"inLanguage\":\"es\"},{\"@type\":\"Person\",\"@id\":\"https:\/\/politicasocial.vinaros.es\/es\/#\/schema\/person\/25b8c0c60cdeca0d29acc31758a695da\",\"name\":\"Ra\u00fal Torner Martinell\",\"image\":{\"@type\":\"ImageObject\",\"inLanguage\":\"es\",\"@id\":\"https:\/\/politicasocial.vinaros.es\/es\/#\/schema\/person\/image\/\",\"url\":\"https:\/\/secure.gravatar.com\/avatar\/3716f530378a992b4951fb4809843919506e982d2df14dcde67785574c23e79b?s=96&d=mm&r=g\",\"contentUrl\":\"https:\/\/secure.gravatar.com\/avatar\/3716f530378a992b4951fb4809843919506e982d2df14dcde67785574c23e79b?s=96&d=mm&r=g\",\"caption\":\"Ra\u00fal Torner Martinell\"},\"url\":\"https:\/\/politicasocial.vinaros.es\/es\"}]}<\/script>\n<!-- \/ Yoast SEO plugin. -->","yoast_head_json":{"title":"Participaci\u00f3n del CRIS a la XXIX Reuni\u00f3n de la Societad de Psiquiatria de la Comunitat Valenciana - Pol\u00edtica Social - Ajuntament de Vinar\u00f2s","robots":{"index":"index","follow":"follow","max-snippet":"max-snippet:-1","max-image-preview":"max-image-preview:large","max-video-preview":"max-video-preview:-1"},"canonical":"https:\/\/politicasocial.vinaros.es\/es\/participacion-del-cris-a-la-xxix-reunion-de-la-societad-de-psiquiatria-de-la-comunitat-valenciana\/","og_locale":"es_ES","og_type":"article","og_title":"Participaci\u00f3n del CRIS a la XXIX Reuni\u00f3n de la Societad de Psiquiatria de la Comunitat Valenciana - Pol\u00edtica Social - Ajuntament de Vinar\u00f2s","og_description":"El CRIS de Vinar\u00f2s participa en la XXIX reuni\u00f3n de la Sociedad de Psiquiatr\u00eda de la Comunitat Valenciana. Se presentan los buenos resultados del programa piloto para favorecer el acceso al empleo de las personas en graves problemas de salud mental coordinado por la terapeuta ocupacional del CRIS. La reuni\u00f3n se celebr\u00f3 el 30 de [&hellip;]","og_url":"https:\/\/politicasocial.vinaros.es\/es\/participacion-del-cris-a-la-xxix-reunion-de-la-societad-de-psiquiatria-de-la-comunitat-valenciana\/","og_site_name":"Pol\u00edtica Social - Ajuntament de Vinar\u00f2s","article_published_time":"2022-10-05T10:00:00+00:00","article_modified_time":"2023-01-03T11:52:39+00:00","og_image":[{"width":480,"height":360,"url":"https:\/\/politicasocial.vinaros.es\/wp-content\/uploads\/2022\/11\/serveis-socials-vinaros-participacio-del-cris-a-la-xxix-reunio-de-la-societat-de-psiquiatria-de-la-comunitat-valenciana-01.jpeg","type":"image\/jpeg"}],"author":"Ra\u00fal Torner Martinell","twitter_card":"summary_large_image","twitter_misc":{"Escrito por":"Ra\u00fal Torner Martinell","Tiempo de lectura":"1 minuto"},"schema":{"@context":"https:\/\/schema.org","@graph":[{"@type":"Article","@id":"https:\/\/politicasocial.vinaros.es\/es\/participacion-del-cris-a-la-xxix-reunion-de-la-societad-de-psiquiatria-de-la-comunitat-valenciana\/#article","isPartOf":{"@id":"https:\/\/politicasocial.vinaros.es\/es\/participacion-del-cris-a-la-xxix-reunion-de-la-societad-de-psiquiatria-de-la-comunitat-valenciana\/"},"author":{"name":"Ra\u00fal Torner Martinell","@id":"https:\/\/politicasocial.vinaros.es\/es\/#\/schema\/person\/25b8c0c60cdeca0d29acc31758a695da"},"headline":"Participaci\u00f3n del CRIS a la XXIX Reuni\u00f3n de la Societad de Psiquiatria de la Comunitat Valenciana","datePublished":"2022-10-05T10:00:00+00:00","dateModified":"2023-01-03T11:52:39+00:00","mainEntityOfPage":{"@id":"https:\/\/politicasocial.vinaros.es\/es\/participacion-del-cris-a-la-xxix-reunion-de-la-societad-de-psiquiatria-de-la-comunitat-valenciana\/"},"wordCount":298,"commentCount":0,"image":{"@id":"https:\/\/politicasocial.vinaros.es\/es\/participacion-del-cris-a-la-xxix-reunion-de-la-societad-de-psiquiatria-de-la-comunitat-valenciana\/#primaryimage"},"thumbnailUrl":"https:\/\/politicasocial.vinaros.es\/wp-content\/uploads\/2022\/11\/serveis-socials-vinaros-participacio-del-cris-a-la-xxix-reunio-de-la-societat-de-psiquiatria-de-la-comunitat-valenciana-01.jpeg","articleSection":["Servicios Sociales"],"inLanguage":"es","potentialAction":[{"@type":"CommentAction","name":"Comment","target":["https:\/\/politicasocial.vinaros.es\/es\/participacion-del-cris-a-la-xxix-reunion-de-la-societad-de-psiquiatria-de-la-comunitat-valenciana\/#respond"]}]},{"@type":"WebPage","@id":"https:\/\/politicasocial.vinaros.es\/es\/participacion-del-cris-a-la-xxix-reunion-de-la-societad-de-psiquiatria-de-la-comunitat-valenciana\/","url":"https:\/\/politicasocial.vinaros.es\/es\/participacion-del-cris-a-la-xxix-reunion-de-la-societad-de-psiquiatria-de-la-comunitat-valenciana\/","name":"Participaci\u00f3n del CRIS a la XXIX Reuni\u00f3n de la Societad de Psiquiatria de la Comunitat Valenciana - Pol\u00edtica Social - Ajuntament de Vinar\u00f2s","isPartOf":{"@id":"https:\/\/politicasocial.vinaros.es\/es\/#website"},"primaryImageOfPage":{"@id":"https:\/\/politicasocial.vinaros.es\/es\/participacion-del-cris-a-la-xxix-reunion-de-la-societad-de-psiquiatria-de-la-comunitat-valenciana\/#primaryimage"},"image":{"@id":"https:\/\/politicasocial.vinaros.es\/es\/participacion-del-cris-a-la-xxix-reunion-de-la-societad-de-psiquiatria-de-la-comunitat-valenciana\/#primaryimage"},"thumbnailUrl":"https:\/\/politicasocial.vinaros.es\/wp-content\/uploads\/2022\/11\/serveis-socials-vinaros-participacio-del-cris-a-la-xxix-reunio-de-la-societat-de-psiquiatria-de-la-comunitat-valenciana-01.jpeg","datePublished":"2022-10-05T10:00:00+00:00","dateModified":"2023-01-03T11:52:39+00:00","author":{"@id":"https:\/\/politicasocial.vinaros.es\/es\/#\/schema\/person\/25b8c0c60cdeca0d29acc31758a695da"},"breadcrumb":{"@id":"https:\/\/politicasocial.vinaros.es\/es\/participacion-del-cris-a-la-xxix-reunion-de-la-societad-de-psiquiatria-de-la-comunitat-valenciana\/#breadcrumb"},"inLanguage":"es","potentialAction":[{"@type":"ReadAction","target":["https:\/\/politicasocial.vinaros.es\/es\/participacion-del-cris-a-la-xxix-reunion-de-la-societad-de-psiquiatria-de-la-comunitat-valenciana\/"]}]},{"@type":"ImageObject","inLanguage":"es","@id":"https:\/\/politicasocial.vinaros.es\/es\/participacion-del-cris-a-la-xxix-reunion-de-la-societad-de-psiquiatria-de-la-comunitat-valenciana\/#primaryimage","url":"https:\/\/politicasocial.vinaros.es\/wp-content\/uploads\/2022\/11\/serveis-socials-vinaros-participacio-del-cris-a-la-xxix-reunio-de-la-societat-de-psiquiatria-de-la-comunitat-valenciana-01.jpeg","contentUrl":"https:\/\/politicasocial.vinaros.es\/wp-content\/uploads\/2022\/11\/serveis-socials-vinaros-participacio-del-cris-a-la-xxix-reunio-de-la-societat-de-psiquiatria-de-la-comunitat-valenciana-01.jpeg","width":480,"height":360},{"@type":"BreadcrumbList","@id":"https:\/\/politicasocial.vinaros.es\/es\/participacion-del-cris-a-la-xxix-reunion-de-la-societad-de-psiquiatria-de-la-comunitat-valenciana\/#breadcrumb","itemListElement":[{"@type":"ListItem","position":1,"name":"Inicio","item":"https:\/\/politicasocial.vinaros.es\/es\/"},{"@type":"ListItem","position":2,"name":"Servicios Sociales","item":"https:\/\/politicasocial.vinaros.es\/es\/categoria\/servicios-sociales\/"},{"@type":"ListItem","position":3,"name":"Participaci\u00f3n del CRIS a la XXIX Reuni\u00f3n de la Societad de Psiquiatria de la Comunitat Valenciana"}]},{"@type":"WebSite","@id":"https:\/\/politicasocial.vinaros.es\/es\/#website","url":"https:\/\/politicasocial.vinaros.es\/es\/","name":"Pol\u00edtica Social - Ajuntament de Vinar\u00f2s","description":"Regidoria de Pol\u00edtica Social","potentialAction":[{"@type":"SearchAction","target":{"@type":"EntryPoint","urlTemplate":"https:\/\/politicasocial.vinaros.es\/es\/?s={search_term_string}"},"query-input":{"@type":"PropertyValueSpecification","valueRequired":true,"valueName":"search_term_string"}}],"inLanguage":"es"},{"@type":"Person","@id":"https:\/\/politicasocial.vinaros.es\/es\/#\/schema\/person\/25b8c0c60cdeca0d29acc31758a695da","name":"Ra\u00fal Torner Martinell","image":{"@type":"ImageObject","inLanguage":"es","@id":"https:\/\/politicasocial.vinaros.es\/es\/#\/schema\/person\/image\/","url":"https:\/\/secure.gravatar.com\/avatar\/3716f530378a992b4951fb4809843919506e982d2df14dcde67785574c23e79b?s=96&d=mm&r=g","contentUrl":"https:\/\/secure.gravatar.com\/avatar\/3716f530378a992b4951fb4809843919506e982d2df14dcde67785574c23e79b?s=96&d=mm&r=g","caption":"Ra\u00fal Torner Martinell"},"url":"https:\/\/politicasocial.vinaros.es\/es"}]}},"_links":{"self":[{"href":"https:\/\/politicasocial.vinaros.es\/es\/wp-json\/wp\/v2\/posts\/1217","targetHints":{"allow":["GET"]}}],"collection":[{"href":"https:\/\/politicasocial.vinaros.es\/es\/wp-json\/wp\/v2\/posts"}],"about":[{"href":"https:\/\/politicasocial.vinaros.es\/es\/wp-json\/wp\/v2\/types\/post"}],"author":[{"embeddable":true,"href":"https:\/\/politicasocial.vinaros.es\/es\/wp-json\/wp\/v2\/users\/1"}],"replies":[{"embeddable":true,"href":"https:\/\/politicasocial.vinaros.es\/es\/wp-json\/wp\/v2\/comments?post=1217"}],"version-history":[{"count":1,"href":"https:\/\/politicasocial.vinaros.es\/es\/wp-json\/wp\/v2\/posts\/1217\/revisions"}],"predecessor-version":[{"id":1218,"href":"https:\/\/politicasocial.vinaros.es\/es\/wp-json\/wp\/v2\/posts\/1217\/revisions\/1218"}],"wp:featuredmedia":[{"embeddable":true,"href":"https:\/\/politicasocial.vinaros.es\/es\/wp-json\/wp\/v2\/media\/440"}],"wp:attachment":[{"href":"https:\/\/politicasocial.vinaros.es\/es\/wp-json\/wp\/v2\/media?parent=1217"}],"wp:term":[{"taxonomy":"category","embeddable":true,"href":"https:\/\/politicasocial.vinaros.es\/es\/wp-json\/wp\/v2\/categories?post=1217"},{"taxonomy":"post_tag","embeddable":true,"href":"https:\/\/politicasocial.vinaros.es\/es\/wp-json\/wp\/v2\/tags?post=1217"}],"curies":[{"name":"wp","href":"https:\/\/api.w.org\/{rel}","templated":true}]}}