{"id":1229,"date":"2022-09-22T10:00:00","date_gmt":"2022-09-22T08:00:00","guid":{"rendered":"https:\/\/politicasocial.vinaros.es\/mas-de-1-300-ninos-as-participaran-en-el-campus-de-verano-illa-2022\/"},"modified":"2023-01-03T13:02:40","modified_gmt":"2023-01-03T12:02:40","slug":"mas-de-1-300-ninos-as-participaran-en-el-campus-de-verano-illa-2022","status":"publish","type":"post","link":"https:\/\/politicasocial.vinaros.es\/es\/mas-de-1-300-ninos-as-participaran-en-el-campus-de-verano-illa-2022\/","title":{"rendered":"Mas de 1.300 ni\u00f1os\/as participar\u00e1n en el campus de verano Illa 2022"},"content":{"rendered":"\n<p>Las actividades se realizan en los colegios Manuel Foguet, Miseric\u00f2rdia y Jaume I con ocio para los peque\u00f1os, mientras se ayuda a los padres y madres a conciliar la vida laboral con la familiar.<\/p>\n\n<p>El Campus <em>d\u2019Estiu l\u2019Illa<\/em> ha vuelto a ser un \u00e9xito de participaci\u00f3n con m\u00e1s de 1.300 ni\u00f1os y ni\u00f1as que se han inscrito para las tres quincenas que se ofrecer\u00e1 esta iniciativa. Los peque\u00f1os disfrutan de una gran variedad de actividades como rob\u00f3tica, dibujo, juegos acu\u00e1ticos o incluso salidas a diferentes puntos de la localidad, para que pasen un verano divertido y lleno de ocio. <\/p>\n\n<p>La concejala de Educaci\u00f3 e Inf\u00e0ncia, Bego\u00f1a L\u00f3pez, acompa\u00f1ada por la concejala de Pol\u00edtica Social, <em>Am\u00e0lia Caps, hizo ayer una visita al Campus d\u2019Estiu l\u2019Illa<\/em>. Seg\u00fan comentaba la Cabos \u201cse trata de un servicio muy importante para los vecinos, donde cada a\u00f1o son centenares los padres que contin\u00faan inscribiendo los hijos para que disfruten de unas vacaciones escolares activas, mientras contin\u00faan conciliando la vida laboral con la familiar\u00bb. <\/p>\n\n<p>Por su parte, L\u00f3pez ha recordado que se ofrecen tres modalidades del <em>Campus d\u2019Estiu l\u2019Illa<\/em>, Arts e Infantil en los colegios de Manuel Foguet y Jaume I, y Campus Esport a la Misericordia. Seg\u00fan destacaba \u201ceste a\u00f1o hemos cambiado los centros habituales con motivo de las obras de mejora que se har\u00e1n a la Assumpci\u00f3 y Sant Sebasti\u00e0 a trav\u00e9s del Pla Edificant de la Generalitat Valenciana, unos trabajos que supondr\u00e1n una importante mejora para los dos centros educativos\u201d. <\/p>\n\n<p>Para acabar, tanto L\u00f3pez como Cabos, coincid\u00edan en que cada a\u00f1o son centenares las familias que piden este servicio para que los ni\u00f1os y ni\u00f1as puedan disfrutar de unas vacaciones m\u00e1s divertidas, mientras los padres contin\u00faan con su rutina diaria. Una prestaci\u00f3n que insist\u00edan desde el Ajuntament siempre se har\u00e1 todo el posible para ofrecerla. <\/p>\n","protected":false},"excerpt":{"rendered":"<p>Las actividades se realizan en los colegios Manuel Foguet, Miseric\u00f2rdia y Jaume I con ocio para los peque\u00f1os, mientras se ayuda a los padres y madres a conciliar la vida laboral con la familiar. El Campus d\u2019Estiu l\u2019Illa ha vuelto a ser un \u00e9xito de participaci\u00f3n con m\u00e1s de 1.300 ni\u00f1os y ni\u00f1as que se [&hellip;]<\/p>\n","protected":false},"author":1,"featured_media":446,"comment_status":"open","ping_status":"open","sticky":false,"template":"","format":"standard","meta":{"_acf_changed":false,"inline_featured_image":false,"footnotes":""},"categories":[11],"tags":[],"class_list":["post-1229","post","type-post","status-publish","format-standard","has-post-thumbnail","hentry","category-servicios-sociales"],"acf":[],"yoast_head":"<!-- This site is optimized with the Yoast SEO plugin v27.0 - https:\/\/yoast.com\/product\/yoast-seo-wordpress\/ -->\n<title>Mas de 1.300 ni\u00f1os\/as participar\u00e1n en el campus de verano Illa 2022 - Pol\u00edtica Social - Ajuntament de Vinar\u00f2s<\/title>\n<meta name=\"robots\" content=\"index, follow, max-snippet:-1, max-image-preview:large, max-video-preview:-1\" \/>\n<link rel=\"canonical\" href=\"https:\/\/politicasocial.vinaros.es\/es\/mas-de-1-300-ninos-as-participaran-en-el-campus-de-verano-illa-2022\/\" \/>\n<meta property=\"og:locale\" content=\"es_ES\" \/>\n<meta property=\"og:type\" content=\"article\" \/>\n<meta property=\"og:title\" content=\"Mas de 1.300 ni\u00f1os\/as participar\u00e1n en el campus de verano Illa 2022 - Pol\u00edtica Social - Ajuntament de Vinar\u00f2s\" \/>\n<meta property=\"og:description\" content=\"Las actividades se realizan en los colegios Manuel Foguet, Miseric\u00f2rdia y Jaume I con ocio para los peque\u00f1os, mientras se ayuda a los padres y madres a conciliar la vida laboral con la familiar. El Campus d\u2019Estiu l\u2019Illa ha vuelto a ser un \u00e9xito de participaci\u00f3n con m\u00e1s de 1.300 ni\u00f1os y ni\u00f1as que se [&hellip;]\" \/>\n<meta property=\"og:url\" content=\"https:\/\/politicasocial.vinaros.es\/es\/mas-de-1-300-ninos-as-participaran-en-el-campus-de-verano-illa-2022\/\" \/>\n<meta property=\"og:site_name\" content=\"Pol\u00edtica Social - Ajuntament de Vinar\u00f2s\" \/>\n<meta property=\"article:published_time\" content=\"2022-09-22T08:00:00+00:00\" \/>\n<meta property=\"article:modified_time\" content=\"2023-01-03T12:02:40+00:00\" \/>\n<meta property=\"og:image\" content=\"https:\/\/politicasocial.vinaros.es\/wp-content\/uploads\/2022\/11\/serveis-socials-vinaros-mes-de-1300-xiquets-i-xiquetes-participaran-al-campus-destiu-illa-2022.jpg\" \/>\n\t<meta property=\"og:image:width\" content=\"360\" \/>\n\t<meta property=\"og:image:height\" content=\"480\" \/>\n\t<meta property=\"og:image:type\" content=\"image\/jpeg\" \/>\n<meta name=\"author\" content=\"Ra\u00fal Torner Martinell\" \/>\n<meta name=\"twitter:card\" content=\"summary_large_image\" \/>\n<meta name=\"twitter:label1\" content=\"Escrito por\" \/>\n\t<meta name=\"twitter:data1\" content=\"Ra\u00fal Torner Martinell\" \/>\n\t<meta name=\"twitter:label2\" content=\"Tiempo de lectura\" \/>\n\t<meta name=\"twitter:data2\" content=\"2 minutos\" \/>\n<script type=\"application\/ld+json\" class=\"yoast-schema-graph\">{\"@context\":\"https:\/\/schema.org\",\"@graph\":[{\"@type\":\"Article\",\"@id\":\"https:\/\/politicasocial.vinaros.es\/es\/mas-de-1-300-ninos-as-participaran-en-el-campus-de-verano-illa-2022\/#article\",\"isPartOf\":{\"@id\":\"https:\/\/politicasocial.vinaros.es\/es\/mas-de-1-300-ninos-as-participaran-en-el-campus-de-verano-illa-2022\/\"},\"author\":{\"name\":\"Ra\u00fal Torner Martinell\",\"@id\":\"https:\/\/politicasocial.vinaros.es\/es\/#\/schema\/person\/25b8c0c60cdeca0d29acc31758a695da\"},\"headline\":\"Mas de 1.300 ni\u00f1os\/as participar\u00e1n en el campus de verano Illa 2022\",\"datePublished\":\"2022-09-22T08:00:00+00:00\",\"dateModified\":\"2023-01-03T12:02:40+00:00\",\"mainEntityOfPage\":{\"@id\":\"https:\/\/politicasocial.vinaros.es\/es\/mas-de-1-300-ninos-as-participaran-en-el-campus-de-verano-illa-2022\/\"},\"wordCount\":353,\"commentCount\":0,\"image\":{\"@id\":\"https:\/\/politicasocial.vinaros.es\/es\/mas-de-1-300-ninos-as-participaran-en-el-campus-de-verano-illa-2022\/#primaryimage\"},\"thumbnailUrl\":\"https:\/\/politicasocial.vinaros.es\/wp-content\/uploads\/2022\/11\/serveis-socials-vinaros-mes-de-1300-xiquets-i-xiquetes-participaran-al-campus-destiu-illa-2022.jpg\",\"articleSection\":[\"Servicios Sociales\"],\"inLanguage\":\"es\",\"potentialAction\":[{\"@type\":\"CommentAction\",\"name\":\"Comment\",\"target\":[\"https:\/\/politicasocial.vinaros.es\/es\/mas-de-1-300-ninos-as-participaran-en-el-campus-de-verano-illa-2022\/#respond\"]}]},{\"@type\":\"WebPage\",\"@id\":\"https:\/\/politicasocial.vinaros.es\/es\/mas-de-1-300-ninos-as-participaran-en-el-campus-de-verano-illa-2022\/\",\"url\":\"https:\/\/politicasocial.vinaros.es\/es\/mas-de-1-300-ninos-as-participaran-en-el-campus-de-verano-illa-2022\/\",\"name\":\"Mas de 1.300 ni\u00f1os\/as participar\u00e1n en el campus de verano Illa 2022 - Pol\u00edtica Social - Ajuntament de Vinar\u00f2s\",\"isPartOf\":{\"@id\":\"https:\/\/politicasocial.vinaros.es\/es\/#website\"},\"primaryImageOfPage\":{\"@id\":\"https:\/\/politicasocial.vinaros.es\/es\/mas-de-1-300-ninos-as-participaran-en-el-campus-de-verano-illa-2022\/#primaryimage\"},\"image\":{\"@id\":\"https:\/\/politicasocial.vinaros.es\/es\/mas-de-1-300-ninos-as-participaran-en-el-campus-de-verano-illa-2022\/#primaryimage\"},\"thumbnailUrl\":\"https:\/\/politicasocial.vinaros.es\/wp-content\/uploads\/2022\/11\/serveis-socials-vinaros-mes-de-1300-xiquets-i-xiquetes-participaran-al-campus-destiu-illa-2022.jpg\",\"datePublished\":\"2022-09-22T08:00:00+00:00\",\"dateModified\":\"2023-01-03T12:02:40+00:00\",\"author\":{\"@id\":\"https:\/\/politicasocial.vinaros.es\/es\/#\/schema\/person\/25b8c0c60cdeca0d29acc31758a695da\"},\"breadcrumb\":{\"@id\":\"https:\/\/politicasocial.vinaros.es\/es\/mas-de-1-300-ninos-as-participaran-en-el-campus-de-verano-illa-2022\/#breadcrumb\"},\"inLanguage\":\"es\",\"potentialAction\":[{\"@type\":\"ReadAction\",\"target\":[\"https:\/\/politicasocial.vinaros.es\/es\/mas-de-1-300-ninos-as-participaran-en-el-campus-de-verano-illa-2022\/\"]}]},{\"@type\":\"ImageObject\",\"inLanguage\":\"es\",\"@id\":\"https:\/\/politicasocial.vinaros.es\/es\/mas-de-1-300-ninos-as-participaran-en-el-campus-de-verano-illa-2022\/#primaryimage\",\"url\":\"https:\/\/politicasocial.vinaros.es\/wp-content\/uploads\/2022\/11\/serveis-socials-vinaros-mes-de-1300-xiquets-i-xiquetes-participaran-al-campus-destiu-illa-2022.jpg\",\"contentUrl\":\"https:\/\/politicasocial.vinaros.es\/wp-content\/uploads\/2022\/11\/serveis-socials-vinaros-mes-de-1300-xiquets-i-xiquetes-participaran-al-campus-destiu-illa-2022.jpg\",\"width\":360,\"height\":480},{\"@type\":\"BreadcrumbList\",\"@id\":\"https:\/\/politicasocial.vinaros.es\/es\/mas-de-1-300-ninos-as-participaran-en-el-campus-de-verano-illa-2022\/#breadcrumb\",\"itemListElement\":[{\"@type\":\"ListItem\",\"position\":1,\"name\":\"Inicio\",\"item\":\"https:\/\/politicasocial.vinaros.es\/es\/\"},{\"@type\":\"ListItem\",\"position\":2,\"name\":\"Servicios Sociales\",\"item\":\"https:\/\/politicasocial.vinaros.es\/es\/categoria\/servicios-sociales\/\"},{\"@type\":\"ListItem\",\"position\":3,\"name\":\"Mas de 1.300 ni\u00f1os\/as participar\u00e1n en el campus de verano Illa 2022\"}]},{\"@type\":\"WebSite\",\"@id\":\"https:\/\/politicasocial.vinaros.es\/es\/#website\",\"url\":\"https:\/\/politicasocial.vinaros.es\/es\/\",\"name\":\"Pol\u00edtica Social - Ajuntament de Vinar\u00f2s\",\"description\":\"Regidoria de Pol\u00edtica Social\",\"potentialAction\":[{\"@type\":\"SearchAction\",\"target\":{\"@type\":\"EntryPoint\",\"urlTemplate\":\"https:\/\/politicasocial.vinaros.es\/es\/?s={search_term_string}\"},\"query-input\":{\"@type\":\"PropertyValueSpecification\",\"valueRequired\":true,\"valueName\":\"search_term_string\"}}],\"inLanguage\":\"es\"},{\"@type\":\"Person\",\"@id\":\"https:\/\/politicasocial.vinaros.es\/es\/#\/schema\/person\/25b8c0c60cdeca0d29acc31758a695da\",\"name\":\"Ra\u00fal Torner Martinell\",\"image\":{\"@type\":\"ImageObject\",\"inLanguage\":\"es\",\"@id\":\"https:\/\/politicasocial.vinaros.es\/es\/#\/schema\/person\/image\/\",\"url\":\"https:\/\/secure.gravatar.com\/avatar\/3716f530378a992b4951fb4809843919506e982d2df14dcde67785574c23e79b?s=96&d=mm&r=g\",\"contentUrl\":\"https:\/\/secure.gravatar.com\/avatar\/3716f530378a992b4951fb4809843919506e982d2df14dcde67785574c23e79b?s=96&d=mm&r=g\",\"caption\":\"Ra\u00fal Torner Martinell\"},\"url\":\"https:\/\/politicasocial.vinaros.es\/es\"}]}<\/script>\n<!-- \/ Yoast SEO plugin. -->","yoast_head_json":{"title":"Mas de 1.300 ni\u00f1os\/as participar\u00e1n en el campus de verano Illa 2022 - Pol\u00edtica Social - Ajuntament de Vinar\u00f2s","robots":{"index":"index","follow":"follow","max-snippet":"max-snippet:-1","max-image-preview":"max-image-preview:large","max-video-preview":"max-video-preview:-1"},"canonical":"https:\/\/politicasocial.vinaros.es\/es\/mas-de-1-300-ninos-as-participaran-en-el-campus-de-verano-illa-2022\/","og_locale":"es_ES","og_type":"article","og_title":"Mas de 1.300 ni\u00f1os\/as participar\u00e1n en el campus de verano Illa 2022 - Pol\u00edtica Social - Ajuntament de Vinar\u00f2s","og_description":"Las actividades se realizan en los colegios Manuel Foguet, Miseric\u00f2rdia y Jaume I con ocio para los peque\u00f1os, mientras se ayuda a los padres y madres a conciliar la vida laboral con la familiar. El Campus d\u2019Estiu l\u2019Illa ha vuelto a ser un \u00e9xito de participaci\u00f3n con m\u00e1s de 1.300 ni\u00f1os y ni\u00f1as que se [&hellip;]","og_url":"https:\/\/politicasocial.vinaros.es\/es\/mas-de-1-300-ninos-as-participaran-en-el-campus-de-verano-illa-2022\/","og_site_name":"Pol\u00edtica Social - Ajuntament de Vinar\u00f2s","article_published_time":"2022-09-22T08:00:00+00:00","article_modified_time":"2023-01-03T12:02:40+00:00","og_image":[{"width":360,"height":480,"url":"https:\/\/politicasocial.vinaros.es\/wp-content\/uploads\/2022\/11\/serveis-socials-vinaros-mes-de-1300-xiquets-i-xiquetes-participaran-al-campus-destiu-illa-2022.jpg","type":"image\/jpeg"}],"author":"Ra\u00fal Torner Martinell","twitter_card":"summary_large_image","twitter_misc":{"Escrito por":"Ra\u00fal Torner Martinell","Tiempo de lectura":"2 minutos"},"schema":{"@context":"https:\/\/schema.org","@graph":[{"@type":"Article","@id":"https:\/\/politicasocial.vinaros.es\/es\/mas-de-1-300-ninos-as-participaran-en-el-campus-de-verano-illa-2022\/#article","isPartOf":{"@id":"https:\/\/politicasocial.vinaros.es\/es\/mas-de-1-300-ninos-as-participaran-en-el-campus-de-verano-illa-2022\/"},"author":{"name":"Ra\u00fal Torner Martinell","@id":"https:\/\/politicasocial.vinaros.es\/es\/#\/schema\/person\/25b8c0c60cdeca0d29acc31758a695da"},"headline":"Mas de 1.300 ni\u00f1os\/as participar\u00e1n en el campus de verano Illa 2022","datePublished":"2022-09-22T08:00:00+00:00","dateModified":"2023-01-03T12:02:40+00:00","mainEntityOfPage":{"@id":"https:\/\/politicasocial.vinaros.es\/es\/mas-de-1-300-ninos-as-participaran-en-el-campus-de-verano-illa-2022\/"},"wordCount":353,"commentCount":0,"image":{"@id":"https:\/\/politicasocial.vinaros.es\/es\/mas-de-1-300-ninos-as-participaran-en-el-campus-de-verano-illa-2022\/#primaryimage"},"thumbnailUrl":"https:\/\/politicasocial.vinaros.es\/wp-content\/uploads\/2022\/11\/serveis-socials-vinaros-mes-de-1300-xiquets-i-xiquetes-participaran-al-campus-destiu-illa-2022.jpg","articleSection":["Servicios Sociales"],"inLanguage":"es","potentialAction":[{"@type":"CommentAction","name":"Comment","target":["https:\/\/politicasocial.vinaros.es\/es\/mas-de-1-300-ninos-as-participaran-en-el-campus-de-verano-illa-2022\/#respond"]}]},{"@type":"WebPage","@id":"https:\/\/politicasocial.vinaros.es\/es\/mas-de-1-300-ninos-as-participaran-en-el-campus-de-verano-illa-2022\/","url":"https:\/\/politicasocial.vinaros.es\/es\/mas-de-1-300-ninos-as-participaran-en-el-campus-de-verano-illa-2022\/","name":"Mas de 1.300 ni\u00f1os\/as participar\u00e1n en el campus de verano Illa 2022 - Pol\u00edtica Social - Ajuntament de Vinar\u00f2s","isPartOf":{"@id":"https:\/\/politicasocial.vinaros.es\/es\/#website"},"primaryImageOfPage":{"@id":"https:\/\/politicasocial.vinaros.es\/es\/mas-de-1-300-ninos-as-participaran-en-el-campus-de-verano-illa-2022\/#primaryimage"},"image":{"@id":"https:\/\/politicasocial.vinaros.es\/es\/mas-de-1-300-ninos-as-participaran-en-el-campus-de-verano-illa-2022\/#primaryimage"},"thumbnailUrl":"https:\/\/politicasocial.vinaros.es\/wp-content\/uploads\/2022\/11\/serveis-socials-vinaros-mes-de-1300-xiquets-i-xiquetes-participaran-al-campus-destiu-illa-2022.jpg","datePublished":"2022-09-22T08:00:00+00:00","dateModified":"2023-01-03T12:02:40+00:00","author":{"@id":"https:\/\/politicasocial.vinaros.es\/es\/#\/schema\/person\/25b8c0c60cdeca0d29acc31758a695da"},"breadcrumb":{"@id":"https:\/\/politicasocial.vinaros.es\/es\/mas-de-1-300-ninos-as-participaran-en-el-campus-de-verano-illa-2022\/#breadcrumb"},"inLanguage":"es","potentialAction":[{"@type":"ReadAction","target":["https:\/\/politicasocial.vinaros.es\/es\/mas-de-1-300-ninos-as-participaran-en-el-campus-de-verano-illa-2022\/"]}]},{"@type":"ImageObject","inLanguage":"es","@id":"https:\/\/politicasocial.vinaros.es\/es\/mas-de-1-300-ninos-as-participaran-en-el-campus-de-verano-illa-2022\/#primaryimage","url":"https:\/\/politicasocial.vinaros.es\/wp-content\/uploads\/2022\/11\/serveis-socials-vinaros-mes-de-1300-xiquets-i-xiquetes-participaran-al-campus-destiu-illa-2022.jpg","contentUrl":"https:\/\/politicasocial.vinaros.es\/wp-content\/uploads\/2022\/11\/serveis-socials-vinaros-mes-de-1300-xiquets-i-xiquetes-participaran-al-campus-destiu-illa-2022.jpg","width":360,"height":480},{"@type":"BreadcrumbList","@id":"https:\/\/politicasocial.vinaros.es\/es\/mas-de-1-300-ninos-as-participaran-en-el-campus-de-verano-illa-2022\/#breadcrumb","itemListElement":[{"@type":"ListItem","position":1,"name":"Inicio","item":"https:\/\/politicasocial.vinaros.es\/es\/"},{"@type":"ListItem","position":2,"name":"Servicios Sociales","item":"https:\/\/politicasocial.vinaros.es\/es\/categoria\/servicios-sociales\/"},{"@type":"ListItem","position":3,"name":"Mas de 1.300 ni\u00f1os\/as participar\u00e1n en el campus de verano Illa 2022"}]},{"@type":"WebSite","@id":"https:\/\/politicasocial.vinaros.es\/es\/#website","url":"https:\/\/politicasocial.vinaros.es\/es\/","name":"Pol\u00edtica Social - Ajuntament de Vinar\u00f2s","description":"Regidoria de Pol\u00edtica Social","potentialAction":[{"@type":"SearchAction","target":{"@type":"EntryPoint","urlTemplate":"https:\/\/politicasocial.vinaros.es\/es\/?s={search_term_string}"},"query-input":{"@type":"PropertyValueSpecification","valueRequired":true,"valueName":"search_term_string"}}],"inLanguage":"es"},{"@type":"Person","@id":"https:\/\/politicasocial.vinaros.es\/es\/#\/schema\/person\/25b8c0c60cdeca0d29acc31758a695da","name":"Ra\u00fal Torner Martinell","image":{"@type":"ImageObject","inLanguage":"es","@id":"https:\/\/politicasocial.vinaros.es\/es\/#\/schema\/person\/image\/","url":"https:\/\/secure.gravatar.com\/avatar\/3716f530378a992b4951fb4809843919506e982d2df14dcde67785574c23e79b?s=96&d=mm&r=g","contentUrl":"https:\/\/secure.gravatar.com\/avatar\/3716f530378a992b4951fb4809843919506e982d2df14dcde67785574c23e79b?s=96&d=mm&r=g","caption":"Ra\u00fal Torner Martinell"},"url":"https:\/\/politicasocial.vinaros.es\/es"}]}},"_links":{"self":[{"href":"https:\/\/politicasocial.vinaros.es\/es\/wp-json\/wp\/v2\/posts\/1229","targetHints":{"allow":["GET"]}}],"collection":[{"href":"https:\/\/politicasocial.vinaros.es\/es\/wp-json\/wp\/v2\/posts"}],"about":[{"href":"https:\/\/politicasocial.vinaros.es\/es\/wp-json\/wp\/v2\/types\/post"}],"author":[{"embeddable":true,"href":"https:\/\/politicasocial.vinaros.es\/es\/wp-json\/wp\/v2\/users\/1"}],"replies":[{"embeddable":true,"href":"https:\/\/politicasocial.vinaros.es\/es\/wp-json\/wp\/v2\/comments?post=1229"}],"version-history":[{"count":2,"href":"https:\/\/politicasocial.vinaros.es\/es\/wp-json\/wp\/v2\/posts\/1229\/revisions"}],"predecessor-version":[{"id":1233,"href":"https:\/\/politicasocial.vinaros.es\/es\/wp-json\/wp\/v2\/posts\/1229\/revisions\/1233"}],"wp:featuredmedia":[{"embeddable":true,"href":"https:\/\/politicasocial.vinaros.es\/es\/wp-json\/wp\/v2\/media\/446"}],"wp:attachment":[{"href":"https:\/\/politicasocial.vinaros.es\/es\/wp-json\/wp\/v2\/media?parent=1229"}],"wp:term":[{"taxonomy":"category","embeddable":true,"href":"https:\/\/politicasocial.vinaros.es\/es\/wp-json\/wp\/v2\/categories?post=1229"},{"taxonomy":"post_tag","embeddable":true,"href":"https:\/\/politicasocial.vinaros.es\/es\/wp-json\/wp\/v2\/tags?post=1229"}],"curies":[{"name":"wp","href":"https:\/\/api.w.org\/{rel}","templated":true}]}}