{"id":1239,"date":"2022-05-16T11:00:00","date_gmt":"2022-05-16T09:00:00","guid":{"rendered":"https:\/\/politicasocial.vinaros.es\/donaciones-en-especies-ucrania-mayo-2022\/"},"modified":"2023-01-03T13:13:29","modified_gmt":"2023-01-03T12:13:29","slug":"donaciones-en-especies-ucrania-mayo-2022","status":"publish","type":"post","link":"https:\/\/politicasocial.vinaros.es\/es\/donaciones-en-especies-ucrania-mayo-2022\/","title":{"rendered":"Donaciones en especies Ucrania Mayo 2022"},"content":{"rendered":"\n<p>Ante la situaci\u00f3n de guerra en Ucrania, que lejos de mitigar cada vez es mas cruel, se intensifican las necesidades tanto en el pa\u00eds de conflicto como las de las personas desplazadas. Por lo tanto, nuevamente solicitamos la solidaridad de los ciudadanos para recaudar material que posteriormente se distribuir\u00e1 en los campos de refugiados\/as y a personas que est\u00e1n se desplazando en nuestra comunidad. <\/p>\n","protected":false},"excerpt":{"rendered":"<p>Ante la situaci\u00f3n de guerra en Ucrania, que lejos de mitigar cada vez es mas cruel, se intensifican las necesidades tanto en el pa\u00eds de conflicto como las de las personas desplazadas. Por lo tanto, nuevamente solicitamos la solidaridad de los ciudadanos para recaudar material que posteriormente se distribuir\u00e1 en los campos de refugiados\/as y [&hellip;]<\/p>\n","protected":false},"author":1,"featured_media":449,"comment_status":"open","ping_status":"open","sticky":false,"template":"","format":"standard","meta":{"_acf_changed":false,"inline_featured_image":false,"footnotes":""},"categories":[11],"tags":[],"class_list":["post-1239","post","type-post","status-publish","format-standard","has-post-thumbnail","hentry","category-servicios-sociales"],"acf":[],"yoast_head":"<!-- This site is optimized with the Yoast SEO plugin v27.0 - https:\/\/yoast.com\/product\/yoast-seo-wordpress\/ -->\n<title>Donaciones en especies Ucrania Mayo 2022 - Pol\u00edtica Social - Ajuntament de Vinar\u00f2s<\/title>\n<meta name=\"robots\" content=\"index, follow, max-snippet:-1, max-image-preview:large, max-video-preview:-1\" \/>\n<link rel=\"canonical\" href=\"https:\/\/politicasocial.vinaros.es\/es\/donaciones-en-especies-ucrania-mayo-2022\/\" \/>\n<meta property=\"og:locale\" content=\"es_ES\" \/>\n<meta property=\"og:type\" content=\"article\" \/>\n<meta property=\"og:title\" content=\"Donaciones en especies Ucrania Mayo 2022 - Pol\u00edtica Social - Ajuntament de Vinar\u00f2s\" \/>\n<meta property=\"og:description\" content=\"Ante la situaci\u00f3n de guerra en Ucrania, que lejos de mitigar cada vez es mas cruel, se intensifican las necesidades tanto en el pa\u00eds de conflicto como las de las personas desplazadas. Por lo tanto, nuevamente solicitamos la solidaridad de los ciudadanos para recaudar material que posteriormente se distribuir\u00e1 en los campos de refugiados\/as y [&hellip;]\" \/>\n<meta property=\"og:url\" content=\"https:\/\/politicasocial.vinaros.es\/es\/donaciones-en-especies-ucrania-mayo-2022\/\" \/>\n<meta property=\"og:site_name\" content=\"Pol\u00edtica Social - Ajuntament de Vinar\u00f2s\" \/>\n<meta property=\"article:published_time\" content=\"2022-05-16T09:00:00+00:00\" \/>\n<meta property=\"article:modified_time\" content=\"2023-01-03T12:13:29+00:00\" \/>\n<meta property=\"og:image\" content=\"https:\/\/politicasocial.vinaros.es\/wp-content\/uploads\/2022\/11\/serveis-socials-vinaros-donacions-en-especies-ucraina-maig-2022.jpg\" \/>\n\t<meta property=\"og:image:width\" content=\"342\" \/>\n\t<meta property=\"og:image:height\" content=\"480\" \/>\n\t<meta property=\"og:image:type\" content=\"image\/jpeg\" \/>\n<meta name=\"author\" content=\"Ra\u00fal Torner Martinell\" \/>\n<meta name=\"twitter:card\" content=\"summary_large_image\" \/>\n<meta name=\"twitter:label1\" content=\"Escrito por\" \/>\n\t<meta name=\"twitter:data1\" content=\"Ra\u00fal Torner Martinell\" \/>\n<script type=\"application\/ld+json\" class=\"yoast-schema-graph\">{\"@context\":\"https:\/\/schema.org\",\"@graph\":[{\"@type\":\"Article\",\"@id\":\"https:\/\/politicasocial.vinaros.es\/es\/donaciones-en-especies-ucrania-mayo-2022\/#article\",\"isPartOf\":{\"@id\":\"https:\/\/politicasocial.vinaros.es\/es\/donaciones-en-especies-ucrania-mayo-2022\/\"},\"author\":{\"name\":\"Ra\u00fal Torner Martinell\",\"@id\":\"https:\/\/politicasocial.vinaros.es\/es\/#\/schema\/person\/25b8c0c60cdeca0d29acc31758a695da\"},\"headline\":\"Donaciones en especies Ucrania Mayo 2022\",\"datePublished\":\"2022-05-16T09:00:00+00:00\",\"dateModified\":\"2023-01-03T12:13:29+00:00\",\"mainEntityOfPage\":{\"@id\":\"https:\/\/politicasocial.vinaros.es\/es\/donaciones-en-especies-ucrania-mayo-2022\/\"},\"wordCount\":73,\"commentCount\":0,\"image\":{\"@id\":\"https:\/\/politicasocial.vinaros.es\/es\/donaciones-en-especies-ucrania-mayo-2022\/#primaryimage\"},\"thumbnailUrl\":\"https:\/\/politicasocial.vinaros.es\/wp-content\/uploads\/2022\/11\/serveis-socials-vinaros-donacions-en-especies-ucraina-maig-2022.jpg\",\"articleSection\":[\"Servicios Sociales\"],\"inLanguage\":\"es\",\"potentialAction\":[{\"@type\":\"CommentAction\",\"name\":\"Comment\",\"target\":[\"https:\/\/politicasocial.vinaros.es\/es\/donaciones-en-especies-ucrania-mayo-2022\/#respond\"]}]},{\"@type\":\"WebPage\",\"@id\":\"https:\/\/politicasocial.vinaros.es\/es\/donaciones-en-especies-ucrania-mayo-2022\/\",\"url\":\"https:\/\/politicasocial.vinaros.es\/es\/donaciones-en-especies-ucrania-mayo-2022\/\",\"name\":\"Donaciones en especies Ucrania Mayo 2022 - Pol\u00edtica Social - Ajuntament de Vinar\u00f2s\",\"isPartOf\":{\"@id\":\"https:\/\/politicasocial.vinaros.es\/es\/#website\"},\"primaryImageOfPage\":{\"@id\":\"https:\/\/politicasocial.vinaros.es\/es\/donaciones-en-especies-ucrania-mayo-2022\/#primaryimage\"},\"image\":{\"@id\":\"https:\/\/politicasocial.vinaros.es\/es\/donaciones-en-especies-ucrania-mayo-2022\/#primaryimage\"},\"thumbnailUrl\":\"https:\/\/politicasocial.vinaros.es\/wp-content\/uploads\/2022\/11\/serveis-socials-vinaros-donacions-en-especies-ucraina-maig-2022.jpg\",\"datePublished\":\"2022-05-16T09:00:00+00:00\",\"dateModified\":\"2023-01-03T12:13:29+00:00\",\"author\":{\"@id\":\"https:\/\/politicasocial.vinaros.es\/es\/#\/schema\/person\/25b8c0c60cdeca0d29acc31758a695da\"},\"breadcrumb\":{\"@id\":\"https:\/\/politicasocial.vinaros.es\/es\/donaciones-en-especies-ucrania-mayo-2022\/#breadcrumb\"},\"inLanguage\":\"es\",\"potentialAction\":[{\"@type\":\"ReadAction\",\"target\":[\"https:\/\/politicasocial.vinaros.es\/es\/donaciones-en-especies-ucrania-mayo-2022\/\"]}]},{\"@type\":\"ImageObject\",\"inLanguage\":\"es\",\"@id\":\"https:\/\/politicasocial.vinaros.es\/es\/donaciones-en-especies-ucrania-mayo-2022\/#primaryimage\",\"url\":\"https:\/\/politicasocial.vinaros.es\/wp-content\/uploads\/2022\/11\/serveis-socials-vinaros-donacions-en-especies-ucraina-maig-2022.jpg\",\"contentUrl\":\"https:\/\/politicasocial.vinaros.es\/wp-content\/uploads\/2022\/11\/serveis-socials-vinaros-donacions-en-especies-ucraina-maig-2022.jpg\",\"width\":342,\"height\":480},{\"@type\":\"BreadcrumbList\",\"@id\":\"https:\/\/politicasocial.vinaros.es\/es\/donaciones-en-especies-ucrania-mayo-2022\/#breadcrumb\",\"itemListElement\":[{\"@type\":\"ListItem\",\"position\":1,\"name\":\"Inicio\",\"item\":\"https:\/\/politicasocial.vinaros.es\/es\/\"},{\"@type\":\"ListItem\",\"position\":2,\"name\":\"Servicios Sociales\",\"item\":\"https:\/\/politicasocial.vinaros.es\/es\/categoria\/servicios-sociales\/\"},{\"@type\":\"ListItem\",\"position\":3,\"name\":\"Donaciones en especies Ucrania Mayo 2022\"}]},{\"@type\":\"WebSite\",\"@id\":\"https:\/\/politicasocial.vinaros.es\/es\/#website\",\"url\":\"https:\/\/politicasocial.vinaros.es\/es\/\",\"name\":\"Pol\u00edtica Social - Ajuntament de Vinar\u00f2s\",\"description\":\"Regidoria de Pol\u00edtica Social\",\"potentialAction\":[{\"@type\":\"SearchAction\",\"target\":{\"@type\":\"EntryPoint\",\"urlTemplate\":\"https:\/\/politicasocial.vinaros.es\/es\/?s={search_term_string}\"},\"query-input\":{\"@type\":\"PropertyValueSpecification\",\"valueRequired\":true,\"valueName\":\"search_term_string\"}}],\"inLanguage\":\"es\"},{\"@type\":\"Person\",\"@id\":\"https:\/\/politicasocial.vinaros.es\/es\/#\/schema\/person\/25b8c0c60cdeca0d29acc31758a695da\",\"name\":\"Ra\u00fal Torner Martinell\",\"image\":{\"@type\":\"ImageObject\",\"inLanguage\":\"es\",\"@id\":\"https:\/\/politicasocial.vinaros.es\/es\/#\/schema\/person\/image\/\",\"url\":\"https:\/\/secure.gravatar.com\/avatar\/3716f530378a992b4951fb4809843919506e982d2df14dcde67785574c23e79b?s=96&d=mm&r=g\",\"contentUrl\":\"https:\/\/secure.gravatar.com\/avatar\/3716f530378a992b4951fb4809843919506e982d2df14dcde67785574c23e79b?s=96&d=mm&r=g\",\"caption\":\"Ra\u00fal Torner Martinell\"},\"url\":\"https:\/\/politicasocial.vinaros.es\/es\"}]}<\/script>\n<!-- \/ Yoast SEO plugin. -->","yoast_head_json":{"title":"Donaciones en especies Ucrania Mayo 2022 - Pol\u00edtica Social - Ajuntament de Vinar\u00f2s","robots":{"index":"index","follow":"follow","max-snippet":"max-snippet:-1","max-image-preview":"max-image-preview:large","max-video-preview":"max-video-preview:-1"},"canonical":"https:\/\/politicasocial.vinaros.es\/es\/donaciones-en-especies-ucrania-mayo-2022\/","og_locale":"es_ES","og_type":"article","og_title":"Donaciones en especies Ucrania Mayo 2022 - Pol\u00edtica Social - Ajuntament de Vinar\u00f2s","og_description":"Ante la situaci\u00f3n de guerra en Ucrania, que lejos de mitigar cada vez es mas cruel, se intensifican las necesidades tanto en el pa\u00eds de conflicto como las de las personas desplazadas. Por lo tanto, nuevamente solicitamos la solidaridad de los ciudadanos para recaudar material que posteriormente se distribuir\u00e1 en los campos de refugiados\/as y [&hellip;]","og_url":"https:\/\/politicasocial.vinaros.es\/es\/donaciones-en-especies-ucrania-mayo-2022\/","og_site_name":"Pol\u00edtica Social - Ajuntament de Vinar\u00f2s","article_published_time":"2022-05-16T09:00:00+00:00","article_modified_time":"2023-01-03T12:13:29+00:00","og_image":[{"width":342,"height":480,"url":"https:\/\/politicasocial.vinaros.es\/wp-content\/uploads\/2022\/11\/serveis-socials-vinaros-donacions-en-especies-ucraina-maig-2022.jpg","type":"image\/jpeg"}],"author":"Ra\u00fal Torner Martinell","twitter_card":"summary_large_image","twitter_misc":{"Escrito por":"Ra\u00fal Torner Martinell"},"schema":{"@context":"https:\/\/schema.org","@graph":[{"@type":"Article","@id":"https:\/\/politicasocial.vinaros.es\/es\/donaciones-en-especies-ucrania-mayo-2022\/#article","isPartOf":{"@id":"https:\/\/politicasocial.vinaros.es\/es\/donaciones-en-especies-ucrania-mayo-2022\/"},"author":{"name":"Ra\u00fal Torner Martinell","@id":"https:\/\/politicasocial.vinaros.es\/es\/#\/schema\/person\/25b8c0c60cdeca0d29acc31758a695da"},"headline":"Donaciones en especies Ucrania Mayo 2022","datePublished":"2022-05-16T09:00:00+00:00","dateModified":"2023-01-03T12:13:29+00:00","mainEntityOfPage":{"@id":"https:\/\/politicasocial.vinaros.es\/es\/donaciones-en-especies-ucrania-mayo-2022\/"},"wordCount":73,"commentCount":0,"image":{"@id":"https:\/\/politicasocial.vinaros.es\/es\/donaciones-en-especies-ucrania-mayo-2022\/#primaryimage"},"thumbnailUrl":"https:\/\/politicasocial.vinaros.es\/wp-content\/uploads\/2022\/11\/serveis-socials-vinaros-donacions-en-especies-ucraina-maig-2022.jpg","articleSection":["Servicios Sociales"],"inLanguage":"es","potentialAction":[{"@type":"CommentAction","name":"Comment","target":["https:\/\/politicasocial.vinaros.es\/es\/donaciones-en-especies-ucrania-mayo-2022\/#respond"]}]},{"@type":"WebPage","@id":"https:\/\/politicasocial.vinaros.es\/es\/donaciones-en-especies-ucrania-mayo-2022\/","url":"https:\/\/politicasocial.vinaros.es\/es\/donaciones-en-especies-ucrania-mayo-2022\/","name":"Donaciones en especies Ucrania Mayo 2022 - Pol\u00edtica Social - Ajuntament de Vinar\u00f2s","isPartOf":{"@id":"https:\/\/politicasocial.vinaros.es\/es\/#website"},"primaryImageOfPage":{"@id":"https:\/\/politicasocial.vinaros.es\/es\/donaciones-en-especies-ucrania-mayo-2022\/#primaryimage"},"image":{"@id":"https:\/\/politicasocial.vinaros.es\/es\/donaciones-en-especies-ucrania-mayo-2022\/#primaryimage"},"thumbnailUrl":"https:\/\/politicasocial.vinaros.es\/wp-content\/uploads\/2022\/11\/serveis-socials-vinaros-donacions-en-especies-ucraina-maig-2022.jpg","datePublished":"2022-05-16T09:00:00+00:00","dateModified":"2023-01-03T12:13:29+00:00","author":{"@id":"https:\/\/politicasocial.vinaros.es\/es\/#\/schema\/person\/25b8c0c60cdeca0d29acc31758a695da"},"breadcrumb":{"@id":"https:\/\/politicasocial.vinaros.es\/es\/donaciones-en-especies-ucrania-mayo-2022\/#breadcrumb"},"inLanguage":"es","potentialAction":[{"@type":"ReadAction","target":["https:\/\/politicasocial.vinaros.es\/es\/donaciones-en-especies-ucrania-mayo-2022\/"]}]},{"@type":"ImageObject","inLanguage":"es","@id":"https:\/\/politicasocial.vinaros.es\/es\/donaciones-en-especies-ucrania-mayo-2022\/#primaryimage","url":"https:\/\/politicasocial.vinaros.es\/wp-content\/uploads\/2022\/11\/serveis-socials-vinaros-donacions-en-especies-ucraina-maig-2022.jpg","contentUrl":"https:\/\/politicasocial.vinaros.es\/wp-content\/uploads\/2022\/11\/serveis-socials-vinaros-donacions-en-especies-ucraina-maig-2022.jpg","width":342,"height":480},{"@type":"BreadcrumbList","@id":"https:\/\/politicasocial.vinaros.es\/es\/donaciones-en-especies-ucrania-mayo-2022\/#breadcrumb","itemListElement":[{"@type":"ListItem","position":1,"name":"Inicio","item":"https:\/\/politicasocial.vinaros.es\/es\/"},{"@type":"ListItem","position":2,"name":"Servicios Sociales","item":"https:\/\/politicasocial.vinaros.es\/es\/categoria\/servicios-sociales\/"},{"@type":"ListItem","position":3,"name":"Donaciones en especies Ucrania Mayo 2022"}]},{"@type":"WebSite","@id":"https:\/\/politicasocial.vinaros.es\/es\/#website","url":"https:\/\/politicasocial.vinaros.es\/es\/","name":"Pol\u00edtica Social - Ajuntament de Vinar\u00f2s","description":"Regidoria de Pol\u00edtica Social","potentialAction":[{"@type":"SearchAction","target":{"@type":"EntryPoint","urlTemplate":"https:\/\/politicasocial.vinaros.es\/es\/?s={search_term_string}"},"query-input":{"@type":"PropertyValueSpecification","valueRequired":true,"valueName":"search_term_string"}}],"inLanguage":"es"},{"@type":"Person","@id":"https:\/\/politicasocial.vinaros.es\/es\/#\/schema\/person\/25b8c0c60cdeca0d29acc31758a695da","name":"Ra\u00fal Torner Martinell","image":{"@type":"ImageObject","inLanguage":"es","@id":"https:\/\/politicasocial.vinaros.es\/es\/#\/schema\/person\/image\/","url":"https:\/\/secure.gravatar.com\/avatar\/3716f530378a992b4951fb4809843919506e982d2df14dcde67785574c23e79b?s=96&d=mm&r=g","contentUrl":"https:\/\/secure.gravatar.com\/avatar\/3716f530378a992b4951fb4809843919506e982d2df14dcde67785574c23e79b?s=96&d=mm&r=g","caption":"Ra\u00fal Torner Martinell"},"url":"https:\/\/politicasocial.vinaros.es\/es"}]}},"_links":{"self":[{"href":"https:\/\/politicasocial.vinaros.es\/es\/wp-json\/wp\/v2\/posts\/1239","targetHints":{"allow":["GET"]}}],"collection":[{"href":"https:\/\/politicasocial.vinaros.es\/es\/wp-json\/wp\/v2\/posts"}],"about":[{"href":"https:\/\/politicasocial.vinaros.es\/es\/wp-json\/wp\/v2\/types\/post"}],"author":[{"embeddable":true,"href":"https:\/\/politicasocial.vinaros.es\/es\/wp-json\/wp\/v2\/users\/1"}],"replies":[{"embeddable":true,"href":"https:\/\/politicasocial.vinaros.es\/es\/wp-json\/wp\/v2\/comments?post=1239"}],"version-history":[{"count":1,"href":"https:\/\/politicasocial.vinaros.es\/es\/wp-json\/wp\/v2\/posts\/1239\/revisions"}],"predecessor-version":[{"id":1240,"href":"https:\/\/politicasocial.vinaros.es\/es\/wp-json\/wp\/v2\/posts\/1239\/revisions\/1240"}],"wp:featuredmedia":[{"embeddable":true,"href":"https:\/\/politicasocial.vinaros.es\/es\/wp-json\/wp\/v2\/media\/449"}],"wp:attachment":[{"href":"https:\/\/politicasocial.vinaros.es\/es\/wp-json\/wp\/v2\/media?parent=1239"}],"wp:term":[{"taxonomy":"category","embeddable":true,"href":"https:\/\/politicasocial.vinaros.es\/es\/wp-json\/wp\/v2\/categories?post=1239"},{"taxonomy":"post_tag","embeddable":true,"href":"https:\/\/politicasocial.vinaros.es\/es\/wp-json\/wp\/v2\/tags?post=1239"}],"curies":[{"name":"wp","href":"https:\/\/api.w.org\/{rel}","templated":true}]}}