{"id":1246,"date":"2022-04-11T11:00:00","date_gmt":"2022-04-11T09:00:00","guid":{"rendered":"https:\/\/politicasocial.vinaros.es\/comienzan-los-talleres-de-prevencion-de-la-adiccion-a-las-nuevas-tecnologias-en-primaria\/"},"modified":"2023-01-03T13:28:15","modified_gmt":"2023-01-03T12:28:15","slug":"comienzan-los-talleres-de-prevencion-de-la-adiccion-a-las-nuevas-tecnologias-en-primaria","status":"publish","type":"post","link":"https:\/\/politicasocial.vinaros.es\/es\/comienzan-los-talleres-de-prevencion-de-la-adiccion-a-las-nuevas-tecnologias-en-primaria\/","title":{"rendered":"Comienzan los talleres de prevenci\u00f3n de la adicci\u00f3n a las nuevas tecnolog\u00edas en primaria"},"content":{"rendered":"\n<p>La UPCCA ( Unidad de Prevenci\u00f3n Comunitaria de Conductas Adictivas) impartir\u00e1 los talleres de prevenci\u00f3n de las adicciones a las nuevas tecnolog\u00eda en los diferentes centros de la localidad. Estos talleres que tienen como objetivo informar sobre las adicciones tecnol\u00f3gicas (concretamente el tel\u00e9fono m\u00f3vil e internet ), sensibilizar sobre las consecuencias negativas de la adicci\u00f3n y entrenar en las habilidades necesarias para prevenir estos problemas adictivos, se realizar\u00e1n en 5\u00ba y 6\u00ba de Primaria y contar\u00e1n con una participaci\u00f3n total de 500 alumnos. <br\/><br\/>Las adicciones a las nuevas tecnolog\u00edas cada vez comienzan a edades m\u00e1s tempranas por ello es importante que desde peque\u00f1os los j\u00f3venes conozcan las ventajas que tienen el tel\u00e9fono m\u00f3vil, Internet y las redes sociales, pero tambi\u00e9n deben ser conscientes de que pueden llegar a tener problemas si no se hace un uso responsable de las nuevas tecnolog\u00edas.<br\/><br\/>Estos talleres se enmarcan dentro de la intervenci\u00f3n que se lleva a cabo desde la UPCCA en el \u00e1mbito escolar ,donde adem\u00e1s ,siguiendo el Plan Municipal de Drogodependencias, se realizan otros programas y talleres de prevenci\u00f3n en adicciones a sustancias o conductas adictivas como son los talleres sobre el \u201cCannabis\u00bb, \u201cDrogodependencias\u201d o los \u201dJuegos de azar\u201d<\/p>\n","protected":false},"excerpt":{"rendered":"<p>La UPCCA ( Unidad de Prevenci\u00f3n Comunitaria de Conductas Adictivas) impartir\u00e1 los talleres de prevenci\u00f3n de las adicciones a las nuevas tecnolog\u00eda en los diferentes centros de la localidad. Estos talleres que tienen como objetivo informar sobre las adicciones tecnol\u00f3gicas (concretamente el tel\u00e9fono m\u00f3vil e internet ), sensibilizar sobre las consecuencias negativas de la adicci\u00f3n [&hellip;]<\/p>\n","protected":false},"author":1,"featured_media":451,"comment_status":"open","ping_status":"open","sticky":false,"template":"","format":"standard","meta":{"_acf_changed":false,"inline_featured_image":false,"footnotes":""},"categories":[11],"tags":[],"class_list":["post-1246","post","type-post","status-publish","format-standard","has-post-thumbnail","hentry","category-servicios-sociales"],"acf":[],"yoast_head":"<!-- This site is optimized with the Yoast SEO plugin v27.0 - https:\/\/yoast.com\/product\/yoast-seo-wordpress\/ -->\n<title>Comienzan los talleres de prevenci\u00f3n de la adicci\u00f3n a las nuevas tecnolog\u00edas en primaria - Pol\u00edtica Social - Ajuntament de Vinar\u00f2s<\/title>\n<meta name=\"robots\" content=\"index, follow, max-snippet:-1, max-image-preview:large, max-video-preview:-1\" \/>\n<link rel=\"canonical\" href=\"https:\/\/politicasocial.vinaros.es\/es\/comienzan-los-talleres-de-prevencion-de-la-adiccion-a-las-nuevas-tecnologias-en-primaria\/\" \/>\n<meta property=\"og:locale\" content=\"es_ES\" \/>\n<meta property=\"og:type\" content=\"article\" \/>\n<meta property=\"og:title\" content=\"Comienzan los talleres de prevenci\u00f3n de la adicci\u00f3n a las nuevas tecnolog\u00edas en primaria - Pol\u00edtica Social - Ajuntament de Vinar\u00f2s\" \/>\n<meta property=\"og:description\" content=\"La UPCCA ( Unidad de Prevenci\u00f3n Comunitaria de Conductas Adictivas) impartir\u00e1 los talleres de prevenci\u00f3n de las adicciones a las nuevas tecnolog\u00eda en los diferentes centros de la localidad. Estos talleres que tienen como objetivo informar sobre las adicciones tecnol\u00f3gicas (concretamente el tel\u00e9fono m\u00f3vil e internet ), sensibilizar sobre las consecuencias negativas de la adicci\u00f3n [&hellip;]\" \/>\n<meta property=\"og:url\" content=\"https:\/\/politicasocial.vinaros.es\/es\/comienzan-los-talleres-de-prevencion-de-la-adiccion-a-las-nuevas-tecnologias-en-primaria\/\" \/>\n<meta property=\"og:site_name\" content=\"Pol\u00edtica Social - Ajuntament de Vinar\u00f2s\" \/>\n<meta property=\"article:published_time\" content=\"2022-04-11T09:00:00+00:00\" \/>\n<meta property=\"article:modified_time\" content=\"2023-01-03T12:28:15+00:00\" \/>\n<meta property=\"og:image\" content=\"https:\/\/politicasocial.vinaros.es\/wp-content\/uploads\/2022\/11\/serveis-socials-vinaros-comencen-els-tallers-de-prevencio-de-ladiccio-a-les-noves-tecnologies-en-primaria.jpg\" \/>\n\t<meta property=\"og:image:width\" content=\"480\" \/>\n\t<meta property=\"og:image:height\" content=\"269\" \/>\n\t<meta property=\"og:image:type\" content=\"image\/jpeg\" \/>\n<meta name=\"author\" content=\"Ra\u00fal Torner Martinell\" \/>\n<meta name=\"twitter:card\" content=\"summary_large_image\" \/>\n<meta name=\"twitter:label1\" content=\"Escrito por\" \/>\n\t<meta name=\"twitter:data1\" content=\"Ra\u00fal Torner Martinell\" \/>\n\t<meta name=\"twitter:label2\" content=\"Tiempo de lectura\" \/>\n\t<meta name=\"twitter:data2\" content=\"1 minuto\" \/>\n<script type=\"application\/ld+json\" class=\"yoast-schema-graph\">{\"@context\":\"https:\/\/schema.org\",\"@graph\":[{\"@type\":\"Article\",\"@id\":\"https:\/\/politicasocial.vinaros.es\/es\/comienzan-los-talleres-de-prevencion-de-la-adiccion-a-las-nuevas-tecnologias-en-primaria\/#article\",\"isPartOf\":{\"@id\":\"https:\/\/politicasocial.vinaros.es\/es\/comienzan-los-talleres-de-prevencion-de-la-adiccion-a-las-nuevas-tecnologias-en-primaria\/\"},\"author\":{\"name\":\"Ra\u00fal Torner Martinell\",\"@id\":\"https:\/\/politicasocial.vinaros.es\/es\/#\/schema\/person\/25b8c0c60cdeca0d29acc31758a695da\"},\"headline\":\"Comienzan los talleres de prevenci\u00f3n de la adicci\u00f3n a las nuevas tecnolog\u00edas en primaria\",\"datePublished\":\"2022-04-11T09:00:00+00:00\",\"dateModified\":\"2023-01-03T12:28:15+00:00\",\"mainEntityOfPage\":{\"@id\":\"https:\/\/politicasocial.vinaros.es\/es\/comienzan-los-talleres-de-prevencion-de-la-adiccion-a-las-nuevas-tecnologias-en-primaria\/\"},\"wordCount\":230,\"commentCount\":0,\"image\":{\"@id\":\"https:\/\/politicasocial.vinaros.es\/es\/comienzan-los-talleres-de-prevencion-de-la-adiccion-a-las-nuevas-tecnologias-en-primaria\/#primaryimage\"},\"thumbnailUrl\":\"https:\/\/politicasocial.vinaros.es\/wp-content\/uploads\/2022\/11\/serveis-socials-vinaros-comencen-els-tallers-de-prevencio-de-ladiccio-a-les-noves-tecnologies-en-primaria.jpg\",\"articleSection\":[\"Servicios Sociales\"],\"inLanguage\":\"es\",\"potentialAction\":[{\"@type\":\"CommentAction\",\"name\":\"Comment\",\"target\":[\"https:\/\/politicasocial.vinaros.es\/es\/comienzan-los-talleres-de-prevencion-de-la-adiccion-a-las-nuevas-tecnologias-en-primaria\/#respond\"]}]},{\"@type\":\"WebPage\",\"@id\":\"https:\/\/politicasocial.vinaros.es\/es\/comienzan-los-talleres-de-prevencion-de-la-adiccion-a-las-nuevas-tecnologias-en-primaria\/\",\"url\":\"https:\/\/politicasocial.vinaros.es\/es\/comienzan-los-talleres-de-prevencion-de-la-adiccion-a-las-nuevas-tecnologias-en-primaria\/\",\"name\":\"Comienzan los talleres de prevenci\u00f3n de la adicci\u00f3n a las nuevas tecnolog\u00edas en primaria - Pol\u00edtica Social - Ajuntament de Vinar\u00f2s\",\"isPartOf\":{\"@id\":\"https:\/\/politicasocial.vinaros.es\/es\/#website\"},\"primaryImageOfPage\":{\"@id\":\"https:\/\/politicasocial.vinaros.es\/es\/comienzan-los-talleres-de-prevencion-de-la-adiccion-a-las-nuevas-tecnologias-en-primaria\/#primaryimage\"},\"image\":{\"@id\":\"https:\/\/politicasocial.vinaros.es\/es\/comienzan-los-talleres-de-prevencion-de-la-adiccion-a-las-nuevas-tecnologias-en-primaria\/#primaryimage\"},\"thumbnailUrl\":\"https:\/\/politicasocial.vinaros.es\/wp-content\/uploads\/2022\/11\/serveis-socials-vinaros-comencen-els-tallers-de-prevencio-de-ladiccio-a-les-noves-tecnologies-en-primaria.jpg\",\"datePublished\":\"2022-04-11T09:00:00+00:00\",\"dateModified\":\"2023-01-03T12:28:15+00:00\",\"author\":{\"@id\":\"https:\/\/politicasocial.vinaros.es\/es\/#\/schema\/person\/25b8c0c60cdeca0d29acc31758a695da\"},\"breadcrumb\":{\"@id\":\"https:\/\/politicasocial.vinaros.es\/es\/comienzan-los-talleres-de-prevencion-de-la-adiccion-a-las-nuevas-tecnologias-en-primaria\/#breadcrumb\"},\"inLanguage\":\"es\",\"potentialAction\":[{\"@type\":\"ReadAction\",\"target\":[\"https:\/\/politicasocial.vinaros.es\/es\/comienzan-los-talleres-de-prevencion-de-la-adiccion-a-las-nuevas-tecnologias-en-primaria\/\"]}]},{\"@type\":\"ImageObject\",\"inLanguage\":\"es\",\"@id\":\"https:\/\/politicasocial.vinaros.es\/es\/comienzan-los-talleres-de-prevencion-de-la-adiccion-a-las-nuevas-tecnologias-en-primaria\/#primaryimage\",\"url\":\"https:\/\/politicasocial.vinaros.es\/wp-content\/uploads\/2022\/11\/serveis-socials-vinaros-comencen-els-tallers-de-prevencio-de-ladiccio-a-les-noves-tecnologies-en-primaria.jpg\",\"contentUrl\":\"https:\/\/politicasocial.vinaros.es\/wp-content\/uploads\/2022\/11\/serveis-socials-vinaros-comencen-els-tallers-de-prevencio-de-ladiccio-a-les-noves-tecnologies-en-primaria.jpg\",\"width\":480,\"height\":269},{\"@type\":\"BreadcrumbList\",\"@id\":\"https:\/\/politicasocial.vinaros.es\/es\/comienzan-los-talleres-de-prevencion-de-la-adiccion-a-las-nuevas-tecnologias-en-primaria\/#breadcrumb\",\"itemListElement\":[{\"@type\":\"ListItem\",\"position\":1,\"name\":\"Inicio\",\"item\":\"https:\/\/politicasocial.vinaros.es\/es\/\"},{\"@type\":\"ListItem\",\"position\":2,\"name\":\"Servicios Sociales\",\"item\":\"https:\/\/politicasocial.vinaros.es\/es\/categoria\/servicios-sociales\/\"},{\"@type\":\"ListItem\",\"position\":3,\"name\":\"Comienzan los talleres de prevenci\u00f3n de la adicci\u00f3n a las nuevas tecnolog\u00edas en primaria\"}]},{\"@type\":\"WebSite\",\"@id\":\"https:\/\/politicasocial.vinaros.es\/es\/#website\",\"url\":\"https:\/\/politicasocial.vinaros.es\/es\/\",\"name\":\"Pol\u00edtica Social - Ajuntament de Vinar\u00f2s\",\"description\":\"Regidoria de Pol\u00edtica Social\",\"potentialAction\":[{\"@type\":\"SearchAction\",\"target\":{\"@type\":\"EntryPoint\",\"urlTemplate\":\"https:\/\/politicasocial.vinaros.es\/es\/?s={search_term_string}\"},\"query-input\":{\"@type\":\"PropertyValueSpecification\",\"valueRequired\":true,\"valueName\":\"search_term_string\"}}],\"inLanguage\":\"es\"},{\"@type\":\"Person\",\"@id\":\"https:\/\/politicasocial.vinaros.es\/es\/#\/schema\/person\/25b8c0c60cdeca0d29acc31758a695da\",\"name\":\"Ra\u00fal Torner Martinell\",\"image\":{\"@type\":\"ImageObject\",\"inLanguage\":\"es\",\"@id\":\"https:\/\/politicasocial.vinaros.es\/es\/#\/schema\/person\/image\/\",\"url\":\"https:\/\/secure.gravatar.com\/avatar\/3716f530378a992b4951fb4809843919506e982d2df14dcde67785574c23e79b?s=96&d=mm&r=g\",\"contentUrl\":\"https:\/\/secure.gravatar.com\/avatar\/3716f530378a992b4951fb4809843919506e982d2df14dcde67785574c23e79b?s=96&d=mm&r=g\",\"caption\":\"Ra\u00fal Torner Martinell\"},\"url\":\"https:\/\/politicasocial.vinaros.es\/es\"}]}<\/script>\n<!-- \/ Yoast SEO plugin. -->","yoast_head_json":{"title":"Comienzan los talleres de prevenci\u00f3n de la adicci\u00f3n a las nuevas tecnolog\u00edas en primaria - Pol\u00edtica Social - Ajuntament de Vinar\u00f2s","robots":{"index":"index","follow":"follow","max-snippet":"max-snippet:-1","max-image-preview":"max-image-preview:large","max-video-preview":"max-video-preview:-1"},"canonical":"https:\/\/politicasocial.vinaros.es\/es\/comienzan-los-talleres-de-prevencion-de-la-adiccion-a-las-nuevas-tecnologias-en-primaria\/","og_locale":"es_ES","og_type":"article","og_title":"Comienzan los talleres de prevenci\u00f3n de la adicci\u00f3n a las nuevas tecnolog\u00edas en primaria - Pol\u00edtica Social - Ajuntament de Vinar\u00f2s","og_description":"La UPCCA ( Unidad de Prevenci\u00f3n Comunitaria de Conductas Adictivas) impartir\u00e1 los talleres de prevenci\u00f3n de las adicciones a las nuevas tecnolog\u00eda en los diferentes centros de la localidad. Estos talleres que tienen como objetivo informar sobre las adicciones tecnol\u00f3gicas (concretamente el tel\u00e9fono m\u00f3vil e internet ), sensibilizar sobre las consecuencias negativas de la adicci\u00f3n [&hellip;]","og_url":"https:\/\/politicasocial.vinaros.es\/es\/comienzan-los-talleres-de-prevencion-de-la-adiccion-a-las-nuevas-tecnologias-en-primaria\/","og_site_name":"Pol\u00edtica Social - Ajuntament de Vinar\u00f2s","article_published_time":"2022-04-11T09:00:00+00:00","article_modified_time":"2023-01-03T12:28:15+00:00","og_image":[{"width":480,"height":269,"url":"https:\/\/politicasocial.vinaros.es\/wp-content\/uploads\/2022\/11\/serveis-socials-vinaros-comencen-els-tallers-de-prevencio-de-ladiccio-a-les-noves-tecnologies-en-primaria.jpg","type":"image\/jpeg"}],"author":"Ra\u00fal Torner Martinell","twitter_card":"summary_large_image","twitter_misc":{"Escrito por":"Ra\u00fal Torner Martinell","Tiempo de lectura":"1 minuto"},"schema":{"@context":"https:\/\/schema.org","@graph":[{"@type":"Article","@id":"https:\/\/politicasocial.vinaros.es\/es\/comienzan-los-talleres-de-prevencion-de-la-adiccion-a-las-nuevas-tecnologias-en-primaria\/#article","isPartOf":{"@id":"https:\/\/politicasocial.vinaros.es\/es\/comienzan-los-talleres-de-prevencion-de-la-adiccion-a-las-nuevas-tecnologias-en-primaria\/"},"author":{"name":"Ra\u00fal Torner Martinell","@id":"https:\/\/politicasocial.vinaros.es\/es\/#\/schema\/person\/25b8c0c60cdeca0d29acc31758a695da"},"headline":"Comienzan los talleres de prevenci\u00f3n de la adicci\u00f3n a las nuevas tecnolog\u00edas en primaria","datePublished":"2022-04-11T09:00:00+00:00","dateModified":"2023-01-03T12:28:15+00:00","mainEntityOfPage":{"@id":"https:\/\/politicasocial.vinaros.es\/es\/comienzan-los-talleres-de-prevencion-de-la-adiccion-a-las-nuevas-tecnologias-en-primaria\/"},"wordCount":230,"commentCount":0,"image":{"@id":"https:\/\/politicasocial.vinaros.es\/es\/comienzan-los-talleres-de-prevencion-de-la-adiccion-a-las-nuevas-tecnologias-en-primaria\/#primaryimage"},"thumbnailUrl":"https:\/\/politicasocial.vinaros.es\/wp-content\/uploads\/2022\/11\/serveis-socials-vinaros-comencen-els-tallers-de-prevencio-de-ladiccio-a-les-noves-tecnologies-en-primaria.jpg","articleSection":["Servicios Sociales"],"inLanguage":"es","potentialAction":[{"@type":"CommentAction","name":"Comment","target":["https:\/\/politicasocial.vinaros.es\/es\/comienzan-los-talleres-de-prevencion-de-la-adiccion-a-las-nuevas-tecnologias-en-primaria\/#respond"]}]},{"@type":"WebPage","@id":"https:\/\/politicasocial.vinaros.es\/es\/comienzan-los-talleres-de-prevencion-de-la-adiccion-a-las-nuevas-tecnologias-en-primaria\/","url":"https:\/\/politicasocial.vinaros.es\/es\/comienzan-los-talleres-de-prevencion-de-la-adiccion-a-las-nuevas-tecnologias-en-primaria\/","name":"Comienzan los talleres de prevenci\u00f3n de la adicci\u00f3n a las nuevas tecnolog\u00edas en primaria - Pol\u00edtica Social - Ajuntament de Vinar\u00f2s","isPartOf":{"@id":"https:\/\/politicasocial.vinaros.es\/es\/#website"},"primaryImageOfPage":{"@id":"https:\/\/politicasocial.vinaros.es\/es\/comienzan-los-talleres-de-prevencion-de-la-adiccion-a-las-nuevas-tecnologias-en-primaria\/#primaryimage"},"image":{"@id":"https:\/\/politicasocial.vinaros.es\/es\/comienzan-los-talleres-de-prevencion-de-la-adiccion-a-las-nuevas-tecnologias-en-primaria\/#primaryimage"},"thumbnailUrl":"https:\/\/politicasocial.vinaros.es\/wp-content\/uploads\/2022\/11\/serveis-socials-vinaros-comencen-els-tallers-de-prevencio-de-ladiccio-a-les-noves-tecnologies-en-primaria.jpg","datePublished":"2022-04-11T09:00:00+00:00","dateModified":"2023-01-03T12:28:15+00:00","author":{"@id":"https:\/\/politicasocial.vinaros.es\/es\/#\/schema\/person\/25b8c0c60cdeca0d29acc31758a695da"},"breadcrumb":{"@id":"https:\/\/politicasocial.vinaros.es\/es\/comienzan-los-talleres-de-prevencion-de-la-adiccion-a-las-nuevas-tecnologias-en-primaria\/#breadcrumb"},"inLanguage":"es","potentialAction":[{"@type":"ReadAction","target":["https:\/\/politicasocial.vinaros.es\/es\/comienzan-los-talleres-de-prevencion-de-la-adiccion-a-las-nuevas-tecnologias-en-primaria\/"]}]},{"@type":"ImageObject","inLanguage":"es","@id":"https:\/\/politicasocial.vinaros.es\/es\/comienzan-los-talleres-de-prevencion-de-la-adiccion-a-las-nuevas-tecnologias-en-primaria\/#primaryimage","url":"https:\/\/politicasocial.vinaros.es\/wp-content\/uploads\/2022\/11\/serveis-socials-vinaros-comencen-els-tallers-de-prevencio-de-ladiccio-a-les-noves-tecnologies-en-primaria.jpg","contentUrl":"https:\/\/politicasocial.vinaros.es\/wp-content\/uploads\/2022\/11\/serveis-socials-vinaros-comencen-els-tallers-de-prevencio-de-ladiccio-a-les-noves-tecnologies-en-primaria.jpg","width":480,"height":269},{"@type":"BreadcrumbList","@id":"https:\/\/politicasocial.vinaros.es\/es\/comienzan-los-talleres-de-prevencion-de-la-adiccion-a-las-nuevas-tecnologias-en-primaria\/#breadcrumb","itemListElement":[{"@type":"ListItem","position":1,"name":"Inicio","item":"https:\/\/politicasocial.vinaros.es\/es\/"},{"@type":"ListItem","position":2,"name":"Servicios Sociales","item":"https:\/\/politicasocial.vinaros.es\/es\/categoria\/servicios-sociales\/"},{"@type":"ListItem","position":3,"name":"Comienzan los talleres de prevenci\u00f3n de la adicci\u00f3n a las nuevas tecnolog\u00edas en primaria"}]},{"@type":"WebSite","@id":"https:\/\/politicasocial.vinaros.es\/es\/#website","url":"https:\/\/politicasocial.vinaros.es\/es\/","name":"Pol\u00edtica Social - Ajuntament de Vinar\u00f2s","description":"Regidoria de Pol\u00edtica Social","potentialAction":[{"@type":"SearchAction","target":{"@type":"EntryPoint","urlTemplate":"https:\/\/politicasocial.vinaros.es\/es\/?s={search_term_string}"},"query-input":{"@type":"PropertyValueSpecification","valueRequired":true,"valueName":"search_term_string"}}],"inLanguage":"es"},{"@type":"Person","@id":"https:\/\/politicasocial.vinaros.es\/es\/#\/schema\/person\/25b8c0c60cdeca0d29acc31758a695da","name":"Ra\u00fal Torner Martinell","image":{"@type":"ImageObject","inLanguage":"es","@id":"https:\/\/politicasocial.vinaros.es\/es\/#\/schema\/person\/image\/","url":"https:\/\/secure.gravatar.com\/avatar\/3716f530378a992b4951fb4809843919506e982d2df14dcde67785574c23e79b?s=96&d=mm&r=g","contentUrl":"https:\/\/secure.gravatar.com\/avatar\/3716f530378a992b4951fb4809843919506e982d2df14dcde67785574c23e79b?s=96&d=mm&r=g","caption":"Ra\u00fal Torner Martinell"},"url":"https:\/\/politicasocial.vinaros.es\/es"}]}},"_links":{"self":[{"href":"https:\/\/politicasocial.vinaros.es\/es\/wp-json\/wp\/v2\/posts\/1246","targetHints":{"allow":["GET"]}}],"collection":[{"href":"https:\/\/politicasocial.vinaros.es\/es\/wp-json\/wp\/v2\/posts"}],"about":[{"href":"https:\/\/politicasocial.vinaros.es\/es\/wp-json\/wp\/v2\/types\/post"}],"author":[{"embeddable":true,"href":"https:\/\/politicasocial.vinaros.es\/es\/wp-json\/wp\/v2\/users\/1"}],"replies":[{"embeddable":true,"href":"https:\/\/politicasocial.vinaros.es\/es\/wp-json\/wp\/v2\/comments?post=1246"}],"version-history":[{"count":1,"href":"https:\/\/politicasocial.vinaros.es\/es\/wp-json\/wp\/v2\/posts\/1246\/revisions"}],"predecessor-version":[{"id":1247,"href":"https:\/\/politicasocial.vinaros.es\/es\/wp-json\/wp\/v2\/posts\/1246\/revisions\/1247"}],"wp:featuredmedia":[{"embeddable":true,"href":"https:\/\/politicasocial.vinaros.es\/es\/wp-json\/wp\/v2\/media\/451"}],"wp:attachment":[{"href":"https:\/\/politicasocial.vinaros.es\/es\/wp-json\/wp\/v2\/media?parent=1246"}],"wp:term":[{"taxonomy":"category","embeddable":true,"href":"https:\/\/politicasocial.vinaros.es\/es\/wp-json\/wp\/v2\/categories?post=1246"},{"taxonomy":"post_tag","embeddable":true,"href":"https:\/\/politicasocial.vinaros.es\/es\/wp-json\/wp\/v2\/tags?post=1246"}],"curies":[{"name":"wp","href":"https:\/\/api.w.org\/{rel}","templated":true}]}}