{"id":1254,"date":"2022-03-11T12:00:00","date_gmt":"2022-03-11T11:00:00","guid":{"rendered":"https:\/\/politicasocial.vinaros.es\/el-gobierno-pone-en-marcha-un-sistema-agil-y-sencillo-para-que-los-desplazados-de-ucrania-puedan-acceder-a-la-proteccion-temporal\/"},"modified":"2023-01-03T13:43:15","modified_gmt":"2023-01-03T12:43:15","slug":"el-gobierno-pone-en-marcha-un-sistema-agil-y-sencillo-para-que-los-desplazados-de-ucrania-puedan-acceder-a-la-proteccion-temporal","status":"publish","type":"post","link":"https:\/\/politicasocial.vinaros.es\/es\/el-gobierno-pone-en-marcha-un-sistema-agil-y-sencillo-para-que-los-desplazados-de-ucrania-puedan-acceder-a-la-proteccion-temporal\/","title":{"rendered":"El Gobierno pone en marcha un sistema \u00e1gil y sencillo para que los desplazados de Ucrania puedan acceder a la protecci\u00f3n temporal"},"content":{"rendered":"\n<p>El Gobierno ha puesto en marcha el mecanismo a trav\u00e9s del cual, a partir de este jueves, los desplazados de Ucrania en nuestro pa\u00eds pueden solicitar y acceder de forma sencilla a la protecci\u00f3n temporal as\u00ed como a todos los derechos asociados a esta figura, como el permiso de residencia y de trabajo.<\/p>\n\n<p>El ministro del Interior, Fernando Grande-Marlaska, y el ministro de Inclusi\u00f3n, Seguridad Social y Migraciones, Jos\u00e9 Luis Escriv\u00e1, han firmado este mi\u00e9rcoles la orden por la que se desarrolla este procedimiento para el reconocimiento de la protecci\u00f3n temporal. El texto establece que la protecci\u00f3n temporal se podr\u00e1 solicitar desde comisar\u00edas espec\u00edficas de la Polic\u00eda Nacional en todo el territorio as\u00ed como en los centros de recepci\u00f3n habilitados. <\/p>\n\n<p>Los solicitantes podr\u00e1n acudir a estos puntos habilitados donde funcionarios de la Polic\u00eda Nacional tomar\u00e1n sus datos identificativos y otros elementos, un tr\u00e1mite en el que se contar\u00e1 con int\u00e9rpretes de idiomas, y en el que se les expedir\u00e1 un resguardo acreditativo de su solicitud de protecci\u00f3n, en el que constar\u00e1 adem\u00e1s un NIE asignado.<\/p>\n\n<p>La solicitud ser\u00e1 tramitada por la Oficina de Asilo y Refugio del Ministerio del Interior y resuelta en el plazo m\u00e1ximo de 24 horas. La resoluci\u00f3n incluir\u00e1 la autorizaci\u00f3n de residencia y, en el caso de los solicitantes mayores de edad, de trabajo. <\/p>\n\n<p>La orden establece que la resoluci\u00f3n ser\u00e1 notificada al solicitante de forma electr\u00f3nica siempre que fuera posible, de forma postal o por comparecencia personal ante comisar\u00edas u oficinas de extranjeros.<\/p>\n\n<p><strong>ACUERDO DE LA UE<\/strong><br\/>El Gobierno de Espa\u00f1a da as\u00ed cumplimiento al acuerdo alcanzado el pasado 4 de marzo por el Consejo de Ministros del Interior de la Uni\u00f3n Europea, con el que, por primera vez en la historia, se acord\u00f3 la aplicaci\u00f3n de la Directiva de Protecci\u00f3n Temporal.<br\/>Este martes el Consejo de Ministros acord\u00f3 ampliar el \u00e1mbito de aplicaci\u00f3n de esta Directiva, por lo que podr\u00e1n acceder a la protecci\u00f3n temporal a trav\u00e9s del mecanismo habilitado por el Ministerio del Interior no solo los nacionales de Ucrania, sino tambi\u00e9n los residentes legales en ese pa\u00eds as\u00ed como los ucranios que se encontraban en Espa\u00f1a en situaci\u00f3n irregular con anterioridad a la invasi\u00f3n rusa.<br\/>La protecci\u00f3n temporal podr\u00e1 ser denegada, entre otros motivos, en caso de que se compruebe que el solicitante, a trav\u00e9s del cotejo de los datos con los registros de antecedentes penales y con las bases de datos de cooperaci\u00f3n policial internacional, pueda suponer un riesgo para la seguridad nacional.<\/p>\n\n<p><br\/><strong>PROCEDIMIENTO IN\u00c9DITO<\/strong><br\/>Desde el pasado 25 de febrero, un d\u00eda despu\u00e9s del inicio de la invasi\u00f3n rusa, y muy especialmente tras la decisi\u00f3n adoptada la semana pasada para aplicar la Directiva de Protecci\u00f3n Temporal, desde el Ministerio del Interior se ha venido trabajando, en coordinaci\u00f3n con el resto de ministerios implicados, en el armaz\u00f3n jur\u00eddico, procedimental y t\u00e9cnico necesario para implementar esta normativa.<br\/>Los departamentos involucrados (la Secretar\u00eda de Estado de Seguridad, la Subsecretar\u00eda de Interior y unidades dependientes como la Oficina de Asilo y Refugio, la Comisar\u00eda General de Extranjer\u00eda y Fronteras o la Subdirecci\u00f3n General de Sistemas de Informaci\u00f3n y Comunicaciones para la Seguridad) han llevado a cabo los trabajos necesarios de an\u00e1lisis y dise\u00f1o del procedimiento para solicitar protecci\u00f3n temporal, de elaboraci\u00f3n de los diferentes documentos de resoluci\u00f3n y de desarrollo de los gestores inform\u00e1ticos.<br\/>Estos trabajos han desembocado en la orden dictada y en la celebraci\u00f3n en la tarde de este mi\u00e9rcoles de una Comisi\u00f3n Interministerial de Asilo y Refugio (CIAR) extraordinaria \u2013en la que, adem\u00e1s de Interior, han participado representantes de ACNUR y de los Ministerios de Justicia; Inclusi\u00f3n, Seguridad Social y Migraciones; Asuntos Exteriores, Uni\u00f3n Europea y Cooperaci\u00f3n; e Igualdad- que ha estudiado y formalizado un acuerdo que permite agilizar la tramitaci\u00f3n de las solicitudes de los desplazados ucranianos.<\/p>\n\n<p>Tambi\u00e9n se han preparado los folletos informativos en diferentes idiomas en los que se recoger\u00e1n los derechos de las personas solicitantes y se explicar\u00e1 el procedimiento para el reconocimiento de la protecci\u00f3n temporal y que estar\u00e1n a disposici\u00f3n de los refugiados, entre otros, en los puntos habilitados para tramitar las solicitudes.<\/p>\n","protected":false},"excerpt":{"rendered":"<p>El Gobierno ha puesto en marcha el mecanismo a trav\u00e9s del cual, a partir de este jueves, los desplazados de Ucrania en nuestro pa\u00eds pueden solicitar y acceder de forma sencilla a la protecci\u00f3n temporal as\u00ed como a todos los derechos asociados a esta figura, como el permiso de residencia y de trabajo. El ministro [&hellip;]<\/p>\n","protected":false},"author":1,"featured_media":660,"comment_status":"open","ping_status":"open","sticky":false,"template":"","format":"standard","meta":{"_acf_changed":false,"inline_featured_image":false,"footnotes":""},"categories":[11],"tags":[],"class_list":["post-1254","post","type-post","status-publish","format-standard","has-post-thumbnail","hentry","category-servicios-sociales"],"acf":[],"yoast_head":"<!-- This site is optimized with the Yoast SEO plugin v27.0 - https:\/\/yoast.com\/product\/yoast-seo-wordpress\/ -->\n<title>El Gobierno pone en marcha un sistema \u00e1gil y sencillo para que los desplazados de Ucrania puedan acceder a la protecci\u00f3n temporal - Pol\u00edtica Social - Ajuntament de Vinar\u00f2s<\/title>\n<meta name=\"robots\" content=\"index, follow, max-snippet:-1, max-image-preview:large, max-video-preview:-1\" \/>\n<link rel=\"canonical\" href=\"https:\/\/politicasocial.vinaros.es\/es\/el-gobierno-pone-en-marcha-un-sistema-agil-y-sencillo-para-que-los-desplazados-de-ucrania-puedan-acceder-a-la-proteccion-temporal\/\" \/>\n<meta property=\"og:locale\" content=\"es_ES\" \/>\n<meta property=\"og:type\" content=\"article\" \/>\n<meta property=\"og:title\" content=\"El Gobierno pone en marcha un sistema \u00e1gil y sencillo para que los desplazados de Ucrania puedan acceder a la protecci\u00f3n temporal - Pol\u00edtica Social - Ajuntament de Vinar\u00f2s\" \/>\n<meta property=\"og:description\" content=\"El Gobierno ha puesto en marcha el mecanismo a trav\u00e9s del cual, a partir de este jueves, los desplazados de Ucrania en nuestro pa\u00eds pueden solicitar y acceder de forma sencilla a la protecci\u00f3n temporal as\u00ed como a todos los derechos asociados a esta figura, como el permiso de residencia y de trabajo. El ministro [&hellip;]\" \/>\n<meta property=\"og:url\" content=\"https:\/\/politicasocial.vinaros.es\/es\/el-gobierno-pone-en-marcha-un-sistema-agil-y-sencillo-para-que-los-desplazados-de-ucrania-puedan-acceder-a-la-proteccion-temporal\/\" \/>\n<meta property=\"og:site_name\" content=\"Pol\u00edtica Social - Ajuntament de Vinar\u00f2s\" \/>\n<meta property=\"article:published_time\" content=\"2022-03-11T11:00:00+00:00\" \/>\n<meta property=\"article:modified_time\" content=\"2023-01-03T12:43:15+00:00\" \/>\n<meta property=\"og:image\" content=\"https:\/\/politicasocial.vinaros.es\/wp-content\/uploads\/2023\/01\/serveis-socials-vinaros-el-govern-posa-en-marxa-un-sistema-agil-i-senzill-perque-els-desplacats-ducraina-puguen-accedir-a-la-proteccio-temporal.png\" \/>\n\t<meta property=\"og:image:width\" content=\"398\" \/>\n\t<meta property=\"og:image:height\" content=\"126\" \/>\n\t<meta property=\"og:image:type\" content=\"image\/png\" \/>\n<meta name=\"author\" content=\"Ra\u00fal Torner Martinell\" \/>\n<meta name=\"twitter:card\" content=\"summary_large_image\" \/>\n<meta name=\"twitter:label1\" content=\"Escrito por\" \/>\n\t<meta name=\"twitter:data1\" content=\"Ra\u00fal Torner Martinell\" \/>\n\t<meta name=\"twitter:label2\" content=\"Tiempo de lectura\" \/>\n\t<meta name=\"twitter:data2\" content=\"4 minutos\" \/>\n<script type=\"application\/ld+json\" class=\"yoast-schema-graph\">{\"@context\":\"https:\/\/schema.org\",\"@graph\":[{\"@type\":\"Article\",\"@id\":\"https:\/\/politicasocial.vinaros.es\/es\/el-gobierno-pone-en-marcha-un-sistema-agil-y-sencillo-para-que-los-desplazados-de-ucrania-puedan-acceder-a-la-proteccion-temporal\/#article\",\"isPartOf\":{\"@id\":\"https:\/\/politicasocial.vinaros.es\/es\/el-gobierno-pone-en-marcha-un-sistema-agil-y-sencillo-para-que-los-desplazados-de-ucrania-puedan-acceder-a-la-proteccion-temporal\/\"},\"author\":{\"name\":\"Ra\u00fal Torner Martinell\",\"@id\":\"https:\/\/politicasocial.vinaros.es\/es\/#\/schema\/person\/25b8c0c60cdeca0d29acc31758a695da\"},\"headline\":\"El Gobierno pone en marcha un sistema \u00e1gil y sencillo para que los desplazados de Ucrania puedan acceder a la protecci\u00f3n temporal\",\"datePublished\":\"2022-03-11T11:00:00+00:00\",\"dateModified\":\"2023-01-03T12:43:15+00:00\",\"mainEntityOfPage\":{\"@id\":\"https:\/\/politicasocial.vinaros.es\/es\/el-gobierno-pone-en-marcha-un-sistema-agil-y-sencillo-para-que-los-desplazados-de-ucrania-puedan-acceder-a-la-proteccion-temporal\/\"},\"wordCount\":773,\"commentCount\":0,\"image\":{\"@id\":\"https:\/\/politicasocial.vinaros.es\/es\/el-gobierno-pone-en-marcha-un-sistema-agil-y-sencillo-para-que-los-desplazados-de-ucrania-puedan-acceder-a-la-proteccion-temporal\/#primaryimage\"},\"thumbnailUrl\":\"https:\/\/politicasocial.vinaros.es\/wp-content\/uploads\/2023\/01\/serveis-socials-vinaros-el-govern-posa-en-marxa-un-sistema-agil-i-senzill-perque-els-desplacats-ducraina-puguen-accedir-a-la-proteccio-temporal.png\",\"articleSection\":[\"Servicios Sociales\"],\"inLanguage\":\"es\",\"potentialAction\":[{\"@type\":\"CommentAction\",\"name\":\"Comment\",\"target\":[\"https:\/\/politicasocial.vinaros.es\/es\/el-gobierno-pone-en-marcha-un-sistema-agil-y-sencillo-para-que-los-desplazados-de-ucrania-puedan-acceder-a-la-proteccion-temporal\/#respond\"]}]},{\"@type\":\"WebPage\",\"@id\":\"https:\/\/politicasocial.vinaros.es\/es\/el-gobierno-pone-en-marcha-un-sistema-agil-y-sencillo-para-que-los-desplazados-de-ucrania-puedan-acceder-a-la-proteccion-temporal\/\",\"url\":\"https:\/\/politicasocial.vinaros.es\/es\/el-gobierno-pone-en-marcha-un-sistema-agil-y-sencillo-para-que-los-desplazados-de-ucrania-puedan-acceder-a-la-proteccion-temporal\/\",\"name\":\"El Gobierno pone en marcha un sistema \u00e1gil y sencillo para que los desplazados de Ucrania puedan acceder a la protecci\u00f3n temporal - Pol\u00edtica Social - Ajuntament de Vinar\u00f2s\",\"isPartOf\":{\"@id\":\"https:\/\/politicasocial.vinaros.es\/es\/#website\"},\"primaryImageOfPage\":{\"@id\":\"https:\/\/politicasocial.vinaros.es\/es\/el-gobierno-pone-en-marcha-un-sistema-agil-y-sencillo-para-que-los-desplazados-de-ucrania-puedan-acceder-a-la-proteccion-temporal\/#primaryimage\"},\"image\":{\"@id\":\"https:\/\/politicasocial.vinaros.es\/es\/el-gobierno-pone-en-marcha-un-sistema-agil-y-sencillo-para-que-los-desplazados-de-ucrania-puedan-acceder-a-la-proteccion-temporal\/#primaryimage\"},\"thumbnailUrl\":\"https:\/\/politicasocial.vinaros.es\/wp-content\/uploads\/2023\/01\/serveis-socials-vinaros-el-govern-posa-en-marxa-un-sistema-agil-i-senzill-perque-els-desplacats-ducraina-puguen-accedir-a-la-proteccio-temporal.png\",\"datePublished\":\"2022-03-11T11:00:00+00:00\",\"dateModified\":\"2023-01-03T12:43:15+00:00\",\"author\":{\"@id\":\"https:\/\/politicasocial.vinaros.es\/es\/#\/schema\/person\/25b8c0c60cdeca0d29acc31758a695da\"},\"breadcrumb\":{\"@id\":\"https:\/\/politicasocial.vinaros.es\/es\/el-gobierno-pone-en-marcha-un-sistema-agil-y-sencillo-para-que-los-desplazados-de-ucrania-puedan-acceder-a-la-proteccion-temporal\/#breadcrumb\"},\"inLanguage\":\"es\",\"potentialAction\":[{\"@type\":\"ReadAction\",\"target\":[\"https:\/\/politicasocial.vinaros.es\/es\/el-gobierno-pone-en-marcha-un-sistema-agil-y-sencillo-para-que-los-desplazados-de-ucrania-puedan-acceder-a-la-proteccion-temporal\/\"]}]},{\"@type\":\"ImageObject\",\"inLanguage\":\"es\",\"@id\":\"https:\/\/politicasocial.vinaros.es\/es\/el-gobierno-pone-en-marcha-un-sistema-agil-y-sencillo-para-que-los-desplazados-de-ucrania-puedan-acceder-a-la-proteccion-temporal\/#primaryimage\",\"url\":\"https:\/\/politicasocial.vinaros.es\/wp-content\/uploads\/2023\/01\/serveis-socials-vinaros-el-govern-posa-en-marxa-un-sistema-agil-i-senzill-perque-els-desplacats-ducraina-puguen-accedir-a-la-proteccio-temporal.png\",\"contentUrl\":\"https:\/\/politicasocial.vinaros.es\/wp-content\/uploads\/2023\/01\/serveis-socials-vinaros-el-govern-posa-en-marxa-un-sistema-agil-i-senzill-perque-els-desplacats-ducraina-puguen-accedir-a-la-proteccio-temporal.png\",\"width\":398,\"height\":126},{\"@type\":\"BreadcrumbList\",\"@id\":\"https:\/\/politicasocial.vinaros.es\/es\/el-gobierno-pone-en-marcha-un-sistema-agil-y-sencillo-para-que-los-desplazados-de-ucrania-puedan-acceder-a-la-proteccion-temporal\/#breadcrumb\",\"itemListElement\":[{\"@type\":\"ListItem\",\"position\":1,\"name\":\"Inicio\",\"item\":\"https:\/\/politicasocial.vinaros.es\/es\/\"},{\"@type\":\"ListItem\",\"position\":2,\"name\":\"Servicios Sociales\",\"item\":\"https:\/\/politicasocial.vinaros.es\/es\/categoria\/servicios-sociales\/\"},{\"@type\":\"ListItem\",\"position\":3,\"name\":\"El Gobierno pone en marcha un sistema \u00e1gil y sencillo para que los desplazados de Ucrania puedan acceder a la protecci\u00f3n temporal\"}]},{\"@type\":\"WebSite\",\"@id\":\"https:\/\/politicasocial.vinaros.es\/es\/#website\",\"url\":\"https:\/\/politicasocial.vinaros.es\/es\/\",\"name\":\"Pol\u00edtica Social - Ajuntament de Vinar\u00f2s\",\"description\":\"Regidoria de Pol\u00edtica Social\",\"potentialAction\":[{\"@type\":\"SearchAction\",\"target\":{\"@type\":\"EntryPoint\",\"urlTemplate\":\"https:\/\/politicasocial.vinaros.es\/es\/?s={search_term_string}\"},\"query-input\":{\"@type\":\"PropertyValueSpecification\",\"valueRequired\":true,\"valueName\":\"search_term_string\"}}],\"inLanguage\":\"es\"},{\"@type\":\"Person\",\"@id\":\"https:\/\/politicasocial.vinaros.es\/es\/#\/schema\/person\/25b8c0c60cdeca0d29acc31758a695da\",\"name\":\"Ra\u00fal Torner Martinell\",\"image\":{\"@type\":\"ImageObject\",\"inLanguage\":\"es\",\"@id\":\"https:\/\/politicasocial.vinaros.es\/es\/#\/schema\/person\/image\/\",\"url\":\"https:\/\/secure.gravatar.com\/avatar\/3716f530378a992b4951fb4809843919506e982d2df14dcde67785574c23e79b?s=96&d=mm&r=g\",\"contentUrl\":\"https:\/\/secure.gravatar.com\/avatar\/3716f530378a992b4951fb4809843919506e982d2df14dcde67785574c23e79b?s=96&d=mm&r=g\",\"caption\":\"Ra\u00fal Torner Martinell\"},\"url\":\"https:\/\/politicasocial.vinaros.es\/es\"}]}<\/script>\n<!-- \/ Yoast SEO plugin. -->","yoast_head_json":{"title":"El Gobierno pone en marcha un sistema \u00e1gil y sencillo para que los desplazados de Ucrania puedan acceder a la protecci\u00f3n temporal - Pol\u00edtica Social - Ajuntament de Vinar\u00f2s","robots":{"index":"index","follow":"follow","max-snippet":"max-snippet:-1","max-image-preview":"max-image-preview:large","max-video-preview":"max-video-preview:-1"},"canonical":"https:\/\/politicasocial.vinaros.es\/es\/el-gobierno-pone-en-marcha-un-sistema-agil-y-sencillo-para-que-los-desplazados-de-ucrania-puedan-acceder-a-la-proteccion-temporal\/","og_locale":"es_ES","og_type":"article","og_title":"El Gobierno pone en marcha un sistema \u00e1gil y sencillo para que los desplazados de Ucrania puedan acceder a la protecci\u00f3n temporal - Pol\u00edtica Social - Ajuntament de Vinar\u00f2s","og_description":"El Gobierno ha puesto en marcha el mecanismo a trav\u00e9s del cual, a partir de este jueves, los desplazados de Ucrania en nuestro pa\u00eds pueden solicitar y acceder de forma sencilla a la protecci\u00f3n temporal as\u00ed como a todos los derechos asociados a esta figura, como el permiso de residencia y de trabajo. El ministro [&hellip;]","og_url":"https:\/\/politicasocial.vinaros.es\/es\/el-gobierno-pone-en-marcha-un-sistema-agil-y-sencillo-para-que-los-desplazados-de-ucrania-puedan-acceder-a-la-proteccion-temporal\/","og_site_name":"Pol\u00edtica Social - Ajuntament de Vinar\u00f2s","article_published_time":"2022-03-11T11:00:00+00:00","article_modified_time":"2023-01-03T12:43:15+00:00","og_image":[{"width":398,"height":126,"url":"https:\/\/politicasocial.vinaros.es\/wp-content\/uploads\/2023\/01\/serveis-socials-vinaros-el-govern-posa-en-marxa-un-sistema-agil-i-senzill-perque-els-desplacats-ducraina-puguen-accedir-a-la-proteccio-temporal.png","type":"image\/png"}],"author":"Ra\u00fal Torner Martinell","twitter_card":"summary_large_image","twitter_misc":{"Escrito por":"Ra\u00fal Torner Martinell","Tiempo de lectura":"4 minutos"},"schema":{"@context":"https:\/\/schema.org","@graph":[{"@type":"Article","@id":"https:\/\/politicasocial.vinaros.es\/es\/el-gobierno-pone-en-marcha-un-sistema-agil-y-sencillo-para-que-los-desplazados-de-ucrania-puedan-acceder-a-la-proteccion-temporal\/#article","isPartOf":{"@id":"https:\/\/politicasocial.vinaros.es\/es\/el-gobierno-pone-en-marcha-un-sistema-agil-y-sencillo-para-que-los-desplazados-de-ucrania-puedan-acceder-a-la-proteccion-temporal\/"},"author":{"name":"Ra\u00fal Torner Martinell","@id":"https:\/\/politicasocial.vinaros.es\/es\/#\/schema\/person\/25b8c0c60cdeca0d29acc31758a695da"},"headline":"El Gobierno pone en marcha un sistema \u00e1gil y sencillo para que los desplazados de Ucrania puedan acceder a la protecci\u00f3n temporal","datePublished":"2022-03-11T11:00:00+00:00","dateModified":"2023-01-03T12:43:15+00:00","mainEntityOfPage":{"@id":"https:\/\/politicasocial.vinaros.es\/es\/el-gobierno-pone-en-marcha-un-sistema-agil-y-sencillo-para-que-los-desplazados-de-ucrania-puedan-acceder-a-la-proteccion-temporal\/"},"wordCount":773,"commentCount":0,"image":{"@id":"https:\/\/politicasocial.vinaros.es\/es\/el-gobierno-pone-en-marcha-un-sistema-agil-y-sencillo-para-que-los-desplazados-de-ucrania-puedan-acceder-a-la-proteccion-temporal\/#primaryimage"},"thumbnailUrl":"https:\/\/politicasocial.vinaros.es\/wp-content\/uploads\/2023\/01\/serveis-socials-vinaros-el-govern-posa-en-marxa-un-sistema-agil-i-senzill-perque-els-desplacats-ducraina-puguen-accedir-a-la-proteccio-temporal.png","articleSection":["Servicios Sociales"],"inLanguage":"es","potentialAction":[{"@type":"CommentAction","name":"Comment","target":["https:\/\/politicasocial.vinaros.es\/es\/el-gobierno-pone-en-marcha-un-sistema-agil-y-sencillo-para-que-los-desplazados-de-ucrania-puedan-acceder-a-la-proteccion-temporal\/#respond"]}]},{"@type":"WebPage","@id":"https:\/\/politicasocial.vinaros.es\/es\/el-gobierno-pone-en-marcha-un-sistema-agil-y-sencillo-para-que-los-desplazados-de-ucrania-puedan-acceder-a-la-proteccion-temporal\/","url":"https:\/\/politicasocial.vinaros.es\/es\/el-gobierno-pone-en-marcha-un-sistema-agil-y-sencillo-para-que-los-desplazados-de-ucrania-puedan-acceder-a-la-proteccion-temporal\/","name":"El Gobierno pone en marcha un sistema \u00e1gil y sencillo para que los desplazados de Ucrania puedan acceder a la protecci\u00f3n temporal - Pol\u00edtica Social - Ajuntament de Vinar\u00f2s","isPartOf":{"@id":"https:\/\/politicasocial.vinaros.es\/es\/#website"},"primaryImageOfPage":{"@id":"https:\/\/politicasocial.vinaros.es\/es\/el-gobierno-pone-en-marcha-un-sistema-agil-y-sencillo-para-que-los-desplazados-de-ucrania-puedan-acceder-a-la-proteccion-temporal\/#primaryimage"},"image":{"@id":"https:\/\/politicasocial.vinaros.es\/es\/el-gobierno-pone-en-marcha-un-sistema-agil-y-sencillo-para-que-los-desplazados-de-ucrania-puedan-acceder-a-la-proteccion-temporal\/#primaryimage"},"thumbnailUrl":"https:\/\/politicasocial.vinaros.es\/wp-content\/uploads\/2023\/01\/serveis-socials-vinaros-el-govern-posa-en-marxa-un-sistema-agil-i-senzill-perque-els-desplacats-ducraina-puguen-accedir-a-la-proteccio-temporal.png","datePublished":"2022-03-11T11:00:00+00:00","dateModified":"2023-01-03T12:43:15+00:00","author":{"@id":"https:\/\/politicasocial.vinaros.es\/es\/#\/schema\/person\/25b8c0c60cdeca0d29acc31758a695da"},"breadcrumb":{"@id":"https:\/\/politicasocial.vinaros.es\/es\/el-gobierno-pone-en-marcha-un-sistema-agil-y-sencillo-para-que-los-desplazados-de-ucrania-puedan-acceder-a-la-proteccion-temporal\/#breadcrumb"},"inLanguage":"es","potentialAction":[{"@type":"ReadAction","target":["https:\/\/politicasocial.vinaros.es\/es\/el-gobierno-pone-en-marcha-un-sistema-agil-y-sencillo-para-que-los-desplazados-de-ucrania-puedan-acceder-a-la-proteccion-temporal\/"]}]},{"@type":"ImageObject","inLanguage":"es","@id":"https:\/\/politicasocial.vinaros.es\/es\/el-gobierno-pone-en-marcha-un-sistema-agil-y-sencillo-para-que-los-desplazados-de-ucrania-puedan-acceder-a-la-proteccion-temporal\/#primaryimage","url":"https:\/\/politicasocial.vinaros.es\/wp-content\/uploads\/2023\/01\/serveis-socials-vinaros-el-govern-posa-en-marxa-un-sistema-agil-i-senzill-perque-els-desplacats-ducraina-puguen-accedir-a-la-proteccio-temporal.png","contentUrl":"https:\/\/politicasocial.vinaros.es\/wp-content\/uploads\/2023\/01\/serveis-socials-vinaros-el-govern-posa-en-marxa-un-sistema-agil-i-senzill-perque-els-desplacats-ducraina-puguen-accedir-a-la-proteccio-temporal.png","width":398,"height":126},{"@type":"BreadcrumbList","@id":"https:\/\/politicasocial.vinaros.es\/es\/el-gobierno-pone-en-marcha-un-sistema-agil-y-sencillo-para-que-los-desplazados-de-ucrania-puedan-acceder-a-la-proteccion-temporal\/#breadcrumb","itemListElement":[{"@type":"ListItem","position":1,"name":"Inicio","item":"https:\/\/politicasocial.vinaros.es\/es\/"},{"@type":"ListItem","position":2,"name":"Servicios Sociales","item":"https:\/\/politicasocial.vinaros.es\/es\/categoria\/servicios-sociales\/"},{"@type":"ListItem","position":3,"name":"El Gobierno pone en marcha un sistema \u00e1gil y sencillo para que los desplazados de Ucrania puedan acceder a la protecci\u00f3n temporal"}]},{"@type":"WebSite","@id":"https:\/\/politicasocial.vinaros.es\/es\/#website","url":"https:\/\/politicasocial.vinaros.es\/es\/","name":"Pol\u00edtica Social - Ajuntament de Vinar\u00f2s","description":"Regidoria de Pol\u00edtica Social","potentialAction":[{"@type":"SearchAction","target":{"@type":"EntryPoint","urlTemplate":"https:\/\/politicasocial.vinaros.es\/es\/?s={search_term_string}"},"query-input":{"@type":"PropertyValueSpecification","valueRequired":true,"valueName":"search_term_string"}}],"inLanguage":"es"},{"@type":"Person","@id":"https:\/\/politicasocial.vinaros.es\/es\/#\/schema\/person\/25b8c0c60cdeca0d29acc31758a695da","name":"Ra\u00fal Torner Martinell","image":{"@type":"ImageObject","inLanguage":"es","@id":"https:\/\/politicasocial.vinaros.es\/es\/#\/schema\/person\/image\/","url":"https:\/\/secure.gravatar.com\/avatar\/3716f530378a992b4951fb4809843919506e982d2df14dcde67785574c23e79b?s=96&d=mm&r=g","contentUrl":"https:\/\/secure.gravatar.com\/avatar\/3716f530378a992b4951fb4809843919506e982d2df14dcde67785574c23e79b?s=96&d=mm&r=g","caption":"Ra\u00fal Torner Martinell"},"url":"https:\/\/politicasocial.vinaros.es\/es"}]}},"_links":{"self":[{"href":"https:\/\/politicasocial.vinaros.es\/es\/wp-json\/wp\/v2\/posts\/1254","targetHints":{"allow":["GET"]}}],"collection":[{"href":"https:\/\/politicasocial.vinaros.es\/es\/wp-json\/wp\/v2\/posts"}],"about":[{"href":"https:\/\/politicasocial.vinaros.es\/es\/wp-json\/wp\/v2\/types\/post"}],"author":[{"embeddable":true,"href":"https:\/\/politicasocial.vinaros.es\/es\/wp-json\/wp\/v2\/users\/1"}],"replies":[{"embeddable":true,"href":"https:\/\/politicasocial.vinaros.es\/es\/wp-json\/wp\/v2\/comments?post=1254"}],"version-history":[{"count":1,"href":"https:\/\/politicasocial.vinaros.es\/es\/wp-json\/wp\/v2\/posts\/1254\/revisions"}],"predecessor-version":[{"id":1255,"href":"https:\/\/politicasocial.vinaros.es\/es\/wp-json\/wp\/v2\/posts\/1254\/revisions\/1255"}],"wp:featuredmedia":[{"embeddable":true,"href":"https:\/\/politicasocial.vinaros.es\/es\/wp-json\/wp\/v2\/media\/660"}],"wp:attachment":[{"href":"https:\/\/politicasocial.vinaros.es\/es\/wp-json\/wp\/v2\/media?parent=1254"}],"wp:term":[{"taxonomy":"category","embeddable":true,"href":"https:\/\/politicasocial.vinaros.es\/es\/wp-json\/wp\/v2\/categories?post=1254"},{"taxonomy":"post_tag","embeddable":true,"href":"https:\/\/politicasocial.vinaros.es\/es\/wp-json\/wp\/v2\/tags?post=1254"}],"curies":[{"name":"wp","href":"https:\/\/api.w.org\/{rel}","templated":true}]}}