{"id":1267,"date":"2021-11-18T11:00:00","date_gmt":"2021-11-18T10:00:00","guid":{"rendered":"https:\/\/politicasocial.vinaros.es\/vinaros-benicarlo-y-peniscola-conmemoran-hoy-16-de-noviembre-el-dia-internacional-de-la-tolerancia\/"},"modified":"2023-01-03T13:57:34","modified_gmt":"2023-01-03T12:57:34","slug":"vinaros-benicarlo-y-peniscola-conmemoran-hoy-16-de-noviembre-el-dia-internacional-de-la-tolerancia","status":"publish","type":"post","link":"https:\/\/politicasocial.vinaros.es\/es\/vinaros-benicarlo-y-peniscola-conmemoran-hoy-16-de-noviembre-el-dia-internacional-de-la-tolerancia\/","title":{"rendered":"Vinar\u00f2s, Benicarl\u00f3 y Pe\u00f1\u00edscola conmemoran hoy 16 de noviembre el D\u00eda Internacional de la Tolerancia"},"content":{"rendered":"\n<p><strong>\u201cCuestiona los estereotipos, combate los prejuicios, acaba con los rumores\u201d<\/strong><\/p>\n\n<p>En noviembre de 2019, con motivo del D\u00eda Internacional de la Tolerancia, las Oficinas PANGEA (Oficinas de Atenci\u00f3n a las Personas Migradas) de los Ayuntamientos de Vinar\u00f2s, Benicarl\u00f3 y Pe\u00f1\u00edscola, presentamos el v\u00eddeo <em>\u201cCuestiona los estereotipos, combate los prejuicios, acaba con los rumores\u201d<\/em>. En este v\u00eddeo, en el que han participado vecinos y vecinas de los tres municipios, se pretende cuestionar los estereotipos y luchar contra los prejuicios y rumores que afectan la integraci\u00f3n y dificultan la convivencia. <\/p>\n\n<p>Este a\u00f1o, de nuevo los tres Ayuntamiento conjuntamente, queremos volver a relanzar este v\u00eddeo, con el objeto de conmemorar el D\u00eda de la Tolerancia 2021.<\/p>\n\n<p><strong>\u00bfPORQU\u00c9 UN D\u00cdA POR LA TOLERANCIA?<\/strong><\/p>\n\n<p>En 1995, los pa\u00edses miembros de la Organizaci\u00f3n de las Naciones Unidas para la Educaci\u00f3n, la Ciencia y la Cultura (UNESCO), adoptaron la Declaraci\u00f3n de Principios sobre la Tolerancia. La Declaraci\u00f3n afirma, entre otras cosas, que la tolerancia es el respeto y el saber apreciar la riqueza y variedad de las culturas del mundo y las diferentes formas de expresi\u00f3n de los seres humanos. <\/p>\n\n<p>La tolerancia reconoce los derechos humanos universales y las libertades fundamentales de los otros. La Declaraci\u00f3n describe la tolerancia como un requerimiento pol\u00edtico y legal para los individuos, los grupos y los estados. Sit\u00faa a la tolerancia en el marco del derecho internacional sobre derechos humanos, y pide a los estados que legislen para proteger la igualdad de oportunidades de todos los grupos e individuos de la sociedad.  <\/p>\n\n<p>La injusticia, la violencia, la discriminaci\u00f3n y la marginalizaci\u00f3n, son formas comunes de intolerancia. La diversidad de religiones, culturas, lenguas y etnias no tiene que ser motivo de conflicto, si no una riqueza valorada por todos. La educaci\u00f3n es un elemento clave para luchar contra estas formas de exclusi\u00f3n, es la herramienta m\u00e1s poderosa que tienen los estados para conseguir que sus ciudadanos sean tolerantes y que respeten los derechos y las libertades fundamentales de los otros.  <\/p>\n\n<p>Un D\u00eda Internacional de la Tolerancia puede ser una ocasi\u00f3n anual de la educaci\u00f3n para la tolerancia, as\u00ed como de reflexi\u00f3n y debates sociales de mayor alcance sobre los problemas de intolerancia locales y municipales.<\/p>\n\n<p>Los tres municipios nos sentimos comprometidos a seguir trabajando para tener ciudades m\u00e1s tolerantes y solidarias. Hagamos del D\u00eda Internacional de la Tolerancia un ejemplo real de respeto por la diferencia en todo el mundo. <\/p>\n","protected":false},"excerpt":{"rendered":"<p>\u201cCuestiona los estereotipos, combate los prejuicios, acaba con los rumores\u201d En noviembre de 2019, con motivo del D\u00eda Internacional de la Tolerancia, las Oficinas PANGEA (Oficinas de Atenci\u00f3n a las Personas Migradas) de los Ayuntamientos de Vinar\u00f2s, Benicarl\u00f3 y Pe\u00f1\u00edscola, presentamos el v\u00eddeo \u201cCuestiona los estereotipos, combate los prejuicios, acaba con los rumores\u201d. En este [&hellip;]<\/p>\n","protected":false},"author":1,"featured_media":685,"comment_status":"open","ping_status":"open","sticky":false,"template":"","format":"standard","meta":{"_acf_changed":false,"inline_featured_image":false,"footnotes":""},"categories":[11],"tags":[],"class_list":["post-1267","post","type-post","status-publish","format-standard","has-post-thumbnail","hentry","category-servicios-sociales"],"acf":[],"yoast_head":"<!-- This site is optimized with the Yoast SEO plugin v27.0 - https:\/\/yoast.com\/product\/yoast-seo-wordpress\/ -->\n<title>Vinar\u00f2s, Benicarl\u00f3 y Pe\u00f1\u00edscola conmemoran hoy 16 de noviembre el D\u00eda Internacional de la Tolerancia - Pol\u00edtica Social - Ajuntament de Vinar\u00f2s<\/title>\n<meta name=\"robots\" content=\"index, follow, max-snippet:-1, max-image-preview:large, max-video-preview:-1\" \/>\n<link rel=\"canonical\" href=\"https:\/\/politicasocial.vinaros.es\/es\/vinaros-benicarlo-y-peniscola-conmemoran-hoy-16-de-noviembre-el-dia-internacional-de-la-tolerancia\/\" \/>\n<meta property=\"og:locale\" content=\"es_ES\" \/>\n<meta property=\"og:type\" content=\"article\" \/>\n<meta property=\"og:title\" content=\"Vinar\u00f2s, Benicarl\u00f3 y Pe\u00f1\u00edscola conmemoran hoy 16 de noviembre el D\u00eda Internacional de la Tolerancia - Pol\u00edtica Social - Ajuntament de Vinar\u00f2s\" \/>\n<meta property=\"og:description\" content=\"\u201cCuestiona los estereotipos, combate los prejuicios, acaba con los rumores\u201d En noviembre de 2019, con motivo del D\u00eda Internacional de la Tolerancia, las Oficinas PANGEA (Oficinas de Atenci\u00f3n a las Personas Migradas) de los Ayuntamientos de Vinar\u00f2s, Benicarl\u00f3 y Pe\u00f1\u00edscola, presentamos el v\u00eddeo \u201cCuestiona los estereotipos, combate los prejuicios, acaba con los rumores\u201d. En este [&hellip;]\" \/>\n<meta property=\"og:url\" content=\"https:\/\/politicasocial.vinaros.es\/es\/vinaros-benicarlo-y-peniscola-conmemoran-hoy-16-de-noviembre-el-dia-internacional-de-la-tolerancia\/\" \/>\n<meta property=\"og:site_name\" content=\"Pol\u00edtica Social - Ajuntament de Vinar\u00f2s\" \/>\n<meta property=\"article:published_time\" content=\"2021-11-18T10:00:00+00:00\" \/>\n<meta property=\"article:modified_time\" content=\"2023-01-03T12:57:34+00:00\" \/>\n<meta property=\"og:image\" content=\"https:\/\/politicasocial.vinaros.es\/wp-content\/uploads\/2023\/01\/serveis-socials-vinaros-pangea.jpg\" \/>\n\t<meta property=\"og:image:width\" content=\"1067\" \/>\n\t<meta property=\"og:image:height\" content=\"508\" \/>\n\t<meta property=\"og:image:type\" content=\"image\/jpeg\" \/>\n<meta name=\"author\" content=\"Ra\u00fal Torner Martinell\" \/>\n<meta name=\"twitter:card\" content=\"summary_large_image\" \/>\n<meta name=\"twitter:label1\" content=\"Escrito por\" \/>\n\t<meta name=\"twitter:data1\" content=\"Ra\u00fal Torner Martinell\" \/>\n\t<meta name=\"twitter:label2\" content=\"Tiempo de lectura\" \/>\n\t<meta name=\"twitter:data2\" content=\"2 minutos\" \/>\n<script type=\"application\/ld+json\" class=\"yoast-schema-graph\">{\"@context\":\"https:\/\/schema.org\",\"@graph\":[{\"@type\":\"Article\",\"@id\":\"https:\/\/politicasocial.vinaros.es\/es\/vinaros-benicarlo-y-peniscola-conmemoran-hoy-16-de-noviembre-el-dia-internacional-de-la-tolerancia\/#article\",\"isPartOf\":{\"@id\":\"https:\/\/politicasocial.vinaros.es\/es\/vinaros-benicarlo-y-peniscola-conmemoran-hoy-16-de-noviembre-el-dia-internacional-de-la-tolerancia\/\"},\"author\":{\"name\":\"Ra\u00fal Torner Martinell\",\"@id\":\"https:\/\/politicasocial.vinaros.es\/es\/#\/schema\/person\/25b8c0c60cdeca0d29acc31758a695da\"},\"headline\":\"Vinar\u00f2s, Benicarl\u00f3 y Pe\u00f1\u00edscola conmemoran hoy 16 de noviembre el D\u00eda Internacional de la Tolerancia\",\"datePublished\":\"2021-11-18T10:00:00+00:00\",\"dateModified\":\"2023-01-03T12:57:34+00:00\",\"mainEntityOfPage\":{\"@id\":\"https:\/\/politicasocial.vinaros.es\/es\/vinaros-benicarlo-y-peniscola-conmemoran-hoy-16-de-noviembre-el-dia-internacional-de-la-tolerancia\/\"},\"wordCount\":443,\"commentCount\":0,\"image\":{\"@id\":\"https:\/\/politicasocial.vinaros.es\/es\/vinaros-benicarlo-y-peniscola-conmemoran-hoy-16-de-noviembre-el-dia-internacional-de-la-tolerancia\/#primaryimage\"},\"thumbnailUrl\":\"https:\/\/politicasocial.vinaros.es\/wp-content\/uploads\/2023\/01\/serveis-socials-vinaros-pangea.jpg\",\"articleSection\":[\"Servicios Sociales\"],\"inLanguage\":\"es\",\"potentialAction\":[{\"@type\":\"CommentAction\",\"name\":\"Comment\",\"target\":[\"https:\/\/politicasocial.vinaros.es\/es\/vinaros-benicarlo-y-peniscola-conmemoran-hoy-16-de-noviembre-el-dia-internacional-de-la-tolerancia\/#respond\"]}]},{\"@type\":\"WebPage\",\"@id\":\"https:\/\/politicasocial.vinaros.es\/es\/vinaros-benicarlo-y-peniscola-conmemoran-hoy-16-de-noviembre-el-dia-internacional-de-la-tolerancia\/\",\"url\":\"https:\/\/politicasocial.vinaros.es\/es\/vinaros-benicarlo-y-peniscola-conmemoran-hoy-16-de-noviembre-el-dia-internacional-de-la-tolerancia\/\",\"name\":\"Vinar\u00f2s, Benicarl\u00f3 y Pe\u00f1\u00edscola conmemoran hoy 16 de noviembre el D\u00eda Internacional de la Tolerancia - Pol\u00edtica Social - Ajuntament de Vinar\u00f2s\",\"isPartOf\":{\"@id\":\"https:\/\/politicasocial.vinaros.es\/es\/#website\"},\"primaryImageOfPage\":{\"@id\":\"https:\/\/politicasocial.vinaros.es\/es\/vinaros-benicarlo-y-peniscola-conmemoran-hoy-16-de-noviembre-el-dia-internacional-de-la-tolerancia\/#primaryimage\"},\"image\":{\"@id\":\"https:\/\/politicasocial.vinaros.es\/es\/vinaros-benicarlo-y-peniscola-conmemoran-hoy-16-de-noviembre-el-dia-internacional-de-la-tolerancia\/#primaryimage\"},\"thumbnailUrl\":\"https:\/\/politicasocial.vinaros.es\/wp-content\/uploads\/2023\/01\/serveis-socials-vinaros-pangea.jpg\",\"datePublished\":\"2021-11-18T10:00:00+00:00\",\"dateModified\":\"2023-01-03T12:57:34+00:00\",\"author\":{\"@id\":\"https:\/\/politicasocial.vinaros.es\/es\/#\/schema\/person\/25b8c0c60cdeca0d29acc31758a695da\"},\"breadcrumb\":{\"@id\":\"https:\/\/politicasocial.vinaros.es\/es\/vinaros-benicarlo-y-peniscola-conmemoran-hoy-16-de-noviembre-el-dia-internacional-de-la-tolerancia\/#breadcrumb\"},\"inLanguage\":\"es\",\"potentialAction\":[{\"@type\":\"ReadAction\",\"target\":[\"https:\/\/politicasocial.vinaros.es\/es\/vinaros-benicarlo-y-peniscola-conmemoran-hoy-16-de-noviembre-el-dia-internacional-de-la-tolerancia\/\"]}]},{\"@type\":\"ImageObject\",\"inLanguage\":\"es\",\"@id\":\"https:\/\/politicasocial.vinaros.es\/es\/vinaros-benicarlo-y-peniscola-conmemoran-hoy-16-de-noviembre-el-dia-internacional-de-la-tolerancia\/#primaryimage\",\"url\":\"https:\/\/politicasocial.vinaros.es\/wp-content\/uploads\/2023\/01\/serveis-socials-vinaros-pangea.jpg\",\"contentUrl\":\"https:\/\/politicasocial.vinaros.es\/wp-content\/uploads\/2023\/01\/serveis-socials-vinaros-pangea.jpg\",\"width\":1067,\"height\":508},{\"@type\":\"BreadcrumbList\",\"@id\":\"https:\/\/politicasocial.vinaros.es\/es\/vinaros-benicarlo-y-peniscola-conmemoran-hoy-16-de-noviembre-el-dia-internacional-de-la-tolerancia\/#breadcrumb\",\"itemListElement\":[{\"@type\":\"ListItem\",\"position\":1,\"name\":\"Inicio\",\"item\":\"https:\/\/politicasocial.vinaros.es\/es\/\"},{\"@type\":\"ListItem\",\"position\":2,\"name\":\"Servicios Sociales\",\"item\":\"https:\/\/politicasocial.vinaros.es\/es\/categoria\/servicios-sociales\/\"},{\"@type\":\"ListItem\",\"position\":3,\"name\":\"Vinar\u00f2s, Benicarl\u00f3 y Pe\u00f1\u00edscola conmemoran hoy 16 de noviembre el D\u00eda Internacional de la Tolerancia\"}]},{\"@type\":\"WebSite\",\"@id\":\"https:\/\/politicasocial.vinaros.es\/es\/#website\",\"url\":\"https:\/\/politicasocial.vinaros.es\/es\/\",\"name\":\"Pol\u00edtica Social - Ajuntament de Vinar\u00f2s\",\"description\":\"Regidoria de Pol\u00edtica Social\",\"potentialAction\":[{\"@type\":\"SearchAction\",\"target\":{\"@type\":\"EntryPoint\",\"urlTemplate\":\"https:\/\/politicasocial.vinaros.es\/es\/?s={search_term_string}\"},\"query-input\":{\"@type\":\"PropertyValueSpecification\",\"valueRequired\":true,\"valueName\":\"search_term_string\"}}],\"inLanguage\":\"es\"},{\"@type\":\"Person\",\"@id\":\"https:\/\/politicasocial.vinaros.es\/es\/#\/schema\/person\/25b8c0c60cdeca0d29acc31758a695da\",\"name\":\"Ra\u00fal Torner Martinell\",\"image\":{\"@type\":\"ImageObject\",\"inLanguage\":\"es\",\"@id\":\"https:\/\/politicasocial.vinaros.es\/es\/#\/schema\/person\/image\/\",\"url\":\"https:\/\/secure.gravatar.com\/avatar\/3716f530378a992b4951fb4809843919506e982d2df14dcde67785574c23e79b?s=96&d=mm&r=g\",\"contentUrl\":\"https:\/\/secure.gravatar.com\/avatar\/3716f530378a992b4951fb4809843919506e982d2df14dcde67785574c23e79b?s=96&d=mm&r=g\",\"caption\":\"Ra\u00fal Torner Martinell\"},\"url\":\"https:\/\/politicasocial.vinaros.es\/es\"}]}<\/script>\n<!-- \/ Yoast SEO plugin. -->","yoast_head_json":{"title":"Vinar\u00f2s, Benicarl\u00f3 y Pe\u00f1\u00edscola conmemoran hoy 16 de noviembre el D\u00eda Internacional de la Tolerancia - Pol\u00edtica Social - Ajuntament de Vinar\u00f2s","robots":{"index":"index","follow":"follow","max-snippet":"max-snippet:-1","max-image-preview":"max-image-preview:large","max-video-preview":"max-video-preview:-1"},"canonical":"https:\/\/politicasocial.vinaros.es\/es\/vinaros-benicarlo-y-peniscola-conmemoran-hoy-16-de-noviembre-el-dia-internacional-de-la-tolerancia\/","og_locale":"es_ES","og_type":"article","og_title":"Vinar\u00f2s, Benicarl\u00f3 y Pe\u00f1\u00edscola conmemoran hoy 16 de noviembre el D\u00eda Internacional de la Tolerancia - Pol\u00edtica Social - Ajuntament de Vinar\u00f2s","og_description":"\u201cCuestiona los estereotipos, combate los prejuicios, acaba con los rumores\u201d En noviembre de 2019, con motivo del D\u00eda Internacional de la Tolerancia, las Oficinas PANGEA (Oficinas de Atenci\u00f3n a las Personas Migradas) de los Ayuntamientos de Vinar\u00f2s, Benicarl\u00f3 y Pe\u00f1\u00edscola, presentamos el v\u00eddeo \u201cCuestiona los estereotipos, combate los prejuicios, acaba con los rumores\u201d. En este [&hellip;]","og_url":"https:\/\/politicasocial.vinaros.es\/es\/vinaros-benicarlo-y-peniscola-conmemoran-hoy-16-de-noviembre-el-dia-internacional-de-la-tolerancia\/","og_site_name":"Pol\u00edtica Social - Ajuntament de Vinar\u00f2s","article_published_time":"2021-11-18T10:00:00+00:00","article_modified_time":"2023-01-03T12:57:34+00:00","og_image":[{"width":1067,"height":508,"url":"https:\/\/politicasocial.vinaros.es\/wp-content\/uploads\/2023\/01\/serveis-socials-vinaros-pangea.jpg","type":"image\/jpeg"}],"author":"Ra\u00fal Torner Martinell","twitter_card":"summary_large_image","twitter_misc":{"Escrito por":"Ra\u00fal Torner Martinell","Tiempo de lectura":"2 minutos"},"schema":{"@context":"https:\/\/schema.org","@graph":[{"@type":"Article","@id":"https:\/\/politicasocial.vinaros.es\/es\/vinaros-benicarlo-y-peniscola-conmemoran-hoy-16-de-noviembre-el-dia-internacional-de-la-tolerancia\/#article","isPartOf":{"@id":"https:\/\/politicasocial.vinaros.es\/es\/vinaros-benicarlo-y-peniscola-conmemoran-hoy-16-de-noviembre-el-dia-internacional-de-la-tolerancia\/"},"author":{"name":"Ra\u00fal Torner Martinell","@id":"https:\/\/politicasocial.vinaros.es\/es\/#\/schema\/person\/25b8c0c60cdeca0d29acc31758a695da"},"headline":"Vinar\u00f2s, Benicarl\u00f3 y Pe\u00f1\u00edscola conmemoran hoy 16 de noviembre el D\u00eda Internacional de la Tolerancia","datePublished":"2021-11-18T10:00:00+00:00","dateModified":"2023-01-03T12:57:34+00:00","mainEntityOfPage":{"@id":"https:\/\/politicasocial.vinaros.es\/es\/vinaros-benicarlo-y-peniscola-conmemoran-hoy-16-de-noviembre-el-dia-internacional-de-la-tolerancia\/"},"wordCount":443,"commentCount":0,"image":{"@id":"https:\/\/politicasocial.vinaros.es\/es\/vinaros-benicarlo-y-peniscola-conmemoran-hoy-16-de-noviembre-el-dia-internacional-de-la-tolerancia\/#primaryimage"},"thumbnailUrl":"https:\/\/politicasocial.vinaros.es\/wp-content\/uploads\/2023\/01\/serveis-socials-vinaros-pangea.jpg","articleSection":["Servicios Sociales"],"inLanguage":"es","potentialAction":[{"@type":"CommentAction","name":"Comment","target":["https:\/\/politicasocial.vinaros.es\/es\/vinaros-benicarlo-y-peniscola-conmemoran-hoy-16-de-noviembre-el-dia-internacional-de-la-tolerancia\/#respond"]}]},{"@type":"WebPage","@id":"https:\/\/politicasocial.vinaros.es\/es\/vinaros-benicarlo-y-peniscola-conmemoran-hoy-16-de-noviembre-el-dia-internacional-de-la-tolerancia\/","url":"https:\/\/politicasocial.vinaros.es\/es\/vinaros-benicarlo-y-peniscola-conmemoran-hoy-16-de-noviembre-el-dia-internacional-de-la-tolerancia\/","name":"Vinar\u00f2s, Benicarl\u00f3 y Pe\u00f1\u00edscola conmemoran hoy 16 de noviembre el D\u00eda Internacional de la Tolerancia - Pol\u00edtica Social - Ajuntament de Vinar\u00f2s","isPartOf":{"@id":"https:\/\/politicasocial.vinaros.es\/es\/#website"},"primaryImageOfPage":{"@id":"https:\/\/politicasocial.vinaros.es\/es\/vinaros-benicarlo-y-peniscola-conmemoran-hoy-16-de-noviembre-el-dia-internacional-de-la-tolerancia\/#primaryimage"},"image":{"@id":"https:\/\/politicasocial.vinaros.es\/es\/vinaros-benicarlo-y-peniscola-conmemoran-hoy-16-de-noviembre-el-dia-internacional-de-la-tolerancia\/#primaryimage"},"thumbnailUrl":"https:\/\/politicasocial.vinaros.es\/wp-content\/uploads\/2023\/01\/serveis-socials-vinaros-pangea.jpg","datePublished":"2021-11-18T10:00:00+00:00","dateModified":"2023-01-03T12:57:34+00:00","author":{"@id":"https:\/\/politicasocial.vinaros.es\/es\/#\/schema\/person\/25b8c0c60cdeca0d29acc31758a695da"},"breadcrumb":{"@id":"https:\/\/politicasocial.vinaros.es\/es\/vinaros-benicarlo-y-peniscola-conmemoran-hoy-16-de-noviembre-el-dia-internacional-de-la-tolerancia\/#breadcrumb"},"inLanguage":"es","potentialAction":[{"@type":"ReadAction","target":["https:\/\/politicasocial.vinaros.es\/es\/vinaros-benicarlo-y-peniscola-conmemoran-hoy-16-de-noviembre-el-dia-internacional-de-la-tolerancia\/"]}]},{"@type":"ImageObject","inLanguage":"es","@id":"https:\/\/politicasocial.vinaros.es\/es\/vinaros-benicarlo-y-peniscola-conmemoran-hoy-16-de-noviembre-el-dia-internacional-de-la-tolerancia\/#primaryimage","url":"https:\/\/politicasocial.vinaros.es\/wp-content\/uploads\/2023\/01\/serveis-socials-vinaros-pangea.jpg","contentUrl":"https:\/\/politicasocial.vinaros.es\/wp-content\/uploads\/2023\/01\/serveis-socials-vinaros-pangea.jpg","width":1067,"height":508},{"@type":"BreadcrumbList","@id":"https:\/\/politicasocial.vinaros.es\/es\/vinaros-benicarlo-y-peniscola-conmemoran-hoy-16-de-noviembre-el-dia-internacional-de-la-tolerancia\/#breadcrumb","itemListElement":[{"@type":"ListItem","position":1,"name":"Inicio","item":"https:\/\/politicasocial.vinaros.es\/es\/"},{"@type":"ListItem","position":2,"name":"Servicios Sociales","item":"https:\/\/politicasocial.vinaros.es\/es\/categoria\/servicios-sociales\/"},{"@type":"ListItem","position":3,"name":"Vinar\u00f2s, Benicarl\u00f3 y Pe\u00f1\u00edscola conmemoran hoy 16 de noviembre el D\u00eda Internacional de la Tolerancia"}]},{"@type":"WebSite","@id":"https:\/\/politicasocial.vinaros.es\/es\/#website","url":"https:\/\/politicasocial.vinaros.es\/es\/","name":"Pol\u00edtica Social - Ajuntament de Vinar\u00f2s","description":"Regidoria de Pol\u00edtica Social","potentialAction":[{"@type":"SearchAction","target":{"@type":"EntryPoint","urlTemplate":"https:\/\/politicasocial.vinaros.es\/es\/?s={search_term_string}"},"query-input":{"@type":"PropertyValueSpecification","valueRequired":true,"valueName":"search_term_string"}}],"inLanguage":"es"},{"@type":"Person","@id":"https:\/\/politicasocial.vinaros.es\/es\/#\/schema\/person\/25b8c0c60cdeca0d29acc31758a695da","name":"Ra\u00fal Torner Martinell","image":{"@type":"ImageObject","inLanguage":"es","@id":"https:\/\/politicasocial.vinaros.es\/es\/#\/schema\/person\/image\/","url":"https:\/\/secure.gravatar.com\/avatar\/3716f530378a992b4951fb4809843919506e982d2df14dcde67785574c23e79b?s=96&d=mm&r=g","contentUrl":"https:\/\/secure.gravatar.com\/avatar\/3716f530378a992b4951fb4809843919506e982d2df14dcde67785574c23e79b?s=96&d=mm&r=g","caption":"Ra\u00fal Torner Martinell"},"url":"https:\/\/politicasocial.vinaros.es\/es"}]}},"_links":{"self":[{"href":"https:\/\/politicasocial.vinaros.es\/es\/wp-json\/wp\/v2\/posts\/1267","targetHints":{"allow":["GET"]}}],"collection":[{"href":"https:\/\/politicasocial.vinaros.es\/es\/wp-json\/wp\/v2\/posts"}],"about":[{"href":"https:\/\/politicasocial.vinaros.es\/es\/wp-json\/wp\/v2\/types\/post"}],"author":[{"embeddable":true,"href":"https:\/\/politicasocial.vinaros.es\/es\/wp-json\/wp\/v2\/users\/1"}],"replies":[{"embeddable":true,"href":"https:\/\/politicasocial.vinaros.es\/es\/wp-json\/wp\/v2\/comments?post=1267"}],"version-history":[{"count":1,"href":"https:\/\/politicasocial.vinaros.es\/es\/wp-json\/wp\/v2\/posts\/1267\/revisions"}],"predecessor-version":[{"id":1268,"href":"https:\/\/politicasocial.vinaros.es\/es\/wp-json\/wp\/v2\/posts\/1267\/revisions\/1268"}],"wp:featuredmedia":[{"embeddable":true,"href":"https:\/\/politicasocial.vinaros.es\/es\/wp-json\/wp\/v2\/media\/685"}],"wp:attachment":[{"href":"https:\/\/politicasocial.vinaros.es\/es\/wp-json\/wp\/v2\/media?parent=1267"}],"wp:term":[{"taxonomy":"category","embeddable":true,"href":"https:\/\/politicasocial.vinaros.es\/es\/wp-json\/wp\/v2\/categories?post=1267"},{"taxonomy":"post_tag","embeddable":true,"href":"https:\/\/politicasocial.vinaros.es\/es\/wp-json\/wp\/v2\/tags?post=1267"}],"curies":[{"name":"wp","href":"https:\/\/api.w.org\/{rel}","templated":true}]}}