{"id":1271,"date":"2021-11-18T10:00:00","date_gmt":"2021-11-18T09:00:00","guid":{"rendered":"https:\/\/politicasocial.vinaros.es\/vinaros-ofrecera-una-programacion-especial-con-motivo-del-dia-internacional-contra-la-violencia-de-genero-2021\/"},"modified":"2023-01-04T08:52:38","modified_gmt":"2023-01-04T07:52:38","slug":"vinaros-ofrecera-una-programacion-especial-con-motivo-del-dia-internacional-contra-la-violencia-de-genero-2021","status":"publish","type":"post","link":"https:\/\/politicasocial.vinaros.es\/es\/vinaros-ofrecera-una-programacion-especial-con-motivo-del-dia-internacional-contra-la-violencia-de-genero-2021\/","title":{"rendered":"Vinar\u00f2s ofrecer\u00e1 una programaci\u00f3n especial con motivo del D\u00eda Internacional Contra la Violencia de G\u00e9nero 2021"},"content":{"rendered":"\n<p>#StopAltresFormesDeViol\u00e8ncia #M\u00c9SENLL\u00c0DELSCOPS<\/p>\n\n<p>Este mes se conmemora en todo el mundo el 25N, D\u00eda Internacional para la eliminaci\u00f3n de la violencia contra las mujeres. El Ajuntament de Vinar\u00f2s, a trav\u00e9s de la Concejal\u00eda de Pol\u00edtica Social y Joventut presenta el programa #StopOtrasFormasDeViolencia #M\u00c1SALL\u00c1DELOSGOLPES. <\/p>\n\n<p>Este programa tiene como principal objetivo el fomento de las acciones de sensibilizaci\u00f3n de la sociedad y de la prevenci\u00f3n de otras formas de violencia contra las mujeres, d\u00f3nde se contemplan actividades relacionadas con la trata de mujeres y ni\u00f1as con fines de explotaci\u00f3n sexual o la violencia digital o <em>ciberviolencia<\/em>, as\u00ed como la violencia ejercida hacia la infancia y adolescencia.<\/p>\n\n<p>Algunas de las actividades est\u00e1n dirigidas a sensibilizar a la ciudadan\u00eda para dar a conocer c\u00f3mo se ejerce la violencia sobre las mujeres, motivando la toma de conciencia sobre esta problem\u00e1tica y, de esta manera, prevenir los distintos tipos de violencia. Se ha incidido especialmente entre la poblaci\u00f3n m\u00e1s joven. <\/p>\n\n<p>La Concejal\u00eda de Pol\u00edtica Social y Joventut del Ajuntament de Vinar\u00f2s, quiere recordar y trasladar su apoyo a todas las mujeres que han sufrido y sufren esta lacra.<\/p>\n\n<p>#Vinar\u00f2sSimplica<\/p>\n\n<p>#STOPViol\u00e8nciaDeG\u00e8nere<\/p>\n\n<p>#AltresFormesDeViol\u00e8ncia<\/p>\n","protected":false},"excerpt":{"rendered":"<p>#StopAltresFormesDeViol\u00e8ncia #M\u00c9SENLL\u00c0DELSCOPS Este mes se conmemora en todo el mundo el 25N, D\u00eda Internacional para la eliminaci\u00f3n de la violencia contra las mujeres. El Ajuntament de Vinar\u00f2s, a trav\u00e9s de la Concejal\u00eda de Pol\u00edtica Social y Joventut presenta el programa #StopOtrasFormasDeViolencia #M\u00c1SALL\u00c1DELOSGOLPES. Este programa tiene como principal objetivo el fomento de las acciones de sensibilizaci\u00f3n [&hellip;]<\/p>\n","protected":false},"author":1,"featured_media":689,"comment_status":"open","ping_status":"open","sticky":false,"template":"","format":"standard","meta":{"_acf_changed":false,"inline_featured_image":false,"footnotes":""},"categories":[11],"tags":[],"class_list":["post-1271","post","type-post","status-publish","format-standard","has-post-thumbnail","hentry","category-servicios-sociales"],"acf":[],"yoast_head":"<!-- This site is optimized with the Yoast SEO plugin v27.0 - https:\/\/yoast.com\/product\/yoast-seo-wordpress\/ -->\n<title>Vinar\u00f2s ofrecer\u00e1 una programaci\u00f3n especial con motivo del D\u00eda Internacional Contra la Violencia de G\u00e9nero 2021 - Pol\u00edtica Social - Ajuntament de Vinar\u00f2s<\/title>\n<meta name=\"robots\" content=\"index, follow, max-snippet:-1, max-image-preview:large, max-video-preview:-1\" \/>\n<link rel=\"canonical\" href=\"https:\/\/politicasocial.vinaros.es\/es\/vinaros-ofrecera-una-programacion-especial-con-motivo-del-dia-internacional-contra-la-violencia-de-genero-2021\/\" \/>\n<meta property=\"og:locale\" content=\"es_ES\" \/>\n<meta property=\"og:type\" content=\"article\" \/>\n<meta property=\"og:title\" content=\"Vinar\u00f2s ofrecer\u00e1 una programaci\u00f3n especial con motivo del D\u00eda Internacional Contra la Violencia de G\u00e9nero 2021 - Pol\u00edtica Social - Ajuntament de Vinar\u00f2s\" \/>\n<meta property=\"og:description\" content=\"#StopAltresFormesDeViol\u00e8ncia #M\u00c9SENLL\u00c0DELSCOPS Este mes se conmemora en todo el mundo el 25N, D\u00eda Internacional para la eliminaci\u00f3n de la violencia contra las mujeres. El Ajuntament de Vinar\u00f2s, a trav\u00e9s de la Concejal\u00eda de Pol\u00edtica Social y Joventut presenta el programa #StopOtrasFormasDeViolencia #M\u00c1SALL\u00c1DELOSGOLPES. Este programa tiene como principal objetivo el fomento de las acciones de sensibilizaci\u00f3n [&hellip;]\" \/>\n<meta property=\"og:url\" content=\"https:\/\/politicasocial.vinaros.es\/es\/vinaros-ofrecera-una-programacion-especial-con-motivo-del-dia-internacional-contra-la-violencia-de-genero-2021\/\" \/>\n<meta property=\"og:site_name\" content=\"Pol\u00edtica Social - Ajuntament de Vinar\u00f2s\" \/>\n<meta property=\"article:published_time\" content=\"2021-11-18T09:00:00+00:00\" \/>\n<meta property=\"article:modified_time\" content=\"2023-01-04T07:52:38+00:00\" \/>\n<meta property=\"og:image\" content=\"https:\/\/politicasocial.vinaros.es\/wp-content\/uploads\/2023\/01\/serveis-socials-vinaros-vinaros-oferira-programacio-especial-amb-motiu-dia-internacional-contra-la-violencia-de-genere-2021.jpg\" \/>\n\t<meta property=\"og:image:width\" content=\"1098\" \/>\n\t<meta property=\"og:image:height\" content=\"1938\" \/>\n\t<meta property=\"og:image:type\" content=\"image\/jpeg\" \/>\n<meta name=\"author\" content=\"Ra\u00fal Torner Martinell\" \/>\n<meta name=\"twitter:card\" content=\"summary_large_image\" \/>\n<meta name=\"twitter:label1\" content=\"Escrito por\" \/>\n\t<meta name=\"twitter:data1\" content=\"Ra\u00fal Torner Martinell\" \/>\n\t<meta name=\"twitter:label2\" content=\"Tiempo de lectura\" \/>\n\t<meta name=\"twitter:data2\" content=\"1 minuto\" \/>\n<script type=\"application\/ld+json\" class=\"yoast-schema-graph\">{\"@context\":\"https:\/\/schema.org\",\"@graph\":[{\"@type\":\"Article\",\"@id\":\"https:\/\/politicasocial.vinaros.es\/es\/vinaros-ofrecera-una-programacion-especial-con-motivo-del-dia-internacional-contra-la-violencia-de-genero-2021\/#article\",\"isPartOf\":{\"@id\":\"https:\/\/politicasocial.vinaros.es\/es\/vinaros-ofrecera-una-programacion-especial-con-motivo-del-dia-internacional-contra-la-violencia-de-genero-2021\/\"},\"author\":{\"name\":\"Ra\u00fal Torner Martinell\",\"@id\":\"https:\/\/politicasocial.vinaros.es\/es\/#\/schema\/person\/25b8c0c60cdeca0d29acc31758a695da\"},\"headline\":\"Vinar\u00f2s ofrecer\u00e1 una programaci\u00f3n especial con motivo del D\u00eda Internacional Contra la Violencia de G\u00e9nero 2021\",\"datePublished\":\"2021-11-18T09:00:00+00:00\",\"dateModified\":\"2023-01-04T07:52:38+00:00\",\"mainEntityOfPage\":{\"@id\":\"https:\/\/politicasocial.vinaros.es\/es\/vinaros-ofrecera-una-programacion-especial-con-motivo-del-dia-internacional-contra-la-violencia-de-genero-2021\/\"},\"wordCount\":232,\"commentCount\":0,\"image\":{\"@id\":\"https:\/\/politicasocial.vinaros.es\/es\/vinaros-ofrecera-una-programacion-especial-con-motivo-del-dia-internacional-contra-la-violencia-de-genero-2021\/#primaryimage\"},\"thumbnailUrl\":\"https:\/\/politicasocial.vinaros.es\/wp-content\/uploads\/2023\/01\/serveis-socials-vinaros-vinaros-oferira-programacio-especial-amb-motiu-dia-internacional-contra-la-violencia-de-genere-2021.jpg\",\"articleSection\":[\"Servicios Sociales\"],\"inLanguage\":\"es\",\"potentialAction\":[{\"@type\":\"CommentAction\",\"name\":\"Comment\",\"target\":[\"https:\/\/politicasocial.vinaros.es\/es\/vinaros-ofrecera-una-programacion-especial-con-motivo-del-dia-internacional-contra-la-violencia-de-genero-2021\/#respond\"]}]},{\"@type\":\"WebPage\",\"@id\":\"https:\/\/politicasocial.vinaros.es\/es\/vinaros-ofrecera-una-programacion-especial-con-motivo-del-dia-internacional-contra-la-violencia-de-genero-2021\/\",\"url\":\"https:\/\/politicasocial.vinaros.es\/es\/vinaros-ofrecera-una-programacion-especial-con-motivo-del-dia-internacional-contra-la-violencia-de-genero-2021\/\",\"name\":\"Vinar\u00f2s ofrecer\u00e1 una programaci\u00f3n especial con motivo del D\u00eda Internacional Contra la Violencia de G\u00e9nero 2021 - Pol\u00edtica Social - Ajuntament de Vinar\u00f2s\",\"isPartOf\":{\"@id\":\"https:\/\/politicasocial.vinaros.es\/es\/#website\"},\"primaryImageOfPage\":{\"@id\":\"https:\/\/politicasocial.vinaros.es\/es\/vinaros-ofrecera-una-programacion-especial-con-motivo-del-dia-internacional-contra-la-violencia-de-genero-2021\/#primaryimage\"},\"image\":{\"@id\":\"https:\/\/politicasocial.vinaros.es\/es\/vinaros-ofrecera-una-programacion-especial-con-motivo-del-dia-internacional-contra-la-violencia-de-genero-2021\/#primaryimage\"},\"thumbnailUrl\":\"https:\/\/politicasocial.vinaros.es\/wp-content\/uploads\/2023\/01\/serveis-socials-vinaros-vinaros-oferira-programacio-especial-amb-motiu-dia-internacional-contra-la-violencia-de-genere-2021.jpg\",\"datePublished\":\"2021-11-18T09:00:00+00:00\",\"dateModified\":\"2023-01-04T07:52:38+00:00\",\"author\":{\"@id\":\"https:\/\/politicasocial.vinaros.es\/es\/#\/schema\/person\/25b8c0c60cdeca0d29acc31758a695da\"},\"breadcrumb\":{\"@id\":\"https:\/\/politicasocial.vinaros.es\/es\/vinaros-ofrecera-una-programacion-especial-con-motivo-del-dia-internacional-contra-la-violencia-de-genero-2021\/#breadcrumb\"},\"inLanguage\":\"es\",\"potentialAction\":[{\"@type\":\"ReadAction\",\"target\":[\"https:\/\/politicasocial.vinaros.es\/es\/vinaros-ofrecera-una-programacion-especial-con-motivo-del-dia-internacional-contra-la-violencia-de-genero-2021\/\"]}]},{\"@type\":\"ImageObject\",\"inLanguage\":\"es\",\"@id\":\"https:\/\/politicasocial.vinaros.es\/es\/vinaros-ofrecera-una-programacion-especial-con-motivo-del-dia-internacional-contra-la-violencia-de-genero-2021\/#primaryimage\",\"url\":\"https:\/\/politicasocial.vinaros.es\/wp-content\/uploads\/2023\/01\/serveis-socials-vinaros-vinaros-oferira-programacio-especial-amb-motiu-dia-internacional-contra-la-violencia-de-genere-2021.jpg\",\"contentUrl\":\"https:\/\/politicasocial.vinaros.es\/wp-content\/uploads\/2023\/01\/serveis-socials-vinaros-vinaros-oferira-programacio-especial-amb-motiu-dia-internacional-contra-la-violencia-de-genere-2021.jpg\",\"width\":1098,\"height\":1938},{\"@type\":\"BreadcrumbList\",\"@id\":\"https:\/\/politicasocial.vinaros.es\/es\/vinaros-ofrecera-una-programacion-especial-con-motivo-del-dia-internacional-contra-la-violencia-de-genero-2021\/#breadcrumb\",\"itemListElement\":[{\"@type\":\"ListItem\",\"position\":1,\"name\":\"Inicio\",\"item\":\"https:\/\/politicasocial.vinaros.es\/es\/\"},{\"@type\":\"ListItem\",\"position\":2,\"name\":\"Servicios Sociales\",\"item\":\"https:\/\/politicasocial.vinaros.es\/es\/categoria\/servicios-sociales\/\"},{\"@type\":\"ListItem\",\"position\":3,\"name\":\"Vinar\u00f2s ofrecer\u00e1 una programaci\u00f3n especial con motivo del D\u00eda Internacional Contra la Violencia de G\u00e9nero 2021\"}]},{\"@type\":\"WebSite\",\"@id\":\"https:\/\/politicasocial.vinaros.es\/es\/#website\",\"url\":\"https:\/\/politicasocial.vinaros.es\/es\/\",\"name\":\"Pol\u00edtica Social - Ajuntament de Vinar\u00f2s\",\"description\":\"Regidoria de Pol\u00edtica Social\",\"potentialAction\":[{\"@type\":\"SearchAction\",\"target\":{\"@type\":\"EntryPoint\",\"urlTemplate\":\"https:\/\/politicasocial.vinaros.es\/es\/?s={search_term_string}\"},\"query-input\":{\"@type\":\"PropertyValueSpecification\",\"valueRequired\":true,\"valueName\":\"search_term_string\"}}],\"inLanguage\":\"es\"},{\"@type\":\"Person\",\"@id\":\"https:\/\/politicasocial.vinaros.es\/es\/#\/schema\/person\/25b8c0c60cdeca0d29acc31758a695da\",\"name\":\"Ra\u00fal Torner Martinell\",\"image\":{\"@type\":\"ImageObject\",\"inLanguage\":\"es\",\"@id\":\"https:\/\/politicasocial.vinaros.es\/es\/#\/schema\/person\/image\/\",\"url\":\"https:\/\/secure.gravatar.com\/avatar\/3716f530378a992b4951fb4809843919506e982d2df14dcde67785574c23e79b?s=96&d=mm&r=g\",\"contentUrl\":\"https:\/\/secure.gravatar.com\/avatar\/3716f530378a992b4951fb4809843919506e982d2df14dcde67785574c23e79b?s=96&d=mm&r=g\",\"caption\":\"Ra\u00fal Torner Martinell\"},\"url\":\"https:\/\/politicasocial.vinaros.es\/es\"}]}<\/script>\n<!-- \/ Yoast SEO plugin. -->","yoast_head_json":{"title":"Vinar\u00f2s ofrecer\u00e1 una programaci\u00f3n especial con motivo del D\u00eda Internacional Contra la Violencia de G\u00e9nero 2021 - Pol\u00edtica Social - Ajuntament de Vinar\u00f2s","robots":{"index":"index","follow":"follow","max-snippet":"max-snippet:-1","max-image-preview":"max-image-preview:large","max-video-preview":"max-video-preview:-1"},"canonical":"https:\/\/politicasocial.vinaros.es\/es\/vinaros-ofrecera-una-programacion-especial-con-motivo-del-dia-internacional-contra-la-violencia-de-genero-2021\/","og_locale":"es_ES","og_type":"article","og_title":"Vinar\u00f2s ofrecer\u00e1 una programaci\u00f3n especial con motivo del D\u00eda Internacional Contra la Violencia de G\u00e9nero 2021 - Pol\u00edtica Social - Ajuntament de Vinar\u00f2s","og_description":"#StopAltresFormesDeViol\u00e8ncia #M\u00c9SENLL\u00c0DELSCOPS Este mes se conmemora en todo el mundo el 25N, D\u00eda Internacional para la eliminaci\u00f3n de la violencia contra las mujeres. El Ajuntament de Vinar\u00f2s, a trav\u00e9s de la Concejal\u00eda de Pol\u00edtica Social y Joventut presenta el programa #StopOtrasFormasDeViolencia #M\u00c1SALL\u00c1DELOSGOLPES. Este programa tiene como principal objetivo el fomento de las acciones de sensibilizaci\u00f3n [&hellip;]","og_url":"https:\/\/politicasocial.vinaros.es\/es\/vinaros-ofrecera-una-programacion-especial-con-motivo-del-dia-internacional-contra-la-violencia-de-genero-2021\/","og_site_name":"Pol\u00edtica Social - Ajuntament de Vinar\u00f2s","article_published_time":"2021-11-18T09:00:00+00:00","article_modified_time":"2023-01-04T07:52:38+00:00","og_image":[{"width":1098,"height":1938,"url":"https:\/\/politicasocial.vinaros.es\/wp-content\/uploads\/2023\/01\/serveis-socials-vinaros-vinaros-oferira-programacio-especial-amb-motiu-dia-internacional-contra-la-violencia-de-genere-2021.jpg","type":"image\/jpeg"}],"author":"Ra\u00fal Torner Martinell","twitter_card":"summary_large_image","twitter_misc":{"Escrito por":"Ra\u00fal Torner Martinell","Tiempo de lectura":"1 minuto"},"schema":{"@context":"https:\/\/schema.org","@graph":[{"@type":"Article","@id":"https:\/\/politicasocial.vinaros.es\/es\/vinaros-ofrecera-una-programacion-especial-con-motivo-del-dia-internacional-contra-la-violencia-de-genero-2021\/#article","isPartOf":{"@id":"https:\/\/politicasocial.vinaros.es\/es\/vinaros-ofrecera-una-programacion-especial-con-motivo-del-dia-internacional-contra-la-violencia-de-genero-2021\/"},"author":{"name":"Ra\u00fal Torner Martinell","@id":"https:\/\/politicasocial.vinaros.es\/es\/#\/schema\/person\/25b8c0c60cdeca0d29acc31758a695da"},"headline":"Vinar\u00f2s ofrecer\u00e1 una programaci\u00f3n especial con motivo del D\u00eda Internacional Contra la Violencia de G\u00e9nero 2021","datePublished":"2021-11-18T09:00:00+00:00","dateModified":"2023-01-04T07:52:38+00:00","mainEntityOfPage":{"@id":"https:\/\/politicasocial.vinaros.es\/es\/vinaros-ofrecera-una-programacion-especial-con-motivo-del-dia-internacional-contra-la-violencia-de-genero-2021\/"},"wordCount":232,"commentCount":0,"image":{"@id":"https:\/\/politicasocial.vinaros.es\/es\/vinaros-ofrecera-una-programacion-especial-con-motivo-del-dia-internacional-contra-la-violencia-de-genero-2021\/#primaryimage"},"thumbnailUrl":"https:\/\/politicasocial.vinaros.es\/wp-content\/uploads\/2023\/01\/serveis-socials-vinaros-vinaros-oferira-programacio-especial-amb-motiu-dia-internacional-contra-la-violencia-de-genere-2021.jpg","articleSection":["Servicios Sociales"],"inLanguage":"es","potentialAction":[{"@type":"CommentAction","name":"Comment","target":["https:\/\/politicasocial.vinaros.es\/es\/vinaros-ofrecera-una-programacion-especial-con-motivo-del-dia-internacional-contra-la-violencia-de-genero-2021\/#respond"]}]},{"@type":"WebPage","@id":"https:\/\/politicasocial.vinaros.es\/es\/vinaros-ofrecera-una-programacion-especial-con-motivo-del-dia-internacional-contra-la-violencia-de-genero-2021\/","url":"https:\/\/politicasocial.vinaros.es\/es\/vinaros-ofrecera-una-programacion-especial-con-motivo-del-dia-internacional-contra-la-violencia-de-genero-2021\/","name":"Vinar\u00f2s ofrecer\u00e1 una programaci\u00f3n especial con motivo del D\u00eda Internacional Contra la Violencia de G\u00e9nero 2021 - Pol\u00edtica Social - Ajuntament de Vinar\u00f2s","isPartOf":{"@id":"https:\/\/politicasocial.vinaros.es\/es\/#website"},"primaryImageOfPage":{"@id":"https:\/\/politicasocial.vinaros.es\/es\/vinaros-ofrecera-una-programacion-especial-con-motivo-del-dia-internacional-contra-la-violencia-de-genero-2021\/#primaryimage"},"image":{"@id":"https:\/\/politicasocial.vinaros.es\/es\/vinaros-ofrecera-una-programacion-especial-con-motivo-del-dia-internacional-contra-la-violencia-de-genero-2021\/#primaryimage"},"thumbnailUrl":"https:\/\/politicasocial.vinaros.es\/wp-content\/uploads\/2023\/01\/serveis-socials-vinaros-vinaros-oferira-programacio-especial-amb-motiu-dia-internacional-contra-la-violencia-de-genere-2021.jpg","datePublished":"2021-11-18T09:00:00+00:00","dateModified":"2023-01-04T07:52:38+00:00","author":{"@id":"https:\/\/politicasocial.vinaros.es\/es\/#\/schema\/person\/25b8c0c60cdeca0d29acc31758a695da"},"breadcrumb":{"@id":"https:\/\/politicasocial.vinaros.es\/es\/vinaros-ofrecera-una-programacion-especial-con-motivo-del-dia-internacional-contra-la-violencia-de-genero-2021\/#breadcrumb"},"inLanguage":"es","potentialAction":[{"@type":"ReadAction","target":["https:\/\/politicasocial.vinaros.es\/es\/vinaros-ofrecera-una-programacion-especial-con-motivo-del-dia-internacional-contra-la-violencia-de-genero-2021\/"]}]},{"@type":"ImageObject","inLanguage":"es","@id":"https:\/\/politicasocial.vinaros.es\/es\/vinaros-ofrecera-una-programacion-especial-con-motivo-del-dia-internacional-contra-la-violencia-de-genero-2021\/#primaryimage","url":"https:\/\/politicasocial.vinaros.es\/wp-content\/uploads\/2023\/01\/serveis-socials-vinaros-vinaros-oferira-programacio-especial-amb-motiu-dia-internacional-contra-la-violencia-de-genere-2021.jpg","contentUrl":"https:\/\/politicasocial.vinaros.es\/wp-content\/uploads\/2023\/01\/serveis-socials-vinaros-vinaros-oferira-programacio-especial-amb-motiu-dia-internacional-contra-la-violencia-de-genere-2021.jpg","width":1098,"height":1938},{"@type":"BreadcrumbList","@id":"https:\/\/politicasocial.vinaros.es\/es\/vinaros-ofrecera-una-programacion-especial-con-motivo-del-dia-internacional-contra-la-violencia-de-genero-2021\/#breadcrumb","itemListElement":[{"@type":"ListItem","position":1,"name":"Inicio","item":"https:\/\/politicasocial.vinaros.es\/es\/"},{"@type":"ListItem","position":2,"name":"Servicios Sociales","item":"https:\/\/politicasocial.vinaros.es\/es\/categoria\/servicios-sociales\/"},{"@type":"ListItem","position":3,"name":"Vinar\u00f2s ofrecer\u00e1 una programaci\u00f3n especial con motivo del D\u00eda Internacional Contra la Violencia de G\u00e9nero 2021"}]},{"@type":"WebSite","@id":"https:\/\/politicasocial.vinaros.es\/es\/#website","url":"https:\/\/politicasocial.vinaros.es\/es\/","name":"Pol\u00edtica Social - Ajuntament de Vinar\u00f2s","description":"Regidoria de Pol\u00edtica Social","potentialAction":[{"@type":"SearchAction","target":{"@type":"EntryPoint","urlTemplate":"https:\/\/politicasocial.vinaros.es\/es\/?s={search_term_string}"},"query-input":{"@type":"PropertyValueSpecification","valueRequired":true,"valueName":"search_term_string"}}],"inLanguage":"es"},{"@type":"Person","@id":"https:\/\/politicasocial.vinaros.es\/es\/#\/schema\/person\/25b8c0c60cdeca0d29acc31758a695da","name":"Ra\u00fal Torner Martinell","image":{"@type":"ImageObject","inLanguage":"es","@id":"https:\/\/politicasocial.vinaros.es\/es\/#\/schema\/person\/image\/","url":"https:\/\/secure.gravatar.com\/avatar\/3716f530378a992b4951fb4809843919506e982d2df14dcde67785574c23e79b?s=96&d=mm&r=g","contentUrl":"https:\/\/secure.gravatar.com\/avatar\/3716f530378a992b4951fb4809843919506e982d2df14dcde67785574c23e79b?s=96&d=mm&r=g","caption":"Ra\u00fal Torner Martinell"},"url":"https:\/\/politicasocial.vinaros.es\/es"}]}},"_links":{"self":[{"href":"https:\/\/politicasocial.vinaros.es\/es\/wp-json\/wp\/v2\/posts\/1271","targetHints":{"allow":["GET"]}}],"collection":[{"href":"https:\/\/politicasocial.vinaros.es\/es\/wp-json\/wp\/v2\/posts"}],"about":[{"href":"https:\/\/politicasocial.vinaros.es\/es\/wp-json\/wp\/v2\/types\/post"}],"author":[{"embeddable":true,"href":"https:\/\/politicasocial.vinaros.es\/es\/wp-json\/wp\/v2\/users\/1"}],"replies":[{"embeddable":true,"href":"https:\/\/politicasocial.vinaros.es\/es\/wp-json\/wp\/v2\/comments?post=1271"}],"version-history":[{"count":1,"href":"https:\/\/politicasocial.vinaros.es\/es\/wp-json\/wp\/v2\/posts\/1271\/revisions"}],"predecessor-version":[{"id":1272,"href":"https:\/\/politicasocial.vinaros.es\/es\/wp-json\/wp\/v2\/posts\/1271\/revisions\/1272"}],"wp:featuredmedia":[{"embeddable":true,"href":"https:\/\/politicasocial.vinaros.es\/es\/wp-json\/wp\/v2\/media\/689"}],"wp:attachment":[{"href":"https:\/\/politicasocial.vinaros.es\/es\/wp-json\/wp\/v2\/media?parent=1271"}],"wp:term":[{"taxonomy":"category","embeddable":true,"href":"https:\/\/politicasocial.vinaros.es\/es\/wp-json\/wp\/v2\/categories?post=1271"},{"taxonomy":"post_tag","embeddable":true,"href":"https:\/\/politicasocial.vinaros.es\/es\/wp-json\/wp\/v2\/tags?post=1271"}],"curies":[{"name":"wp","href":"https:\/\/api.w.org\/{rel}","templated":true}]}}