{"id":1279,"date":"2021-09-21T10:00:00","date_gmt":"2021-09-21T08:00:00","guid":{"rendered":"https:\/\/politicasocial.vinaros.es\/los-equipos-de-atencion-primaria-de-vinaros-y-benicarlo-se-reunen-con-la-directora-general-martinez\/"},"modified":"2023-01-04T09:02:14","modified_gmt":"2023-01-04T08:02:14","slug":"los-equipos-de-atencion-primaria-de-vinaros-y-benicarlo-se-reunen-con-la-directora-general-martinez","status":"publish","type":"post","link":"https:\/\/politicasocial.vinaros.es\/es\/los-equipos-de-atencion-primaria-de-vinaros-y-benicarlo-se-reunen-con-la-directora-general-martinez\/","title":{"rendered":"Los equipos de Atenci\u00f3n Primaria de Vinar\u00f2s y Benicarl\u00f3 se re\u00fanen con la directora general Mart\u00ednez"},"content":{"rendered":"\n<p>El viernes pasado se traslad\u00f3 hasta el Centre del Coneixement del Vinalab la directora general de Atenci\u00f3n Primaria de Servicios Sociales, Merc\u00e9 Mart\u00ednez, para tener una reuni\u00f3n con el alcalde de Vinar\u00f2s, Guillem Alsina y la alcaldesa de Benicarl\u00f3, Xaro Miralles, sobre aplicaci\u00f3n contrato programa, una f\u00f3rmula de financiaci\u00f3n nueva por periodos de cuatro a\u00f1os, 2021-2024. As\u00ed mismo, la visita tambi\u00e9n ha servido para informar, entre otras cosas, de los datos del ritmo valoraciones de dependencia y las II Jornadas del Laboratorio Social provincial Vinar\u00f2s\/Benicarl\u00f3 que se celebrar\u00e1n los d\u00edas 27 y 28 de octubre con todos los equipos de Atenci\u00f3n Primaria de Servicios Sociales Municipales de la Provincia de Castell\u00f3n. <\/p>\n\n<p>Posteriormente, han participado en sesi\u00f3n de trabajo los equipos de Servicios Sociales de los ayuntamientos de Vinar\u00f2s y Benicarl\u00f3, para conocer el nuevo Manual de Organizaci\u00f3n y Funcionamiento de los Servicios Sociales de Atenci\u00f3n Primaria (MOF), para concretar funciones y evitar duplicidades, presentar una visi\u00f3n de conjunto de la entidad y servicios que la componen, siendo un instrumento \u00fatil de orientaci\u00f3n e informaci\u00f3n para profesionales y responsables pol\u00edticos de los planes internos de mejora de calidad que tendr\u00e1n que estar hechos a partir enero 2022.<\/p>\n\n<p>La directora Mart\u00ednez ha destacado que \u201cha sido una reuni\u00f3n muy provechosa para conocer de primera mano la actual situaci\u00f3n de la Atenci\u00f3n Primaria de Servicios Sociales, tanto de Vinar\u00f2s como de Benicarl\u00f3, as\u00ed como saber tambi\u00e9n cu\u00e1les son sus principales necesidades y la fuerza que tienen para resolver problemas a la ciudadan\u00eda\u201d. En este sentido, se\u00f1alaba que las familias que hacen uso de los Servicios Sociales necesitan recursos econ\u00f3micos para mejorar su situaci\u00f3n, pero tambi\u00e9n necesitan mucha intervenci\u00f3n de profesionales calificados para ayudar a las familias con problemas de salud mental, de relaci\u00f3n, j\u00f3venes o gente mayor sola, un aspecto que se ha incrementado con motivo de la pandemia. <\/p>\n\n<p>Por otro lado, Mart\u00ednez tambi\u00e9n ha hablado del contrato programa, un convenio plurianual que se firma entre la Generalitat con los ayuntamientos y mancomunidad, por el cual la Administraci\u00f3n auton\u00f3mica finanza la contrataci\u00f3n de los equipos de servicios sociales municipales. La finalidad es establecer, entre otras, los objetivos, las actuaciones, los indicadores, los mecanismos de evaluaci\u00f3n y la financiaci\u00f3n de estos, de forma que permiten una mayor eficacia y eficiencia en la gesti\u00f3n de estos servicios y programas. <\/p>\n","protected":false},"excerpt":{"rendered":"<p>El viernes pasado se traslad\u00f3 hasta el Centre del Coneixement del Vinalab la directora general de Atenci\u00f3n Primaria de Servicios Sociales, Merc\u00e9 Mart\u00ednez, para tener una reuni\u00f3n con el alcalde de Vinar\u00f2s, Guillem Alsina y la alcaldesa de Benicarl\u00f3, Xaro Miralles, sobre aplicaci\u00f3n contrato programa, una f\u00f3rmula de financiaci\u00f3n nueva por periodos de cuatro a\u00f1os, [&hellip;]<\/p>\n","protected":false},"author":1,"featured_media":710,"comment_status":"open","ping_status":"open","sticky":false,"template":"","format":"standard","meta":{"_acf_changed":false,"inline_featured_image":false,"footnotes":""},"categories":[11],"tags":[],"class_list":["post-1279","post","type-post","status-publish","format-standard","has-post-thumbnail","hentry","category-servicios-sociales"],"acf":[],"yoast_head":"<!-- This site is optimized with the Yoast SEO plugin v27.0 - https:\/\/yoast.com\/product\/yoast-seo-wordpress\/ -->\n<title>Los equipos de Atenci\u00f3n Primaria de Vinar\u00f2s y Benicarl\u00f3 se re\u00fanen con la directora general Mart\u00ednez - Pol\u00edtica Social - Ajuntament de Vinar\u00f2s<\/title>\n<meta name=\"robots\" content=\"index, follow, max-snippet:-1, max-image-preview:large, max-video-preview:-1\" \/>\n<link rel=\"canonical\" href=\"https:\/\/politicasocial.vinaros.es\/es\/los-equipos-de-atencion-primaria-de-vinaros-y-benicarlo-se-reunen-con-la-directora-general-martinez\/\" \/>\n<meta property=\"og:locale\" content=\"es_ES\" \/>\n<meta property=\"og:type\" content=\"article\" \/>\n<meta property=\"og:title\" content=\"Los equipos de Atenci\u00f3n Primaria de Vinar\u00f2s y Benicarl\u00f3 se re\u00fanen con la directora general Mart\u00ednez - Pol\u00edtica Social - Ajuntament de Vinar\u00f2s\" \/>\n<meta property=\"og:description\" content=\"El viernes pasado se traslad\u00f3 hasta el Centre del Coneixement del Vinalab la directora general de Atenci\u00f3n Primaria de Servicios Sociales, Merc\u00e9 Mart\u00ednez, para tener una reuni\u00f3n con el alcalde de Vinar\u00f2s, Guillem Alsina y la alcaldesa de Benicarl\u00f3, Xaro Miralles, sobre aplicaci\u00f3n contrato programa, una f\u00f3rmula de financiaci\u00f3n nueva por periodos de cuatro a\u00f1os, [&hellip;]\" \/>\n<meta property=\"og:url\" content=\"https:\/\/politicasocial.vinaros.es\/es\/los-equipos-de-atencion-primaria-de-vinaros-y-benicarlo-se-reunen-con-la-directora-general-martinez\/\" \/>\n<meta property=\"og:site_name\" content=\"Pol\u00edtica Social - Ajuntament de Vinar\u00f2s\" \/>\n<meta property=\"article:published_time\" content=\"2021-09-21T08:00:00+00:00\" \/>\n<meta property=\"article:modified_time\" content=\"2023-01-04T08:02:14+00:00\" \/>\n<meta property=\"og:image\" content=\"https:\/\/politicasocial.vinaros.es\/wp-content\/uploads\/2023\/01\/serveis-socials-vinaros-els-equips-datencio-primaria-de-vinaros-i-benicarlo-es-reuneixen-amb-la-directora-general-martinez.jpeg\" \/>\n\t<meta property=\"og:image:width\" content=\"480\" \/>\n\t<meta property=\"og:image:height\" content=\"360\" \/>\n\t<meta property=\"og:image:type\" content=\"image\/jpeg\" \/>\n<meta name=\"author\" content=\"Ra\u00fal Torner Martinell\" \/>\n<meta name=\"twitter:card\" content=\"summary_large_image\" \/>\n<meta name=\"twitter:label1\" content=\"Escrito por\" \/>\n\t<meta name=\"twitter:data1\" content=\"Ra\u00fal Torner Martinell\" \/>\n\t<meta name=\"twitter:label2\" content=\"Tiempo de lectura\" \/>\n\t<meta name=\"twitter:data2\" content=\"2 minutos\" \/>\n<script type=\"application\/ld+json\" class=\"yoast-schema-graph\">{\"@context\":\"https:\/\/schema.org\",\"@graph\":[{\"@type\":\"Article\",\"@id\":\"https:\/\/politicasocial.vinaros.es\/es\/los-equipos-de-atencion-primaria-de-vinaros-y-benicarlo-se-reunen-con-la-directora-general-martinez\/#article\",\"isPartOf\":{\"@id\":\"https:\/\/politicasocial.vinaros.es\/es\/los-equipos-de-atencion-primaria-de-vinaros-y-benicarlo-se-reunen-con-la-directora-general-martinez\/\"},\"author\":{\"name\":\"Ra\u00fal Torner Martinell\",\"@id\":\"https:\/\/politicasocial.vinaros.es\/es\/#\/schema\/person\/25b8c0c60cdeca0d29acc31758a695da\"},\"headline\":\"Los equipos de Atenci\u00f3n Primaria de Vinar\u00f2s y Benicarl\u00f3 se re\u00fanen con la directora general Mart\u00ednez\",\"datePublished\":\"2021-09-21T08:00:00+00:00\",\"dateModified\":\"2023-01-04T08:02:14+00:00\",\"mainEntityOfPage\":{\"@id\":\"https:\/\/politicasocial.vinaros.es\/es\/los-equipos-de-atencion-primaria-de-vinaros-y-benicarlo-se-reunen-con-la-directora-general-martinez\/\"},\"wordCount\":448,\"commentCount\":0,\"image\":{\"@id\":\"https:\/\/politicasocial.vinaros.es\/es\/los-equipos-de-atencion-primaria-de-vinaros-y-benicarlo-se-reunen-con-la-directora-general-martinez\/#primaryimage\"},\"thumbnailUrl\":\"https:\/\/politicasocial.vinaros.es\/wp-content\/uploads\/2023\/01\/serveis-socials-vinaros-els-equips-datencio-primaria-de-vinaros-i-benicarlo-es-reuneixen-amb-la-directora-general-martinez.jpeg\",\"articleSection\":[\"Servicios Sociales\"],\"inLanguage\":\"es\",\"potentialAction\":[{\"@type\":\"CommentAction\",\"name\":\"Comment\",\"target\":[\"https:\/\/politicasocial.vinaros.es\/es\/los-equipos-de-atencion-primaria-de-vinaros-y-benicarlo-se-reunen-con-la-directora-general-martinez\/#respond\"]}]},{\"@type\":\"WebPage\",\"@id\":\"https:\/\/politicasocial.vinaros.es\/es\/los-equipos-de-atencion-primaria-de-vinaros-y-benicarlo-se-reunen-con-la-directora-general-martinez\/\",\"url\":\"https:\/\/politicasocial.vinaros.es\/es\/los-equipos-de-atencion-primaria-de-vinaros-y-benicarlo-se-reunen-con-la-directora-general-martinez\/\",\"name\":\"Los equipos de Atenci\u00f3n Primaria de Vinar\u00f2s y Benicarl\u00f3 se re\u00fanen con la directora general Mart\u00ednez - Pol\u00edtica Social - Ajuntament de Vinar\u00f2s\",\"isPartOf\":{\"@id\":\"https:\/\/politicasocial.vinaros.es\/es\/#website\"},\"primaryImageOfPage\":{\"@id\":\"https:\/\/politicasocial.vinaros.es\/es\/los-equipos-de-atencion-primaria-de-vinaros-y-benicarlo-se-reunen-con-la-directora-general-martinez\/#primaryimage\"},\"image\":{\"@id\":\"https:\/\/politicasocial.vinaros.es\/es\/los-equipos-de-atencion-primaria-de-vinaros-y-benicarlo-se-reunen-con-la-directora-general-martinez\/#primaryimage\"},\"thumbnailUrl\":\"https:\/\/politicasocial.vinaros.es\/wp-content\/uploads\/2023\/01\/serveis-socials-vinaros-els-equips-datencio-primaria-de-vinaros-i-benicarlo-es-reuneixen-amb-la-directora-general-martinez.jpeg\",\"datePublished\":\"2021-09-21T08:00:00+00:00\",\"dateModified\":\"2023-01-04T08:02:14+00:00\",\"author\":{\"@id\":\"https:\/\/politicasocial.vinaros.es\/es\/#\/schema\/person\/25b8c0c60cdeca0d29acc31758a695da\"},\"breadcrumb\":{\"@id\":\"https:\/\/politicasocial.vinaros.es\/es\/los-equipos-de-atencion-primaria-de-vinaros-y-benicarlo-se-reunen-con-la-directora-general-martinez\/#breadcrumb\"},\"inLanguage\":\"es\",\"potentialAction\":[{\"@type\":\"ReadAction\",\"target\":[\"https:\/\/politicasocial.vinaros.es\/es\/los-equipos-de-atencion-primaria-de-vinaros-y-benicarlo-se-reunen-con-la-directora-general-martinez\/\"]}]},{\"@type\":\"ImageObject\",\"inLanguage\":\"es\",\"@id\":\"https:\/\/politicasocial.vinaros.es\/es\/los-equipos-de-atencion-primaria-de-vinaros-y-benicarlo-se-reunen-con-la-directora-general-martinez\/#primaryimage\",\"url\":\"https:\/\/politicasocial.vinaros.es\/wp-content\/uploads\/2023\/01\/serveis-socials-vinaros-els-equips-datencio-primaria-de-vinaros-i-benicarlo-es-reuneixen-amb-la-directora-general-martinez.jpeg\",\"contentUrl\":\"https:\/\/politicasocial.vinaros.es\/wp-content\/uploads\/2023\/01\/serveis-socials-vinaros-els-equips-datencio-primaria-de-vinaros-i-benicarlo-es-reuneixen-amb-la-directora-general-martinez.jpeg\",\"width\":480,\"height\":360},{\"@type\":\"BreadcrumbList\",\"@id\":\"https:\/\/politicasocial.vinaros.es\/es\/los-equipos-de-atencion-primaria-de-vinaros-y-benicarlo-se-reunen-con-la-directora-general-martinez\/#breadcrumb\",\"itemListElement\":[{\"@type\":\"ListItem\",\"position\":1,\"name\":\"Inicio\",\"item\":\"https:\/\/politicasocial.vinaros.es\/es\/\"},{\"@type\":\"ListItem\",\"position\":2,\"name\":\"Servicios Sociales\",\"item\":\"https:\/\/politicasocial.vinaros.es\/es\/categoria\/servicios-sociales\/\"},{\"@type\":\"ListItem\",\"position\":3,\"name\":\"Los equipos de Atenci\u00f3n Primaria de Vinar\u00f2s y Benicarl\u00f3 se re\u00fanen con la directora general Mart\u00ednez\"}]},{\"@type\":\"WebSite\",\"@id\":\"https:\/\/politicasocial.vinaros.es\/es\/#website\",\"url\":\"https:\/\/politicasocial.vinaros.es\/es\/\",\"name\":\"Pol\u00edtica Social - Ajuntament de Vinar\u00f2s\",\"description\":\"Regidoria de Pol\u00edtica Social\",\"potentialAction\":[{\"@type\":\"SearchAction\",\"target\":{\"@type\":\"EntryPoint\",\"urlTemplate\":\"https:\/\/politicasocial.vinaros.es\/es\/?s={search_term_string}\"},\"query-input\":{\"@type\":\"PropertyValueSpecification\",\"valueRequired\":true,\"valueName\":\"search_term_string\"}}],\"inLanguage\":\"es\"},{\"@type\":\"Person\",\"@id\":\"https:\/\/politicasocial.vinaros.es\/es\/#\/schema\/person\/25b8c0c60cdeca0d29acc31758a695da\",\"name\":\"Ra\u00fal Torner Martinell\",\"image\":{\"@type\":\"ImageObject\",\"inLanguage\":\"es\",\"@id\":\"https:\/\/politicasocial.vinaros.es\/es\/#\/schema\/person\/image\/\",\"url\":\"https:\/\/secure.gravatar.com\/avatar\/3716f530378a992b4951fb4809843919506e982d2df14dcde67785574c23e79b?s=96&d=mm&r=g\",\"contentUrl\":\"https:\/\/secure.gravatar.com\/avatar\/3716f530378a992b4951fb4809843919506e982d2df14dcde67785574c23e79b?s=96&d=mm&r=g\",\"caption\":\"Ra\u00fal Torner Martinell\"},\"url\":\"https:\/\/politicasocial.vinaros.es\/es\"}]}<\/script>\n<!-- \/ Yoast SEO plugin. -->","yoast_head_json":{"title":"Los equipos de Atenci\u00f3n Primaria de Vinar\u00f2s y Benicarl\u00f3 se re\u00fanen con la directora general Mart\u00ednez - Pol\u00edtica Social - Ajuntament de Vinar\u00f2s","robots":{"index":"index","follow":"follow","max-snippet":"max-snippet:-1","max-image-preview":"max-image-preview:large","max-video-preview":"max-video-preview:-1"},"canonical":"https:\/\/politicasocial.vinaros.es\/es\/los-equipos-de-atencion-primaria-de-vinaros-y-benicarlo-se-reunen-con-la-directora-general-martinez\/","og_locale":"es_ES","og_type":"article","og_title":"Los equipos de Atenci\u00f3n Primaria de Vinar\u00f2s y Benicarl\u00f3 se re\u00fanen con la directora general Mart\u00ednez - Pol\u00edtica Social - Ajuntament de Vinar\u00f2s","og_description":"El viernes pasado se traslad\u00f3 hasta el Centre del Coneixement del Vinalab la directora general de Atenci\u00f3n Primaria de Servicios Sociales, Merc\u00e9 Mart\u00ednez, para tener una reuni\u00f3n con el alcalde de Vinar\u00f2s, Guillem Alsina y la alcaldesa de Benicarl\u00f3, Xaro Miralles, sobre aplicaci\u00f3n contrato programa, una f\u00f3rmula de financiaci\u00f3n nueva por periodos de cuatro a\u00f1os, [&hellip;]","og_url":"https:\/\/politicasocial.vinaros.es\/es\/los-equipos-de-atencion-primaria-de-vinaros-y-benicarlo-se-reunen-con-la-directora-general-martinez\/","og_site_name":"Pol\u00edtica Social - Ajuntament de Vinar\u00f2s","article_published_time":"2021-09-21T08:00:00+00:00","article_modified_time":"2023-01-04T08:02:14+00:00","og_image":[{"width":480,"height":360,"url":"https:\/\/politicasocial.vinaros.es\/wp-content\/uploads\/2023\/01\/serveis-socials-vinaros-els-equips-datencio-primaria-de-vinaros-i-benicarlo-es-reuneixen-amb-la-directora-general-martinez.jpeg","type":"image\/jpeg"}],"author":"Ra\u00fal Torner Martinell","twitter_card":"summary_large_image","twitter_misc":{"Escrito por":"Ra\u00fal Torner Martinell","Tiempo de lectura":"2 minutos"},"schema":{"@context":"https:\/\/schema.org","@graph":[{"@type":"Article","@id":"https:\/\/politicasocial.vinaros.es\/es\/los-equipos-de-atencion-primaria-de-vinaros-y-benicarlo-se-reunen-con-la-directora-general-martinez\/#article","isPartOf":{"@id":"https:\/\/politicasocial.vinaros.es\/es\/los-equipos-de-atencion-primaria-de-vinaros-y-benicarlo-se-reunen-con-la-directora-general-martinez\/"},"author":{"name":"Ra\u00fal Torner Martinell","@id":"https:\/\/politicasocial.vinaros.es\/es\/#\/schema\/person\/25b8c0c60cdeca0d29acc31758a695da"},"headline":"Los equipos de Atenci\u00f3n Primaria de Vinar\u00f2s y Benicarl\u00f3 se re\u00fanen con la directora general Mart\u00ednez","datePublished":"2021-09-21T08:00:00+00:00","dateModified":"2023-01-04T08:02:14+00:00","mainEntityOfPage":{"@id":"https:\/\/politicasocial.vinaros.es\/es\/los-equipos-de-atencion-primaria-de-vinaros-y-benicarlo-se-reunen-con-la-directora-general-martinez\/"},"wordCount":448,"commentCount":0,"image":{"@id":"https:\/\/politicasocial.vinaros.es\/es\/los-equipos-de-atencion-primaria-de-vinaros-y-benicarlo-se-reunen-con-la-directora-general-martinez\/#primaryimage"},"thumbnailUrl":"https:\/\/politicasocial.vinaros.es\/wp-content\/uploads\/2023\/01\/serveis-socials-vinaros-els-equips-datencio-primaria-de-vinaros-i-benicarlo-es-reuneixen-amb-la-directora-general-martinez.jpeg","articleSection":["Servicios Sociales"],"inLanguage":"es","potentialAction":[{"@type":"CommentAction","name":"Comment","target":["https:\/\/politicasocial.vinaros.es\/es\/los-equipos-de-atencion-primaria-de-vinaros-y-benicarlo-se-reunen-con-la-directora-general-martinez\/#respond"]}]},{"@type":"WebPage","@id":"https:\/\/politicasocial.vinaros.es\/es\/los-equipos-de-atencion-primaria-de-vinaros-y-benicarlo-se-reunen-con-la-directora-general-martinez\/","url":"https:\/\/politicasocial.vinaros.es\/es\/los-equipos-de-atencion-primaria-de-vinaros-y-benicarlo-se-reunen-con-la-directora-general-martinez\/","name":"Los equipos de Atenci\u00f3n Primaria de Vinar\u00f2s y Benicarl\u00f3 se re\u00fanen con la directora general Mart\u00ednez - Pol\u00edtica Social - Ajuntament de Vinar\u00f2s","isPartOf":{"@id":"https:\/\/politicasocial.vinaros.es\/es\/#website"},"primaryImageOfPage":{"@id":"https:\/\/politicasocial.vinaros.es\/es\/los-equipos-de-atencion-primaria-de-vinaros-y-benicarlo-se-reunen-con-la-directora-general-martinez\/#primaryimage"},"image":{"@id":"https:\/\/politicasocial.vinaros.es\/es\/los-equipos-de-atencion-primaria-de-vinaros-y-benicarlo-se-reunen-con-la-directora-general-martinez\/#primaryimage"},"thumbnailUrl":"https:\/\/politicasocial.vinaros.es\/wp-content\/uploads\/2023\/01\/serveis-socials-vinaros-els-equips-datencio-primaria-de-vinaros-i-benicarlo-es-reuneixen-amb-la-directora-general-martinez.jpeg","datePublished":"2021-09-21T08:00:00+00:00","dateModified":"2023-01-04T08:02:14+00:00","author":{"@id":"https:\/\/politicasocial.vinaros.es\/es\/#\/schema\/person\/25b8c0c60cdeca0d29acc31758a695da"},"breadcrumb":{"@id":"https:\/\/politicasocial.vinaros.es\/es\/los-equipos-de-atencion-primaria-de-vinaros-y-benicarlo-se-reunen-con-la-directora-general-martinez\/#breadcrumb"},"inLanguage":"es","potentialAction":[{"@type":"ReadAction","target":["https:\/\/politicasocial.vinaros.es\/es\/los-equipos-de-atencion-primaria-de-vinaros-y-benicarlo-se-reunen-con-la-directora-general-martinez\/"]}]},{"@type":"ImageObject","inLanguage":"es","@id":"https:\/\/politicasocial.vinaros.es\/es\/los-equipos-de-atencion-primaria-de-vinaros-y-benicarlo-se-reunen-con-la-directora-general-martinez\/#primaryimage","url":"https:\/\/politicasocial.vinaros.es\/wp-content\/uploads\/2023\/01\/serveis-socials-vinaros-els-equips-datencio-primaria-de-vinaros-i-benicarlo-es-reuneixen-amb-la-directora-general-martinez.jpeg","contentUrl":"https:\/\/politicasocial.vinaros.es\/wp-content\/uploads\/2023\/01\/serveis-socials-vinaros-els-equips-datencio-primaria-de-vinaros-i-benicarlo-es-reuneixen-amb-la-directora-general-martinez.jpeg","width":480,"height":360},{"@type":"BreadcrumbList","@id":"https:\/\/politicasocial.vinaros.es\/es\/los-equipos-de-atencion-primaria-de-vinaros-y-benicarlo-se-reunen-con-la-directora-general-martinez\/#breadcrumb","itemListElement":[{"@type":"ListItem","position":1,"name":"Inicio","item":"https:\/\/politicasocial.vinaros.es\/es\/"},{"@type":"ListItem","position":2,"name":"Servicios Sociales","item":"https:\/\/politicasocial.vinaros.es\/es\/categoria\/servicios-sociales\/"},{"@type":"ListItem","position":3,"name":"Los equipos de Atenci\u00f3n Primaria de Vinar\u00f2s y Benicarl\u00f3 se re\u00fanen con la directora general Mart\u00ednez"}]},{"@type":"WebSite","@id":"https:\/\/politicasocial.vinaros.es\/es\/#website","url":"https:\/\/politicasocial.vinaros.es\/es\/","name":"Pol\u00edtica Social - Ajuntament de Vinar\u00f2s","description":"Regidoria de Pol\u00edtica Social","potentialAction":[{"@type":"SearchAction","target":{"@type":"EntryPoint","urlTemplate":"https:\/\/politicasocial.vinaros.es\/es\/?s={search_term_string}"},"query-input":{"@type":"PropertyValueSpecification","valueRequired":true,"valueName":"search_term_string"}}],"inLanguage":"es"},{"@type":"Person","@id":"https:\/\/politicasocial.vinaros.es\/es\/#\/schema\/person\/25b8c0c60cdeca0d29acc31758a695da","name":"Ra\u00fal Torner Martinell","image":{"@type":"ImageObject","inLanguage":"es","@id":"https:\/\/politicasocial.vinaros.es\/es\/#\/schema\/person\/image\/","url":"https:\/\/secure.gravatar.com\/avatar\/3716f530378a992b4951fb4809843919506e982d2df14dcde67785574c23e79b?s=96&d=mm&r=g","contentUrl":"https:\/\/secure.gravatar.com\/avatar\/3716f530378a992b4951fb4809843919506e982d2df14dcde67785574c23e79b?s=96&d=mm&r=g","caption":"Ra\u00fal Torner Martinell"},"url":"https:\/\/politicasocial.vinaros.es\/es"}]}},"_links":{"self":[{"href":"https:\/\/politicasocial.vinaros.es\/es\/wp-json\/wp\/v2\/posts\/1279","targetHints":{"allow":["GET"]}}],"collection":[{"href":"https:\/\/politicasocial.vinaros.es\/es\/wp-json\/wp\/v2\/posts"}],"about":[{"href":"https:\/\/politicasocial.vinaros.es\/es\/wp-json\/wp\/v2\/types\/post"}],"author":[{"embeddable":true,"href":"https:\/\/politicasocial.vinaros.es\/es\/wp-json\/wp\/v2\/users\/1"}],"replies":[{"embeddable":true,"href":"https:\/\/politicasocial.vinaros.es\/es\/wp-json\/wp\/v2\/comments?post=1279"}],"version-history":[{"count":1,"href":"https:\/\/politicasocial.vinaros.es\/es\/wp-json\/wp\/v2\/posts\/1279\/revisions"}],"predecessor-version":[{"id":1280,"href":"https:\/\/politicasocial.vinaros.es\/es\/wp-json\/wp\/v2\/posts\/1279\/revisions\/1280"}],"wp:featuredmedia":[{"embeddable":true,"href":"https:\/\/politicasocial.vinaros.es\/es\/wp-json\/wp\/v2\/media\/710"}],"wp:attachment":[{"href":"https:\/\/politicasocial.vinaros.es\/es\/wp-json\/wp\/v2\/media?parent=1279"}],"wp:term":[{"taxonomy":"category","embeddable":true,"href":"https:\/\/politicasocial.vinaros.es\/es\/wp-json\/wp\/v2\/categories?post=1279"},{"taxonomy":"post_tag","embeddable":true,"href":"https:\/\/politicasocial.vinaros.es\/es\/wp-json\/wp\/v2\/tags?post=1279"}],"curies":[{"name":"wp","href":"https:\/\/api.w.org\/{rel}","templated":true}]}}