{"id":1285,"date":"2021-08-06T09:00:00","date_gmt":"2021-08-06T07:00:00","guid":{"rendered":"https:\/\/politicasocial.vinaros.es\/la-upcca-pone-en-marcha-la-campana-de-prevencion-este-verano-toca\/"},"modified":"2023-01-04T09:08:34","modified_gmt":"2023-01-04T08:08:34","slug":"la-upcca-pone-en-marcha-la-campana-de-prevencion-este-verano-toca","status":"publish","type":"post","link":"https:\/\/politicasocial.vinaros.es\/es\/la-upcca-pone-en-marcha-la-campana-de-prevencion-este-verano-toca\/","title":{"rendered":"La UPCCA pone en marcha la campa\u00f1a de prevenci\u00f3n \u00abEste verano toca\u00bb"},"content":{"rendered":"\n<p>Desde las Unidades de Prevenci\u00f3n Comunitaria de Conductas Adictivas (UPCCA) de la Comunitat Valenciana somos conscientes de los dif\u00edciles meses que toda la poblaci\u00f3n estamos viviendo como consecuencia de las crisis sanitaria ocasionada por el Covid-19.<\/p>\n\n<p>Durante la pandemia, y especialmente en el confinamiento, disminuyeron las borracheras en la juventud, pasando del 46,2% al 25,3% en los hombres, y del 41,3% al 22,8% en las mujeres. Estas cifras suponen una ca\u00edda del 44% al 23% de media, aproximadamente. Sin embargo, la retirada del estado de alarma pone en riesgo este avance en los comportamientos saludables, aumentando la probabilidad de consumos de riesgo en tiempo de ocio.  <\/p>\n\n<p>Sabemos del esfuerzo hecho por toda la ciudadan\u00eda y, este verano, queremos reconocer especialmente a la juventud. Este sector de la poblaci\u00f3n se ha visto privada de las opciones de ocio comunitario y las relaciones entre iguales, sabiendo de la importancia que estos factores tienen en la adolescencia. Adem\u00e1s, han hecho frente a dos cursos acad\u00e9micos at\u00edpicos, con suspensi\u00f3n de clases presenciales e incertidumbre, lo cual los ha hecho m\u00e1s estresantes si cabe.  <\/p>\n\n<p>Con el fin del estado de alarma y la relajaci\u00f3n de las medidas COVID-19, los y las j\u00f3venes se encuentran con la posibilidad de poder reencontrarse, con el anhelo de recobrar esa ansiada normalidad pre-pandemia, lo que puede favorecer la reaparici\u00f3n del fen\u00f3meno \u201cBotell\u00f3n\u201d, as\u00ed como el consumo de otras drogas, legales e ilegales, y situaciones donde realizar los primeros consumos experimentales.<\/p>\n\n<p>Por este motivo, desde las UPCCA de la Comunitat Valenciana lanzamos la campa\u00f1a \u201cEste verano toca\u201d, con el objetivo de visibilizar y dar continuidad a todas esas conductas saludables que hemos redescubierto y a las que les hemos dedicado m\u00e1s tiempo, esas formas de disfrutar, que en los d\u00edas con noticias tristes nos daban vida: el deporte, la naturaleza, las joyas de nuestra tierra, las conversaciones largas con amigos y amigas, las emociones tranquilas. Todas esas actividades que suponen sumar factores de protecci\u00f3n y restar factores de riesgo en el desarrollo de la juventud. <\/p>\n\n<p>Ahora que podemos salir y disfrutar, este verano toca vivir sin alcohol, sin drogas, con responsabilidad.<\/p>\n","protected":false},"excerpt":{"rendered":"<p>Desde las Unidades de Prevenci\u00f3n Comunitaria de Conductas Adictivas (UPCCA) de la Comunitat Valenciana somos conscientes de los dif\u00edciles meses que toda la poblaci\u00f3n estamos viviendo como consecuencia de las crisis sanitaria ocasionada por el Covid-19. Durante la pandemia, y especialmente en el confinamiento, disminuyeron las borracheras en la juventud, pasando del 46,2% al 25,3% [&hellip;]<\/p>\n","protected":false},"author":1,"featured_media":723,"comment_status":"open","ping_status":"open","sticky":false,"template":"","format":"standard","meta":{"_acf_changed":false,"inline_featured_image":false,"footnotes":""},"categories":[11],"tags":[],"class_list":["post-1285","post","type-post","status-publish","format-standard","has-post-thumbnail","hentry","category-servicios-sociales"],"acf":[],"yoast_head":"<!-- This site is optimized with the Yoast SEO plugin v27.0 - https:\/\/yoast.com\/product\/yoast-seo-wordpress\/ -->\n<title>La UPCCA pone en marcha la campa\u00f1a de prevenci\u00f3n &quot;Este verano toca&quot; - Pol\u00edtica Social - Ajuntament de Vinar\u00f2s<\/title>\n<meta name=\"robots\" content=\"index, follow, max-snippet:-1, max-image-preview:large, max-video-preview:-1\" \/>\n<link rel=\"canonical\" href=\"https:\/\/politicasocial.vinaros.es\/es\/la-upcca-pone-en-marcha-la-campana-de-prevencion-este-verano-toca\/\" \/>\n<meta property=\"og:locale\" content=\"es_ES\" \/>\n<meta property=\"og:type\" content=\"article\" \/>\n<meta property=\"og:title\" content=\"La UPCCA pone en marcha la campa\u00f1a de prevenci\u00f3n &quot;Este verano toca&quot; - Pol\u00edtica Social - Ajuntament de Vinar\u00f2s\" \/>\n<meta property=\"og:description\" content=\"Desde las Unidades de Prevenci\u00f3n Comunitaria de Conductas Adictivas (UPCCA) de la Comunitat Valenciana somos conscientes de los dif\u00edciles meses que toda la poblaci\u00f3n estamos viviendo como consecuencia de las crisis sanitaria ocasionada por el Covid-19. Durante la pandemia, y especialmente en el confinamiento, disminuyeron las borracheras en la juventud, pasando del 46,2% al 25,3% [&hellip;]\" \/>\n<meta property=\"og:url\" content=\"https:\/\/politicasocial.vinaros.es\/es\/la-upcca-pone-en-marcha-la-campana-de-prevencion-este-verano-toca\/\" \/>\n<meta property=\"og:site_name\" content=\"Pol\u00edtica Social - Ajuntament de Vinar\u00f2s\" \/>\n<meta property=\"article:published_time\" content=\"2021-08-06T07:00:00+00:00\" \/>\n<meta property=\"article:modified_time\" content=\"2023-01-04T08:08:34+00:00\" \/>\n<meta property=\"og:image\" content=\"https:\/\/politicasocial.vinaros.es\/wp-content\/uploads\/2023\/01\/serveis-socials-vinaros-la-upcca-posa-en-marxa-la-campanya-de-prevencio-aquest-estiu-toca.jpg\" \/>\n\t<meta property=\"og:image:width\" content=\"474\" \/>\n\t<meta property=\"og:image:height\" content=\"480\" \/>\n\t<meta property=\"og:image:type\" content=\"image\/jpeg\" \/>\n<meta name=\"author\" content=\"Ra\u00fal Torner Martinell\" \/>\n<meta name=\"twitter:card\" content=\"summary_large_image\" \/>\n<meta name=\"twitter:label1\" content=\"Escrito por\" \/>\n\t<meta name=\"twitter:data1\" content=\"Ra\u00fal Torner Martinell\" \/>\n\t<meta name=\"twitter:label2\" content=\"Tiempo de lectura\" \/>\n\t<meta name=\"twitter:data2\" content=\"2 minutos\" \/>\n<script type=\"application\/ld+json\" class=\"yoast-schema-graph\">{\"@context\":\"https:\/\/schema.org\",\"@graph\":[{\"@type\":\"Article\",\"@id\":\"https:\/\/politicasocial.vinaros.es\/es\/la-upcca-pone-en-marcha-la-campana-de-prevencion-este-verano-toca\/#article\",\"isPartOf\":{\"@id\":\"https:\/\/politicasocial.vinaros.es\/es\/la-upcca-pone-en-marcha-la-campana-de-prevencion-este-verano-toca\/\"},\"author\":{\"name\":\"Ra\u00fal Torner Martinell\",\"@id\":\"https:\/\/politicasocial.vinaros.es\/es\/#\/schema\/person\/25b8c0c60cdeca0d29acc31758a695da\"},\"headline\":\"La UPCCA pone en marcha la campa\u00f1a de prevenci\u00f3n \u00abEste verano toca\u00bb\",\"datePublished\":\"2021-08-06T07:00:00+00:00\",\"dateModified\":\"2023-01-04T08:08:34+00:00\",\"mainEntityOfPage\":{\"@id\":\"https:\/\/politicasocial.vinaros.es\/es\/la-upcca-pone-en-marcha-la-campana-de-prevencion-este-verano-toca\/\"},\"wordCount\":379,\"commentCount\":0,\"image\":{\"@id\":\"https:\/\/politicasocial.vinaros.es\/es\/la-upcca-pone-en-marcha-la-campana-de-prevencion-este-verano-toca\/#primaryimage\"},\"thumbnailUrl\":\"https:\/\/politicasocial.vinaros.es\/wp-content\/uploads\/2023\/01\/serveis-socials-vinaros-la-upcca-posa-en-marxa-la-campanya-de-prevencio-aquest-estiu-toca.jpg\",\"articleSection\":[\"Servicios Sociales\"],\"inLanguage\":\"es\",\"potentialAction\":[{\"@type\":\"CommentAction\",\"name\":\"Comment\",\"target\":[\"https:\/\/politicasocial.vinaros.es\/es\/la-upcca-pone-en-marcha-la-campana-de-prevencion-este-verano-toca\/#respond\"]}]},{\"@type\":\"WebPage\",\"@id\":\"https:\/\/politicasocial.vinaros.es\/es\/la-upcca-pone-en-marcha-la-campana-de-prevencion-este-verano-toca\/\",\"url\":\"https:\/\/politicasocial.vinaros.es\/es\/la-upcca-pone-en-marcha-la-campana-de-prevencion-este-verano-toca\/\",\"name\":\"La UPCCA pone en marcha la campa\u00f1a de prevenci\u00f3n \\\"Este verano toca\\\" - Pol\u00edtica Social - Ajuntament de Vinar\u00f2s\",\"isPartOf\":{\"@id\":\"https:\/\/politicasocial.vinaros.es\/es\/#website\"},\"primaryImageOfPage\":{\"@id\":\"https:\/\/politicasocial.vinaros.es\/es\/la-upcca-pone-en-marcha-la-campana-de-prevencion-este-verano-toca\/#primaryimage\"},\"image\":{\"@id\":\"https:\/\/politicasocial.vinaros.es\/es\/la-upcca-pone-en-marcha-la-campana-de-prevencion-este-verano-toca\/#primaryimage\"},\"thumbnailUrl\":\"https:\/\/politicasocial.vinaros.es\/wp-content\/uploads\/2023\/01\/serveis-socials-vinaros-la-upcca-posa-en-marxa-la-campanya-de-prevencio-aquest-estiu-toca.jpg\",\"datePublished\":\"2021-08-06T07:00:00+00:00\",\"dateModified\":\"2023-01-04T08:08:34+00:00\",\"author\":{\"@id\":\"https:\/\/politicasocial.vinaros.es\/es\/#\/schema\/person\/25b8c0c60cdeca0d29acc31758a695da\"},\"breadcrumb\":{\"@id\":\"https:\/\/politicasocial.vinaros.es\/es\/la-upcca-pone-en-marcha-la-campana-de-prevencion-este-verano-toca\/#breadcrumb\"},\"inLanguage\":\"es\",\"potentialAction\":[{\"@type\":\"ReadAction\",\"target\":[\"https:\/\/politicasocial.vinaros.es\/es\/la-upcca-pone-en-marcha-la-campana-de-prevencion-este-verano-toca\/\"]}]},{\"@type\":\"ImageObject\",\"inLanguage\":\"es\",\"@id\":\"https:\/\/politicasocial.vinaros.es\/es\/la-upcca-pone-en-marcha-la-campana-de-prevencion-este-verano-toca\/#primaryimage\",\"url\":\"https:\/\/politicasocial.vinaros.es\/wp-content\/uploads\/2023\/01\/serveis-socials-vinaros-la-upcca-posa-en-marxa-la-campanya-de-prevencio-aquest-estiu-toca.jpg\",\"contentUrl\":\"https:\/\/politicasocial.vinaros.es\/wp-content\/uploads\/2023\/01\/serveis-socials-vinaros-la-upcca-posa-en-marxa-la-campanya-de-prevencio-aquest-estiu-toca.jpg\",\"width\":474,\"height\":480},{\"@type\":\"BreadcrumbList\",\"@id\":\"https:\/\/politicasocial.vinaros.es\/es\/la-upcca-pone-en-marcha-la-campana-de-prevencion-este-verano-toca\/#breadcrumb\",\"itemListElement\":[{\"@type\":\"ListItem\",\"position\":1,\"name\":\"Inicio\",\"item\":\"https:\/\/politicasocial.vinaros.es\/es\/\"},{\"@type\":\"ListItem\",\"position\":2,\"name\":\"Servicios Sociales\",\"item\":\"https:\/\/politicasocial.vinaros.es\/es\/categoria\/servicios-sociales\/\"},{\"@type\":\"ListItem\",\"position\":3,\"name\":\"La UPCCA pone en marcha la campa\u00f1a de prevenci\u00f3n &#8220;Este verano toca&#8221;\"}]},{\"@type\":\"WebSite\",\"@id\":\"https:\/\/politicasocial.vinaros.es\/es\/#website\",\"url\":\"https:\/\/politicasocial.vinaros.es\/es\/\",\"name\":\"Pol\u00edtica Social - Ajuntament de Vinar\u00f2s\",\"description\":\"Regidoria de Pol\u00edtica Social\",\"potentialAction\":[{\"@type\":\"SearchAction\",\"target\":{\"@type\":\"EntryPoint\",\"urlTemplate\":\"https:\/\/politicasocial.vinaros.es\/es\/?s={search_term_string}\"},\"query-input\":{\"@type\":\"PropertyValueSpecification\",\"valueRequired\":true,\"valueName\":\"search_term_string\"}}],\"inLanguage\":\"es\"},{\"@type\":\"Person\",\"@id\":\"https:\/\/politicasocial.vinaros.es\/es\/#\/schema\/person\/25b8c0c60cdeca0d29acc31758a695da\",\"name\":\"Ra\u00fal Torner Martinell\",\"image\":{\"@type\":\"ImageObject\",\"inLanguage\":\"es\",\"@id\":\"https:\/\/politicasocial.vinaros.es\/es\/#\/schema\/person\/image\/\",\"url\":\"https:\/\/secure.gravatar.com\/avatar\/3716f530378a992b4951fb4809843919506e982d2df14dcde67785574c23e79b?s=96&d=mm&r=g\",\"contentUrl\":\"https:\/\/secure.gravatar.com\/avatar\/3716f530378a992b4951fb4809843919506e982d2df14dcde67785574c23e79b?s=96&d=mm&r=g\",\"caption\":\"Ra\u00fal Torner Martinell\"},\"url\":\"https:\/\/politicasocial.vinaros.es\/es\"}]}<\/script>\n<!-- \/ Yoast SEO plugin. -->","yoast_head_json":{"title":"La UPCCA pone en marcha la campa\u00f1a de prevenci\u00f3n \"Este verano toca\" - Pol\u00edtica Social - Ajuntament de Vinar\u00f2s","robots":{"index":"index","follow":"follow","max-snippet":"max-snippet:-1","max-image-preview":"max-image-preview:large","max-video-preview":"max-video-preview:-1"},"canonical":"https:\/\/politicasocial.vinaros.es\/es\/la-upcca-pone-en-marcha-la-campana-de-prevencion-este-verano-toca\/","og_locale":"es_ES","og_type":"article","og_title":"La UPCCA pone en marcha la campa\u00f1a de prevenci\u00f3n \"Este verano toca\" - Pol\u00edtica Social - Ajuntament de Vinar\u00f2s","og_description":"Desde las Unidades de Prevenci\u00f3n Comunitaria de Conductas Adictivas (UPCCA) de la Comunitat Valenciana somos conscientes de los dif\u00edciles meses que toda la poblaci\u00f3n estamos viviendo como consecuencia de las crisis sanitaria ocasionada por el Covid-19. Durante la pandemia, y especialmente en el confinamiento, disminuyeron las borracheras en la juventud, pasando del 46,2% al 25,3% [&hellip;]","og_url":"https:\/\/politicasocial.vinaros.es\/es\/la-upcca-pone-en-marcha-la-campana-de-prevencion-este-verano-toca\/","og_site_name":"Pol\u00edtica Social - Ajuntament de Vinar\u00f2s","article_published_time":"2021-08-06T07:00:00+00:00","article_modified_time":"2023-01-04T08:08:34+00:00","og_image":[{"width":474,"height":480,"url":"https:\/\/politicasocial.vinaros.es\/wp-content\/uploads\/2023\/01\/serveis-socials-vinaros-la-upcca-posa-en-marxa-la-campanya-de-prevencio-aquest-estiu-toca.jpg","type":"image\/jpeg"}],"author":"Ra\u00fal Torner Martinell","twitter_card":"summary_large_image","twitter_misc":{"Escrito por":"Ra\u00fal Torner Martinell","Tiempo de lectura":"2 minutos"},"schema":{"@context":"https:\/\/schema.org","@graph":[{"@type":"Article","@id":"https:\/\/politicasocial.vinaros.es\/es\/la-upcca-pone-en-marcha-la-campana-de-prevencion-este-verano-toca\/#article","isPartOf":{"@id":"https:\/\/politicasocial.vinaros.es\/es\/la-upcca-pone-en-marcha-la-campana-de-prevencion-este-verano-toca\/"},"author":{"name":"Ra\u00fal Torner Martinell","@id":"https:\/\/politicasocial.vinaros.es\/es\/#\/schema\/person\/25b8c0c60cdeca0d29acc31758a695da"},"headline":"La UPCCA pone en marcha la campa\u00f1a de prevenci\u00f3n \u00abEste verano toca\u00bb","datePublished":"2021-08-06T07:00:00+00:00","dateModified":"2023-01-04T08:08:34+00:00","mainEntityOfPage":{"@id":"https:\/\/politicasocial.vinaros.es\/es\/la-upcca-pone-en-marcha-la-campana-de-prevencion-este-verano-toca\/"},"wordCount":379,"commentCount":0,"image":{"@id":"https:\/\/politicasocial.vinaros.es\/es\/la-upcca-pone-en-marcha-la-campana-de-prevencion-este-verano-toca\/#primaryimage"},"thumbnailUrl":"https:\/\/politicasocial.vinaros.es\/wp-content\/uploads\/2023\/01\/serveis-socials-vinaros-la-upcca-posa-en-marxa-la-campanya-de-prevencio-aquest-estiu-toca.jpg","articleSection":["Servicios Sociales"],"inLanguage":"es","potentialAction":[{"@type":"CommentAction","name":"Comment","target":["https:\/\/politicasocial.vinaros.es\/es\/la-upcca-pone-en-marcha-la-campana-de-prevencion-este-verano-toca\/#respond"]}]},{"@type":"WebPage","@id":"https:\/\/politicasocial.vinaros.es\/es\/la-upcca-pone-en-marcha-la-campana-de-prevencion-este-verano-toca\/","url":"https:\/\/politicasocial.vinaros.es\/es\/la-upcca-pone-en-marcha-la-campana-de-prevencion-este-verano-toca\/","name":"La UPCCA pone en marcha la campa\u00f1a de prevenci\u00f3n \"Este verano toca\" - Pol\u00edtica Social - Ajuntament de Vinar\u00f2s","isPartOf":{"@id":"https:\/\/politicasocial.vinaros.es\/es\/#website"},"primaryImageOfPage":{"@id":"https:\/\/politicasocial.vinaros.es\/es\/la-upcca-pone-en-marcha-la-campana-de-prevencion-este-verano-toca\/#primaryimage"},"image":{"@id":"https:\/\/politicasocial.vinaros.es\/es\/la-upcca-pone-en-marcha-la-campana-de-prevencion-este-verano-toca\/#primaryimage"},"thumbnailUrl":"https:\/\/politicasocial.vinaros.es\/wp-content\/uploads\/2023\/01\/serveis-socials-vinaros-la-upcca-posa-en-marxa-la-campanya-de-prevencio-aquest-estiu-toca.jpg","datePublished":"2021-08-06T07:00:00+00:00","dateModified":"2023-01-04T08:08:34+00:00","author":{"@id":"https:\/\/politicasocial.vinaros.es\/es\/#\/schema\/person\/25b8c0c60cdeca0d29acc31758a695da"},"breadcrumb":{"@id":"https:\/\/politicasocial.vinaros.es\/es\/la-upcca-pone-en-marcha-la-campana-de-prevencion-este-verano-toca\/#breadcrumb"},"inLanguage":"es","potentialAction":[{"@type":"ReadAction","target":["https:\/\/politicasocial.vinaros.es\/es\/la-upcca-pone-en-marcha-la-campana-de-prevencion-este-verano-toca\/"]}]},{"@type":"ImageObject","inLanguage":"es","@id":"https:\/\/politicasocial.vinaros.es\/es\/la-upcca-pone-en-marcha-la-campana-de-prevencion-este-verano-toca\/#primaryimage","url":"https:\/\/politicasocial.vinaros.es\/wp-content\/uploads\/2023\/01\/serveis-socials-vinaros-la-upcca-posa-en-marxa-la-campanya-de-prevencio-aquest-estiu-toca.jpg","contentUrl":"https:\/\/politicasocial.vinaros.es\/wp-content\/uploads\/2023\/01\/serveis-socials-vinaros-la-upcca-posa-en-marxa-la-campanya-de-prevencio-aquest-estiu-toca.jpg","width":474,"height":480},{"@type":"BreadcrumbList","@id":"https:\/\/politicasocial.vinaros.es\/es\/la-upcca-pone-en-marcha-la-campana-de-prevencion-este-verano-toca\/#breadcrumb","itemListElement":[{"@type":"ListItem","position":1,"name":"Inicio","item":"https:\/\/politicasocial.vinaros.es\/es\/"},{"@type":"ListItem","position":2,"name":"Servicios Sociales","item":"https:\/\/politicasocial.vinaros.es\/es\/categoria\/servicios-sociales\/"},{"@type":"ListItem","position":3,"name":"La UPCCA pone en marcha la campa\u00f1a de prevenci\u00f3n &#8220;Este verano toca&#8221;"}]},{"@type":"WebSite","@id":"https:\/\/politicasocial.vinaros.es\/es\/#website","url":"https:\/\/politicasocial.vinaros.es\/es\/","name":"Pol\u00edtica Social - Ajuntament de Vinar\u00f2s","description":"Regidoria de Pol\u00edtica Social","potentialAction":[{"@type":"SearchAction","target":{"@type":"EntryPoint","urlTemplate":"https:\/\/politicasocial.vinaros.es\/es\/?s={search_term_string}"},"query-input":{"@type":"PropertyValueSpecification","valueRequired":true,"valueName":"search_term_string"}}],"inLanguage":"es"},{"@type":"Person","@id":"https:\/\/politicasocial.vinaros.es\/es\/#\/schema\/person\/25b8c0c60cdeca0d29acc31758a695da","name":"Ra\u00fal Torner Martinell","image":{"@type":"ImageObject","inLanguage":"es","@id":"https:\/\/politicasocial.vinaros.es\/es\/#\/schema\/person\/image\/","url":"https:\/\/secure.gravatar.com\/avatar\/3716f530378a992b4951fb4809843919506e982d2df14dcde67785574c23e79b?s=96&d=mm&r=g","contentUrl":"https:\/\/secure.gravatar.com\/avatar\/3716f530378a992b4951fb4809843919506e982d2df14dcde67785574c23e79b?s=96&d=mm&r=g","caption":"Ra\u00fal Torner Martinell"},"url":"https:\/\/politicasocial.vinaros.es\/es"}]}},"_links":{"self":[{"href":"https:\/\/politicasocial.vinaros.es\/es\/wp-json\/wp\/v2\/posts\/1285","targetHints":{"allow":["GET"]}}],"collection":[{"href":"https:\/\/politicasocial.vinaros.es\/es\/wp-json\/wp\/v2\/posts"}],"about":[{"href":"https:\/\/politicasocial.vinaros.es\/es\/wp-json\/wp\/v2\/types\/post"}],"author":[{"embeddable":true,"href":"https:\/\/politicasocial.vinaros.es\/es\/wp-json\/wp\/v2\/users\/1"}],"replies":[{"embeddable":true,"href":"https:\/\/politicasocial.vinaros.es\/es\/wp-json\/wp\/v2\/comments?post=1285"}],"version-history":[{"count":1,"href":"https:\/\/politicasocial.vinaros.es\/es\/wp-json\/wp\/v2\/posts\/1285\/revisions"}],"predecessor-version":[{"id":1286,"href":"https:\/\/politicasocial.vinaros.es\/es\/wp-json\/wp\/v2\/posts\/1285\/revisions\/1286"}],"wp:featuredmedia":[{"embeddable":true,"href":"https:\/\/politicasocial.vinaros.es\/es\/wp-json\/wp\/v2\/media\/723"}],"wp:attachment":[{"href":"https:\/\/politicasocial.vinaros.es\/es\/wp-json\/wp\/v2\/media?parent=1285"}],"wp:term":[{"taxonomy":"category","embeddable":true,"href":"https:\/\/politicasocial.vinaros.es\/es\/wp-json\/wp\/v2\/categories?post=1285"},{"taxonomy":"post_tag","embeddable":true,"href":"https:\/\/politicasocial.vinaros.es\/es\/wp-json\/wp\/v2\/tags?post=1285"}],"curies":[{"name":"wp","href":"https:\/\/api.w.org\/{rel}","templated":true}]}}