{"id":1289,"date":"2021-03-25T10:00:00","date_gmt":"2021-03-25T09:00:00","guid":{"rendered":"https:\/\/politicasocial.vinaros.es\/ampliacion-de-los-servicios-de-atencion-del-telefono-016\/"},"modified":"2023-01-04T09:12:16","modified_gmt":"2023-01-04T08:12:16","slug":"ampliacion-de-los-servicios-de-atencion-del-telefono-016","status":"publish","type":"post","link":"https:\/\/politicasocial.vinaros.es\/es\/ampliacion-de-los-servicios-de-atencion-del-telefono-016\/","title":{"rendered":"Ampliaci\u00f3n de los servicios de atenci\u00f3n del tel\u00e9fono 016"},"content":{"rendered":"\n<p>Desde la Regidor\u00eda de Pol\u00edtica Social y Juventud del Ayuntamiento de Vinar\u00f2s se informa que, a partir del mes de marzo, el tel\u00e9fono 016 ampl\u00eda su atenci\u00f3n a todas las formas de violencia de g\u00e9nero expuestas en el Convenio del Consejo de Europa, sobre prevenci\u00f3n y lucha contra la violencia contra las mujeres, conocido como el Convenio de Estambul de 2011, que fue ratificado por Espa\u00f1a en el a\u00f1o 2014: violencia de g\u00e9nero, violencia sexual, acoso y acoso sexual, mutilaci\u00f3n genital femenina, matrimonio forzoso y aborto y esterilizaci\u00f3n forzosos.<\/p>\n\n<p><a href=\"https:\/\/www.facebook.com\/hashtag\/ajuntamentvinar%C3%B2s?__eep__=6&amp;__cft__%5B0%5D=AZWr1_xw0rPOIj_PTYvlpyP5Z6M3SwHt8RVsZ7AhargGDEO8IEQBWNcvPG4gK75Hv0L0gKcw631jT3vftv1-_qj8afKF-sJICzn6-TbLszkl0I8c4O29h1v1ByjQ1DmTpwA2X1yWAW-08YUa6LUVcSAz&amp;__tn__=*NK-R\">#AjuntamentVinar\u00f2s<\/a> <a href=\"https:\/\/www.facebook.com\/hashtag\/vinar%C3%B2ssimplica?__eep__=6&amp;__cft__%5B0%5D=AZWr1_xw0rPOIj_PTYvlpyP5Z6M3SwHt8RVsZ7AhargGDEO8IEQBWNcvPG4gK75Hv0L0gKcw631jT3vftv1-_qj8afKF-sJICzn6-TbLszkl0I8c4O29h1v1ByjQ1DmTpwA2X1yWAW-08YUa6LUVcSAz&amp;__tn__=*NK-R\">#Vinar\u00f2sSimplica<\/a> <a href=\"https:\/\/www.facebook.com\/hashtag\/igualtatvinar%C3%B2s?__eep__=6&amp;__cft__%5B0%5D=AZWr1_xw0rPOIj_PTYvlpyP5Z6M3SwHt8RVsZ7AhargGDEO8IEQBWNcvPG4gK75Hv0L0gKcw631jT3vftv1-_qj8afKF-sJICzn6-TbLszkl0I8c4O29h1v1ByjQ1DmTpwA2X1yWAW-08YUa6LUVcSAz&amp;__tn__=*NK-R\">#IgualtatVinar\u00f2s<\/a><\/p>\n","protected":false},"excerpt":{"rendered":"<p>Desde la Regidor\u00eda de Pol\u00edtica Social y Juventud del Ayuntamiento de Vinar\u00f2s se informa que, a partir del mes de marzo, el tel\u00e9fono 016 ampl\u00eda su atenci\u00f3n a todas las formas de violencia de g\u00e9nero expuestas en el Convenio del Consejo de Europa, sobre prevenci\u00f3n y lucha contra la violencia contra las mujeres, conocido como [&hellip;]<\/p>\n","protected":false},"author":1,"featured_media":731,"comment_status":"open","ping_status":"open","sticky":false,"template":"","format":"standard","meta":{"_acf_changed":false,"inline_featured_image":false,"footnotes":""},"categories":[11],"tags":[],"class_list":["post-1289","post","type-post","status-publish","format-standard","has-post-thumbnail","hentry","category-servicios-sociales"],"acf":[],"yoast_head":"<!-- This site is optimized with the Yoast SEO plugin v27.0 - https:\/\/yoast.com\/product\/yoast-seo-wordpress\/ -->\n<title>Ampliaci\u00f3n de los servicios de atenci\u00f3n del tel\u00e9fono 016 - Pol\u00edtica Social - Ajuntament de Vinar\u00f2s<\/title>\n<meta name=\"robots\" content=\"index, follow, max-snippet:-1, max-image-preview:large, max-video-preview:-1\" \/>\n<link rel=\"canonical\" href=\"https:\/\/politicasocial.vinaros.es\/es\/ampliacion-de-los-servicios-de-atencion-del-telefono-016\/\" \/>\n<meta property=\"og:locale\" content=\"es_ES\" \/>\n<meta property=\"og:type\" content=\"article\" \/>\n<meta property=\"og:title\" content=\"Ampliaci\u00f3n de los servicios de atenci\u00f3n del tel\u00e9fono 016 - Pol\u00edtica Social - Ajuntament de Vinar\u00f2s\" \/>\n<meta property=\"og:description\" content=\"Desde la Regidor\u00eda de Pol\u00edtica Social y Juventud del Ayuntamiento de Vinar\u00f2s se informa que, a partir del mes de marzo, el tel\u00e9fono 016 ampl\u00eda su atenci\u00f3n a todas las formas de violencia de g\u00e9nero expuestas en el Convenio del Consejo de Europa, sobre prevenci\u00f3n y lucha contra la violencia contra las mujeres, conocido como [&hellip;]\" \/>\n<meta property=\"og:url\" content=\"https:\/\/politicasocial.vinaros.es\/es\/ampliacion-de-los-servicios-de-atencion-del-telefono-016\/\" \/>\n<meta property=\"og:site_name\" content=\"Pol\u00edtica Social - Ajuntament de Vinar\u00f2s\" \/>\n<meta property=\"article:published_time\" content=\"2021-03-25T09:00:00+00:00\" \/>\n<meta property=\"article:modified_time\" content=\"2023-01-04T08:12:16+00:00\" \/>\n<meta property=\"og:image\" content=\"https:\/\/politicasocial.vinaros.es\/wp-content\/uploads\/2023\/01\/serveis-socials-vinaros-ampliacio-dels-serveis-datencio-del-telefon-016.jpg\" \/>\n\t<meta property=\"og:image:width\" content=\"1920\" \/>\n\t<meta property=\"og:image:height\" content=\"1384\" \/>\n\t<meta property=\"og:image:type\" content=\"image\/jpeg\" \/>\n<meta name=\"author\" content=\"Ra\u00fal Torner Martinell\" \/>\n<meta name=\"twitter:card\" content=\"summary_large_image\" \/>\n<meta name=\"twitter:label1\" content=\"Escrito por\" \/>\n\t<meta name=\"twitter:data1\" content=\"Ra\u00fal Torner Martinell\" \/>\n\t<meta name=\"twitter:label2\" content=\"Tiempo de lectura\" \/>\n\t<meta name=\"twitter:data2\" content=\"1 minuto\" \/>\n<script type=\"application\/ld+json\" class=\"yoast-schema-graph\">{\"@context\":\"https:\/\/schema.org\",\"@graph\":[{\"@type\":\"Article\",\"@id\":\"https:\/\/politicasocial.vinaros.es\/es\/ampliacion-de-los-servicios-de-atencion-del-telefono-016\/#article\",\"isPartOf\":{\"@id\":\"https:\/\/politicasocial.vinaros.es\/es\/ampliacion-de-los-servicios-de-atencion-del-telefono-016\/\"},\"author\":{\"name\":\"Ra\u00fal Torner Martinell\",\"@id\":\"https:\/\/politicasocial.vinaros.es\/es\/#\/schema\/person\/25b8c0c60cdeca0d29acc31758a695da\"},\"headline\":\"Ampliaci\u00f3n de los servicios de atenci\u00f3n del tel\u00e9fono 016\",\"datePublished\":\"2021-03-25T09:00:00+00:00\",\"dateModified\":\"2023-01-04T08:12:16+00:00\",\"mainEntityOfPage\":{\"@id\":\"https:\/\/politicasocial.vinaros.es\/es\/ampliacion-de-los-servicios-de-atencion-del-telefono-016\/\"},\"wordCount\":116,\"commentCount\":0,\"image\":{\"@id\":\"https:\/\/politicasocial.vinaros.es\/es\/ampliacion-de-los-servicios-de-atencion-del-telefono-016\/#primaryimage\"},\"thumbnailUrl\":\"https:\/\/politicasocial.vinaros.es\/wp-content\/uploads\/2023\/01\/serveis-socials-vinaros-ampliacio-dels-serveis-datencio-del-telefon-016.jpg\",\"articleSection\":[\"Servicios Sociales\"],\"inLanguage\":\"es\",\"potentialAction\":[{\"@type\":\"CommentAction\",\"name\":\"Comment\",\"target\":[\"https:\/\/politicasocial.vinaros.es\/es\/ampliacion-de-los-servicios-de-atencion-del-telefono-016\/#respond\"]}]},{\"@type\":\"WebPage\",\"@id\":\"https:\/\/politicasocial.vinaros.es\/es\/ampliacion-de-los-servicios-de-atencion-del-telefono-016\/\",\"url\":\"https:\/\/politicasocial.vinaros.es\/es\/ampliacion-de-los-servicios-de-atencion-del-telefono-016\/\",\"name\":\"Ampliaci\u00f3n de los servicios de atenci\u00f3n del tel\u00e9fono 016 - Pol\u00edtica Social - Ajuntament de Vinar\u00f2s\",\"isPartOf\":{\"@id\":\"https:\/\/politicasocial.vinaros.es\/es\/#website\"},\"primaryImageOfPage\":{\"@id\":\"https:\/\/politicasocial.vinaros.es\/es\/ampliacion-de-los-servicios-de-atencion-del-telefono-016\/#primaryimage\"},\"image\":{\"@id\":\"https:\/\/politicasocial.vinaros.es\/es\/ampliacion-de-los-servicios-de-atencion-del-telefono-016\/#primaryimage\"},\"thumbnailUrl\":\"https:\/\/politicasocial.vinaros.es\/wp-content\/uploads\/2023\/01\/serveis-socials-vinaros-ampliacio-dels-serveis-datencio-del-telefon-016.jpg\",\"datePublished\":\"2021-03-25T09:00:00+00:00\",\"dateModified\":\"2023-01-04T08:12:16+00:00\",\"author\":{\"@id\":\"https:\/\/politicasocial.vinaros.es\/es\/#\/schema\/person\/25b8c0c60cdeca0d29acc31758a695da\"},\"breadcrumb\":{\"@id\":\"https:\/\/politicasocial.vinaros.es\/es\/ampliacion-de-los-servicios-de-atencion-del-telefono-016\/#breadcrumb\"},\"inLanguage\":\"es\",\"potentialAction\":[{\"@type\":\"ReadAction\",\"target\":[\"https:\/\/politicasocial.vinaros.es\/es\/ampliacion-de-los-servicios-de-atencion-del-telefono-016\/\"]}]},{\"@type\":\"ImageObject\",\"inLanguage\":\"es\",\"@id\":\"https:\/\/politicasocial.vinaros.es\/es\/ampliacion-de-los-servicios-de-atencion-del-telefono-016\/#primaryimage\",\"url\":\"https:\/\/politicasocial.vinaros.es\/wp-content\/uploads\/2023\/01\/serveis-socials-vinaros-ampliacio-dels-serveis-datencio-del-telefon-016.jpg\",\"contentUrl\":\"https:\/\/politicasocial.vinaros.es\/wp-content\/uploads\/2023\/01\/serveis-socials-vinaros-ampliacio-dels-serveis-datencio-del-telefon-016.jpg\",\"width\":1920,\"height\":1384},{\"@type\":\"BreadcrumbList\",\"@id\":\"https:\/\/politicasocial.vinaros.es\/es\/ampliacion-de-los-servicios-de-atencion-del-telefono-016\/#breadcrumb\",\"itemListElement\":[{\"@type\":\"ListItem\",\"position\":1,\"name\":\"Inicio\",\"item\":\"https:\/\/politicasocial.vinaros.es\/es\/\"},{\"@type\":\"ListItem\",\"position\":2,\"name\":\"Servicios Sociales\",\"item\":\"https:\/\/politicasocial.vinaros.es\/es\/categoria\/servicios-sociales\/\"},{\"@type\":\"ListItem\",\"position\":3,\"name\":\"Ampliaci\u00f3n de los servicios de atenci\u00f3n del tel\u00e9fono 016\"}]},{\"@type\":\"WebSite\",\"@id\":\"https:\/\/politicasocial.vinaros.es\/es\/#website\",\"url\":\"https:\/\/politicasocial.vinaros.es\/es\/\",\"name\":\"Pol\u00edtica Social - Ajuntament de Vinar\u00f2s\",\"description\":\"Regidoria de Pol\u00edtica Social\",\"potentialAction\":[{\"@type\":\"SearchAction\",\"target\":{\"@type\":\"EntryPoint\",\"urlTemplate\":\"https:\/\/politicasocial.vinaros.es\/es\/?s={search_term_string}\"},\"query-input\":{\"@type\":\"PropertyValueSpecification\",\"valueRequired\":true,\"valueName\":\"search_term_string\"}}],\"inLanguage\":\"es\"},{\"@type\":\"Person\",\"@id\":\"https:\/\/politicasocial.vinaros.es\/es\/#\/schema\/person\/25b8c0c60cdeca0d29acc31758a695da\",\"name\":\"Ra\u00fal Torner Martinell\",\"image\":{\"@type\":\"ImageObject\",\"inLanguage\":\"es\",\"@id\":\"https:\/\/politicasocial.vinaros.es\/es\/#\/schema\/person\/image\/\",\"url\":\"https:\/\/secure.gravatar.com\/avatar\/3716f530378a992b4951fb4809843919506e982d2df14dcde67785574c23e79b?s=96&d=mm&r=g\",\"contentUrl\":\"https:\/\/secure.gravatar.com\/avatar\/3716f530378a992b4951fb4809843919506e982d2df14dcde67785574c23e79b?s=96&d=mm&r=g\",\"caption\":\"Ra\u00fal Torner Martinell\"},\"url\":\"https:\/\/politicasocial.vinaros.es\/es\"}]}<\/script>\n<!-- \/ Yoast SEO plugin. -->","yoast_head_json":{"title":"Ampliaci\u00f3n de los servicios de atenci\u00f3n del tel\u00e9fono 016 - Pol\u00edtica Social - Ajuntament de Vinar\u00f2s","robots":{"index":"index","follow":"follow","max-snippet":"max-snippet:-1","max-image-preview":"max-image-preview:large","max-video-preview":"max-video-preview:-1"},"canonical":"https:\/\/politicasocial.vinaros.es\/es\/ampliacion-de-los-servicios-de-atencion-del-telefono-016\/","og_locale":"es_ES","og_type":"article","og_title":"Ampliaci\u00f3n de los servicios de atenci\u00f3n del tel\u00e9fono 016 - Pol\u00edtica Social - Ajuntament de Vinar\u00f2s","og_description":"Desde la Regidor\u00eda de Pol\u00edtica Social y Juventud del Ayuntamiento de Vinar\u00f2s se informa que, a partir del mes de marzo, el tel\u00e9fono 016 ampl\u00eda su atenci\u00f3n a todas las formas de violencia de g\u00e9nero expuestas en el Convenio del Consejo de Europa, sobre prevenci\u00f3n y lucha contra la violencia contra las mujeres, conocido como [&hellip;]","og_url":"https:\/\/politicasocial.vinaros.es\/es\/ampliacion-de-los-servicios-de-atencion-del-telefono-016\/","og_site_name":"Pol\u00edtica Social - Ajuntament de Vinar\u00f2s","article_published_time":"2021-03-25T09:00:00+00:00","article_modified_time":"2023-01-04T08:12:16+00:00","og_image":[{"width":1920,"height":1384,"url":"https:\/\/politicasocial.vinaros.es\/wp-content\/uploads\/2023\/01\/serveis-socials-vinaros-ampliacio-dels-serveis-datencio-del-telefon-016.jpg","type":"image\/jpeg"}],"author":"Ra\u00fal Torner Martinell","twitter_card":"summary_large_image","twitter_misc":{"Escrito por":"Ra\u00fal Torner Martinell","Tiempo de lectura":"1 minuto"},"schema":{"@context":"https:\/\/schema.org","@graph":[{"@type":"Article","@id":"https:\/\/politicasocial.vinaros.es\/es\/ampliacion-de-los-servicios-de-atencion-del-telefono-016\/#article","isPartOf":{"@id":"https:\/\/politicasocial.vinaros.es\/es\/ampliacion-de-los-servicios-de-atencion-del-telefono-016\/"},"author":{"name":"Ra\u00fal Torner Martinell","@id":"https:\/\/politicasocial.vinaros.es\/es\/#\/schema\/person\/25b8c0c60cdeca0d29acc31758a695da"},"headline":"Ampliaci\u00f3n de los servicios de atenci\u00f3n del tel\u00e9fono 016","datePublished":"2021-03-25T09:00:00+00:00","dateModified":"2023-01-04T08:12:16+00:00","mainEntityOfPage":{"@id":"https:\/\/politicasocial.vinaros.es\/es\/ampliacion-de-los-servicios-de-atencion-del-telefono-016\/"},"wordCount":116,"commentCount":0,"image":{"@id":"https:\/\/politicasocial.vinaros.es\/es\/ampliacion-de-los-servicios-de-atencion-del-telefono-016\/#primaryimage"},"thumbnailUrl":"https:\/\/politicasocial.vinaros.es\/wp-content\/uploads\/2023\/01\/serveis-socials-vinaros-ampliacio-dels-serveis-datencio-del-telefon-016.jpg","articleSection":["Servicios Sociales"],"inLanguage":"es","potentialAction":[{"@type":"CommentAction","name":"Comment","target":["https:\/\/politicasocial.vinaros.es\/es\/ampliacion-de-los-servicios-de-atencion-del-telefono-016\/#respond"]}]},{"@type":"WebPage","@id":"https:\/\/politicasocial.vinaros.es\/es\/ampliacion-de-los-servicios-de-atencion-del-telefono-016\/","url":"https:\/\/politicasocial.vinaros.es\/es\/ampliacion-de-los-servicios-de-atencion-del-telefono-016\/","name":"Ampliaci\u00f3n de los servicios de atenci\u00f3n del tel\u00e9fono 016 - Pol\u00edtica Social - Ajuntament de Vinar\u00f2s","isPartOf":{"@id":"https:\/\/politicasocial.vinaros.es\/es\/#website"},"primaryImageOfPage":{"@id":"https:\/\/politicasocial.vinaros.es\/es\/ampliacion-de-los-servicios-de-atencion-del-telefono-016\/#primaryimage"},"image":{"@id":"https:\/\/politicasocial.vinaros.es\/es\/ampliacion-de-los-servicios-de-atencion-del-telefono-016\/#primaryimage"},"thumbnailUrl":"https:\/\/politicasocial.vinaros.es\/wp-content\/uploads\/2023\/01\/serveis-socials-vinaros-ampliacio-dels-serveis-datencio-del-telefon-016.jpg","datePublished":"2021-03-25T09:00:00+00:00","dateModified":"2023-01-04T08:12:16+00:00","author":{"@id":"https:\/\/politicasocial.vinaros.es\/es\/#\/schema\/person\/25b8c0c60cdeca0d29acc31758a695da"},"breadcrumb":{"@id":"https:\/\/politicasocial.vinaros.es\/es\/ampliacion-de-los-servicios-de-atencion-del-telefono-016\/#breadcrumb"},"inLanguage":"es","potentialAction":[{"@type":"ReadAction","target":["https:\/\/politicasocial.vinaros.es\/es\/ampliacion-de-los-servicios-de-atencion-del-telefono-016\/"]}]},{"@type":"ImageObject","inLanguage":"es","@id":"https:\/\/politicasocial.vinaros.es\/es\/ampliacion-de-los-servicios-de-atencion-del-telefono-016\/#primaryimage","url":"https:\/\/politicasocial.vinaros.es\/wp-content\/uploads\/2023\/01\/serveis-socials-vinaros-ampliacio-dels-serveis-datencio-del-telefon-016.jpg","contentUrl":"https:\/\/politicasocial.vinaros.es\/wp-content\/uploads\/2023\/01\/serveis-socials-vinaros-ampliacio-dels-serveis-datencio-del-telefon-016.jpg","width":1920,"height":1384},{"@type":"BreadcrumbList","@id":"https:\/\/politicasocial.vinaros.es\/es\/ampliacion-de-los-servicios-de-atencion-del-telefono-016\/#breadcrumb","itemListElement":[{"@type":"ListItem","position":1,"name":"Inicio","item":"https:\/\/politicasocial.vinaros.es\/es\/"},{"@type":"ListItem","position":2,"name":"Servicios Sociales","item":"https:\/\/politicasocial.vinaros.es\/es\/categoria\/servicios-sociales\/"},{"@type":"ListItem","position":3,"name":"Ampliaci\u00f3n de los servicios de atenci\u00f3n del tel\u00e9fono 016"}]},{"@type":"WebSite","@id":"https:\/\/politicasocial.vinaros.es\/es\/#website","url":"https:\/\/politicasocial.vinaros.es\/es\/","name":"Pol\u00edtica Social - Ajuntament de Vinar\u00f2s","description":"Regidoria de Pol\u00edtica Social","potentialAction":[{"@type":"SearchAction","target":{"@type":"EntryPoint","urlTemplate":"https:\/\/politicasocial.vinaros.es\/es\/?s={search_term_string}"},"query-input":{"@type":"PropertyValueSpecification","valueRequired":true,"valueName":"search_term_string"}}],"inLanguage":"es"},{"@type":"Person","@id":"https:\/\/politicasocial.vinaros.es\/es\/#\/schema\/person\/25b8c0c60cdeca0d29acc31758a695da","name":"Ra\u00fal Torner Martinell","image":{"@type":"ImageObject","inLanguage":"es","@id":"https:\/\/politicasocial.vinaros.es\/es\/#\/schema\/person\/image\/","url":"https:\/\/secure.gravatar.com\/avatar\/3716f530378a992b4951fb4809843919506e982d2df14dcde67785574c23e79b?s=96&d=mm&r=g","contentUrl":"https:\/\/secure.gravatar.com\/avatar\/3716f530378a992b4951fb4809843919506e982d2df14dcde67785574c23e79b?s=96&d=mm&r=g","caption":"Ra\u00fal Torner Martinell"},"url":"https:\/\/politicasocial.vinaros.es\/es"}]}},"_links":{"self":[{"href":"https:\/\/politicasocial.vinaros.es\/es\/wp-json\/wp\/v2\/posts\/1289","targetHints":{"allow":["GET"]}}],"collection":[{"href":"https:\/\/politicasocial.vinaros.es\/es\/wp-json\/wp\/v2\/posts"}],"about":[{"href":"https:\/\/politicasocial.vinaros.es\/es\/wp-json\/wp\/v2\/types\/post"}],"author":[{"embeddable":true,"href":"https:\/\/politicasocial.vinaros.es\/es\/wp-json\/wp\/v2\/users\/1"}],"replies":[{"embeddable":true,"href":"https:\/\/politicasocial.vinaros.es\/es\/wp-json\/wp\/v2\/comments?post=1289"}],"version-history":[{"count":1,"href":"https:\/\/politicasocial.vinaros.es\/es\/wp-json\/wp\/v2\/posts\/1289\/revisions"}],"predecessor-version":[{"id":1290,"href":"https:\/\/politicasocial.vinaros.es\/es\/wp-json\/wp\/v2\/posts\/1289\/revisions\/1290"}],"wp:featuredmedia":[{"embeddable":true,"href":"https:\/\/politicasocial.vinaros.es\/es\/wp-json\/wp\/v2\/media\/731"}],"wp:attachment":[{"href":"https:\/\/politicasocial.vinaros.es\/es\/wp-json\/wp\/v2\/media?parent=1289"}],"wp:term":[{"taxonomy":"category","embeddable":true,"href":"https:\/\/politicasocial.vinaros.es\/es\/wp-json\/wp\/v2\/categories?post=1289"},{"taxonomy":"post_tag","embeddable":true,"href":"https:\/\/politicasocial.vinaros.es\/es\/wp-json\/wp\/v2\/tags?post=1289"}],"curies":[{"name":"wp","href":"https:\/\/api.w.org\/{rel}","templated":true}]}}