{"id":1295,"date":"2021-03-02T09:00:00","date_gmt":"2021-03-02T08:00:00","guid":{"rendered":"https:\/\/politicasocial.vinaros.es\/las-upcca-de-la-comunidad-valenciana-celebran-la-i-jornada-en-linea-sobre-prevencion-de-adicciones-con-perspectiva-de-genero\/"},"modified":"2023-01-04T09:15:47","modified_gmt":"2023-01-04T08:15:47","slug":"las-upcca-de-la-comunidad-valenciana-celebran-la-i-jornada-en-linea-sobre-prevencion-de-adicciones-con-perspectiva-de-genero","status":"publish","type":"post","link":"https:\/\/politicasocial.vinaros.es\/es\/las-upcca-de-la-comunidad-valenciana-celebran-la-i-jornada-en-linea-sobre-prevencion-de-adicciones-con-perspectiva-de-genero\/","title":{"rendered":"Las UPCCA de la Comunidad Valenciana celebran la I Jornada en l\u00ednea sobre Prevenci\u00f3n de Adicciones con Perspectiva de G\u00e9nero"},"content":{"rendered":"\n<p>Las unidades de prevenci\u00f3n comunitaria en conductas adictivas de la Comunidad Valenciana preparan para el pr\u00f3ximo d\u00eda 10 de marzo de 2021 la I Jornada de Prevenci\u00f3n de Adicciones con Perspectiva de G\u00e9nero de 17 a 20:30h en l\u00ednea a trav\u00e9s de la plataforma TEAMS.<\/p>\n\n<p>El principal objetivo de la Jornada es concienciar sobre los estereotipos de g\u00e9nero y ampliar la mirada del personal que trabaja en este \u00e1mbito de la prevenci\u00f3n de adicciones para conseguir intervenciones inclusivas y aumentar la calidad de \u00e9stas.<\/p>\n\n<p>Por lo tanto, va dirigida a personal que trabaja la prevenci\u00f3n de adicciones desde cualquier \u00e1mbito y, a t\u00edtulo personal, a cualquier persona interesada. La inscripci\u00f3n es gratuita a trav\u00e9s del siguiente enlace: <a href=\"https:\/\/bit.ly\/37KuVu7.\">https:\/\/bit.ly\/37KuVu7<\/a> <\/p>\n\n<p>El trabajo en red que las UPCCA realizan es ambicioso y pretende unificar criterios y metodolog\u00edas de intervenci\u00f3n y con este encuentro se da un paso m\u00e1s en ese sentido.<\/p>\n\n<p>Ser\u00e1 una jornada de reflexi\u00f3n, entretenimiento y con una nota final de humor.<\/p>\n","protected":false},"excerpt":{"rendered":"<p>Las unidades de prevenci\u00f3n comunitaria en conductas adictivas de la Comunidad Valenciana preparan para el pr\u00f3ximo d\u00eda 10 de marzo de 2021 la I Jornada de Prevenci\u00f3n de Adicciones con Perspectiva de G\u00e9nero de 17 a 20:30h en l\u00ednea a trav\u00e9s de la plataforma TEAMS. El principal objetivo de la Jornada es concienciar sobre los [&hellip;]<\/p>\n","protected":false},"author":1,"featured_media":749,"comment_status":"open","ping_status":"open","sticky":false,"template":"","format":"standard","meta":{"_acf_changed":false,"inline_featured_image":false,"footnotes":""},"categories":[11],"tags":[],"class_list":["post-1295","post","type-post","status-publish","format-standard","has-post-thumbnail","hentry","category-servicios-sociales"],"acf":[],"yoast_head":"<!-- This site is optimized with the Yoast SEO plugin v27.0 - https:\/\/yoast.com\/product\/yoast-seo-wordpress\/ -->\n<title>Las UPCCA de la Comunidad Valenciana celebran la I Jornada en l\u00ednea sobre Prevenci\u00f3n de Adicciones con Perspectiva de G\u00e9nero - Pol\u00edtica Social - Ajuntament de Vinar\u00f2s<\/title>\n<meta name=\"robots\" content=\"index, follow, max-snippet:-1, max-image-preview:large, max-video-preview:-1\" \/>\n<link rel=\"canonical\" href=\"https:\/\/politicasocial.vinaros.es\/es\/las-upcca-de-la-comunidad-valenciana-celebran-la-i-jornada-en-linea-sobre-prevencion-de-adicciones-con-perspectiva-de-genero\/\" \/>\n<meta property=\"og:locale\" content=\"es_ES\" \/>\n<meta property=\"og:type\" content=\"article\" \/>\n<meta property=\"og:title\" content=\"Las UPCCA de la Comunidad Valenciana celebran la I Jornada en l\u00ednea sobre Prevenci\u00f3n de Adicciones con Perspectiva de G\u00e9nero - Pol\u00edtica Social - Ajuntament de Vinar\u00f2s\" \/>\n<meta property=\"og:description\" content=\"Las unidades de prevenci\u00f3n comunitaria en conductas adictivas de la Comunidad Valenciana preparan para el pr\u00f3ximo d\u00eda 10 de marzo de 2021 la I Jornada de Prevenci\u00f3n de Adicciones con Perspectiva de G\u00e9nero de 17 a 20:30h en l\u00ednea a trav\u00e9s de la plataforma TEAMS. El principal objetivo de la Jornada es concienciar sobre los [&hellip;]\" \/>\n<meta property=\"og:url\" content=\"https:\/\/politicasocial.vinaros.es\/es\/las-upcca-de-la-comunidad-valenciana-celebran-la-i-jornada-en-linea-sobre-prevencion-de-adicciones-con-perspectiva-de-genero\/\" \/>\n<meta property=\"og:site_name\" content=\"Pol\u00edtica Social - Ajuntament de Vinar\u00f2s\" \/>\n<meta property=\"article:published_time\" content=\"2021-03-02T08:00:00+00:00\" \/>\n<meta property=\"article:modified_time\" content=\"2023-01-04T08:15:47+00:00\" \/>\n<meta property=\"og:image\" content=\"https:\/\/politicasocial.vinaros.es\/wp-content\/uploads\/2023\/01\/serveis-socials-vinaros-les-upcca-de-la-comunitat-valenciana-celebren-la-i-jornada-en-linia-sobre-prevencio-daddiccions-amb-perspectiva-de-genere.jpg\" \/>\n\t<meta property=\"og:image:width\" content=\"1448\" \/>\n\t<meta property=\"og:image:height\" content=\"2048\" \/>\n\t<meta property=\"og:image:type\" content=\"image\/jpeg\" \/>\n<meta name=\"author\" content=\"Ra\u00fal Torner Martinell\" \/>\n<meta name=\"twitter:card\" content=\"summary_large_image\" \/>\n<meta name=\"twitter:label1\" content=\"Escrito por\" \/>\n\t<meta name=\"twitter:data1\" content=\"Ra\u00fal Torner Martinell\" \/>\n\t<meta name=\"twitter:label2\" content=\"Tiempo de lectura\" \/>\n\t<meta name=\"twitter:data2\" content=\"1 minuto\" \/>\n<script type=\"application\/ld+json\" class=\"yoast-schema-graph\">{\"@context\":\"https:\/\/schema.org\",\"@graph\":[{\"@type\":\"Article\",\"@id\":\"https:\/\/politicasocial.vinaros.es\/es\/las-upcca-de-la-comunidad-valenciana-celebran-la-i-jornada-en-linea-sobre-prevencion-de-adicciones-con-perspectiva-de-genero\/#article\",\"isPartOf\":{\"@id\":\"https:\/\/politicasocial.vinaros.es\/es\/las-upcca-de-la-comunidad-valenciana-celebran-la-i-jornada-en-linea-sobre-prevencion-de-adicciones-con-perspectiva-de-genero\/\"},\"author\":{\"name\":\"Ra\u00fal Torner Martinell\",\"@id\":\"https:\/\/politicasocial.vinaros.es\/es\/#\/schema\/person\/25b8c0c60cdeca0d29acc31758a695da\"},\"headline\":\"Las UPCCA de la Comunidad Valenciana celebran la I Jornada en l\u00ednea sobre Prevenci\u00f3n de Adicciones con Perspectiva de G\u00e9nero\",\"datePublished\":\"2021-03-02T08:00:00+00:00\",\"dateModified\":\"2023-01-04T08:15:47+00:00\",\"mainEntityOfPage\":{\"@id\":\"https:\/\/politicasocial.vinaros.es\/es\/las-upcca-de-la-comunidad-valenciana-celebran-la-i-jornada-en-linea-sobre-prevencion-de-adicciones-con-perspectiva-de-genero\/\"},\"wordCount\":201,\"commentCount\":0,\"image\":{\"@id\":\"https:\/\/politicasocial.vinaros.es\/es\/las-upcca-de-la-comunidad-valenciana-celebran-la-i-jornada-en-linea-sobre-prevencion-de-adicciones-con-perspectiva-de-genero\/#primaryimage\"},\"thumbnailUrl\":\"https:\/\/politicasocial.vinaros.es\/wp-content\/uploads\/2023\/01\/serveis-socials-vinaros-les-upcca-de-la-comunitat-valenciana-celebren-la-i-jornada-en-linia-sobre-prevencio-daddiccions-amb-perspectiva-de-genere.jpg\",\"articleSection\":[\"Servicios Sociales\"],\"inLanguage\":\"es\",\"potentialAction\":[{\"@type\":\"CommentAction\",\"name\":\"Comment\",\"target\":[\"https:\/\/politicasocial.vinaros.es\/es\/las-upcca-de-la-comunidad-valenciana-celebran-la-i-jornada-en-linea-sobre-prevencion-de-adicciones-con-perspectiva-de-genero\/#respond\"]}]},{\"@type\":\"WebPage\",\"@id\":\"https:\/\/politicasocial.vinaros.es\/es\/las-upcca-de-la-comunidad-valenciana-celebran-la-i-jornada-en-linea-sobre-prevencion-de-adicciones-con-perspectiva-de-genero\/\",\"url\":\"https:\/\/politicasocial.vinaros.es\/es\/las-upcca-de-la-comunidad-valenciana-celebran-la-i-jornada-en-linea-sobre-prevencion-de-adicciones-con-perspectiva-de-genero\/\",\"name\":\"Las UPCCA de la Comunidad Valenciana celebran la I Jornada en l\u00ednea sobre Prevenci\u00f3n de Adicciones con Perspectiva de G\u00e9nero - Pol\u00edtica Social - Ajuntament de Vinar\u00f2s\",\"isPartOf\":{\"@id\":\"https:\/\/politicasocial.vinaros.es\/es\/#website\"},\"primaryImageOfPage\":{\"@id\":\"https:\/\/politicasocial.vinaros.es\/es\/las-upcca-de-la-comunidad-valenciana-celebran-la-i-jornada-en-linea-sobre-prevencion-de-adicciones-con-perspectiva-de-genero\/#primaryimage\"},\"image\":{\"@id\":\"https:\/\/politicasocial.vinaros.es\/es\/las-upcca-de-la-comunidad-valenciana-celebran-la-i-jornada-en-linea-sobre-prevencion-de-adicciones-con-perspectiva-de-genero\/#primaryimage\"},\"thumbnailUrl\":\"https:\/\/politicasocial.vinaros.es\/wp-content\/uploads\/2023\/01\/serveis-socials-vinaros-les-upcca-de-la-comunitat-valenciana-celebren-la-i-jornada-en-linia-sobre-prevencio-daddiccions-amb-perspectiva-de-genere.jpg\",\"datePublished\":\"2021-03-02T08:00:00+00:00\",\"dateModified\":\"2023-01-04T08:15:47+00:00\",\"author\":{\"@id\":\"https:\/\/politicasocial.vinaros.es\/es\/#\/schema\/person\/25b8c0c60cdeca0d29acc31758a695da\"},\"breadcrumb\":{\"@id\":\"https:\/\/politicasocial.vinaros.es\/es\/las-upcca-de-la-comunidad-valenciana-celebran-la-i-jornada-en-linea-sobre-prevencion-de-adicciones-con-perspectiva-de-genero\/#breadcrumb\"},\"inLanguage\":\"es\",\"potentialAction\":[{\"@type\":\"ReadAction\",\"target\":[\"https:\/\/politicasocial.vinaros.es\/es\/las-upcca-de-la-comunidad-valenciana-celebran-la-i-jornada-en-linea-sobre-prevencion-de-adicciones-con-perspectiva-de-genero\/\"]}]},{\"@type\":\"ImageObject\",\"inLanguage\":\"es\",\"@id\":\"https:\/\/politicasocial.vinaros.es\/es\/las-upcca-de-la-comunidad-valenciana-celebran-la-i-jornada-en-linea-sobre-prevencion-de-adicciones-con-perspectiva-de-genero\/#primaryimage\",\"url\":\"https:\/\/politicasocial.vinaros.es\/wp-content\/uploads\/2023\/01\/serveis-socials-vinaros-les-upcca-de-la-comunitat-valenciana-celebren-la-i-jornada-en-linia-sobre-prevencio-daddiccions-amb-perspectiva-de-genere.jpg\",\"contentUrl\":\"https:\/\/politicasocial.vinaros.es\/wp-content\/uploads\/2023\/01\/serveis-socials-vinaros-les-upcca-de-la-comunitat-valenciana-celebren-la-i-jornada-en-linia-sobre-prevencio-daddiccions-amb-perspectiva-de-genere.jpg\",\"width\":1448,\"height\":2048},{\"@type\":\"BreadcrumbList\",\"@id\":\"https:\/\/politicasocial.vinaros.es\/es\/las-upcca-de-la-comunidad-valenciana-celebran-la-i-jornada-en-linea-sobre-prevencion-de-adicciones-con-perspectiva-de-genero\/#breadcrumb\",\"itemListElement\":[{\"@type\":\"ListItem\",\"position\":1,\"name\":\"Inicio\",\"item\":\"https:\/\/politicasocial.vinaros.es\/es\/\"},{\"@type\":\"ListItem\",\"position\":2,\"name\":\"Servicios Sociales\",\"item\":\"https:\/\/politicasocial.vinaros.es\/es\/categoria\/servicios-sociales\/\"},{\"@type\":\"ListItem\",\"position\":3,\"name\":\"Las UPCCA de la Comunidad Valenciana celebran la I Jornada en l\u00ednea sobre Prevenci\u00f3n de Adicciones con Perspectiva de G\u00e9nero\"}]},{\"@type\":\"WebSite\",\"@id\":\"https:\/\/politicasocial.vinaros.es\/es\/#website\",\"url\":\"https:\/\/politicasocial.vinaros.es\/es\/\",\"name\":\"Pol\u00edtica Social - Ajuntament de Vinar\u00f2s\",\"description\":\"Regidoria de Pol\u00edtica Social\",\"potentialAction\":[{\"@type\":\"SearchAction\",\"target\":{\"@type\":\"EntryPoint\",\"urlTemplate\":\"https:\/\/politicasocial.vinaros.es\/es\/?s={search_term_string}\"},\"query-input\":{\"@type\":\"PropertyValueSpecification\",\"valueRequired\":true,\"valueName\":\"search_term_string\"}}],\"inLanguage\":\"es\"},{\"@type\":\"Person\",\"@id\":\"https:\/\/politicasocial.vinaros.es\/es\/#\/schema\/person\/25b8c0c60cdeca0d29acc31758a695da\",\"name\":\"Ra\u00fal Torner Martinell\",\"image\":{\"@type\":\"ImageObject\",\"inLanguage\":\"es\",\"@id\":\"https:\/\/politicasocial.vinaros.es\/es\/#\/schema\/person\/image\/\",\"url\":\"https:\/\/secure.gravatar.com\/avatar\/3716f530378a992b4951fb4809843919506e982d2df14dcde67785574c23e79b?s=96&d=mm&r=g\",\"contentUrl\":\"https:\/\/secure.gravatar.com\/avatar\/3716f530378a992b4951fb4809843919506e982d2df14dcde67785574c23e79b?s=96&d=mm&r=g\",\"caption\":\"Ra\u00fal Torner Martinell\"},\"url\":\"https:\/\/politicasocial.vinaros.es\/es\"}]}<\/script>\n<!-- \/ Yoast SEO plugin. -->","yoast_head_json":{"title":"Las UPCCA de la Comunidad Valenciana celebran la I Jornada en l\u00ednea sobre Prevenci\u00f3n de Adicciones con Perspectiva de G\u00e9nero - Pol\u00edtica Social - Ajuntament de Vinar\u00f2s","robots":{"index":"index","follow":"follow","max-snippet":"max-snippet:-1","max-image-preview":"max-image-preview:large","max-video-preview":"max-video-preview:-1"},"canonical":"https:\/\/politicasocial.vinaros.es\/es\/las-upcca-de-la-comunidad-valenciana-celebran-la-i-jornada-en-linea-sobre-prevencion-de-adicciones-con-perspectiva-de-genero\/","og_locale":"es_ES","og_type":"article","og_title":"Las UPCCA de la Comunidad Valenciana celebran la I Jornada en l\u00ednea sobre Prevenci\u00f3n de Adicciones con Perspectiva de G\u00e9nero - Pol\u00edtica Social - Ajuntament de Vinar\u00f2s","og_description":"Las unidades de prevenci\u00f3n comunitaria en conductas adictivas de la Comunidad Valenciana preparan para el pr\u00f3ximo d\u00eda 10 de marzo de 2021 la I Jornada de Prevenci\u00f3n de Adicciones con Perspectiva de G\u00e9nero de 17 a 20:30h en l\u00ednea a trav\u00e9s de la plataforma TEAMS. El principal objetivo de la Jornada es concienciar sobre los [&hellip;]","og_url":"https:\/\/politicasocial.vinaros.es\/es\/las-upcca-de-la-comunidad-valenciana-celebran-la-i-jornada-en-linea-sobre-prevencion-de-adicciones-con-perspectiva-de-genero\/","og_site_name":"Pol\u00edtica Social - Ajuntament de Vinar\u00f2s","article_published_time":"2021-03-02T08:00:00+00:00","article_modified_time":"2023-01-04T08:15:47+00:00","og_image":[{"width":1448,"height":2048,"url":"https:\/\/politicasocial.vinaros.es\/wp-content\/uploads\/2023\/01\/serveis-socials-vinaros-les-upcca-de-la-comunitat-valenciana-celebren-la-i-jornada-en-linia-sobre-prevencio-daddiccions-amb-perspectiva-de-genere.jpg","type":"image\/jpeg"}],"author":"Ra\u00fal Torner Martinell","twitter_card":"summary_large_image","twitter_misc":{"Escrito por":"Ra\u00fal Torner Martinell","Tiempo de lectura":"1 minuto"},"schema":{"@context":"https:\/\/schema.org","@graph":[{"@type":"Article","@id":"https:\/\/politicasocial.vinaros.es\/es\/las-upcca-de-la-comunidad-valenciana-celebran-la-i-jornada-en-linea-sobre-prevencion-de-adicciones-con-perspectiva-de-genero\/#article","isPartOf":{"@id":"https:\/\/politicasocial.vinaros.es\/es\/las-upcca-de-la-comunidad-valenciana-celebran-la-i-jornada-en-linea-sobre-prevencion-de-adicciones-con-perspectiva-de-genero\/"},"author":{"name":"Ra\u00fal Torner Martinell","@id":"https:\/\/politicasocial.vinaros.es\/es\/#\/schema\/person\/25b8c0c60cdeca0d29acc31758a695da"},"headline":"Las UPCCA de la Comunidad Valenciana celebran la I Jornada en l\u00ednea sobre Prevenci\u00f3n de Adicciones con Perspectiva de G\u00e9nero","datePublished":"2021-03-02T08:00:00+00:00","dateModified":"2023-01-04T08:15:47+00:00","mainEntityOfPage":{"@id":"https:\/\/politicasocial.vinaros.es\/es\/las-upcca-de-la-comunidad-valenciana-celebran-la-i-jornada-en-linea-sobre-prevencion-de-adicciones-con-perspectiva-de-genero\/"},"wordCount":201,"commentCount":0,"image":{"@id":"https:\/\/politicasocial.vinaros.es\/es\/las-upcca-de-la-comunidad-valenciana-celebran-la-i-jornada-en-linea-sobre-prevencion-de-adicciones-con-perspectiva-de-genero\/#primaryimage"},"thumbnailUrl":"https:\/\/politicasocial.vinaros.es\/wp-content\/uploads\/2023\/01\/serveis-socials-vinaros-les-upcca-de-la-comunitat-valenciana-celebren-la-i-jornada-en-linia-sobre-prevencio-daddiccions-amb-perspectiva-de-genere.jpg","articleSection":["Servicios Sociales"],"inLanguage":"es","potentialAction":[{"@type":"CommentAction","name":"Comment","target":["https:\/\/politicasocial.vinaros.es\/es\/las-upcca-de-la-comunidad-valenciana-celebran-la-i-jornada-en-linea-sobre-prevencion-de-adicciones-con-perspectiva-de-genero\/#respond"]}]},{"@type":"WebPage","@id":"https:\/\/politicasocial.vinaros.es\/es\/las-upcca-de-la-comunidad-valenciana-celebran-la-i-jornada-en-linea-sobre-prevencion-de-adicciones-con-perspectiva-de-genero\/","url":"https:\/\/politicasocial.vinaros.es\/es\/las-upcca-de-la-comunidad-valenciana-celebran-la-i-jornada-en-linea-sobre-prevencion-de-adicciones-con-perspectiva-de-genero\/","name":"Las UPCCA de la Comunidad Valenciana celebran la I Jornada en l\u00ednea sobre Prevenci\u00f3n de Adicciones con Perspectiva de G\u00e9nero - Pol\u00edtica Social - Ajuntament de Vinar\u00f2s","isPartOf":{"@id":"https:\/\/politicasocial.vinaros.es\/es\/#website"},"primaryImageOfPage":{"@id":"https:\/\/politicasocial.vinaros.es\/es\/las-upcca-de-la-comunidad-valenciana-celebran-la-i-jornada-en-linea-sobre-prevencion-de-adicciones-con-perspectiva-de-genero\/#primaryimage"},"image":{"@id":"https:\/\/politicasocial.vinaros.es\/es\/las-upcca-de-la-comunidad-valenciana-celebran-la-i-jornada-en-linea-sobre-prevencion-de-adicciones-con-perspectiva-de-genero\/#primaryimage"},"thumbnailUrl":"https:\/\/politicasocial.vinaros.es\/wp-content\/uploads\/2023\/01\/serveis-socials-vinaros-les-upcca-de-la-comunitat-valenciana-celebren-la-i-jornada-en-linia-sobre-prevencio-daddiccions-amb-perspectiva-de-genere.jpg","datePublished":"2021-03-02T08:00:00+00:00","dateModified":"2023-01-04T08:15:47+00:00","author":{"@id":"https:\/\/politicasocial.vinaros.es\/es\/#\/schema\/person\/25b8c0c60cdeca0d29acc31758a695da"},"breadcrumb":{"@id":"https:\/\/politicasocial.vinaros.es\/es\/las-upcca-de-la-comunidad-valenciana-celebran-la-i-jornada-en-linea-sobre-prevencion-de-adicciones-con-perspectiva-de-genero\/#breadcrumb"},"inLanguage":"es","potentialAction":[{"@type":"ReadAction","target":["https:\/\/politicasocial.vinaros.es\/es\/las-upcca-de-la-comunidad-valenciana-celebran-la-i-jornada-en-linea-sobre-prevencion-de-adicciones-con-perspectiva-de-genero\/"]}]},{"@type":"ImageObject","inLanguage":"es","@id":"https:\/\/politicasocial.vinaros.es\/es\/las-upcca-de-la-comunidad-valenciana-celebran-la-i-jornada-en-linea-sobre-prevencion-de-adicciones-con-perspectiva-de-genero\/#primaryimage","url":"https:\/\/politicasocial.vinaros.es\/wp-content\/uploads\/2023\/01\/serveis-socials-vinaros-les-upcca-de-la-comunitat-valenciana-celebren-la-i-jornada-en-linia-sobre-prevencio-daddiccions-amb-perspectiva-de-genere.jpg","contentUrl":"https:\/\/politicasocial.vinaros.es\/wp-content\/uploads\/2023\/01\/serveis-socials-vinaros-les-upcca-de-la-comunitat-valenciana-celebren-la-i-jornada-en-linia-sobre-prevencio-daddiccions-amb-perspectiva-de-genere.jpg","width":1448,"height":2048},{"@type":"BreadcrumbList","@id":"https:\/\/politicasocial.vinaros.es\/es\/las-upcca-de-la-comunidad-valenciana-celebran-la-i-jornada-en-linea-sobre-prevencion-de-adicciones-con-perspectiva-de-genero\/#breadcrumb","itemListElement":[{"@type":"ListItem","position":1,"name":"Inicio","item":"https:\/\/politicasocial.vinaros.es\/es\/"},{"@type":"ListItem","position":2,"name":"Servicios Sociales","item":"https:\/\/politicasocial.vinaros.es\/es\/categoria\/servicios-sociales\/"},{"@type":"ListItem","position":3,"name":"Las UPCCA de la Comunidad Valenciana celebran la I Jornada en l\u00ednea sobre Prevenci\u00f3n de Adicciones con Perspectiva de G\u00e9nero"}]},{"@type":"WebSite","@id":"https:\/\/politicasocial.vinaros.es\/es\/#website","url":"https:\/\/politicasocial.vinaros.es\/es\/","name":"Pol\u00edtica Social - Ajuntament de Vinar\u00f2s","description":"Regidoria de Pol\u00edtica Social","potentialAction":[{"@type":"SearchAction","target":{"@type":"EntryPoint","urlTemplate":"https:\/\/politicasocial.vinaros.es\/es\/?s={search_term_string}"},"query-input":{"@type":"PropertyValueSpecification","valueRequired":true,"valueName":"search_term_string"}}],"inLanguage":"es"},{"@type":"Person","@id":"https:\/\/politicasocial.vinaros.es\/es\/#\/schema\/person\/25b8c0c60cdeca0d29acc31758a695da","name":"Ra\u00fal Torner Martinell","image":{"@type":"ImageObject","inLanguage":"es","@id":"https:\/\/politicasocial.vinaros.es\/es\/#\/schema\/person\/image\/","url":"https:\/\/secure.gravatar.com\/avatar\/3716f530378a992b4951fb4809843919506e982d2df14dcde67785574c23e79b?s=96&d=mm&r=g","contentUrl":"https:\/\/secure.gravatar.com\/avatar\/3716f530378a992b4951fb4809843919506e982d2df14dcde67785574c23e79b?s=96&d=mm&r=g","caption":"Ra\u00fal Torner Martinell"},"url":"https:\/\/politicasocial.vinaros.es\/es"}]}},"_links":{"self":[{"href":"https:\/\/politicasocial.vinaros.es\/es\/wp-json\/wp\/v2\/posts\/1295","targetHints":{"allow":["GET"]}}],"collection":[{"href":"https:\/\/politicasocial.vinaros.es\/es\/wp-json\/wp\/v2\/posts"}],"about":[{"href":"https:\/\/politicasocial.vinaros.es\/es\/wp-json\/wp\/v2\/types\/post"}],"author":[{"embeddable":true,"href":"https:\/\/politicasocial.vinaros.es\/es\/wp-json\/wp\/v2\/users\/1"}],"replies":[{"embeddable":true,"href":"https:\/\/politicasocial.vinaros.es\/es\/wp-json\/wp\/v2\/comments?post=1295"}],"version-history":[{"count":1,"href":"https:\/\/politicasocial.vinaros.es\/es\/wp-json\/wp\/v2\/posts\/1295\/revisions"}],"predecessor-version":[{"id":1296,"href":"https:\/\/politicasocial.vinaros.es\/es\/wp-json\/wp\/v2\/posts\/1295\/revisions\/1296"}],"wp:featuredmedia":[{"embeddable":true,"href":"https:\/\/politicasocial.vinaros.es\/es\/wp-json\/wp\/v2\/media\/749"}],"wp:attachment":[{"href":"https:\/\/politicasocial.vinaros.es\/es\/wp-json\/wp\/v2\/media?parent=1295"}],"wp:term":[{"taxonomy":"category","embeddable":true,"href":"https:\/\/politicasocial.vinaros.es\/es\/wp-json\/wp\/v2\/categories?post=1295"},{"taxonomy":"post_tag","embeddable":true,"href":"https:\/\/politicasocial.vinaros.es\/es\/wp-json\/wp\/v2\/tags?post=1295"}],"curies":[{"name":"wp","href":"https:\/\/api.w.org\/{rel}","templated":true}]}}