{"id":1297,"date":"2020-12-22T10:00:00","date_gmt":"2020-12-22T09:00:00","guid":{"rendered":"https:\/\/politicasocial.vinaros.es\/nuevas-medidas-en-la-comunitat-valenciana\/"},"modified":"2023-01-04T09:25:29","modified_gmt":"2023-01-04T08:25:29","slug":"nuevas-medidas-en-la-comunitat-valenciana","status":"publish","type":"post","link":"https:\/\/politicasocial.vinaros.es\/es\/nuevas-medidas-en-la-comunitat-valenciana\/","title":{"rendered":"Nuevas medidas en la Comunitat Valenciana"},"content":{"rendered":"\n<p><strong>Entrada y salida en la Comunitat Valenciana<\/strong><\/p>\n\n<ul class=\"wp-block-list\">\n<li>Cierre Perimetral de la Comunitat Valenciana hasta el 15 de enero de 2021, excepto para aquellos desplazamientos debidamente justificados.<\/li>\n<\/ul>\n\n<p><strong>Horario nocturno<\/strong><\/p>\n\n<ul class=\"wp-block-list\">\n<li>La limitaci\u00f3n de la libertad de circulaci\u00f3n de las personas en horario nocturno ser\u00e1 desde las 23.00 hasta las 6.00 horas, excepto las noches del 24 y 31 de diciembre de 2020 en las que la restricci\u00f3n de movilidad comenzar\u00e1 a las doce de la noche, \u00fanicamente para permitir el regreso al domicilio.<\/li>\n<\/ul>\n\n<p><strong>Permanencia de grupos de personas en espacios p\u00fablicos y privados<\/strong><\/p>\n\n<ul class=\"wp-block-list\">\n<li>Se limita a un m\u00e1ximo de 6 personas las reuniones socio-familiares, excepto entre convivientes. Se recomienda que en estas reuniones no se superen los dos grupos de convivencia. <\/li>\n<\/ul>\n\n<p><strong>Eventos o actividades con concentraci\u00f3n de personas<\/strong><\/p>\n\n<ul class=\"wp-block-list\">\n<li>Los eventos y actividades, que se desarrollen tanto al aire libre como en espacio cerrado, podr\u00e1n celebrarse sin que en ning\u00fan caso puedan superar las 150 personas, incluyendo participantes y organizadores, ni superar el aforo del 50%. No se permiten los espect\u00e1culos itinerantes. <\/li>\n\n\n\n<li>En el caso de los mercados de venta no sedentaria (\u201cmercadillos\u201d), que desarrollan su actividad en la v\u00eda p\u00fablica al aire libre, se podr\u00e1n instalar hasta un m\u00e1ximo del 50% de los puestos habitualmente autorizados, pudiendo aumentar el espacio disponible, de manera que se produzca un efecto equivalente para garantizar que se mantenga la distancia de seguridad y se eviten las aglomeraciones. O alternativamente se podr\u00e1 optar por limitaci\u00f3n y control de aforo al 50% de su capacidad sin limitar el n\u00famero de puestos. <\/li>\n\n\n\n<li>En Navidad se permitir\u00e1n las cabalgatas est\u00e1ticas en lugares donde se pueda controlar el acceso, garantizando siempre el cumplimiento de todas las normas de higiene, uso de mascarilla, distancia de seguridad interpersonal, nivel de aforo y medidas de prevenci\u00f3n.<\/li>\n\n\n\n<li>Tambi\u00e9n se autorizar\u00e1 que los Reyes Magos realicen un recorrido en los pueblos y ciudades a bordo de veh\u00edculos de transporte para que puedan verlo el mayor n\u00famero de ni\u00f1os y ni\u00f1as, evitando aglomeraciones y recomendando a la poblaci\u00f3n el seguimiento desde balcones o acceso a sus viviendas, evitando desplazamientos. No se permite tirar caramelos, ni objetos de la cabalgata a la v\u00eda publica. <\/li>\n<\/ul>\n\n<p><strong>Actividades feriales y parques de atracciones<\/strong><\/p>\n\n<ul class=\"wp-block-list\">\n<li>Los centros feriales, y parques de atracciones pueden abrir al p\u00fablico hasta el l\u00edmite de aforo del 50% en instalaciones cerradas y al aire libre. Se incluye en este apartado los parques tem\u00e1ticos, zool\u00f3gicos, acuarios, safari-park, establecimientos de juegos con armas simuladas. Se establecer\u00e1n sistemas de limitaci\u00f3n y control de aforo.  <\/li>\n<\/ul>\n\n<p><strong>Actividades de gu\u00eda tur\u00edstico<\/strong><\/p>\n\n<ul class=\"wp-block-list\">\n<li>El grupo m\u00e1ximo ser\u00e1 de 15 personas en espacios al aire libre y 10 personas en espacios cerrados, incluyendo al gu\u00eda tur\u00edstico.<\/li>\n<\/ul>\n\n<p><strong>Actividad f\u00edsica y deportiva practicada fuera del \u00e1mbito de los Juegos Deportivos de la Comunitat Valenciana, del campeonato auton\u00f3mico de deportes universitario, del deporte federado y del deporte profesional<\/strong><\/p>\n\n<ul class=\"wp-block-list\">\n<li>Se permitir\u00e1 el uso de vestuarios, manteniendo la distancia de seguridad. No se permitir\u00e1 el uso de duchas. <\/li>\n<\/ul>\n\n<p><strong>Actividad f\u00edsica o deporte fuera de instalaciones deportivas, en medio natural<\/strong><\/p>\n\n<ul class=\"wp-block-list\">\n<li>Se pueden realizar actividades en el medio natural en grupos de hasta 30 personas.<\/li>\n<\/ul>\n\n<p><strong>Actividad en piscinas<\/strong><\/p>\n\n<ul class=\"wp-block-list\">\n<li>Se podr\u00e1 hacer uso de los vestuarios. Pero no se podr\u00e1 hacer uso de las duchas ni de las fuentes de agua. <\/li>\n<\/ul>\n\n<p><strong>Acontecimientos deportivos<\/strong><\/p>\n\n<ul class=\"wp-block-list\">\n<li>La celebraci\u00f3n de los eventos deportivos, entrenamientos o competiciones deportivas no profesionales que se celebren en instalaciones deportivas podr\u00e1n desarrollarse con un aforo de p\u00fablico m\u00e1ximo del 30%, y con un l\u00edmite de 150 personas asistentes.<\/li>\n\n\n\n<li>Los acontecimientos deportivos o competiciones deportivas que se realizan al aire libre en espacios naturales o en la v\u00eda p\u00fablica, tendr\u00e1n que desarrollarse evitando las aglomeraciones de p\u00fablico. En cualquier caso, la celebraci\u00f3n de estos eventos que se celebren al aire libre en espacios naturales o en la v\u00eda p\u00fablica, podr\u00e1n desarrollarse con un aforo de p\u00fablico m\u00e1ximo del 30%, siempre y cuando no se supere el l\u00edmite de 150 personas asistentes. <\/li>\n\n\n\n<li>En caso de instalaciones provisionales de grader\u00edas o delimitaci\u00f3n de espacios reservados al p\u00fablico, se establecer\u00e1 un l\u00edmite aforo de p\u00fablico m\u00e1ximo del 30%, con un l\u00edmite de 150 personas asistentes.<\/li>\n\n\n\n<li>En los eventos deportivos, entrenamientos o competiciones deportivas que se celebren en instalaciones deportivas o al aire libre en espacios naturales o en la v\u00eda p\u00fablica, no podr\u00e1n participar m\u00e1s de 150 personas deportistas.<\/li>\n\n\n\n<li>No podr\u00e1n celebrarse carreras populares t\u00edpicas de la<\/li>\n<\/ul>\n\n<p><strong>Restauraci\u00f3n y hosteler\u00eda<\/strong><\/p>\n\n<ul class=\"wp-block-list\">\n<li>El horario de cierre de los establecimientos de restauraci\u00f3n y hosteler\u00eda ser\u00e1 a las 23.00 horas, excepto las noches del 24 y 31 de diciembre que ser\u00e1 a las 00.00 horas.<\/li>\n\n\n\n<li>La ocupaci\u00f3n de las mesas ser\u00e1 de un n\u00famero m\u00e1ximo de 6 personas.<\/li>\n<\/ul>\n","protected":false},"excerpt":{"rendered":"<p>Entrada y salida en la Comunitat Valenciana Horario nocturno Permanencia de grupos de personas en espacios p\u00fablicos y privados Eventos o actividades con concentraci\u00f3n de personas Actividades feriales y parques de atracciones Actividades de gu\u00eda tur\u00edstico Actividad f\u00edsica y deportiva practicada fuera del \u00e1mbito de los Juegos Deportivos de la Comunitat Valenciana, del campeonato auton\u00f3mico [&hellip;]<\/p>\n","protected":false},"author":1,"featured_media":753,"comment_status":"open","ping_status":"open","sticky":false,"template":"","format":"standard","meta":{"_acf_changed":false,"inline_featured_image":false,"footnotes":""},"categories":[11],"tags":[],"class_list":["post-1297","post","type-post","status-publish","format-standard","has-post-thumbnail","hentry","category-servicios-sociales"],"acf":[],"yoast_head":"<!-- This site is optimized with the Yoast SEO plugin v27.0 - https:\/\/yoast.com\/product\/yoast-seo-wordpress\/ -->\n<title>Nuevas medidas en la Comunitat Valenciana - Pol\u00edtica Social - Ajuntament de Vinar\u00f2s<\/title>\n<meta name=\"robots\" content=\"index, follow, max-snippet:-1, max-image-preview:large, max-video-preview:-1\" \/>\n<link rel=\"canonical\" href=\"https:\/\/politicasocial.vinaros.es\/es\/nuevas-medidas-en-la-comunitat-valenciana\/\" \/>\n<meta property=\"og:locale\" content=\"es_ES\" \/>\n<meta property=\"og:type\" content=\"article\" \/>\n<meta property=\"og:title\" content=\"Nuevas medidas en la Comunitat Valenciana - Pol\u00edtica Social - Ajuntament de Vinar\u00f2s\" \/>\n<meta property=\"og:description\" content=\"Entrada y salida en la Comunitat Valenciana Horario nocturno Permanencia de grupos de personas en espacios p\u00fablicos y privados Eventos o actividades con concentraci\u00f3n de personas Actividades feriales y parques de atracciones Actividades de gu\u00eda tur\u00edstico Actividad f\u00edsica y deportiva practicada fuera del \u00e1mbito de los Juegos Deportivos de la Comunitat Valenciana, del campeonato auton\u00f3mico [&hellip;]\" \/>\n<meta property=\"og:url\" content=\"https:\/\/politicasocial.vinaros.es\/es\/nuevas-medidas-en-la-comunitat-valenciana\/\" \/>\n<meta property=\"og:site_name\" content=\"Pol\u00edtica Social - Ajuntament de Vinar\u00f2s\" \/>\n<meta property=\"article:published_time\" content=\"2020-12-22T09:00:00+00:00\" \/>\n<meta property=\"article:modified_time\" content=\"2023-01-04T08:25:29+00:00\" \/>\n<meta property=\"og:image\" content=\"https:\/\/politicasocial.vinaros.es\/wp-content\/uploads\/2023\/01\/serveis-socials-vinaros-noves-mesures-a-la-comunitat-valenciana.jpg\" \/>\n\t<meta property=\"og:image:width\" content=\"1920\" \/>\n\t<meta property=\"og:image:height\" content=\"1426\" \/>\n\t<meta property=\"og:image:type\" content=\"image\/jpeg\" \/>\n<meta name=\"author\" content=\"Ra\u00fal Torner Martinell\" \/>\n<meta name=\"twitter:card\" content=\"summary_large_image\" \/>\n<meta name=\"twitter:label1\" content=\"Escrito por\" \/>\n\t<meta name=\"twitter:data1\" content=\"Ra\u00fal Torner Martinell\" \/>\n\t<meta name=\"twitter:label2\" content=\"Tiempo de lectura\" \/>\n\t<meta name=\"twitter:data2\" content=\"4 minutos\" \/>\n<script type=\"application\/ld+json\" class=\"yoast-schema-graph\">{\"@context\":\"https:\/\/schema.org\",\"@graph\":[{\"@type\":\"Article\",\"@id\":\"https:\/\/politicasocial.vinaros.es\/es\/nuevas-medidas-en-la-comunitat-valenciana\/#article\",\"isPartOf\":{\"@id\":\"https:\/\/politicasocial.vinaros.es\/es\/nuevas-medidas-en-la-comunitat-valenciana\/\"},\"author\":{\"name\":\"Ra\u00fal Torner Martinell\",\"@id\":\"https:\/\/politicasocial.vinaros.es\/es\/#\/schema\/person\/25b8c0c60cdeca0d29acc31758a695da\"},\"headline\":\"Nuevas medidas en la Comunitat Valenciana\",\"datePublished\":\"2020-12-22T09:00:00+00:00\",\"dateModified\":\"2023-01-04T08:25:29+00:00\",\"mainEntityOfPage\":{\"@id\":\"https:\/\/politicasocial.vinaros.es\/es\/nuevas-medidas-en-la-comunitat-valenciana\/\"},\"wordCount\":819,\"commentCount\":0,\"image\":{\"@id\":\"https:\/\/politicasocial.vinaros.es\/es\/nuevas-medidas-en-la-comunitat-valenciana\/#primaryimage\"},\"thumbnailUrl\":\"https:\/\/politicasocial.vinaros.es\/wp-content\/uploads\/2023\/01\/serveis-socials-vinaros-noves-mesures-a-la-comunitat-valenciana.jpg\",\"articleSection\":[\"Servicios Sociales\"],\"inLanguage\":\"es\",\"potentialAction\":[{\"@type\":\"CommentAction\",\"name\":\"Comment\",\"target\":[\"https:\/\/politicasocial.vinaros.es\/es\/nuevas-medidas-en-la-comunitat-valenciana\/#respond\"]}]},{\"@type\":\"WebPage\",\"@id\":\"https:\/\/politicasocial.vinaros.es\/es\/nuevas-medidas-en-la-comunitat-valenciana\/\",\"url\":\"https:\/\/politicasocial.vinaros.es\/es\/nuevas-medidas-en-la-comunitat-valenciana\/\",\"name\":\"Nuevas medidas en la Comunitat Valenciana - Pol\u00edtica Social - Ajuntament de Vinar\u00f2s\",\"isPartOf\":{\"@id\":\"https:\/\/politicasocial.vinaros.es\/es\/#website\"},\"primaryImageOfPage\":{\"@id\":\"https:\/\/politicasocial.vinaros.es\/es\/nuevas-medidas-en-la-comunitat-valenciana\/#primaryimage\"},\"image\":{\"@id\":\"https:\/\/politicasocial.vinaros.es\/es\/nuevas-medidas-en-la-comunitat-valenciana\/#primaryimage\"},\"thumbnailUrl\":\"https:\/\/politicasocial.vinaros.es\/wp-content\/uploads\/2023\/01\/serveis-socials-vinaros-noves-mesures-a-la-comunitat-valenciana.jpg\",\"datePublished\":\"2020-12-22T09:00:00+00:00\",\"dateModified\":\"2023-01-04T08:25:29+00:00\",\"author\":{\"@id\":\"https:\/\/politicasocial.vinaros.es\/es\/#\/schema\/person\/25b8c0c60cdeca0d29acc31758a695da\"},\"breadcrumb\":{\"@id\":\"https:\/\/politicasocial.vinaros.es\/es\/nuevas-medidas-en-la-comunitat-valenciana\/#breadcrumb\"},\"inLanguage\":\"es\",\"potentialAction\":[{\"@type\":\"ReadAction\",\"target\":[\"https:\/\/politicasocial.vinaros.es\/es\/nuevas-medidas-en-la-comunitat-valenciana\/\"]}]},{\"@type\":\"ImageObject\",\"inLanguage\":\"es\",\"@id\":\"https:\/\/politicasocial.vinaros.es\/es\/nuevas-medidas-en-la-comunitat-valenciana\/#primaryimage\",\"url\":\"https:\/\/politicasocial.vinaros.es\/wp-content\/uploads\/2023\/01\/serveis-socials-vinaros-noves-mesures-a-la-comunitat-valenciana.jpg\",\"contentUrl\":\"https:\/\/politicasocial.vinaros.es\/wp-content\/uploads\/2023\/01\/serveis-socials-vinaros-noves-mesures-a-la-comunitat-valenciana.jpg\",\"width\":1920,\"height\":1426},{\"@type\":\"BreadcrumbList\",\"@id\":\"https:\/\/politicasocial.vinaros.es\/es\/nuevas-medidas-en-la-comunitat-valenciana\/#breadcrumb\",\"itemListElement\":[{\"@type\":\"ListItem\",\"position\":1,\"name\":\"Inicio\",\"item\":\"https:\/\/politicasocial.vinaros.es\/es\/\"},{\"@type\":\"ListItem\",\"position\":2,\"name\":\"Servicios Sociales\",\"item\":\"https:\/\/politicasocial.vinaros.es\/es\/categoria\/servicios-sociales\/\"},{\"@type\":\"ListItem\",\"position\":3,\"name\":\"Nuevas medidas en la Comunitat Valenciana\"}]},{\"@type\":\"WebSite\",\"@id\":\"https:\/\/politicasocial.vinaros.es\/es\/#website\",\"url\":\"https:\/\/politicasocial.vinaros.es\/es\/\",\"name\":\"Pol\u00edtica Social - Ajuntament de Vinar\u00f2s\",\"description\":\"Regidoria de Pol\u00edtica Social\",\"potentialAction\":[{\"@type\":\"SearchAction\",\"target\":{\"@type\":\"EntryPoint\",\"urlTemplate\":\"https:\/\/politicasocial.vinaros.es\/es\/?s={search_term_string}\"},\"query-input\":{\"@type\":\"PropertyValueSpecification\",\"valueRequired\":true,\"valueName\":\"search_term_string\"}}],\"inLanguage\":\"es\"},{\"@type\":\"Person\",\"@id\":\"https:\/\/politicasocial.vinaros.es\/es\/#\/schema\/person\/25b8c0c60cdeca0d29acc31758a695da\",\"name\":\"Ra\u00fal Torner Martinell\",\"image\":{\"@type\":\"ImageObject\",\"inLanguage\":\"es\",\"@id\":\"https:\/\/politicasocial.vinaros.es\/es\/#\/schema\/person\/image\/\",\"url\":\"https:\/\/secure.gravatar.com\/avatar\/3716f530378a992b4951fb4809843919506e982d2df14dcde67785574c23e79b?s=96&d=mm&r=g\",\"contentUrl\":\"https:\/\/secure.gravatar.com\/avatar\/3716f530378a992b4951fb4809843919506e982d2df14dcde67785574c23e79b?s=96&d=mm&r=g\",\"caption\":\"Ra\u00fal Torner Martinell\"},\"url\":\"https:\/\/politicasocial.vinaros.es\/es\"}]}<\/script>\n<!-- \/ Yoast SEO plugin. -->","yoast_head_json":{"title":"Nuevas medidas en la Comunitat Valenciana - Pol\u00edtica Social - Ajuntament de Vinar\u00f2s","robots":{"index":"index","follow":"follow","max-snippet":"max-snippet:-1","max-image-preview":"max-image-preview:large","max-video-preview":"max-video-preview:-1"},"canonical":"https:\/\/politicasocial.vinaros.es\/es\/nuevas-medidas-en-la-comunitat-valenciana\/","og_locale":"es_ES","og_type":"article","og_title":"Nuevas medidas en la Comunitat Valenciana - Pol\u00edtica Social - Ajuntament de Vinar\u00f2s","og_description":"Entrada y salida en la Comunitat Valenciana Horario nocturno Permanencia de grupos de personas en espacios p\u00fablicos y privados Eventos o actividades con concentraci\u00f3n de personas Actividades feriales y parques de atracciones Actividades de gu\u00eda tur\u00edstico Actividad f\u00edsica y deportiva practicada fuera del \u00e1mbito de los Juegos Deportivos de la Comunitat Valenciana, del campeonato auton\u00f3mico [&hellip;]","og_url":"https:\/\/politicasocial.vinaros.es\/es\/nuevas-medidas-en-la-comunitat-valenciana\/","og_site_name":"Pol\u00edtica Social - Ajuntament de Vinar\u00f2s","article_published_time":"2020-12-22T09:00:00+00:00","article_modified_time":"2023-01-04T08:25:29+00:00","og_image":[{"width":1920,"height":1426,"url":"https:\/\/politicasocial.vinaros.es\/wp-content\/uploads\/2023\/01\/serveis-socials-vinaros-noves-mesures-a-la-comunitat-valenciana.jpg","type":"image\/jpeg"}],"author":"Ra\u00fal Torner Martinell","twitter_card":"summary_large_image","twitter_misc":{"Escrito por":"Ra\u00fal Torner Martinell","Tiempo de lectura":"4 minutos"},"schema":{"@context":"https:\/\/schema.org","@graph":[{"@type":"Article","@id":"https:\/\/politicasocial.vinaros.es\/es\/nuevas-medidas-en-la-comunitat-valenciana\/#article","isPartOf":{"@id":"https:\/\/politicasocial.vinaros.es\/es\/nuevas-medidas-en-la-comunitat-valenciana\/"},"author":{"name":"Ra\u00fal Torner Martinell","@id":"https:\/\/politicasocial.vinaros.es\/es\/#\/schema\/person\/25b8c0c60cdeca0d29acc31758a695da"},"headline":"Nuevas medidas en la Comunitat Valenciana","datePublished":"2020-12-22T09:00:00+00:00","dateModified":"2023-01-04T08:25:29+00:00","mainEntityOfPage":{"@id":"https:\/\/politicasocial.vinaros.es\/es\/nuevas-medidas-en-la-comunitat-valenciana\/"},"wordCount":819,"commentCount":0,"image":{"@id":"https:\/\/politicasocial.vinaros.es\/es\/nuevas-medidas-en-la-comunitat-valenciana\/#primaryimage"},"thumbnailUrl":"https:\/\/politicasocial.vinaros.es\/wp-content\/uploads\/2023\/01\/serveis-socials-vinaros-noves-mesures-a-la-comunitat-valenciana.jpg","articleSection":["Servicios Sociales"],"inLanguage":"es","potentialAction":[{"@type":"CommentAction","name":"Comment","target":["https:\/\/politicasocial.vinaros.es\/es\/nuevas-medidas-en-la-comunitat-valenciana\/#respond"]}]},{"@type":"WebPage","@id":"https:\/\/politicasocial.vinaros.es\/es\/nuevas-medidas-en-la-comunitat-valenciana\/","url":"https:\/\/politicasocial.vinaros.es\/es\/nuevas-medidas-en-la-comunitat-valenciana\/","name":"Nuevas medidas en la Comunitat Valenciana - Pol\u00edtica Social - Ajuntament de Vinar\u00f2s","isPartOf":{"@id":"https:\/\/politicasocial.vinaros.es\/es\/#website"},"primaryImageOfPage":{"@id":"https:\/\/politicasocial.vinaros.es\/es\/nuevas-medidas-en-la-comunitat-valenciana\/#primaryimage"},"image":{"@id":"https:\/\/politicasocial.vinaros.es\/es\/nuevas-medidas-en-la-comunitat-valenciana\/#primaryimage"},"thumbnailUrl":"https:\/\/politicasocial.vinaros.es\/wp-content\/uploads\/2023\/01\/serveis-socials-vinaros-noves-mesures-a-la-comunitat-valenciana.jpg","datePublished":"2020-12-22T09:00:00+00:00","dateModified":"2023-01-04T08:25:29+00:00","author":{"@id":"https:\/\/politicasocial.vinaros.es\/es\/#\/schema\/person\/25b8c0c60cdeca0d29acc31758a695da"},"breadcrumb":{"@id":"https:\/\/politicasocial.vinaros.es\/es\/nuevas-medidas-en-la-comunitat-valenciana\/#breadcrumb"},"inLanguage":"es","potentialAction":[{"@type":"ReadAction","target":["https:\/\/politicasocial.vinaros.es\/es\/nuevas-medidas-en-la-comunitat-valenciana\/"]}]},{"@type":"ImageObject","inLanguage":"es","@id":"https:\/\/politicasocial.vinaros.es\/es\/nuevas-medidas-en-la-comunitat-valenciana\/#primaryimage","url":"https:\/\/politicasocial.vinaros.es\/wp-content\/uploads\/2023\/01\/serveis-socials-vinaros-noves-mesures-a-la-comunitat-valenciana.jpg","contentUrl":"https:\/\/politicasocial.vinaros.es\/wp-content\/uploads\/2023\/01\/serveis-socials-vinaros-noves-mesures-a-la-comunitat-valenciana.jpg","width":1920,"height":1426},{"@type":"BreadcrumbList","@id":"https:\/\/politicasocial.vinaros.es\/es\/nuevas-medidas-en-la-comunitat-valenciana\/#breadcrumb","itemListElement":[{"@type":"ListItem","position":1,"name":"Inicio","item":"https:\/\/politicasocial.vinaros.es\/es\/"},{"@type":"ListItem","position":2,"name":"Servicios Sociales","item":"https:\/\/politicasocial.vinaros.es\/es\/categoria\/servicios-sociales\/"},{"@type":"ListItem","position":3,"name":"Nuevas medidas en la Comunitat Valenciana"}]},{"@type":"WebSite","@id":"https:\/\/politicasocial.vinaros.es\/es\/#website","url":"https:\/\/politicasocial.vinaros.es\/es\/","name":"Pol\u00edtica Social - Ajuntament de Vinar\u00f2s","description":"Regidoria de Pol\u00edtica Social","potentialAction":[{"@type":"SearchAction","target":{"@type":"EntryPoint","urlTemplate":"https:\/\/politicasocial.vinaros.es\/es\/?s={search_term_string}"},"query-input":{"@type":"PropertyValueSpecification","valueRequired":true,"valueName":"search_term_string"}}],"inLanguage":"es"},{"@type":"Person","@id":"https:\/\/politicasocial.vinaros.es\/es\/#\/schema\/person\/25b8c0c60cdeca0d29acc31758a695da","name":"Ra\u00fal Torner Martinell","image":{"@type":"ImageObject","inLanguage":"es","@id":"https:\/\/politicasocial.vinaros.es\/es\/#\/schema\/person\/image\/","url":"https:\/\/secure.gravatar.com\/avatar\/3716f530378a992b4951fb4809843919506e982d2df14dcde67785574c23e79b?s=96&d=mm&r=g","contentUrl":"https:\/\/secure.gravatar.com\/avatar\/3716f530378a992b4951fb4809843919506e982d2df14dcde67785574c23e79b?s=96&d=mm&r=g","caption":"Ra\u00fal Torner Martinell"},"url":"https:\/\/politicasocial.vinaros.es\/es"}]}},"_links":{"self":[{"href":"https:\/\/politicasocial.vinaros.es\/es\/wp-json\/wp\/v2\/posts\/1297","targetHints":{"allow":["GET"]}}],"collection":[{"href":"https:\/\/politicasocial.vinaros.es\/es\/wp-json\/wp\/v2\/posts"}],"about":[{"href":"https:\/\/politicasocial.vinaros.es\/es\/wp-json\/wp\/v2\/types\/post"}],"author":[{"embeddable":true,"href":"https:\/\/politicasocial.vinaros.es\/es\/wp-json\/wp\/v2\/users\/1"}],"replies":[{"embeddable":true,"href":"https:\/\/politicasocial.vinaros.es\/es\/wp-json\/wp\/v2\/comments?post=1297"}],"version-history":[{"count":1,"href":"https:\/\/politicasocial.vinaros.es\/es\/wp-json\/wp\/v2\/posts\/1297\/revisions"}],"predecessor-version":[{"id":1298,"href":"https:\/\/politicasocial.vinaros.es\/es\/wp-json\/wp\/v2\/posts\/1297\/revisions\/1298"}],"wp:featuredmedia":[{"embeddable":true,"href":"https:\/\/politicasocial.vinaros.es\/es\/wp-json\/wp\/v2\/media\/753"}],"wp:attachment":[{"href":"https:\/\/politicasocial.vinaros.es\/es\/wp-json\/wp\/v2\/media?parent=1297"}],"wp:term":[{"taxonomy":"category","embeddable":true,"href":"https:\/\/politicasocial.vinaros.es\/es\/wp-json\/wp\/v2\/categories?post=1297"},{"taxonomy":"post_tag","embeddable":true,"href":"https:\/\/politicasocial.vinaros.es\/es\/wp-json\/wp\/v2\/tags?post=1297"}],"curies":[{"name":"wp","href":"https:\/\/api.w.org\/{rel}","templated":true}]}}