{"id":1305,"date":"2020-11-25T11:00:00","date_gmt":"2020-11-25T10:00:00","guid":{"rendered":"https:\/\/politicasocial.vinaros.es\/implicate-ante-la-violencia-de-genero-no-des-la-espalda\/"},"modified":"2023-01-04T10:49:32","modified_gmt":"2023-01-04T09:49:32","slug":"implicate-ante-la-violencia-de-genero-no-des-la-espalda","status":"publish","type":"post","link":"https:\/\/politicasocial.vinaros.es\/es\/implicate-ante-la-violencia-de-genero-no-des-la-espalda\/","title":{"rendered":"Impl\u00edcate ante la violencia de g\u00e9nero no des la espalda"},"content":{"rendered":"\n<p>Esta semana se conmemora en todo el mundo el 25N, D\u00eda Internacional para la eliminaci\u00f3n de la violencia contra las mujeres. En Vinar\u00f2s, como todos los a\u00f1os, el Ayuntamiento quiere recordar y trasladar su apoyo a todas las mujeres que han sufrido y sufren esta lacra. <\/p>\n\n<p>Este programa tiene como principal objetivo desarrollar medidas contempladas en el Pacto de Estado contra la Violencia de G\u00e9nero, mediante la ejecuci\u00f3n de diferentes actuaciones financiadas con estos fondos.<\/p>\n\n<p>Los objetivos del programa son concienciar y sensibilizar a la ciudadan\u00eda sobre el fen\u00f3meno de la violencia de g\u00e9nero y sobretodo visibilizar un problema social grave, buscando la implicaci\u00f3n de la ciudadan\u00eda.<\/p>\n\n<p>Este a\u00f1o se ha optado preferentemente en un formato m\u00e1s corto y online debido a la situaci\u00f3n en la que nos encontramos, a excepci\u00f3n de la Conferencia formativa a cargo de Marina Marroqu\u00ed, que se realizar\u00e1 de manera presencial, previa recogida de entradas numeradas y donde se deber\u00e1n cumplir las medidas de seguridad que en cada momento fijen las autoridades competentes debido al covid-19.<\/p>\n\n<p>Las actividades van dirigidas a la ciudadan\u00eda en general y son gratuitas y de libre acceso.<\/p>\n\n<p>Se puede consultar la programaci\u00f3n en el archivo adjunto y en las redes sociales y p\u00e1gina web del Ayuntamiento de Vinar\u00f2s, <a href=\"https:\/\/www.vinaros.es\/\">https:\/\/www.vinaros.es<\/a><\/p>\n\n<p>#Vinar\u00f2sSimplicaContralaViol\u00e8nciaDeG\u00e8nere #NiunaM\u00e9s.<\/p>\n","protected":false},"excerpt":{"rendered":"<p>Esta semana se conmemora en todo el mundo el 25N, D\u00eda Internacional para la eliminaci\u00f3n de la violencia contra las mujeres. En Vinar\u00f2s, como todos los a\u00f1os, el Ayuntamiento quiere recordar y trasladar su apoyo a todas las mujeres que han sufrido y sufren esta lacra. Este programa tiene como principal objetivo desarrollar medidas contempladas [&hellip;]<\/p>\n","protected":false},"author":1,"featured_media":772,"comment_status":"open","ping_status":"open","sticky":false,"template":"","format":"standard","meta":{"_acf_changed":false,"inline_featured_image":false,"footnotes":""},"categories":[11],"tags":[],"class_list":["post-1305","post","type-post","status-publish","format-standard","has-post-thumbnail","hentry","category-servicios-sociales"],"acf":[],"yoast_head":"<!-- This site is optimized with the Yoast SEO plugin v27.0 - https:\/\/yoast.com\/product\/yoast-seo-wordpress\/ -->\n<title>Impl\u00edcate ante la violencia de g\u00e9nero no des la espalda - Pol\u00edtica Social - Ajuntament de Vinar\u00f2s<\/title>\n<meta name=\"robots\" content=\"index, follow, max-snippet:-1, max-image-preview:large, max-video-preview:-1\" \/>\n<link rel=\"canonical\" href=\"https:\/\/politicasocial.vinaros.es\/es\/implicate-ante-la-violencia-de-genero-no-des-la-espalda\/\" \/>\n<meta property=\"og:locale\" content=\"es_ES\" \/>\n<meta property=\"og:type\" content=\"article\" \/>\n<meta property=\"og:title\" content=\"Impl\u00edcate ante la violencia de g\u00e9nero no des la espalda - Pol\u00edtica Social - Ajuntament de Vinar\u00f2s\" \/>\n<meta property=\"og:description\" content=\"Esta semana se conmemora en todo el mundo el 25N, D\u00eda Internacional para la eliminaci\u00f3n de la violencia contra las mujeres. En Vinar\u00f2s, como todos los a\u00f1os, el Ayuntamiento quiere recordar y trasladar su apoyo a todas las mujeres que han sufrido y sufren esta lacra. Este programa tiene como principal objetivo desarrollar medidas contempladas [&hellip;]\" \/>\n<meta property=\"og:url\" content=\"https:\/\/politicasocial.vinaros.es\/es\/implicate-ante-la-violencia-de-genero-no-des-la-espalda\/\" \/>\n<meta property=\"og:site_name\" content=\"Pol\u00edtica Social - Ajuntament de Vinar\u00f2s\" \/>\n<meta property=\"article:published_time\" content=\"2020-11-25T10:00:00+00:00\" \/>\n<meta property=\"article:modified_time\" content=\"2023-01-04T09:49:32+00:00\" \/>\n<meta property=\"og:image\" content=\"https:\/\/politicasocial.vinaros.es\/wp-content\/uploads\/2023\/01\/serveis-socials-vinaros-implicat-davant-la-violencia-de-genere-no-dones-lesquena.jpg\" \/>\n\t<meta property=\"og:image:width\" content=\"909\" \/>\n\t<meta property=\"og:image:height\" content=\"1280\" \/>\n\t<meta property=\"og:image:type\" content=\"image\/jpeg\" \/>\n<meta name=\"author\" content=\"Ra\u00fal Torner Martinell\" \/>\n<meta name=\"twitter:card\" content=\"summary_large_image\" \/>\n<meta name=\"twitter:label1\" content=\"Escrito por\" \/>\n\t<meta name=\"twitter:data1\" content=\"Ra\u00fal Torner Martinell\" \/>\n\t<meta name=\"twitter:label2\" content=\"Tiempo de lectura\" \/>\n\t<meta name=\"twitter:data2\" content=\"1 minuto\" \/>\n<script type=\"application\/ld+json\" class=\"yoast-schema-graph\">{\"@context\":\"https:\/\/schema.org\",\"@graph\":[{\"@type\":\"Article\",\"@id\":\"https:\/\/politicasocial.vinaros.es\/es\/implicate-ante-la-violencia-de-genero-no-des-la-espalda\/#article\",\"isPartOf\":{\"@id\":\"https:\/\/politicasocial.vinaros.es\/es\/implicate-ante-la-violencia-de-genero-no-des-la-espalda\/\"},\"author\":{\"name\":\"Ra\u00fal Torner Martinell\",\"@id\":\"https:\/\/politicasocial.vinaros.es\/es\/#\/schema\/person\/25b8c0c60cdeca0d29acc31758a695da\"},\"headline\":\"Impl\u00edcate ante la violencia de g\u00e9nero no des la espalda\",\"datePublished\":\"2020-11-25T10:00:00+00:00\",\"dateModified\":\"2023-01-04T09:49:32+00:00\",\"mainEntityOfPage\":{\"@id\":\"https:\/\/politicasocial.vinaros.es\/es\/implicate-ante-la-violencia-de-genero-no-des-la-espalda\/\"},\"wordCount\":250,\"commentCount\":0,\"image\":{\"@id\":\"https:\/\/politicasocial.vinaros.es\/es\/implicate-ante-la-violencia-de-genero-no-des-la-espalda\/#primaryimage\"},\"thumbnailUrl\":\"https:\/\/politicasocial.vinaros.es\/wp-content\/uploads\/2023\/01\/serveis-socials-vinaros-implicat-davant-la-violencia-de-genere-no-dones-lesquena.jpg\",\"articleSection\":[\"Servicios Sociales\"],\"inLanguage\":\"es\",\"potentialAction\":[{\"@type\":\"CommentAction\",\"name\":\"Comment\",\"target\":[\"https:\/\/politicasocial.vinaros.es\/es\/implicate-ante-la-violencia-de-genero-no-des-la-espalda\/#respond\"]}]},{\"@type\":\"WebPage\",\"@id\":\"https:\/\/politicasocial.vinaros.es\/es\/implicate-ante-la-violencia-de-genero-no-des-la-espalda\/\",\"url\":\"https:\/\/politicasocial.vinaros.es\/es\/implicate-ante-la-violencia-de-genero-no-des-la-espalda\/\",\"name\":\"Impl\u00edcate ante la violencia de g\u00e9nero no des la espalda - Pol\u00edtica Social - Ajuntament de Vinar\u00f2s\",\"isPartOf\":{\"@id\":\"https:\/\/politicasocial.vinaros.es\/es\/#website\"},\"primaryImageOfPage\":{\"@id\":\"https:\/\/politicasocial.vinaros.es\/es\/implicate-ante-la-violencia-de-genero-no-des-la-espalda\/#primaryimage\"},\"image\":{\"@id\":\"https:\/\/politicasocial.vinaros.es\/es\/implicate-ante-la-violencia-de-genero-no-des-la-espalda\/#primaryimage\"},\"thumbnailUrl\":\"https:\/\/politicasocial.vinaros.es\/wp-content\/uploads\/2023\/01\/serveis-socials-vinaros-implicat-davant-la-violencia-de-genere-no-dones-lesquena.jpg\",\"datePublished\":\"2020-11-25T10:00:00+00:00\",\"dateModified\":\"2023-01-04T09:49:32+00:00\",\"author\":{\"@id\":\"https:\/\/politicasocial.vinaros.es\/es\/#\/schema\/person\/25b8c0c60cdeca0d29acc31758a695da\"},\"breadcrumb\":{\"@id\":\"https:\/\/politicasocial.vinaros.es\/es\/implicate-ante-la-violencia-de-genero-no-des-la-espalda\/#breadcrumb\"},\"inLanguage\":\"es\",\"potentialAction\":[{\"@type\":\"ReadAction\",\"target\":[\"https:\/\/politicasocial.vinaros.es\/es\/implicate-ante-la-violencia-de-genero-no-des-la-espalda\/\"]}]},{\"@type\":\"ImageObject\",\"inLanguage\":\"es\",\"@id\":\"https:\/\/politicasocial.vinaros.es\/es\/implicate-ante-la-violencia-de-genero-no-des-la-espalda\/#primaryimage\",\"url\":\"https:\/\/politicasocial.vinaros.es\/wp-content\/uploads\/2023\/01\/serveis-socials-vinaros-implicat-davant-la-violencia-de-genere-no-dones-lesquena.jpg\",\"contentUrl\":\"https:\/\/politicasocial.vinaros.es\/wp-content\/uploads\/2023\/01\/serveis-socials-vinaros-implicat-davant-la-violencia-de-genere-no-dones-lesquena.jpg\",\"width\":909,\"height\":1280},{\"@type\":\"BreadcrumbList\",\"@id\":\"https:\/\/politicasocial.vinaros.es\/es\/implicate-ante-la-violencia-de-genero-no-des-la-espalda\/#breadcrumb\",\"itemListElement\":[{\"@type\":\"ListItem\",\"position\":1,\"name\":\"Inicio\",\"item\":\"https:\/\/politicasocial.vinaros.es\/es\/\"},{\"@type\":\"ListItem\",\"position\":2,\"name\":\"Servicios Sociales\",\"item\":\"https:\/\/politicasocial.vinaros.es\/es\/categoria\/servicios-sociales\/\"},{\"@type\":\"ListItem\",\"position\":3,\"name\":\"Impl\u00edcate ante la violencia de g\u00e9nero no des la espalda\"}]},{\"@type\":\"WebSite\",\"@id\":\"https:\/\/politicasocial.vinaros.es\/es\/#website\",\"url\":\"https:\/\/politicasocial.vinaros.es\/es\/\",\"name\":\"Pol\u00edtica Social - Ajuntament de Vinar\u00f2s\",\"description\":\"Regidoria de Pol\u00edtica Social\",\"potentialAction\":[{\"@type\":\"SearchAction\",\"target\":{\"@type\":\"EntryPoint\",\"urlTemplate\":\"https:\/\/politicasocial.vinaros.es\/es\/?s={search_term_string}\"},\"query-input\":{\"@type\":\"PropertyValueSpecification\",\"valueRequired\":true,\"valueName\":\"search_term_string\"}}],\"inLanguage\":\"es\"},{\"@type\":\"Person\",\"@id\":\"https:\/\/politicasocial.vinaros.es\/es\/#\/schema\/person\/25b8c0c60cdeca0d29acc31758a695da\",\"name\":\"Ra\u00fal Torner Martinell\",\"image\":{\"@type\":\"ImageObject\",\"inLanguage\":\"es\",\"@id\":\"https:\/\/politicasocial.vinaros.es\/es\/#\/schema\/person\/image\/\",\"url\":\"https:\/\/secure.gravatar.com\/avatar\/3716f530378a992b4951fb4809843919506e982d2df14dcde67785574c23e79b?s=96&d=mm&r=g\",\"contentUrl\":\"https:\/\/secure.gravatar.com\/avatar\/3716f530378a992b4951fb4809843919506e982d2df14dcde67785574c23e79b?s=96&d=mm&r=g\",\"caption\":\"Ra\u00fal Torner Martinell\"},\"url\":\"https:\/\/politicasocial.vinaros.es\/es\"}]}<\/script>\n<!-- \/ Yoast SEO plugin. -->","yoast_head_json":{"title":"Impl\u00edcate ante la violencia de g\u00e9nero no des la espalda - Pol\u00edtica Social - Ajuntament de Vinar\u00f2s","robots":{"index":"index","follow":"follow","max-snippet":"max-snippet:-1","max-image-preview":"max-image-preview:large","max-video-preview":"max-video-preview:-1"},"canonical":"https:\/\/politicasocial.vinaros.es\/es\/implicate-ante-la-violencia-de-genero-no-des-la-espalda\/","og_locale":"es_ES","og_type":"article","og_title":"Impl\u00edcate ante la violencia de g\u00e9nero no des la espalda - Pol\u00edtica Social - Ajuntament de Vinar\u00f2s","og_description":"Esta semana se conmemora en todo el mundo el 25N, D\u00eda Internacional para la eliminaci\u00f3n de la violencia contra las mujeres. En Vinar\u00f2s, como todos los a\u00f1os, el Ayuntamiento quiere recordar y trasladar su apoyo a todas las mujeres que han sufrido y sufren esta lacra. Este programa tiene como principal objetivo desarrollar medidas contempladas [&hellip;]","og_url":"https:\/\/politicasocial.vinaros.es\/es\/implicate-ante-la-violencia-de-genero-no-des-la-espalda\/","og_site_name":"Pol\u00edtica Social - Ajuntament de Vinar\u00f2s","article_published_time":"2020-11-25T10:00:00+00:00","article_modified_time":"2023-01-04T09:49:32+00:00","og_image":[{"width":909,"height":1280,"url":"https:\/\/politicasocial.vinaros.es\/wp-content\/uploads\/2023\/01\/serveis-socials-vinaros-implicat-davant-la-violencia-de-genere-no-dones-lesquena.jpg","type":"image\/jpeg"}],"author":"Ra\u00fal Torner Martinell","twitter_card":"summary_large_image","twitter_misc":{"Escrito por":"Ra\u00fal Torner Martinell","Tiempo de lectura":"1 minuto"},"schema":{"@context":"https:\/\/schema.org","@graph":[{"@type":"Article","@id":"https:\/\/politicasocial.vinaros.es\/es\/implicate-ante-la-violencia-de-genero-no-des-la-espalda\/#article","isPartOf":{"@id":"https:\/\/politicasocial.vinaros.es\/es\/implicate-ante-la-violencia-de-genero-no-des-la-espalda\/"},"author":{"name":"Ra\u00fal Torner Martinell","@id":"https:\/\/politicasocial.vinaros.es\/es\/#\/schema\/person\/25b8c0c60cdeca0d29acc31758a695da"},"headline":"Impl\u00edcate ante la violencia de g\u00e9nero no des la espalda","datePublished":"2020-11-25T10:00:00+00:00","dateModified":"2023-01-04T09:49:32+00:00","mainEntityOfPage":{"@id":"https:\/\/politicasocial.vinaros.es\/es\/implicate-ante-la-violencia-de-genero-no-des-la-espalda\/"},"wordCount":250,"commentCount":0,"image":{"@id":"https:\/\/politicasocial.vinaros.es\/es\/implicate-ante-la-violencia-de-genero-no-des-la-espalda\/#primaryimage"},"thumbnailUrl":"https:\/\/politicasocial.vinaros.es\/wp-content\/uploads\/2023\/01\/serveis-socials-vinaros-implicat-davant-la-violencia-de-genere-no-dones-lesquena.jpg","articleSection":["Servicios Sociales"],"inLanguage":"es","potentialAction":[{"@type":"CommentAction","name":"Comment","target":["https:\/\/politicasocial.vinaros.es\/es\/implicate-ante-la-violencia-de-genero-no-des-la-espalda\/#respond"]}]},{"@type":"WebPage","@id":"https:\/\/politicasocial.vinaros.es\/es\/implicate-ante-la-violencia-de-genero-no-des-la-espalda\/","url":"https:\/\/politicasocial.vinaros.es\/es\/implicate-ante-la-violencia-de-genero-no-des-la-espalda\/","name":"Impl\u00edcate ante la violencia de g\u00e9nero no des la espalda - Pol\u00edtica Social - Ajuntament de Vinar\u00f2s","isPartOf":{"@id":"https:\/\/politicasocial.vinaros.es\/es\/#website"},"primaryImageOfPage":{"@id":"https:\/\/politicasocial.vinaros.es\/es\/implicate-ante-la-violencia-de-genero-no-des-la-espalda\/#primaryimage"},"image":{"@id":"https:\/\/politicasocial.vinaros.es\/es\/implicate-ante-la-violencia-de-genero-no-des-la-espalda\/#primaryimage"},"thumbnailUrl":"https:\/\/politicasocial.vinaros.es\/wp-content\/uploads\/2023\/01\/serveis-socials-vinaros-implicat-davant-la-violencia-de-genere-no-dones-lesquena.jpg","datePublished":"2020-11-25T10:00:00+00:00","dateModified":"2023-01-04T09:49:32+00:00","author":{"@id":"https:\/\/politicasocial.vinaros.es\/es\/#\/schema\/person\/25b8c0c60cdeca0d29acc31758a695da"},"breadcrumb":{"@id":"https:\/\/politicasocial.vinaros.es\/es\/implicate-ante-la-violencia-de-genero-no-des-la-espalda\/#breadcrumb"},"inLanguage":"es","potentialAction":[{"@type":"ReadAction","target":["https:\/\/politicasocial.vinaros.es\/es\/implicate-ante-la-violencia-de-genero-no-des-la-espalda\/"]}]},{"@type":"ImageObject","inLanguage":"es","@id":"https:\/\/politicasocial.vinaros.es\/es\/implicate-ante-la-violencia-de-genero-no-des-la-espalda\/#primaryimage","url":"https:\/\/politicasocial.vinaros.es\/wp-content\/uploads\/2023\/01\/serveis-socials-vinaros-implicat-davant-la-violencia-de-genere-no-dones-lesquena.jpg","contentUrl":"https:\/\/politicasocial.vinaros.es\/wp-content\/uploads\/2023\/01\/serveis-socials-vinaros-implicat-davant-la-violencia-de-genere-no-dones-lesquena.jpg","width":909,"height":1280},{"@type":"BreadcrumbList","@id":"https:\/\/politicasocial.vinaros.es\/es\/implicate-ante-la-violencia-de-genero-no-des-la-espalda\/#breadcrumb","itemListElement":[{"@type":"ListItem","position":1,"name":"Inicio","item":"https:\/\/politicasocial.vinaros.es\/es\/"},{"@type":"ListItem","position":2,"name":"Servicios Sociales","item":"https:\/\/politicasocial.vinaros.es\/es\/categoria\/servicios-sociales\/"},{"@type":"ListItem","position":3,"name":"Impl\u00edcate ante la violencia de g\u00e9nero no des la espalda"}]},{"@type":"WebSite","@id":"https:\/\/politicasocial.vinaros.es\/es\/#website","url":"https:\/\/politicasocial.vinaros.es\/es\/","name":"Pol\u00edtica Social - Ajuntament de Vinar\u00f2s","description":"Regidoria de Pol\u00edtica Social","potentialAction":[{"@type":"SearchAction","target":{"@type":"EntryPoint","urlTemplate":"https:\/\/politicasocial.vinaros.es\/es\/?s={search_term_string}"},"query-input":{"@type":"PropertyValueSpecification","valueRequired":true,"valueName":"search_term_string"}}],"inLanguage":"es"},{"@type":"Person","@id":"https:\/\/politicasocial.vinaros.es\/es\/#\/schema\/person\/25b8c0c60cdeca0d29acc31758a695da","name":"Ra\u00fal Torner Martinell","image":{"@type":"ImageObject","inLanguage":"es","@id":"https:\/\/politicasocial.vinaros.es\/es\/#\/schema\/person\/image\/","url":"https:\/\/secure.gravatar.com\/avatar\/3716f530378a992b4951fb4809843919506e982d2df14dcde67785574c23e79b?s=96&d=mm&r=g","contentUrl":"https:\/\/secure.gravatar.com\/avatar\/3716f530378a992b4951fb4809843919506e982d2df14dcde67785574c23e79b?s=96&d=mm&r=g","caption":"Ra\u00fal Torner Martinell"},"url":"https:\/\/politicasocial.vinaros.es\/es"}]}},"_links":{"self":[{"href":"https:\/\/politicasocial.vinaros.es\/es\/wp-json\/wp\/v2\/posts\/1305","targetHints":{"allow":["GET"]}}],"collection":[{"href":"https:\/\/politicasocial.vinaros.es\/es\/wp-json\/wp\/v2\/posts"}],"about":[{"href":"https:\/\/politicasocial.vinaros.es\/es\/wp-json\/wp\/v2\/types\/post"}],"author":[{"embeddable":true,"href":"https:\/\/politicasocial.vinaros.es\/es\/wp-json\/wp\/v2\/users\/1"}],"replies":[{"embeddable":true,"href":"https:\/\/politicasocial.vinaros.es\/es\/wp-json\/wp\/v2\/comments?post=1305"}],"version-history":[{"count":1,"href":"https:\/\/politicasocial.vinaros.es\/es\/wp-json\/wp\/v2\/posts\/1305\/revisions"}],"predecessor-version":[{"id":1306,"href":"https:\/\/politicasocial.vinaros.es\/es\/wp-json\/wp\/v2\/posts\/1305\/revisions\/1306"}],"wp:featuredmedia":[{"embeddable":true,"href":"https:\/\/politicasocial.vinaros.es\/es\/wp-json\/wp\/v2\/media\/772"}],"wp:attachment":[{"href":"https:\/\/politicasocial.vinaros.es\/es\/wp-json\/wp\/v2\/media?parent=1305"}],"wp:term":[{"taxonomy":"category","embeddable":true,"href":"https:\/\/politicasocial.vinaros.es\/es\/wp-json\/wp\/v2\/categories?post=1305"},{"taxonomy":"post_tag","embeddable":true,"href":"https:\/\/politicasocial.vinaros.es\/es\/wp-json\/wp\/v2\/tags?post=1305"}],"curies":[{"name":"wp","href":"https:\/\/api.w.org\/{rel}","templated":true}]}}