{"id":1309,"date":"2020-11-16T12:00:00","date_gmt":"2020-11-16T11:00:00","guid":{"rendered":"https:\/\/politicasocial.vinaros.es\/con-el-alcohol-mantened-las-distancias-la-campana-conjunta-de-las-upccas-de-la-comunitat-valenciana-alerta-sobre-los-peligros-del-consumo-de-alcohol-en-tiempos-de-la-covid-19\/"},"modified":"2023-01-04T10:52:51","modified_gmt":"2023-01-04T09:52:51","slug":"con-el-alcohol-mantened-las-distancias-la-campana-conjunta-de-las-upccas-de-la-comunitat-valenciana-alerta-sobre-los-peligros-del-consumo-de-alcohol-en-tiempos-de-la-covid-19","status":"publish","type":"post","link":"https:\/\/politicasocial.vinaros.es\/es\/con-el-alcohol-mantened-las-distancias-la-campana-conjunta-de-las-upccas-de-la-comunitat-valenciana-alerta-sobre-los-peligros-del-consumo-de-alcohol-en-tiempos-de-la-covid-19\/","title":{"rendered":"Con el alcohol, mantened las distancias: la campa\u00f1a conjunta de las UPCCAs de la Comunitat Valenciana alerta sobre los peligros del consumo de alcohol en tiempos de la COVID-19"},"content":{"rendered":"\n<p>Las Unidades de Prevenci\u00f3n Comunitaria de Conductas Adictivas (UPCCA) de la Comunitat Valenciana se unen para lanzar una campa\u00f1a con motivo del D\u00eda Nacional Sin Alcohol que se conmemora el 15 de noviembre en Espa\u00f1a y en otros muchos pa\u00edses. El objetivo de esta campa\u00f1a es sensibilizar a toda la sociedad sobre los peligros del consumo de alcohol en tiempos de la COVID-19. <\/p>\n\n<p>La campa\u00f1a, titulada Con el alcohol, mantened las distancias, consiste en distintos carteles, que se har\u00e1n p\u00fablicos entre el 12 y el 15 de noviembre, en los que se desmienten algunos de los mitos relacionados con el consumo de alcohol y la COVID-19. Durante la pandemia se han generado informaciones err\u00f3neas en relaci\u00f3n con su consumo y el virus, como que el alcohol puede proteger del contagio, que ayuda a sobrellevar la situaci\u00f3n o que es una opci\u00f3n v\u00e1lida para desconectar y relacionarse. <\/p>\n\n<p>Si bien las UPCCAs trabajan con especial hincapi\u00e9 en la poblaci\u00f3n adolescente, para prevenir el inicio al consumo o abuso de sustancias, los mensajes de la campa\u00f1a est\u00e1n dirigidos a la sociedad en conjunto, ya que el consumo de alcohol est\u00e1 extendido y normalizado entre la poblaci\u00f3n adulta.<\/p>\n\n<p>Con el D\u00eda Nacional Sin Alcohol se pretende concienciar sobre los da\u00f1os f\u00edsicos y psicol\u00f3gicos que produce esta sustancia en el organismo. El alcohol sigue siendo responsable de tres millones de muertes cada a\u00f1o a nivel mundial, y es la droga m\u00e1s consumida en los \u00faltimos 12 meses entre los estudiantes de secundaria, seg\u00fan la encuesta ESTUDES 2018-2019, realizada a nivel estatal. <\/p>\n\n<p>Las UPCCAs de la Comunitat Valenciana, que trabajan durante todo el a\u00f1o este problema, se han unido para trabajar de forma conjunta el mensaje y darle una mayor visibilidad con motivo de este d\u00eda. La prevenci\u00f3n del consumo abusivo de alcohol es tarea de la sociedad en conjunto y la concienciaci\u00f3n colectiva en estos momentos de pandemia adquiere m\u00e1s relevancia que nunca. <\/p>\n","protected":false},"excerpt":{"rendered":"<p>Las Unidades de Prevenci\u00f3n Comunitaria de Conductas Adictivas (UPCCA) de la Comunitat Valenciana se unen para lanzar una campa\u00f1a con motivo del D\u00eda Nacional Sin Alcohol que se conmemora el 15 de noviembre en Espa\u00f1a y en otros muchos pa\u00edses. El objetivo de esta campa\u00f1a es sensibilizar a toda la sociedad sobre los peligros del [&hellip;]<\/p>\n","protected":false},"author":1,"featured_media":788,"comment_status":"open","ping_status":"open","sticky":false,"template":"","format":"standard","meta":{"_acf_changed":false,"inline_featured_image":false,"footnotes":""},"categories":[11],"tags":[],"class_list":["post-1309","post","type-post","status-publish","format-standard","has-post-thumbnail","hentry","category-servicios-sociales"],"acf":[],"yoast_head":"<!-- This site is optimized with the Yoast SEO plugin v27.0 - https:\/\/yoast.com\/product\/yoast-seo-wordpress\/ -->\n<title>Con el alcohol, mantened las distancias: la campa\u00f1a conjunta de las UPCCAs de la Comunitat Valenciana alerta sobre los peligros del consumo de alcohol en tiempos de la COVID-19 - Pol\u00edtica Social - Ajuntament de Vinar\u00f2s<\/title>\n<meta name=\"robots\" content=\"index, follow, max-snippet:-1, max-image-preview:large, max-video-preview:-1\" \/>\n<link rel=\"canonical\" href=\"https:\/\/politicasocial.vinaros.es\/es\/con-el-alcohol-mantened-las-distancias-la-campana-conjunta-de-las-upccas-de-la-comunitat-valenciana-alerta-sobre-los-peligros-del-consumo-de-alcohol-en-tiempos-de-la-covid-19\/\" \/>\n<meta property=\"og:locale\" content=\"es_ES\" \/>\n<meta property=\"og:type\" content=\"article\" \/>\n<meta property=\"og:title\" content=\"Con el alcohol, mantened las distancias: la campa\u00f1a conjunta de las UPCCAs de la Comunitat Valenciana alerta sobre los peligros del consumo de alcohol en tiempos de la COVID-19 - Pol\u00edtica Social - Ajuntament de Vinar\u00f2s\" \/>\n<meta property=\"og:description\" content=\"Las Unidades de Prevenci\u00f3n Comunitaria de Conductas Adictivas (UPCCA) de la Comunitat Valenciana se unen para lanzar una campa\u00f1a con motivo del D\u00eda Nacional Sin Alcohol que se conmemora el 15 de noviembre en Espa\u00f1a y en otros muchos pa\u00edses. El objetivo de esta campa\u00f1a es sensibilizar a toda la sociedad sobre los peligros del [&hellip;]\" \/>\n<meta property=\"og:url\" content=\"https:\/\/politicasocial.vinaros.es\/es\/con-el-alcohol-mantened-las-distancias-la-campana-conjunta-de-las-upccas-de-la-comunitat-valenciana-alerta-sobre-los-peligros-del-consumo-de-alcohol-en-tiempos-de-la-covid-19\/\" \/>\n<meta property=\"og:site_name\" content=\"Pol\u00edtica Social - Ajuntament de Vinar\u00f2s\" \/>\n<meta property=\"article:published_time\" content=\"2020-11-16T11:00:00+00:00\" \/>\n<meta property=\"article:modified_time\" content=\"2023-01-04T09:52:51+00:00\" \/>\n<meta property=\"og:image\" content=\"https:\/\/politicasocial.vinaros.es\/wp-content\/uploads\/2023\/01\/serveis-socials-vinaros-amb-lalcohol-manteniu-les-distancies-campanya-upccas-comunitat-valenciana-els-perills-del-consum-dalcohol-en-la-covid-19.jpg\" \/>\n\t<meta property=\"og:image:width\" content=\"1529\" \/>\n\t<meta property=\"og:image:height\" content=\"1920\" \/>\n\t<meta property=\"og:image:type\" content=\"image\/jpeg\" \/>\n<meta name=\"author\" content=\"Ra\u00fal Torner Martinell\" \/>\n<meta name=\"twitter:card\" content=\"summary_large_image\" \/>\n<meta name=\"twitter:label1\" content=\"Escrito por\" \/>\n\t<meta name=\"twitter:data1\" content=\"Ra\u00fal Torner Martinell\" \/>\n\t<meta name=\"twitter:label2\" content=\"Tiempo de lectura\" \/>\n\t<meta name=\"twitter:data2\" content=\"2 minutos\" \/>\n<script type=\"application\/ld+json\" class=\"yoast-schema-graph\">{\"@context\":\"https:\/\/schema.org\",\"@graph\":[{\"@type\":\"Article\",\"@id\":\"https:\/\/politicasocial.vinaros.es\/es\/con-el-alcohol-mantened-las-distancias-la-campana-conjunta-de-las-upccas-de-la-comunitat-valenciana-alerta-sobre-los-peligros-del-consumo-de-alcohol-en-tiempos-de-la-covid-19\/#article\",\"isPartOf\":{\"@id\":\"https:\/\/politicasocial.vinaros.es\/es\/con-el-alcohol-mantened-las-distancias-la-campana-conjunta-de-las-upccas-de-la-comunitat-valenciana-alerta-sobre-los-peligros-del-consumo-de-alcohol-en-tiempos-de-la-covid-19\/\"},\"author\":{\"name\":\"Ra\u00fal Torner Martinell\",\"@id\":\"https:\/\/politicasocial.vinaros.es\/es\/#\/schema\/person\/25b8c0c60cdeca0d29acc31758a695da\"},\"headline\":\"Con el alcohol, mantened las distancias: la campa\u00f1a conjunta de las UPCCAs de la Comunitat Valenciana alerta sobre los peligros del consumo de alcohol en tiempos de la COVID-19\",\"datePublished\":\"2020-11-16T11:00:00+00:00\",\"dateModified\":\"2023-01-04T09:52:51+00:00\",\"mainEntityOfPage\":{\"@id\":\"https:\/\/politicasocial.vinaros.es\/es\/con-el-alcohol-mantened-las-distancias-la-campana-conjunta-de-las-upccas-de-la-comunitat-valenciana-alerta-sobre-los-peligros-del-consumo-de-alcohol-en-tiempos-de-la-covid-19\/\"},\"wordCount\":374,\"commentCount\":0,\"image\":{\"@id\":\"https:\/\/politicasocial.vinaros.es\/es\/con-el-alcohol-mantened-las-distancias-la-campana-conjunta-de-las-upccas-de-la-comunitat-valenciana-alerta-sobre-los-peligros-del-consumo-de-alcohol-en-tiempos-de-la-covid-19\/#primaryimage\"},\"thumbnailUrl\":\"https:\/\/politicasocial.vinaros.es\/wp-content\/uploads\/2023\/01\/serveis-socials-vinaros-amb-lalcohol-manteniu-les-distancies-campanya-upccas-comunitat-valenciana-els-perills-del-consum-dalcohol-en-la-covid-19.jpg\",\"articleSection\":[\"Servicios Sociales\"],\"inLanguage\":\"es\",\"potentialAction\":[{\"@type\":\"CommentAction\",\"name\":\"Comment\",\"target\":[\"https:\/\/politicasocial.vinaros.es\/es\/con-el-alcohol-mantened-las-distancias-la-campana-conjunta-de-las-upccas-de-la-comunitat-valenciana-alerta-sobre-los-peligros-del-consumo-de-alcohol-en-tiempos-de-la-covid-19\/#respond\"]}]},{\"@type\":\"WebPage\",\"@id\":\"https:\/\/politicasocial.vinaros.es\/es\/con-el-alcohol-mantened-las-distancias-la-campana-conjunta-de-las-upccas-de-la-comunitat-valenciana-alerta-sobre-los-peligros-del-consumo-de-alcohol-en-tiempos-de-la-covid-19\/\",\"url\":\"https:\/\/politicasocial.vinaros.es\/es\/con-el-alcohol-mantened-las-distancias-la-campana-conjunta-de-las-upccas-de-la-comunitat-valenciana-alerta-sobre-los-peligros-del-consumo-de-alcohol-en-tiempos-de-la-covid-19\/\",\"name\":\"Con el alcohol, mantened las distancias: la campa\u00f1a conjunta de las UPCCAs de la Comunitat Valenciana alerta sobre los peligros del consumo de alcohol en tiempos de la COVID-19 - Pol\u00edtica Social - Ajuntament de Vinar\u00f2s\",\"isPartOf\":{\"@id\":\"https:\/\/politicasocial.vinaros.es\/es\/#website\"},\"primaryImageOfPage\":{\"@id\":\"https:\/\/politicasocial.vinaros.es\/es\/con-el-alcohol-mantened-las-distancias-la-campana-conjunta-de-las-upccas-de-la-comunitat-valenciana-alerta-sobre-los-peligros-del-consumo-de-alcohol-en-tiempos-de-la-covid-19\/#primaryimage\"},\"image\":{\"@id\":\"https:\/\/politicasocial.vinaros.es\/es\/con-el-alcohol-mantened-las-distancias-la-campana-conjunta-de-las-upccas-de-la-comunitat-valenciana-alerta-sobre-los-peligros-del-consumo-de-alcohol-en-tiempos-de-la-covid-19\/#primaryimage\"},\"thumbnailUrl\":\"https:\/\/politicasocial.vinaros.es\/wp-content\/uploads\/2023\/01\/serveis-socials-vinaros-amb-lalcohol-manteniu-les-distancies-campanya-upccas-comunitat-valenciana-els-perills-del-consum-dalcohol-en-la-covid-19.jpg\",\"datePublished\":\"2020-11-16T11:00:00+00:00\",\"dateModified\":\"2023-01-04T09:52:51+00:00\",\"author\":{\"@id\":\"https:\/\/politicasocial.vinaros.es\/es\/#\/schema\/person\/25b8c0c60cdeca0d29acc31758a695da\"},\"breadcrumb\":{\"@id\":\"https:\/\/politicasocial.vinaros.es\/es\/con-el-alcohol-mantened-las-distancias-la-campana-conjunta-de-las-upccas-de-la-comunitat-valenciana-alerta-sobre-los-peligros-del-consumo-de-alcohol-en-tiempos-de-la-covid-19\/#breadcrumb\"},\"inLanguage\":\"es\",\"potentialAction\":[{\"@type\":\"ReadAction\",\"target\":[\"https:\/\/politicasocial.vinaros.es\/es\/con-el-alcohol-mantened-las-distancias-la-campana-conjunta-de-las-upccas-de-la-comunitat-valenciana-alerta-sobre-los-peligros-del-consumo-de-alcohol-en-tiempos-de-la-covid-19\/\"]}]},{\"@type\":\"ImageObject\",\"inLanguage\":\"es\",\"@id\":\"https:\/\/politicasocial.vinaros.es\/es\/con-el-alcohol-mantened-las-distancias-la-campana-conjunta-de-las-upccas-de-la-comunitat-valenciana-alerta-sobre-los-peligros-del-consumo-de-alcohol-en-tiempos-de-la-covid-19\/#primaryimage\",\"url\":\"https:\/\/politicasocial.vinaros.es\/wp-content\/uploads\/2023\/01\/serveis-socials-vinaros-amb-lalcohol-manteniu-les-distancies-campanya-upccas-comunitat-valenciana-els-perills-del-consum-dalcohol-en-la-covid-19.jpg\",\"contentUrl\":\"https:\/\/politicasocial.vinaros.es\/wp-content\/uploads\/2023\/01\/serveis-socials-vinaros-amb-lalcohol-manteniu-les-distancies-campanya-upccas-comunitat-valenciana-els-perills-del-consum-dalcohol-en-la-covid-19.jpg\",\"width\":1529,\"height\":1920},{\"@type\":\"BreadcrumbList\",\"@id\":\"https:\/\/politicasocial.vinaros.es\/es\/con-el-alcohol-mantened-las-distancias-la-campana-conjunta-de-las-upccas-de-la-comunitat-valenciana-alerta-sobre-los-peligros-del-consumo-de-alcohol-en-tiempos-de-la-covid-19\/#breadcrumb\",\"itemListElement\":[{\"@type\":\"ListItem\",\"position\":1,\"name\":\"Inicio\",\"item\":\"https:\/\/politicasocial.vinaros.es\/es\/\"},{\"@type\":\"ListItem\",\"position\":2,\"name\":\"Servicios Sociales\",\"item\":\"https:\/\/politicasocial.vinaros.es\/es\/categoria\/servicios-sociales\/\"},{\"@type\":\"ListItem\",\"position\":3,\"name\":\"Con el alcohol, mantened las distancias: la campa\u00f1a conjunta de las UPCCAs de la Comunitat Valenciana alerta sobre los peligros del consumo de alcohol en tiempos de la COVID-19\"}]},{\"@type\":\"WebSite\",\"@id\":\"https:\/\/politicasocial.vinaros.es\/es\/#website\",\"url\":\"https:\/\/politicasocial.vinaros.es\/es\/\",\"name\":\"Pol\u00edtica Social - Ajuntament de Vinar\u00f2s\",\"description\":\"Regidoria de Pol\u00edtica Social\",\"potentialAction\":[{\"@type\":\"SearchAction\",\"target\":{\"@type\":\"EntryPoint\",\"urlTemplate\":\"https:\/\/politicasocial.vinaros.es\/es\/?s={search_term_string}\"},\"query-input\":{\"@type\":\"PropertyValueSpecification\",\"valueRequired\":true,\"valueName\":\"search_term_string\"}}],\"inLanguage\":\"es\"},{\"@type\":\"Person\",\"@id\":\"https:\/\/politicasocial.vinaros.es\/es\/#\/schema\/person\/25b8c0c60cdeca0d29acc31758a695da\",\"name\":\"Ra\u00fal Torner Martinell\",\"image\":{\"@type\":\"ImageObject\",\"inLanguage\":\"es\",\"@id\":\"https:\/\/politicasocial.vinaros.es\/es\/#\/schema\/person\/image\/\",\"url\":\"https:\/\/secure.gravatar.com\/avatar\/3716f530378a992b4951fb4809843919506e982d2df14dcde67785574c23e79b?s=96&d=mm&r=g\",\"contentUrl\":\"https:\/\/secure.gravatar.com\/avatar\/3716f530378a992b4951fb4809843919506e982d2df14dcde67785574c23e79b?s=96&d=mm&r=g\",\"caption\":\"Ra\u00fal Torner Martinell\"},\"url\":\"https:\/\/politicasocial.vinaros.es\/es\"}]}<\/script>\n<!-- \/ Yoast SEO plugin. -->","yoast_head_json":{"title":"Con el alcohol, mantened las distancias: la campa\u00f1a conjunta de las UPCCAs de la Comunitat Valenciana alerta sobre los peligros del consumo de alcohol en tiempos de la COVID-19 - Pol\u00edtica Social - Ajuntament de Vinar\u00f2s","robots":{"index":"index","follow":"follow","max-snippet":"max-snippet:-1","max-image-preview":"max-image-preview:large","max-video-preview":"max-video-preview:-1"},"canonical":"https:\/\/politicasocial.vinaros.es\/es\/con-el-alcohol-mantened-las-distancias-la-campana-conjunta-de-las-upccas-de-la-comunitat-valenciana-alerta-sobre-los-peligros-del-consumo-de-alcohol-en-tiempos-de-la-covid-19\/","og_locale":"es_ES","og_type":"article","og_title":"Con el alcohol, mantened las distancias: la campa\u00f1a conjunta de las UPCCAs de la Comunitat Valenciana alerta sobre los peligros del consumo de alcohol en tiempos de la COVID-19 - Pol\u00edtica Social - Ajuntament de Vinar\u00f2s","og_description":"Las Unidades de Prevenci\u00f3n Comunitaria de Conductas Adictivas (UPCCA) de la Comunitat Valenciana se unen para lanzar una campa\u00f1a con motivo del D\u00eda Nacional Sin Alcohol que se conmemora el 15 de noviembre en Espa\u00f1a y en otros muchos pa\u00edses. El objetivo de esta campa\u00f1a es sensibilizar a toda la sociedad sobre los peligros del [&hellip;]","og_url":"https:\/\/politicasocial.vinaros.es\/es\/con-el-alcohol-mantened-las-distancias-la-campana-conjunta-de-las-upccas-de-la-comunitat-valenciana-alerta-sobre-los-peligros-del-consumo-de-alcohol-en-tiempos-de-la-covid-19\/","og_site_name":"Pol\u00edtica Social - Ajuntament de Vinar\u00f2s","article_published_time":"2020-11-16T11:00:00+00:00","article_modified_time":"2023-01-04T09:52:51+00:00","og_image":[{"width":1529,"height":1920,"url":"https:\/\/politicasocial.vinaros.es\/wp-content\/uploads\/2023\/01\/serveis-socials-vinaros-amb-lalcohol-manteniu-les-distancies-campanya-upccas-comunitat-valenciana-els-perills-del-consum-dalcohol-en-la-covid-19.jpg","type":"image\/jpeg"}],"author":"Ra\u00fal Torner Martinell","twitter_card":"summary_large_image","twitter_misc":{"Escrito por":"Ra\u00fal Torner Martinell","Tiempo de lectura":"2 minutos"},"schema":{"@context":"https:\/\/schema.org","@graph":[{"@type":"Article","@id":"https:\/\/politicasocial.vinaros.es\/es\/con-el-alcohol-mantened-las-distancias-la-campana-conjunta-de-las-upccas-de-la-comunitat-valenciana-alerta-sobre-los-peligros-del-consumo-de-alcohol-en-tiempos-de-la-covid-19\/#article","isPartOf":{"@id":"https:\/\/politicasocial.vinaros.es\/es\/con-el-alcohol-mantened-las-distancias-la-campana-conjunta-de-las-upccas-de-la-comunitat-valenciana-alerta-sobre-los-peligros-del-consumo-de-alcohol-en-tiempos-de-la-covid-19\/"},"author":{"name":"Ra\u00fal Torner Martinell","@id":"https:\/\/politicasocial.vinaros.es\/es\/#\/schema\/person\/25b8c0c60cdeca0d29acc31758a695da"},"headline":"Con el alcohol, mantened las distancias: la campa\u00f1a conjunta de las UPCCAs de la Comunitat Valenciana alerta sobre los peligros del consumo de alcohol en tiempos de la COVID-19","datePublished":"2020-11-16T11:00:00+00:00","dateModified":"2023-01-04T09:52:51+00:00","mainEntityOfPage":{"@id":"https:\/\/politicasocial.vinaros.es\/es\/con-el-alcohol-mantened-las-distancias-la-campana-conjunta-de-las-upccas-de-la-comunitat-valenciana-alerta-sobre-los-peligros-del-consumo-de-alcohol-en-tiempos-de-la-covid-19\/"},"wordCount":374,"commentCount":0,"image":{"@id":"https:\/\/politicasocial.vinaros.es\/es\/con-el-alcohol-mantened-las-distancias-la-campana-conjunta-de-las-upccas-de-la-comunitat-valenciana-alerta-sobre-los-peligros-del-consumo-de-alcohol-en-tiempos-de-la-covid-19\/#primaryimage"},"thumbnailUrl":"https:\/\/politicasocial.vinaros.es\/wp-content\/uploads\/2023\/01\/serveis-socials-vinaros-amb-lalcohol-manteniu-les-distancies-campanya-upccas-comunitat-valenciana-els-perills-del-consum-dalcohol-en-la-covid-19.jpg","articleSection":["Servicios Sociales"],"inLanguage":"es","potentialAction":[{"@type":"CommentAction","name":"Comment","target":["https:\/\/politicasocial.vinaros.es\/es\/con-el-alcohol-mantened-las-distancias-la-campana-conjunta-de-las-upccas-de-la-comunitat-valenciana-alerta-sobre-los-peligros-del-consumo-de-alcohol-en-tiempos-de-la-covid-19\/#respond"]}]},{"@type":"WebPage","@id":"https:\/\/politicasocial.vinaros.es\/es\/con-el-alcohol-mantened-las-distancias-la-campana-conjunta-de-las-upccas-de-la-comunitat-valenciana-alerta-sobre-los-peligros-del-consumo-de-alcohol-en-tiempos-de-la-covid-19\/","url":"https:\/\/politicasocial.vinaros.es\/es\/con-el-alcohol-mantened-las-distancias-la-campana-conjunta-de-las-upccas-de-la-comunitat-valenciana-alerta-sobre-los-peligros-del-consumo-de-alcohol-en-tiempos-de-la-covid-19\/","name":"Con el alcohol, mantened las distancias: la campa\u00f1a conjunta de las UPCCAs de la Comunitat Valenciana alerta sobre los peligros del consumo de alcohol en tiempos de la COVID-19 - Pol\u00edtica Social - Ajuntament de Vinar\u00f2s","isPartOf":{"@id":"https:\/\/politicasocial.vinaros.es\/es\/#website"},"primaryImageOfPage":{"@id":"https:\/\/politicasocial.vinaros.es\/es\/con-el-alcohol-mantened-las-distancias-la-campana-conjunta-de-las-upccas-de-la-comunitat-valenciana-alerta-sobre-los-peligros-del-consumo-de-alcohol-en-tiempos-de-la-covid-19\/#primaryimage"},"image":{"@id":"https:\/\/politicasocial.vinaros.es\/es\/con-el-alcohol-mantened-las-distancias-la-campana-conjunta-de-las-upccas-de-la-comunitat-valenciana-alerta-sobre-los-peligros-del-consumo-de-alcohol-en-tiempos-de-la-covid-19\/#primaryimage"},"thumbnailUrl":"https:\/\/politicasocial.vinaros.es\/wp-content\/uploads\/2023\/01\/serveis-socials-vinaros-amb-lalcohol-manteniu-les-distancies-campanya-upccas-comunitat-valenciana-els-perills-del-consum-dalcohol-en-la-covid-19.jpg","datePublished":"2020-11-16T11:00:00+00:00","dateModified":"2023-01-04T09:52:51+00:00","author":{"@id":"https:\/\/politicasocial.vinaros.es\/es\/#\/schema\/person\/25b8c0c60cdeca0d29acc31758a695da"},"breadcrumb":{"@id":"https:\/\/politicasocial.vinaros.es\/es\/con-el-alcohol-mantened-las-distancias-la-campana-conjunta-de-las-upccas-de-la-comunitat-valenciana-alerta-sobre-los-peligros-del-consumo-de-alcohol-en-tiempos-de-la-covid-19\/#breadcrumb"},"inLanguage":"es","potentialAction":[{"@type":"ReadAction","target":["https:\/\/politicasocial.vinaros.es\/es\/con-el-alcohol-mantened-las-distancias-la-campana-conjunta-de-las-upccas-de-la-comunitat-valenciana-alerta-sobre-los-peligros-del-consumo-de-alcohol-en-tiempos-de-la-covid-19\/"]}]},{"@type":"ImageObject","inLanguage":"es","@id":"https:\/\/politicasocial.vinaros.es\/es\/con-el-alcohol-mantened-las-distancias-la-campana-conjunta-de-las-upccas-de-la-comunitat-valenciana-alerta-sobre-los-peligros-del-consumo-de-alcohol-en-tiempos-de-la-covid-19\/#primaryimage","url":"https:\/\/politicasocial.vinaros.es\/wp-content\/uploads\/2023\/01\/serveis-socials-vinaros-amb-lalcohol-manteniu-les-distancies-campanya-upccas-comunitat-valenciana-els-perills-del-consum-dalcohol-en-la-covid-19.jpg","contentUrl":"https:\/\/politicasocial.vinaros.es\/wp-content\/uploads\/2023\/01\/serveis-socials-vinaros-amb-lalcohol-manteniu-les-distancies-campanya-upccas-comunitat-valenciana-els-perills-del-consum-dalcohol-en-la-covid-19.jpg","width":1529,"height":1920},{"@type":"BreadcrumbList","@id":"https:\/\/politicasocial.vinaros.es\/es\/con-el-alcohol-mantened-las-distancias-la-campana-conjunta-de-las-upccas-de-la-comunitat-valenciana-alerta-sobre-los-peligros-del-consumo-de-alcohol-en-tiempos-de-la-covid-19\/#breadcrumb","itemListElement":[{"@type":"ListItem","position":1,"name":"Inicio","item":"https:\/\/politicasocial.vinaros.es\/es\/"},{"@type":"ListItem","position":2,"name":"Servicios Sociales","item":"https:\/\/politicasocial.vinaros.es\/es\/categoria\/servicios-sociales\/"},{"@type":"ListItem","position":3,"name":"Con el alcohol, mantened las distancias: la campa\u00f1a conjunta de las UPCCAs de la Comunitat Valenciana alerta sobre los peligros del consumo de alcohol en tiempos de la COVID-19"}]},{"@type":"WebSite","@id":"https:\/\/politicasocial.vinaros.es\/es\/#website","url":"https:\/\/politicasocial.vinaros.es\/es\/","name":"Pol\u00edtica Social - Ajuntament de Vinar\u00f2s","description":"Regidoria de Pol\u00edtica Social","potentialAction":[{"@type":"SearchAction","target":{"@type":"EntryPoint","urlTemplate":"https:\/\/politicasocial.vinaros.es\/es\/?s={search_term_string}"},"query-input":{"@type":"PropertyValueSpecification","valueRequired":true,"valueName":"search_term_string"}}],"inLanguage":"es"},{"@type":"Person","@id":"https:\/\/politicasocial.vinaros.es\/es\/#\/schema\/person\/25b8c0c60cdeca0d29acc31758a695da","name":"Ra\u00fal Torner Martinell","image":{"@type":"ImageObject","inLanguage":"es","@id":"https:\/\/politicasocial.vinaros.es\/es\/#\/schema\/person\/image\/","url":"https:\/\/secure.gravatar.com\/avatar\/3716f530378a992b4951fb4809843919506e982d2df14dcde67785574c23e79b?s=96&d=mm&r=g","contentUrl":"https:\/\/secure.gravatar.com\/avatar\/3716f530378a992b4951fb4809843919506e982d2df14dcde67785574c23e79b?s=96&d=mm&r=g","caption":"Ra\u00fal Torner Martinell"},"url":"https:\/\/politicasocial.vinaros.es\/es"}]}},"_links":{"self":[{"href":"https:\/\/politicasocial.vinaros.es\/es\/wp-json\/wp\/v2\/posts\/1309","targetHints":{"allow":["GET"]}}],"collection":[{"href":"https:\/\/politicasocial.vinaros.es\/es\/wp-json\/wp\/v2\/posts"}],"about":[{"href":"https:\/\/politicasocial.vinaros.es\/es\/wp-json\/wp\/v2\/types\/post"}],"author":[{"embeddable":true,"href":"https:\/\/politicasocial.vinaros.es\/es\/wp-json\/wp\/v2\/users\/1"}],"replies":[{"embeddable":true,"href":"https:\/\/politicasocial.vinaros.es\/es\/wp-json\/wp\/v2\/comments?post=1309"}],"version-history":[{"count":1,"href":"https:\/\/politicasocial.vinaros.es\/es\/wp-json\/wp\/v2\/posts\/1309\/revisions"}],"predecessor-version":[{"id":1310,"href":"https:\/\/politicasocial.vinaros.es\/es\/wp-json\/wp\/v2\/posts\/1309\/revisions\/1310"}],"wp:featuredmedia":[{"embeddable":true,"href":"https:\/\/politicasocial.vinaros.es\/es\/wp-json\/wp\/v2\/media\/788"}],"wp:attachment":[{"href":"https:\/\/politicasocial.vinaros.es\/es\/wp-json\/wp\/v2\/media?parent=1309"}],"wp:term":[{"taxonomy":"category","embeddable":true,"href":"https:\/\/politicasocial.vinaros.es\/es\/wp-json\/wp\/v2\/categories?post=1309"},{"taxonomy":"post_tag","embeddable":true,"href":"https:\/\/politicasocial.vinaros.es\/es\/wp-json\/wp\/v2\/tags?post=1309"}],"curies":[{"name":"wp","href":"https:\/\/api.w.org\/{rel}","templated":true}]}}