{"id":1317,"date":"2020-09-25T12:00:00","date_gmt":"2020-09-25T10:00:00","guid":{"rendered":"https:\/\/politicasocial.vinaros.es\/23-de-septiembre-dia-internacional-contra-la-trata-y-la-explotacion-sexual-de-mujeres-ninas-y-ninos\/"},"modified":"2023-01-04T11:00:30","modified_gmt":"2023-01-04T10:00:30","slug":"23-de-septiembre-dia-internacional-contra-la-trata-y-la-explotacion-sexual-de-mujeres-ninas-y-ninos","status":"publish","type":"post","link":"https:\/\/politicasocial.vinaros.es\/es\/23-de-septiembre-dia-internacional-contra-la-trata-y-la-explotacion-sexual-de-mujeres-ninas-y-ninos\/","title":{"rendered":"23 de Septiembre, D\u00eda Internacional contra la Trata y la Explotaci\u00f3n Sexual de Mujeres, Ni\u00f1as y Ni\u00f1os"},"content":{"rendered":"\n<p>La Concejal\u00eda de Pol\u00edtica Social y Juventud del Ajuntament de Vinar\u00f2s se suma a la conmemoraci\u00f3n del D\u00eda Internacional contra la Explotaci\u00f3n Sexual y el Tr\u00e1fico de Mujeres, Ni\u00f1as y Ni\u00f1os que se celebra hoy, d\u00eda 23 de septiembre. Fue instaurado por la Conferencia Mundial de la Coalici\u00f3n Contra el Tr\u00e1fico de Personas en coordinaci\u00f3n con la Conferencia de Mujeres que tuvo lugar en Dhaka, Bangladesh, en enero de 1999. La trata de seres humanos es la esclavitud de nuestro tiempo y, lamentablemente, una realidad en Europa y en nuestro pa\u00eds.  <\/p>\n\n<p>Supone una profunda violaci\u00f3n de los derechos humanos, de la dignidad y de la libertad de la persona y constituye una forma de delincuencia grave, que en la mayor\u00eda de las ocasiones implica a organizaciones delictivas a las que proporciona importantes beneficios basados en la utilizaci\u00f3n de las personas con distintos fines de explotaci\u00f3n.<\/p>\n\n<p>La explotaci\u00f3n sexual es la finalidad de explotaci\u00f3n y trata m\u00e1s numerosa y en la que el porcentaje de mujeres y ni\u00f1as aumenta exponencialmente.<\/p>\n\n<p>La prostituci\u00f3n, el tr\u00e1fico y trata de mujeres est\u00e1n absolutamente relacionados. La mayor\u00eda de mujeres en situaci\u00f3n de prostituci\u00f3n son o han sido v\u00edctimas de la trata de personas. <\/p>\n\n<p>#Noseascomplice<br\/>#NoExplotaci\u00f3nSexual<br\/>#NoConsumasProstituci\u00f3n<\/p>\n\n<p><strong>SI TIENES CONOCIMIENTO DE ALGUNA SITUACI\u00d3N DE EXPLOTACI\u00d3N SEXUAL, DEN\u00daNCIALA!<\/strong><\/p>\n","protected":false},"excerpt":{"rendered":"<p>La Concejal\u00eda de Pol\u00edtica Social y Juventud del Ajuntament de Vinar\u00f2s se suma a la conmemoraci\u00f3n del D\u00eda Internacional contra la Explotaci\u00f3n Sexual y el Tr\u00e1fico de Mujeres, Ni\u00f1as y Ni\u00f1os que se celebra hoy, d\u00eda 23 de septiembre. Fue instaurado por la Conferencia Mundial de la Coalici\u00f3n Contra el Tr\u00e1fico de Personas en coordinaci\u00f3n [&hellip;]<\/p>\n","protected":false},"author":1,"featured_media":797,"comment_status":"open","ping_status":"open","sticky":false,"template":"","format":"standard","meta":{"_acf_changed":false,"inline_featured_image":false,"footnotes":""},"categories":[11],"tags":[],"class_list":["post-1317","post","type-post","status-publish","format-standard","has-post-thumbnail","hentry","category-servicios-sociales"],"acf":[],"yoast_head":"<!-- This site is optimized with the Yoast SEO plugin v27.0 - https:\/\/yoast.com\/product\/yoast-seo-wordpress\/ -->\n<title>23 de Septiembre, D\u00eda Internacional contra la Trata y la Explotaci\u00f3n Sexual de Mujeres, Ni\u00f1as y Ni\u00f1os - Pol\u00edtica Social - Ajuntament de Vinar\u00f2s<\/title>\n<meta name=\"robots\" content=\"index, follow, max-snippet:-1, max-image-preview:large, max-video-preview:-1\" \/>\n<link rel=\"canonical\" href=\"https:\/\/politicasocial.vinaros.es\/es\/23-de-septiembre-dia-internacional-contra-la-trata-y-la-explotacion-sexual-de-mujeres-ninas-y-ninos\/\" \/>\n<meta property=\"og:locale\" content=\"es_ES\" \/>\n<meta property=\"og:type\" content=\"article\" \/>\n<meta property=\"og:title\" content=\"23 de Septiembre, D\u00eda Internacional contra la Trata y la Explotaci\u00f3n Sexual de Mujeres, Ni\u00f1as y Ni\u00f1os - Pol\u00edtica Social - Ajuntament de Vinar\u00f2s\" \/>\n<meta property=\"og:description\" content=\"La Concejal\u00eda de Pol\u00edtica Social y Juventud del Ajuntament de Vinar\u00f2s se suma a la conmemoraci\u00f3n del D\u00eda Internacional contra la Explotaci\u00f3n Sexual y el Tr\u00e1fico de Mujeres, Ni\u00f1as y Ni\u00f1os que se celebra hoy, d\u00eda 23 de septiembre. Fue instaurado por la Conferencia Mundial de la Coalici\u00f3n Contra el Tr\u00e1fico de Personas en coordinaci\u00f3n [&hellip;]\" \/>\n<meta property=\"og:url\" content=\"https:\/\/politicasocial.vinaros.es\/es\/23-de-septiembre-dia-internacional-contra-la-trata-y-la-explotacion-sexual-de-mujeres-ninas-y-ninos\/\" \/>\n<meta property=\"og:site_name\" content=\"Pol\u00edtica Social - Ajuntament de Vinar\u00f2s\" \/>\n<meta property=\"article:published_time\" content=\"2020-09-25T10:00:00+00:00\" \/>\n<meta property=\"article:modified_time\" content=\"2023-01-04T10:00:30+00:00\" \/>\n<meta property=\"og:image\" content=\"https:\/\/politicasocial.vinaros.es\/wp-content\/uploads\/2023\/01\/serveis-socials-vinaros-23-de-setembre-dia-internacional-contra-el-trafic-i-lexplotacio-sexual-de-dones-xiquetes-i-xiquets.jpg\" \/>\n\t<meta property=\"og:image:width\" content=\"1358\" \/>\n\t<meta property=\"og:image:height\" content=\"1920\" \/>\n\t<meta property=\"og:image:type\" content=\"image\/jpeg\" \/>\n<meta name=\"author\" content=\"Ra\u00fal Torner Martinell\" \/>\n<meta name=\"twitter:card\" content=\"summary_large_image\" \/>\n<meta name=\"twitter:label1\" content=\"Escrito por\" \/>\n\t<meta name=\"twitter:data1\" content=\"Ra\u00fal Torner Martinell\" \/>\n\t<meta name=\"twitter:label2\" content=\"Tiempo de lectura\" \/>\n\t<meta name=\"twitter:data2\" content=\"1 minuto\" \/>\n<script type=\"application\/ld+json\" class=\"yoast-schema-graph\">{\"@context\":\"https:\/\/schema.org\",\"@graph\":[{\"@type\":\"Article\",\"@id\":\"https:\/\/politicasocial.vinaros.es\/es\/23-de-septiembre-dia-internacional-contra-la-trata-y-la-explotacion-sexual-de-mujeres-ninas-y-ninos\/#article\",\"isPartOf\":{\"@id\":\"https:\/\/politicasocial.vinaros.es\/es\/23-de-septiembre-dia-internacional-contra-la-trata-y-la-explotacion-sexual-de-mujeres-ninas-y-ninos\/\"},\"author\":{\"name\":\"Ra\u00fal Torner Martinell\",\"@id\":\"https:\/\/politicasocial.vinaros.es\/es\/#\/schema\/person\/25b8c0c60cdeca0d29acc31758a695da\"},\"headline\":\"23 de Septiembre, D\u00eda Internacional contra la Trata y la Explotaci\u00f3n Sexual de Mujeres, Ni\u00f1as y Ni\u00f1os\",\"datePublished\":\"2020-09-25T10:00:00+00:00\",\"dateModified\":\"2023-01-04T10:00:30+00:00\",\"mainEntityOfPage\":{\"@id\":\"https:\/\/politicasocial.vinaros.es\/es\/23-de-septiembre-dia-internacional-contra-la-trata-y-la-explotacion-sexual-de-mujeres-ninas-y-ninos\/\"},\"wordCount\":263,\"commentCount\":0,\"image\":{\"@id\":\"https:\/\/politicasocial.vinaros.es\/es\/23-de-septiembre-dia-internacional-contra-la-trata-y-la-explotacion-sexual-de-mujeres-ninas-y-ninos\/#primaryimage\"},\"thumbnailUrl\":\"https:\/\/politicasocial.vinaros.es\/wp-content\/uploads\/2023\/01\/serveis-socials-vinaros-23-de-setembre-dia-internacional-contra-el-trafic-i-lexplotacio-sexual-de-dones-xiquetes-i-xiquets.jpg\",\"articleSection\":[\"Servicios Sociales\"],\"inLanguage\":\"es\",\"potentialAction\":[{\"@type\":\"CommentAction\",\"name\":\"Comment\",\"target\":[\"https:\/\/politicasocial.vinaros.es\/es\/23-de-septiembre-dia-internacional-contra-la-trata-y-la-explotacion-sexual-de-mujeres-ninas-y-ninos\/#respond\"]}]},{\"@type\":\"WebPage\",\"@id\":\"https:\/\/politicasocial.vinaros.es\/es\/23-de-septiembre-dia-internacional-contra-la-trata-y-la-explotacion-sexual-de-mujeres-ninas-y-ninos\/\",\"url\":\"https:\/\/politicasocial.vinaros.es\/es\/23-de-septiembre-dia-internacional-contra-la-trata-y-la-explotacion-sexual-de-mujeres-ninas-y-ninos\/\",\"name\":\"23 de Septiembre, D\u00eda Internacional contra la Trata y la Explotaci\u00f3n Sexual de Mujeres, Ni\u00f1as y Ni\u00f1os - Pol\u00edtica Social - Ajuntament de Vinar\u00f2s\",\"isPartOf\":{\"@id\":\"https:\/\/politicasocial.vinaros.es\/es\/#website\"},\"primaryImageOfPage\":{\"@id\":\"https:\/\/politicasocial.vinaros.es\/es\/23-de-septiembre-dia-internacional-contra-la-trata-y-la-explotacion-sexual-de-mujeres-ninas-y-ninos\/#primaryimage\"},\"image\":{\"@id\":\"https:\/\/politicasocial.vinaros.es\/es\/23-de-septiembre-dia-internacional-contra-la-trata-y-la-explotacion-sexual-de-mujeres-ninas-y-ninos\/#primaryimage\"},\"thumbnailUrl\":\"https:\/\/politicasocial.vinaros.es\/wp-content\/uploads\/2023\/01\/serveis-socials-vinaros-23-de-setembre-dia-internacional-contra-el-trafic-i-lexplotacio-sexual-de-dones-xiquetes-i-xiquets.jpg\",\"datePublished\":\"2020-09-25T10:00:00+00:00\",\"dateModified\":\"2023-01-04T10:00:30+00:00\",\"author\":{\"@id\":\"https:\/\/politicasocial.vinaros.es\/es\/#\/schema\/person\/25b8c0c60cdeca0d29acc31758a695da\"},\"breadcrumb\":{\"@id\":\"https:\/\/politicasocial.vinaros.es\/es\/23-de-septiembre-dia-internacional-contra-la-trata-y-la-explotacion-sexual-de-mujeres-ninas-y-ninos\/#breadcrumb\"},\"inLanguage\":\"es\",\"potentialAction\":[{\"@type\":\"ReadAction\",\"target\":[\"https:\/\/politicasocial.vinaros.es\/es\/23-de-septiembre-dia-internacional-contra-la-trata-y-la-explotacion-sexual-de-mujeres-ninas-y-ninos\/\"]}]},{\"@type\":\"ImageObject\",\"inLanguage\":\"es\",\"@id\":\"https:\/\/politicasocial.vinaros.es\/es\/23-de-septiembre-dia-internacional-contra-la-trata-y-la-explotacion-sexual-de-mujeres-ninas-y-ninos\/#primaryimage\",\"url\":\"https:\/\/politicasocial.vinaros.es\/wp-content\/uploads\/2023\/01\/serveis-socials-vinaros-23-de-setembre-dia-internacional-contra-el-trafic-i-lexplotacio-sexual-de-dones-xiquetes-i-xiquets.jpg\",\"contentUrl\":\"https:\/\/politicasocial.vinaros.es\/wp-content\/uploads\/2023\/01\/serveis-socials-vinaros-23-de-setembre-dia-internacional-contra-el-trafic-i-lexplotacio-sexual-de-dones-xiquetes-i-xiquets.jpg\",\"width\":1358,\"height\":1920},{\"@type\":\"BreadcrumbList\",\"@id\":\"https:\/\/politicasocial.vinaros.es\/es\/23-de-septiembre-dia-internacional-contra-la-trata-y-la-explotacion-sexual-de-mujeres-ninas-y-ninos\/#breadcrumb\",\"itemListElement\":[{\"@type\":\"ListItem\",\"position\":1,\"name\":\"Inicio\",\"item\":\"https:\/\/politicasocial.vinaros.es\/es\/\"},{\"@type\":\"ListItem\",\"position\":2,\"name\":\"Servicios Sociales\",\"item\":\"https:\/\/politicasocial.vinaros.es\/es\/categoria\/servicios-sociales\/\"},{\"@type\":\"ListItem\",\"position\":3,\"name\":\"23 de Septiembre, D\u00eda Internacional contra la Trata y la Explotaci\u00f3n Sexual de Mujeres, Ni\u00f1as y Ni\u00f1os\"}]},{\"@type\":\"WebSite\",\"@id\":\"https:\/\/politicasocial.vinaros.es\/es\/#website\",\"url\":\"https:\/\/politicasocial.vinaros.es\/es\/\",\"name\":\"Pol\u00edtica Social - Ajuntament de Vinar\u00f2s\",\"description\":\"Regidoria de Pol\u00edtica Social\",\"potentialAction\":[{\"@type\":\"SearchAction\",\"target\":{\"@type\":\"EntryPoint\",\"urlTemplate\":\"https:\/\/politicasocial.vinaros.es\/es\/?s={search_term_string}\"},\"query-input\":{\"@type\":\"PropertyValueSpecification\",\"valueRequired\":true,\"valueName\":\"search_term_string\"}}],\"inLanguage\":\"es\"},{\"@type\":\"Person\",\"@id\":\"https:\/\/politicasocial.vinaros.es\/es\/#\/schema\/person\/25b8c0c60cdeca0d29acc31758a695da\",\"name\":\"Ra\u00fal Torner Martinell\",\"image\":{\"@type\":\"ImageObject\",\"inLanguage\":\"es\",\"@id\":\"https:\/\/politicasocial.vinaros.es\/es\/#\/schema\/person\/image\/\",\"url\":\"https:\/\/secure.gravatar.com\/avatar\/3716f530378a992b4951fb4809843919506e982d2df14dcde67785574c23e79b?s=96&d=mm&r=g\",\"contentUrl\":\"https:\/\/secure.gravatar.com\/avatar\/3716f530378a992b4951fb4809843919506e982d2df14dcde67785574c23e79b?s=96&d=mm&r=g\",\"caption\":\"Ra\u00fal Torner Martinell\"},\"url\":\"https:\/\/politicasocial.vinaros.es\/es\"}]}<\/script>\n<!-- \/ Yoast SEO plugin. -->","yoast_head_json":{"title":"23 de Septiembre, D\u00eda Internacional contra la Trata y la Explotaci\u00f3n Sexual de Mujeres, Ni\u00f1as y Ni\u00f1os - Pol\u00edtica Social - Ajuntament de Vinar\u00f2s","robots":{"index":"index","follow":"follow","max-snippet":"max-snippet:-1","max-image-preview":"max-image-preview:large","max-video-preview":"max-video-preview:-1"},"canonical":"https:\/\/politicasocial.vinaros.es\/es\/23-de-septiembre-dia-internacional-contra-la-trata-y-la-explotacion-sexual-de-mujeres-ninas-y-ninos\/","og_locale":"es_ES","og_type":"article","og_title":"23 de Septiembre, D\u00eda Internacional contra la Trata y la Explotaci\u00f3n Sexual de Mujeres, Ni\u00f1as y Ni\u00f1os - Pol\u00edtica Social - Ajuntament de Vinar\u00f2s","og_description":"La Concejal\u00eda de Pol\u00edtica Social y Juventud del Ajuntament de Vinar\u00f2s se suma a la conmemoraci\u00f3n del D\u00eda Internacional contra la Explotaci\u00f3n Sexual y el Tr\u00e1fico de Mujeres, Ni\u00f1as y Ni\u00f1os que se celebra hoy, d\u00eda 23 de septiembre. Fue instaurado por la Conferencia Mundial de la Coalici\u00f3n Contra el Tr\u00e1fico de Personas en coordinaci\u00f3n [&hellip;]","og_url":"https:\/\/politicasocial.vinaros.es\/es\/23-de-septiembre-dia-internacional-contra-la-trata-y-la-explotacion-sexual-de-mujeres-ninas-y-ninos\/","og_site_name":"Pol\u00edtica Social - Ajuntament de Vinar\u00f2s","article_published_time":"2020-09-25T10:00:00+00:00","article_modified_time":"2023-01-04T10:00:30+00:00","og_image":[{"width":1358,"height":1920,"url":"https:\/\/politicasocial.vinaros.es\/wp-content\/uploads\/2023\/01\/serveis-socials-vinaros-23-de-setembre-dia-internacional-contra-el-trafic-i-lexplotacio-sexual-de-dones-xiquetes-i-xiquets.jpg","type":"image\/jpeg"}],"author":"Ra\u00fal Torner Martinell","twitter_card":"summary_large_image","twitter_misc":{"Escrito por":"Ra\u00fal Torner Martinell","Tiempo de lectura":"1 minuto"},"schema":{"@context":"https:\/\/schema.org","@graph":[{"@type":"Article","@id":"https:\/\/politicasocial.vinaros.es\/es\/23-de-septiembre-dia-internacional-contra-la-trata-y-la-explotacion-sexual-de-mujeres-ninas-y-ninos\/#article","isPartOf":{"@id":"https:\/\/politicasocial.vinaros.es\/es\/23-de-septiembre-dia-internacional-contra-la-trata-y-la-explotacion-sexual-de-mujeres-ninas-y-ninos\/"},"author":{"name":"Ra\u00fal Torner Martinell","@id":"https:\/\/politicasocial.vinaros.es\/es\/#\/schema\/person\/25b8c0c60cdeca0d29acc31758a695da"},"headline":"23 de Septiembre, D\u00eda Internacional contra la Trata y la Explotaci\u00f3n Sexual de Mujeres, Ni\u00f1as y Ni\u00f1os","datePublished":"2020-09-25T10:00:00+00:00","dateModified":"2023-01-04T10:00:30+00:00","mainEntityOfPage":{"@id":"https:\/\/politicasocial.vinaros.es\/es\/23-de-septiembre-dia-internacional-contra-la-trata-y-la-explotacion-sexual-de-mujeres-ninas-y-ninos\/"},"wordCount":263,"commentCount":0,"image":{"@id":"https:\/\/politicasocial.vinaros.es\/es\/23-de-septiembre-dia-internacional-contra-la-trata-y-la-explotacion-sexual-de-mujeres-ninas-y-ninos\/#primaryimage"},"thumbnailUrl":"https:\/\/politicasocial.vinaros.es\/wp-content\/uploads\/2023\/01\/serveis-socials-vinaros-23-de-setembre-dia-internacional-contra-el-trafic-i-lexplotacio-sexual-de-dones-xiquetes-i-xiquets.jpg","articleSection":["Servicios Sociales"],"inLanguage":"es","potentialAction":[{"@type":"CommentAction","name":"Comment","target":["https:\/\/politicasocial.vinaros.es\/es\/23-de-septiembre-dia-internacional-contra-la-trata-y-la-explotacion-sexual-de-mujeres-ninas-y-ninos\/#respond"]}]},{"@type":"WebPage","@id":"https:\/\/politicasocial.vinaros.es\/es\/23-de-septiembre-dia-internacional-contra-la-trata-y-la-explotacion-sexual-de-mujeres-ninas-y-ninos\/","url":"https:\/\/politicasocial.vinaros.es\/es\/23-de-septiembre-dia-internacional-contra-la-trata-y-la-explotacion-sexual-de-mujeres-ninas-y-ninos\/","name":"23 de Septiembre, D\u00eda Internacional contra la Trata y la Explotaci\u00f3n Sexual de Mujeres, Ni\u00f1as y Ni\u00f1os - Pol\u00edtica Social - Ajuntament de Vinar\u00f2s","isPartOf":{"@id":"https:\/\/politicasocial.vinaros.es\/es\/#website"},"primaryImageOfPage":{"@id":"https:\/\/politicasocial.vinaros.es\/es\/23-de-septiembre-dia-internacional-contra-la-trata-y-la-explotacion-sexual-de-mujeres-ninas-y-ninos\/#primaryimage"},"image":{"@id":"https:\/\/politicasocial.vinaros.es\/es\/23-de-septiembre-dia-internacional-contra-la-trata-y-la-explotacion-sexual-de-mujeres-ninas-y-ninos\/#primaryimage"},"thumbnailUrl":"https:\/\/politicasocial.vinaros.es\/wp-content\/uploads\/2023\/01\/serveis-socials-vinaros-23-de-setembre-dia-internacional-contra-el-trafic-i-lexplotacio-sexual-de-dones-xiquetes-i-xiquets.jpg","datePublished":"2020-09-25T10:00:00+00:00","dateModified":"2023-01-04T10:00:30+00:00","author":{"@id":"https:\/\/politicasocial.vinaros.es\/es\/#\/schema\/person\/25b8c0c60cdeca0d29acc31758a695da"},"breadcrumb":{"@id":"https:\/\/politicasocial.vinaros.es\/es\/23-de-septiembre-dia-internacional-contra-la-trata-y-la-explotacion-sexual-de-mujeres-ninas-y-ninos\/#breadcrumb"},"inLanguage":"es","potentialAction":[{"@type":"ReadAction","target":["https:\/\/politicasocial.vinaros.es\/es\/23-de-septiembre-dia-internacional-contra-la-trata-y-la-explotacion-sexual-de-mujeres-ninas-y-ninos\/"]}]},{"@type":"ImageObject","inLanguage":"es","@id":"https:\/\/politicasocial.vinaros.es\/es\/23-de-septiembre-dia-internacional-contra-la-trata-y-la-explotacion-sexual-de-mujeres-ninas-y-ninos\/#primaryimage","url":"https:\/\/politicasocial.vinaros.es\/wp-content\/uploads\/2023\/01\/serveis-socials-vinaros-23-de-setembre-dia-internacional-contra-el-trafic-i-lexplotacio-sexual-de-dones-xiquetes-i-xiquets.jpg","contentUrl":"https:\/\/politicasocial.vinaros.es\/wp-content\/uploads\/2023\/01\/serveis-socials-vinaros-23-de-setembre-dia-internacional-contra-el-trafic-i-lexplotacio-sexual-de-dones-xiquetes-i-xiquets.jpg","width":1358,"height":1920},{"@type":"BreadcrumbList","@id":"https:\/\/politicasocial.vinaros.es\/es\/23-de-septiembre-dia-internacional-contra-la-trata-y-la-explotacion-sexual-de-mujeres-ninas-y-ninos\/#breadcrumb","itemListElement":[{"@type":"ListItem","position":1,"name":"Inicio","item":"https:\/\/politicasocial.vinaros.es\/es\/"},{"@type":"ListItem","position":2,"name":"Servicios Sociales","item":"https:\/\/politicasocial.vinaros.es\/es\/categoria\/servicios-sociales\/"},{"@type":"ListItem","position":3,"name":"23 de Septiembre, D\u00eda Internacional contra la Trata y la Explotaci\u00f3n Sexual de Mujeres, Ni\u00f1as y Ni\u00f1os"}]},{"@type":"WebSite","@id":"https:\/\/politicasocial.vinaros.es\/es\/#website","url":"https:\/\/politicasocial.vinaros.es\/es\/","name":"Pol\u00edtica Social - Ajuntament de Vinar\u00f2s","description":"Regidoria de Pol\u00edtica Social","potentialAction":[{"@type":"SearchAction","target":{"@type":"EntryPoint","urlTemplate":"https:\/\/politicasocial.vinaros.es\/es\/?s={search_term_string}"},"query-input":{"@type":"PropertyValueSpecification","valueRequired":true,"valueName":"search_term_string"}}],"inLanguage":"es"},{"@type":"Person","@id":"https:\/\/politicasocial.vinaros.es\/es\/#\/schema\/person\/25b8c0c60cdeca0d29acc31758a695da","name":"Ra\u00fal Torner Martinell","image":{"@type":"ImageObject","inLanguage":"es","@id":"https:\/\/politicasocial.vinaros.es\/es\/#\/schema\/person\/image\/","url":"https:\/\/secure.gravatar.com\/avatar\/3716f530378a992b4951fb4809843919506e982d2df14dcde67785574c23e79b?s=96&d=mm&r=g","contentUrl":"https:\/\/secure.gravatar.com\/avatar\/3716f530378a992b4951fb4809843919506e982d2df14dcde67785574c23e79b?s=96&d=mm&r=g","caption":"Ra\u00fal Torner Martinell"},"url":"https:\/\/politicasocial.vinaros.es\/es"}]}},"_links":{"self":[{"href":"https:\/\/politicasocial.vinaros.es\/es\/wp-json\/wp\/v2\/posts\/1317","targetHints":{"allow":["GET"]}}],"collection":[{"href":"https:\/\/politicasocial.vinaros.es\/es\/wp-json\/wp\/v2\/posts"}],"about":[{"href":"https:\/\/politicasocial.vinaros.es\/es\/wp-json\/wp\/v2\/types\/post"}],"author":[{"embeddable":true,"href":"https:\/\/politicasocial.vinaros.es\/es\/wp-json\/wp\/v2\/users\/1"}],"replies":[{"embeddable":true,"href":"https:\/\/politicasocial.vinaros.es\/es\/wp-json\/wp\/v2\/comments?post=1317"}],"version-history":[{"count":1,"href":"https:\/\/politicasocial.vinaros.es\/es\/wp-json\/wp\/v2\/posts\/1317\/revisions"}],"predecessor-version":[{"id":1318,"href":"https:\/\/politicasocial.vinaros.es\/es\/wp-json\/wp\/v2\/posts\/1317\/revisions\/1318"}],"wp:featuredmedia":[{"embeddable":true,"href":"https:\/\/politicasocial.vinaros.es\/es\/wp-json\/wp\/v2\/media\/797"}],"wp:attachment":[{"href":"https:\/\/politicasocial.vinaros.es\/es\/wp-json\/wp\/v2\/media?parent=1317"}],"wp:term":[{"taxonomy":"category","embeddable":true,"href":"https:\/\/politicasocial.vinaros.es\/es\/wp-json\/wp\/v2\/categories?post=1317"},{"taxonomy":"post_tag","embeddable":true,"href":"https:\/\/politicasocial.vinaros.es\/es\/wp-json\/wp\/v2\/tags?post=1317"}],"curies":[{"name":"wp","href":"https:\/\/api.w.org\/{rel}","templated":true}]}}