{"id":1321,"date":"2020-07-21T12:00:00","date_gmt":"2020-07-21T10:00:00","guid":{"rendered":"https:\/\/politicasocial.vinaros.es\/fondos-del-pacto-de-estado-contra-la-violencia-de-genero-2019\/"},"modified":"2023-01-04T11:02:49","modified_gmt":"2023-01-04T10:02:49","slug":"fondos-del-pacto-de-estado-contra-la-violencia-de-genero-2019","status":"publish","type":"post","link":"https:\/\/politicasocial.vinaros.es\/es\/fondos-del-pacto-de-estado-contra-la-violencia-de-genero-2019\/","title":{"rendered":"Fondos del Pacto de Estado contra la Violencia de G\u00e9nero 2019"},"content":{"rendered":"\n<p>Durante el mes noviembre de 2019 y junio de 2020 se han realizado las siguientes actividades que se han financiado con cargo a los fondos del Pacto de Estado contra la Violencia de G\u00e9nero, recibidos del Ministerio de Presidencia, Relaciones con las Cortes e Igualdad, Secretar\u00eda de Estado de Igualdad.<\/p>\n\n<ul class=\"wp-block-list\">\n<li>Talleres de prevenci\u00f3n de la violencia de g\u00e9nero dirigido a alumnado de primaria y secundaria de los centros educativos de Vinar\u00f2s, a cargo de Sandra Herrreros (desde noviembre 2019 hasta marzo 2020).<\/li>\n\n\n\n<li>Cortos por la igualdad I y II, con la participaci\u00f3n de \u00c1lvaro Garcia Company, director del corto \u201cFin\u201d.<\/li>\n\n\n\n<li>Espect\u00e1culo \u201cJo no vull ser princesa\u201d a cargo de Rosabel Can\u00f3s, dirigido a ni\u00f1as y ni\u00f1os entre 5 y 10 a\u00f1os.<\/li>\n\n\n\n<li>Conferencia \u201cHerstory: d\u00f3nde est\u00e1n las mujeres?\u201d a cargo de la Asociaci\u00f3n Calandra, dirigido a las personas integrantes del Club de la Vida.<\/li>\n\n\n\n<li>Punto Violeta para la prevenci\u00f3n de abusos o violencias sexistas durante las Fiestas de Carnaval de Vinar\u00f2s, a cargo de Cruz Roja Espa\u00f1ola.<\/li>\n<\/ul>\n\n<p>En la actualidad, el pr\u00f3ximo 17 de Julio y con cargo a estos fondos, se llevar\u00e1 a cabo un curso sobre acoso sexual y acoso por raz\u00f3n de sexo en el \u00e1mbito laboral dirigido preferentemente al personal del Ayuntamiento que forma parte de la Comisi\u00f3n de Igualdad, a cargo de la empresa Concilia2.<\/p>\n","protected":false},"excerpt":{"rendered":"<p>Durante el mes noviembre de 2019 y junio de 2020 se han realizado las siguientes actividades que se han financiado con cargo a los fondos del Pacto de Estado contra la Violencia de G\u00e9nero, recibidos del Ministerio de Presidencia, Relaciones con las Cortes e Igualdad, Secretar\u00eda de Estado de Igualdad. En la actualidad, el pr\u00f3ximo [&hellip;]<\/p>\n","protected":false},"author":1,"featured_media":809,"comment_status":"open","ping_status":"open","sticky":false,"template":"","format":"standard","meta":{"_acf_changed":false,"inline_featured_image":false,"footnotes":""},"categories":[11],"tags":[],"class_list":["post-1321","post","type-post","status-publish","format-standard","has-post-thumbnail","hentry","category-servicios-sociales"],"acf":[],"yoast_head":"<!-- This site is optimized with the Yoast SEO plugin v27.0 - https:\/\/yoast.com\/product\/yoast-seo-wordpress\/ -->\n<title>Fondos del Pacto de Estado contra la Violencia de G\u00e9nero 2019 - Pol\u00edtica Social - Ajuntament de Vinar\u00f2s<\/title>\n<meta name=\"robots\" content=\"index, follow, max-snippet:-1, max-image-preview:large, max-video-preview:-1\" \/>\n<link rel=\"canonical\" href=\"https:\/\/politicasocial.vinaros.es\/es\/fondos-del-pacto-de-estado-contra-la-violencia-de-genero-2019\/\" \/>\n<meta property=\"og:locale\" content=\"es_ES\" \/>\n<meta property=\"og:type\" content=\"article\" \/>\n<meta property=\"og:title\" content=\"Fondos del Pacto de Estado contra la Violencia de G\u00e9nero 2019 - Pol\u00edtica Social - Ajuntament de Vinar\u00f2s\" \/>\n<meta property=\"og:description\" content=\"Durante el mes noviembre de 2019 y junio de 2020 se han realizado las siguientes actividades que se han financiado con cargo a los fondos del Pacto de Estado contra la Violencia de G\u00e9nero, recibidos del Ministerio de Presidencia, Relaciones con las Cortes e Igualdad, Secretar\u00eda de Estado de Igualdad. En la actualidad, el pr\u00f3ximo [&hellip;]\" \/>\n<meta property=\"og:url\" content=\"https:\/\/politicasocial.vinaros.es\/es\/fondos-del-pacto-de-estado-contra-la-violencia-de-genero-2019\/\" \/>\n<meta property=\"og:site_name\" content=\"Pol\u00edtica Social - Ajuntament de Vinar\u00f2s\" \/>\n<meta property=\"article:published_time\" content=\"2020-07-21T10:00:00+00:00\" \/>\n<meta property=\"article:modified_time\" content=\"2023-01-04T10:02:49+00:00\" \/>\n<meta property=\"og:image\" content=\"https:\/\/politicasocial.vinaros.es\/wp-content\/uploads\/2023\/01\/serveis-socials-vinaros-fons-del-pacte-destat-contra-la-violencia-de-genere-2019.jpg\" \/>\n\t<meta property=\"og:image:width\" content=\"1600\" \/>\n\t<meta property=\"og:image:height\" content=\"1131\" \/>\n\t<meta property=\"og:image:type\" content=\"image\/jpeg\" \/>\n<meta name=\"author\" content=\"Ra\u00fal Torner Martinell\" \/>\n<meta name=\"twitter:card\" content=\"summary_large_image\" \/>\n<meta name=\"twitter:label1\" content=\"Escrito por\" \/>\n\t<meta name=\"twitter:data1\" content=\"Ra\u00fal Torner Martinell\" \/>\n\t<meta name=\"twitter:label2\" content=\"Tiempo de lectura\" \/>\n\t<meta name=\"twitter:data2\" content=\"1 minuto\" \/>\n<script type=\"application\/ld+json\" class=\"yoast-schema-graph\">{\"@context\":\"https:\/\/schema.org\",\"@graph\":[{\"@type\":\"Article\",\"@id\":\"https:\/\/politicasocial.vinaros.es\/es\/fondos-del-pacto-de-estado-contra-la-violencia-de-genero-2019\/#article\",\"isPartOf\":{\"@id\":\"https:\/\/politicasocial.vinaros.es\/es\/fondos-del-pacto-de-estado-contra-la-violencia-de-genero-2019\/\"},\"author\":{\"name\":\"Ra\u00fal Torner Martinell\",\"@id\":\"https:\/\/politicasocial.vinaros.es\/es\/#\/schema\/person\/25b8c0c60cdeca0d29acc31758a695da\"},\"headline\":\"Fondos del Pacto de Estado contra la Violencia de G\u00e9nero 2019\",\"datePublished\":\"2020-07-21T10:00:00+00:00\",\"dateModified\":\"2023-01-04T10:02:49+00:00\",\"mainEntityOfPage\":{\"@id\":\"https:\/\/politicasocial.vinaros.es\/es\/fondos-del-pacto-de-estado-contra-la-violencia-de-genero-2019\/\"},\"wordCount\":243,\"commentCount\":0,\"image\":{\"@id\":\"https:\/\/politicasocial.vinaros.es\/es\/fondos-del-pacto-de-estado-contra-la-violencia-de-genero-2019\/#primaryimage\"},\"thumbnailUrl\":\"https:\/\/politicasocial.vinaros.es\/wp-content\/uploads\/2023\/01\/serveis-socials-vinaros-fons-del-pacte-destat-contra-la-violencia-de-genere-2019.jpg\",\"articleSection\":[\"Servicios Sociales\"],\"inLanguage\":\"es\",\"potentialAction\":[{\"@type\":\"CommentAction\",\"name\":\"Comment\",\"target\":[\"https:\/\/politicasocial.vinaros.es\/es\/fondos-del-pacto-de-estado-contra-la-violencia-de-genero-2019\/#respond\"]}]},{\"@type\":\"WebPage\",\"@id\":\"https:\/\/politicasocial.vinaros.es\/es\/fondos-del-pacto-de-estado-contra-la-violencia-de-genero-2019\/\",\"url\":\"https:\/\/politicasocial.vinaros.es\/es\/fondos-del-pacto-de-estado-contra-la-violencia-de-genero-2019\/\",\"name\":\"Fondos del Pacto de Estado contra la Violencia de G\u00e9nero 2019 - Pol\u00edtica Social - Ajuntament de Vinar\u00f2s\",\"isPartOf\":{\"@id\":\"https:\/\/politicasocial.vinaros.es\/es\/#website\"},\"primaryImageOfPage\":{\"@id\":\"https:\/\/politicasocial.vinaros.es\/es\/fondos-del-pacto-de-estado-contra-la-violencia-de-genero-2019\/#primaryimage\"},\"image\":{\"@id\":\"https:\/\/politicasocial.vinaros.es\/es\/fondos-del-pacto-de-estado-contra-la-violencia-de-genero-2019\/#primaryimage\"},\"thumbnailUrl\":\"https:\/\/politicasocial.vinaros.es\/wp-content\/uploads\/2023\/01\/serveis-socials-vinaros-fons-del-pacte-destat-contra-la-violencia-de-genere-2019.jpg\",\"datePublished\":\"2020-07-21T10:00:00+00:00\",\"dateModified\":\"2023-01-04T10:02:49+00:00\",\"author\":{\"@id\":\"https:\/\/politicasocial.vinaros.es\/es\/#\/schema\/person\/25b8c0c60cdeca0d29acc31758a695da\"},\"breadcrumb\":{\"@id\":\"https:\/\/politicasocial.vinaros.es\/es\/fondos-del-pacto-de-estado-contra-la-violencia-de-genero-2019\/#breadcrumb\"},\"inLanguage\":\"es\",\"potentialAction\":[{\"@type\":\"ReadAction\",\"target\":[\"https:\/\/politicasocial.vinaros.es\/es\/fondos-del-pacto-de-estado-contra-la-violencia-de-genero-2019\/\"]}]},{\"@type\":\"ImageObject\",\"inLanguage\":\"es\",\"@id\":\"https:\/\/politicasocial.vinaros.es\/es\/fondos-del-pacto-de-estado-contra-la-violencia-de-genero-2019\/#primaryimage\",\"url\":\"https:\/\/politicasocial.vinaros.es\/wp-content\/uploads\/2023\/01\/serveis-socials-vinaros-fons-del-pacte-destat-contra-la-violencia-de-genere-2019.jpg\",\"contentUrl\":\"https:\/\/politicasocial.vinaros.es\/wp-content\/uploads\/2023\/01\/serveis-socials-vinaros-fons-del-pacte-destat-contra-la-violencia-de-genere-2019.jpg\",\"width\":1600,\"height\":1131},{\"@type\":\"BreadcrumbList\",\"@id\":\"https:\/\/politicasocial.vinaros.es\/es\/fondos-del-pacto-de-estado-contra-la-violencia-de-genero-2019\/#breadcrumb\",\"itemListElement\":[{\"@type\":\"ListItem\",\"position\":1,\"name\":\"Inicio\",\"item\":\"https:\/\/politicasocial.vinaros.es\/es\/\"},{\"@type\":\"ListItem\",\"position\":2,\"name\":\"Servicios Sociales\",\"item\":\"https:\/\/politicasocial.vinaros.es\/es\/categoria\/servicios-sociales\/\"},{\"@type\":\"ListItem\",\"position\":3,\"name\":\"Fondos del Pacto de Estado contra la Violencia de G\u00e9nero 2019\"}]},{\"@type\":\"WebSite\",\"@id\":\"https:\/\/politicasocial.vinaros.es\/es\/#website\",\"url\":\"https:\/\/politicasocial.vinaros.es\/es\/\",\"name\":\"Pol\u00edtica Social - Ajuntament de Vinar\u00f2s\",\"description\":\"Regidoria de Pol\u00edtica Social\",\"potentialAction\":[{\"@type\":\"SearchAction\",\"target\":{\"@type\":\"EntryPoint\",\"urlTemplate\":\"https:\/\/politicasocial.vinaros.es\/es\/?s={search_term_string}\"},\"query-input\":{\"@type\":\"PropertyValueSpecification\",\"valueRequired\":true,\"valueName\":\"search_term_string\"}}],\"inLanguage\":\"es\"},{\"@type\":\"Person\",\"@id\":\"https:\/\/politicasocial.vinaros.es\/es\/#\/schema\/person\/25b8c0c60cdeca0d29acc31758a695da\",\"name\":\"Ra\u00fal Torner Martinell\",\"image\":{\"@type\":\"ImageObject\",\"inLanguage\":\"es\",\"@id\":\"https:\/\/politicasocial.vinaros.es\/es\/#\/schema\/person\/image\/\",\"url\":\"https:\/\/secure.gravatar.com\/avatar\/3716f530378a992b4951fb4809843919506e982d2df14dcde67785574c23e79b?s=96&d=mm&r=g\",\"contentUrl\":\"https:\/\/secure.gravatar.com\/avatar\/3716f530378a992b4951fb4809843919506e982d2df14dcde67785574c23e79b?s=96&d=mm&r=g\",\"caption\":\"Ra\u00fal Torner Martinell\"},\"url\":\"https:\/\/politicasocial.vinaros.es\/es\"}]}<\/script>\n<!-- \/ Yoast SEO plugin. -->","yoast_head_json":{"title":"Fondos del Pacto de Estado contra la Violencia de G\u00e9nero 2019 - Pol\u00edtica Social - Ajuntament de Vinar\u00f2s","robots":{"index":"index","follow":"follow","max-snippet":"max-snippet:-1","max-image-preview":"max-image-preview:large","max-video-preview":"max-video-preview:-1"},"canonical":"https:\/\/politicasocial.vinaros.es\/es\/fondos-del-pacto-de-estado-contra-la-violencia-de-genero-2019\/","og_locale":"es_ES","og_type":"article","og_title":"Fondos del Pacto de Estado contra la Violencia de G\u00e9nero 2019 - Pol\u00edtica Social - Ajuntament de Vinar\u00f2s","og_description":"Durante el mes noviembre de 2019 y junio de 2020 se han realizado las siguientes actividades que se han financiado con cargo a los fondos del Pacto de Estado contra la Violencia de G\u00e9nero, recibidos del Ministerio de Presidencia, Relaciones con las Cortes e Igualdad, Secretar\u00eda de Estado de Igualdad. En la actualidad, el pr\u00f3ximo [&hellip;]","og_url":"https:\/\/politicasocial.vinaros.es\/es\/fondos-del-pacto-de-estado-contra-la-violencia-de-genero-2019\/","og_site_name":"Pol\u00edtica Social - Ajuntament de Vinar\u00f2s","article_published_time":"2020-07-21T10:00:00+00:00","article_modified_time":"2023-01-04T10:02:49+00:00","og_image":[{"width":1600,"height":1131,"url":"https:\/\/politicasocial.vinaros.es\/wp-content\/uploads\/2023\/01\/serveis-socials-vinaros-fons-del-pacte-destat-contra-la-violencia-de-genere-2019.jpg","type":"image\/jpeg"}],"author":"Ra\u00fal Torner Martinell","twitter_card":"summary_large_image","twitter_misc":{"Escrito por":"Ra\u00fal Torner Martinell","Tiempo de lectura":"1 minuto"},"schema":{"@context":"https:\/\/schema.org","@graph":[{"@type":"Article","@id":"https:\/\/politicasocial.vinaros.es\/es\/fondos-del-pacto-de-estado-contra-la-violencia-de-genero-2019\/#article","isPartOf":{"@id":"https:\/\/politicasocial.vinaros.es\/es\/fondos-del-pacto-de-estado-contra-la-violencia-de-genero-2019\/"},"author":{"name":"Ra\u00fal Torner Martinell","@id":"https:\/\/politicasocial.vinaros.es\/es\/#\/schema\/person\/25b8c0c60cdeca0d29acc31758a695da"},"headline":"Fondos del Pacto de Estado contra la Violencia de G\u00e9nero 2019","datePublished":"2020-07-21T10:00:00+00:00","dateModified":"2023-01-04T10:02:49+00:00","mainEntityOfPage":{"@id":"https:\/\/politicasocial.vinaros.es\/es\/fondos-del-pacto-de-estado-contra-la-violencia-de-genero-2019\/"},"wordCount":243,"commentCount":0,"image":{"@id":"https:\/\/politicasocial.vinaros.es\/es\/fondos-del-pacto-de-estado-contra-la-violencia-de-genero-2019\/#primaryimage"},"thumbnailUrl":"https:\/\/politicasocial.vinaros.es\/wp-content\/uploads\/2023\/01\/serveis-socials-vinaros-fons-del-pacte-destat-contra-la-violencia-de-genere-2019.jpg","articleSection":["Servicios Sociales"],"inLanguage":"es","potentialAction":[{"@type":"CommentAction","name":"Comment","target":["https:\/\/politicasocial.vinaros.es\/es\/fondos-del-pacto-de-estado-contra-la-violencia-de-genero-2019\/#respond"]}]},{"@type":"WebPage","@id":"https:\/\/politicasocial.vinaros.es\/es\/fondos-del-pacto-de-estado-contra-la-violencia-de-genero-2019\/","url":"https:\/\/politicasocial.vinaros.es\/es\/fondos-del-pacto-de-estado-contra-la-violencia-de-genero-2019\/","name":"Fondos del Pacto de Estado contra la Violencia de G\u00e9nero 2019 - Pol\u00edtica Social - Ajuntament de Vinar\u00f2s","isPartOf":{"@id":"https:\/\/politicasocial.vinaros.es\/es\/#website"},"primaryImageOfPage":{"@id":"https:\/\/politicasocial.vinaros.es\/es\/fondos-del-pacto-de-estado-contra-la-violencia-de-genero-2019\/#primaryimage"},"image":{"@id":"https:\/\/politicasocial.vinaros.es\/es\/fondos-del-pacto-de-estado-contra-la-violencia-de-genero-2019\/#primaryimage"},"thumbnailUrl":"https:\/\/politicasocial.vinaros.es\/wp-content\/uploads\/2023\/01\/serveis-socials-vinaros-fons-del-pacte-destat-contra-la-violencia-de-genere-2019.jpg","datePublished":"2020-07-21T10:00:00+00:00","dateModified":"2023-01-04T10:02:49+00:00","author":{"@id":"https:\/\/politicasocial.vinaros.es\/es\/#\/schema\/person\/25b8c0c60cdeca0d29acc31758a695da"},"breadcrumb":{"@id":"https:\/\/politicasocial.vinaros.es\/es\/fondos-del-pacto-de-estado-contra-la-violencia-de-genero-2019\/#breadcrumb"},"inLanguage":"es","potentialAction":[{"@type":"ReadAction","target":["https:\/\/politicasocial.vinaros.es\/es\/fondos-del-pacto-de-estado-contra-la-violencia-de-genero-2019\/"]}]},{"@type":"ImageObject","inLanguage":"es","@id":"https:\/\/politicasocial.vinaros.es\/es\/fondos-del-pacto-de-estado-contra-la-violencia-de-genero-2019\/#primaryimage","url":"https:\/\/politicasocial.vinaros.es\/wp-content\/uploads\/2023\/01\/serveis-socials-vinaros-fons-del-pacte-destat-contra-la-violencia-de-genere-2019.jpg","contentUrl":"https:\/\/politicasocial.vinaros.es\/wp-content\/uploads\/2023\/01\/serveis-socials-vinaros-fons-del-pacte-destat-contra-la-violencia-de-genere-2019.jpg","width":1600,"height":1131},{"@type":"BreadcrumbList","@id":"https:\/\/politicasocial.vinaros.es\/es\/fondos-del-pacto-de-estado-contra-la-violencia-de-genero-2019\/#breadcrumb","itemListElement":[{"@type":"ListItem","position":1,"name":"Inicio","item":"https:\/\/politicasocial.vinaros.es\/es\/"},{"@type":"ListItem","position":2,"name":"Servicios Sociales","item":"https:\/\/politicasocial.vinaros.es\/es\/categoria\/servicios-sociales\/"},{"@type":"ListItem","position":3,"name":"Fondos del Pacto de Estado contra la Violencia de G\u00e9nero 2019"}]},{"@type":"WebSite","@id":"https:\/\/politicasocial.vinaros.es\/es\/#website","url":"https:\/\/politicasocial.vinaros.es\/es\/","name":"Pol\u00edtica Social - Ajuntament de Vinar\u00f2s","description":"Regidoria de Pol\u00edtica Social","potentialAction":[{"@type":"SearchAction","target":{"@type":"EntryPoint","urlTemplate":"https:\/\/politicasocial.vinaros.es\/es\/?s={search_term_string}"},"query-input":{"@type":"PropertyValueSpecification","valueRequired":true,"valueName":"search_term_string"}}],"inLanguage":"es"},{"@type":"Person","@id":"https:\/\/politicasocial.vinaros.es\/es\/#\/schema\/person\/25b8c0c60cdeca0d29acc31758a695da","name":"Ra\u00fal Torner Martinell","image":{"@type":"ImageObject","inLanguage":"es","@id":"https:\/\/politicasocial.vinaros.es\/es\/#\/schema\/person\/image\/","url":"https:\/\/secure.gravatar.com\/avatar\/3716f530378a992b4951fb4809843919506e982d2df14dcde67785574c23e79b?s=96&d=mm&r=g","contentUrl":"https:\/\/secure.gravatar.com\/avatar\/3716f530378a992b4951fb4809843919506e982d2df14dcde67785574c23e79b?s=96&d=mm&r=g","caption":"Ra\u00fal Torner Martinell"},"url":"https:\/\/politicasocial.vinaros.es\/es"}]}},"_links":{"self":[{"href":"https:\/\/politicasocial.vinaros.es\/es\/wp-json\/wp\/v2\/posts\/1321","targetHints":{"allow":["GET"]}}],"collection":[{"href":"https:\/\/politicasocial.vinaros.es\/es\/wp-json\/wp\/v2\/posts"}],"about":[{"href":"https:\/\/politicasocial.vinaros.es\/es\/wp-json\/wp\/v2\/types\/post"}],"author":[{"embeddable":true,"href":"https:\/\/politicasocial.vinaros.es\/es\/wp-json\/wp\/v2\/users\/1"}],"replies":[{"embeddable":true,"href":"https:\/\/politicasocial.vinaros.es\/es\/wp-json\/wp\/v2\/comments?post=1321"}],"version-history":[{"count":1,"href":"https:\/\/politicasocial.vinaros.es\/es\/wp-json\/wp\/v2\/posts\/1321\/revisions"}],"predecessor-version":[{"id":1322,"href":"https:\/\/politicasocial.vinaros.es\/es\/wp-json\/wp\/v2\/posts\/1321\/revisions\/1322"}],"wp:featuredmedia":[{"embeddable":true,"href":"https:\/\/politicasocial.vinaros.es\/es\/wp-json\/wp\/v2\/media\/809"}],"wp:attachment":[{"href":"https:\/\/politicasocial.vinaros.es\/es\/wp-json\/wp\/v2\/media?parent=1321"}],"wp:term":[{"taxonomy":"category","embeddable":true,"href":"https:\/\/politicasocial.vinaros.es\/es\/wp-json\/wp\/v2\/categories?post=1321"},{"taxonomy":"post_tag","embeddable":true,"href":"https:\/\/politicasocial.vinaros.es\/es\/wp-json\/wp\/v2\/tags?post=1321"}],"curies":[{"name":"wp","href":"https:\/\/api.w.org\/{rel}","templated":true}]}}