{"id":1327,"date":"2020-03-18T12:00:00","date_gmt":"2020-03-18T11:00:00","guid":{"rendered":"https:\/\/politicasocial.vinaros.es\/servicios-especiales-para-los-colectivos-mas-vulnerables\/"},"modified":"2023-01-04T11:11:04","modified_gmt":"2023-01-04T10:11:04","slug":"servicios-especiales-para-los-colectivos-mas-vulnerables","status":"publish","type":"post","link":"https:\/\/politicasocial.vinaros.es\/es\/servicios-especiales-para-los-colectivos-mas-vulnerables\/","title":{"rendered":"Servicios especiales para los colectivos m\u00e1s vulnerables"},"content":{"rendered":"\n<p>Ante las situaci\u00f3n de alarma social desde el Ayuntamiento de Vinar\u00f2s se han activado diferentes servicios mediante medidas preventivas y acciones para ofrecer asistencia y garantizar la salud de todos los colectivos m\u00e1s vulnerables, con la colaboraci\u00f3n de Cruz Roja y C\u00e1ritas.<\/p>\n","protected":false},"excerpt":{"rendered":"<p>Ante las situaci\u00f3n de alarma social desde el Ayuntamiento de Vinar\u00f2s se han activado diferentes servicios mediante medidas preventivas y acciones para ofrecer asistencia y garantizar la salud de todos los colectivos m\u00e1s vulnerables, con la colaboraci\u00f3n de Cruz Roja y C\u00e1ritas.<\/p>\n","protected":false},"author":1,"featured_media":821,"comment_status":"open","ping_status":"open","sticky":false,"template":"","format":"standard","meta":{"_acf_changed":false,"inline_featured_image":false,"footnotes":""},"categories":[11],"tags":[],"class_list":["post-1327","post","type-post","status-publish","format-standard","has-post-thumbnail","hentry","category-servicios-sociales"],"acf":[],"yoast_head":"<!-- This site is optimized with the Yoast SEO plugin v27.0 - https:\/\/yoast.com\/product\/yoast-seo-wordpress\/ -->\n<title>Servicios especiales para los colectivos m\u00e1s vulnerables - Pol\u00edtica Social - Ajuntament de Vinar\u00f2s<\/title>\n<meta name=\"robots\" content=\"index, follow, max-snippet:-1, max-image-preview:large, max-video-preview:-1\" \/>\n<link rel=\"canonical\" href=\"https:\/\/politicasocial.vinaros.es\/es\/servicios-especiales-para-los-colectivos-mas-vulnerables\/\" \/>\n<meta property=\"og:locale\" content=\"es_ES\" \/>\n<meta property=\"og:type\" content=\"article\" \/>\n<meta property=\"og:title\" content=\"Servicios especiales para los colectivos m\u00e1s vulnerables - Pol\u00edtica Social - Ajuntament de Vinar\u00f2s\" \/>\n<meta property=\"og:description\" content=\"Ante las situaci\u00f3n de alarma social desde el Ayuntamiento de Vinar\u00f2s se han activado diferentes servicios mediante medidas preventivas y acciones para ofrecer asistencia y garantizar la salud de todos los colectivos m\u00e1s vulnerables, con la colaboraci\u00f3n de Cruz Roja y C\u00e1ritas.\" \/>\n<meta property=\"og:url\" content=\"https:\/\/politicasocial.vinaros.es\/es\/servicios-especiales-para-los-colectivos-mas-vulnerables\/\" \/>\n<meta property=\"og:site_name\" content=\"Pol\u00edtica Social - Ajuntament de Vinar\u00f2s\" \/>\n<meta property=\"article:published_time\" content=\"2020-03-18T11:00:00+00:00\" \/>\n<meta property=\"article:modified_time\" content=\"2023-01-04T10:11:04+00:00\" \/>\n<meta property=\"og:image\" content=\"https:\/\/politicasocial.vinaros.es\/wp-content\/uploads\/2023\/01\/serveis-socials-vinaros-serveis-socials-per-a-collectius-mes-vulnerables.jpg\" \/>\n\t<meta property=\"og:image:width\" content=\"2000\" \/>\n\t<meta property=\"og:image:height\" content=\"1414\" \/>\n\t<meta property=\"og:image:type\" content=\"image\/jpeg\" \/>\n<meta name=\"author\" content=\"Ra\u00fal Torner Martinell\" \/>\n<meta name=\"twitter:card\" content=\"summary_large_image\" \/>\n<meta name=\"twitter:label1\" content=\"Escrito por\" \/>\n\t<meta name=\"twitter:data1\" content=\"Ra\u00fal Torner Martinell\" \/>\n<script type=\"application\/ld+json\" class=\"yoast-schema-graph\">{\"@context\":\"https:\/\/schema.org\",\"@graph\":[{\"@type\":\"Article\",\"@id\":\"https:\/\/politicasocial.vinaros.es\/es\/servicios-especiales-para-los-colectivos-mas-vulnerables\/#article\",\"isPartOf\":{\"@id\":\"https:\/\/politicasocial.vinaros.es\/es\/servicios-especiales-para-los-colectivos-mas-vulnerables\/\"},\"author\":{\"name\":\"Ra\u00fal Torner Martinell\",\"@id\":\"https:\/\/politicasocial.vinaros.es\/es\/#\/schema\/person\/25b8c0c60cdeca0d29acc31758a695da\"},\"headline\":\"Servicios especiales para los colectivos m\u00e1s vulnerables\",\"datePublished\":\"2020-03-18T11:00:00+00:00\",\"dateModified\":\"2023-01-04T10:11:04+00:00\",\"mainEntityOfPage\":{\"@id\":\"https:\/\/politicasocial.vinaros.es\/es\/servicios-especiales-para-los-colectivos-mas-vulnerables\/\"},\"wordCount\":55,\"commentCount\":0,\"image\":{\"@id\":\"https:\/\/politicasocial.vinaros.es\/es\/servicios-especiales-para-los-colectivos-mas-vulnerables\/#primaryimage\"},\"thumbnailUrl\":\"https:\/\/politicasocial.vinaros.es\/wp-content\/uploads\/2023\/01\/serveis-socials-vinaros-serveis-socials-per-a-collectius-mes-vulnerables.jpg\",\"articleSection\":[\"Servicios Sociales\"],\"inLanguage\":\"es\",\"potentialAction\":[{\"@type\":\"CommentAction\",\"name\":\"Comment\",\"target\":[\"https:\/\/politicasocial.vinaros.es\/es\/servicios-especiales-para-los-colectivos-mas-vulnerables\/#respond\"]}]},{\"@type\":\"WebPage\",\"@id\":\"https:\/\/politicasocial.vinaros.es\/es\/servicios-especiales-para-los-colectivos-mas-vulnerables\/\",\"url\":\"https:\/\/politicasocial.vinaros.es\/es\/servicios-especiales-para-los-colectivos-mas-vulnerables\/\",\"name\":\"Servicios especiales para los colectivos m\u00e1s vulnerables - Pol\u00edtica Social - Ajuntament de Vinar\u00f2s\",\"isPartOf\":{\"@id\":\"https:\/\/politicasocial.vinaros.es\/es\/#website\"},\"primaryImageOfPage\":{\"@id\":\"https:\/\/politicasocial.vinaros.es\/es\/servicios-especiales-para-los-colectivos-mas-vulnerables\/#primaryimage\"},\"image\":{\"@id\":\"https:\/\/politicasocial.vinaros.es\/es\/servicios-especiales-para-los-colectivos-mas-vulnerables\/#primaryimage\"},\"thumbnailUrl\":\"https:\/\/politicasocial.vinaros.es\/wp-content\/uploads\/2023\/01\/serveis-socials-vinaros-serveis-socials-per-a-collectius-mes-vulnerables.jpg\",\"datePublished\":\"2020-03-18T11:00:00+00:00\",\"dateModified\":\"2023-01-04T10:11:04+00:00\",\"author\":{\"@id\":\"https:\/\/politicasocial.vinaros.es\/es\/#\/schema\/person\/25b8c0c60cdeca0d29acc31758a695da\"},\"breadcrumb\":{\"@id\":\"https:\/\/politicasocial.vinaros.es\/es\/servicios-especiales-para-los-colectivos-mas-vulnerables\/#breadcrumb\"},\"inLanguage\":\"es\",\"potentialAction\":[{\"@type\":\"ReadAction\",\"target\":[\"https:\/\/politicasocial.vinaros.es\/es\/servicios-especiales-para-los-colectivos-mas-vulnerables\/\"]}]},{\"@type\":\"ImageObject\",\"inLanguage\":\"es\",\"@id\":\"https:\/\/politicasocial.vinaros.es\/es\/servicios-especiales-para-los-colectivos-mas-vulnerables\/#primaryimage\",\"url\":\"https:\/\/politicasocial.vinaros.es\/wp-content\/uploads\/2023\/01\/serveis-socials-vinaros-serveis-socials-per-a-collectius-mes-vulnerables.jpg\",\"contentUrl\":\"https:\/\/politicasocial.vinaros.es\/wp-content\/uploads\/2023\/01\/serveis-socials-vinaros-serveis-socials-per-a-collectius-mes-vulnerables.jpg\",\"width\":2000,\"height\":1414},{\"@type\":\"BreadcrumbList\",\"@id\":\"https:\/\/politicasocial.vinaros.es\/es\/servicios-especiales-para-los-colectivos-mas-vulnerables\/#breadcrumb\",\"itemListElement\":[{\"@type\":\"ListItem\",\"position\":1,\"name\":\"Inicio\",\"item\":\"https:\/\/politicasocial.vinaros.es\/es\/\"},{\"@type\":\"ListItem\",\"position\":2,\"name\":\"Servicios Sociales\",\"item\":\"https:\/\/politicasocial.vinaros.es\/es\/categoria\/servicios-sociales\/\"},{\"@type\":\"ListItem\",\"position\":3,\"name\":\"Servicios especiales para los colectivos m\u00e1s vulnerables\"}]},{\"@type\":\"WebSite\",\"@id\":\"https:\/\/politicasocial.vinaros.es\/es\/#website\",\"url\":\"https:\/\/politicasocial.vinaros.es\/es\/\",\"name\":\"Pol\u00edtica Social - Ajuntament de Vinar\u00f2s\",\"description\":\"Regidoria de Pol\u00edtica Social\",\"potentialAction\":[{\"@type\":\"SearchAction\",\"target\":{\"@type\":\"EntryPoint\",\"urlTemplate\":\"https:\/\/politicasocial.vinaros.es\/es\/?s={search_term_string}\"},\"query-input\":{\"@type\":\"PropertyValueSpecification\",\"valueRequired\":true,\"valueName\":\"search_term_string\"}}],\"inLanguage\":\"es\"},{\"@type\":\"Person\",\"@id\":\"https:\/\/politicasocial.vinaros.es\/es\/#\/schema\/person\/25b8c0c60cdeca0d29acc31758a695da\",\"name\":\"Ra\u00fal Torner Martinell\",\"image\":{\"@type\":\"ImageObject\",\"inLanguage\":\"es\",\"@id\":\"https:\/\/politicasocial.vinaros.es\/es\/#\/schema\/person\/image\/\",\"url\":\"https:\/\/secure.gravatar.com\/avatar\/3716f530378a992b4951fb4809843919506e982d2df14dcde67785574c23e79b?s=96&d=mm&r=g\",\"contentUrl\":\"https:\/\/secure.gravatar.com\/avatar\/3716f530378a992b4951fb4809843919506e982d2df14dcde67785574c23e79b?s=96&d=mm&r=g\",\"caption\":\"Ra\u00fal Torner Martinell\"},\"url\":\"https:\/\/politicasocial.vinaros.es\/es\"}]}<\/script>\n<!-- \/ Yoast SEO plugin. -->","yoast_head_json":{"title":"Servicios especiales para los colectivos m\u00e1s vulnerables - Pol\u00edtica Social - Ajuntament de Vinar\u00f2s","robots":{"index":"index","follow":"follow","max-snippet":"max-snippet:-1","max-image-preview":"max-image-preview:large","max-video-preview":"max-video-preview:-1"},"canonical":"https:\/\/politicasocial.vinaros.es\/es\/servicios-especiales-para-los-colectivos-mas-vulnerables\/","og_locale":"es_ES","og_type":"article","og_title":"Servicios especiales para los colectivos m\u00e1s vulnerables - Pol\u00edtica Social - Ajuntament de Vinar\u00f2s","og_description":"Ante las situaci\u00f3n de alarma social desde el Ayuntamiento de Vinar\u00f2s se han activado diferentes servicios mediante medidas preventivas y acciones para ofrecer asistencia y garantizar la salud de todos los colectivos m\u00e1s vulnerables, con la colaboraci\u00f3n de Cruz Roja y C\u00e1ritas.","og_url":"https:\/\/politicasocial.vinaros.es\/es\/servicios-especiales-para-los-colectivos-mas-vulnerables\/","og_site_name":"Pol\u00edtica Social - Ajuntament de Vinar\u00f2s","article_published_time":"2020-03-18T11:00:00+00:00","article_modified_time":"2023-01-04T10:11:04+00:00","og_image":[{"width":2000,"height":1414,"url":"https:\/\/politicasocial.vinaros.es\/wp-content\/uploads\/2023\/01\/serveis-socials-vinaros-serveis-socials-per-a-collectius-mes-vulnerables.jpg","type":"image\/jpeg"}],"author":"Ra\u00fal Torner Martinell","twitter_card":"summary_large_image","twitter_misc":{"Escrito por":"Ra\u00fal Torner Martinell"},"schema":{"@context":"https:\/\/schema.org","@graph":[{"@type":"Article","@id":"https:\/\/politicasocial.vinaros.es\/es\/servicios-especiales-para-los-colectivos-mas-vulnerables\/#article","isPartOf":{"@id":"https:\/\/politicasocial.vinaros.es\/es\/servicios-especiales-para-los-colectivos-mas-vulnerables\/"},"author":{"name":"Ra\u00fal Torner Martinell","@id":"https:\/\/politicasocial.vinaros.es\/es\/#\/schema\/person\/25b8c0c60cdeca0d29acc31758a695da"},"headline":"Servicios especiales para los colectivos m\u00e1s vulnerables","datePublished":"2020-03-18T11:00:00+00:00","dateModified":"2023-01-04T10:11:04+00:00","mainEntityOfPage":{"@id":"https:\/\/politicasocial.vinaros.es\/es\/servicios-especiales-para-los-colectivos-mas-vulnerables\/"},"wordCount":55,"commentCount":0,"image":{"@id":"https:\/\/politicasocial.vinaros.es\/es\/servicios-especiales-para-los-colectivos-mas-vulnerables\/#primaryimage"},"thumbnailUrl":"https:\/\/politicasocial.vinaros.es\/wp-content\/uploads\/2023\/01\/serveis-socials-vinaros-serveis-socials-per-a-collectius-mes-vulnerables.jpg","articleSection":["Servicios Sociales"],"inLanguage":"es","potentialAction":[{"@type":"CommentAction","name":"Comment","target":["https:\/\/politicasocial.vinaros.es\/es\/servicios-especiales-para-los-colectivos-mas-vulnerables\/#respond"]}]},{"@type":"WebPage","@id":"https:\/\/politicasocial.vinaros.es\/es\/servicios-especiales-para-los-colectivos-mas-vulnerables\/","url":"https:\/\/politicasocial.vinaros.es\/es\/servicios-especiales-para-los-colectivos-mas-vulnerables\/","name":"Servicios especiales para los colectivos m\u00e1s vulnerables - Pol\u00edtica Social - Ajuntament de Vinar\u00f2s","isPartOf":{"@id":"https:\/\/politicasocial.vinaros.es\/es\/#website"},"primaryImageOfPage":{"@id":"https:\/\/politicasocial.vinaros.es\/es\/servicios-especiales-para-los-colectivos-mas-vulnerables\/#primaryimage"},"image":{"@id":"https:\/\/politicasocial.vinaros.es\/es\/servicios-especiales-para-los-colectivos-mas-vulnerables\/#primaryimage"},"thumbnailUrl":"https:\/\/politicasocial.vinaros.es\/wp-content\/uploads\/2023\/01\/serveis-socials-vinaros-serveis-socials-per-a-collectius-mes-vulnerables.jpg","datePublished":"2020-03-18T11:00:00+00:00","dateModified":"2023-01-04T10:11:04+00:00","author":{"@id":"https:\/\/politicasocial.vinaros.es\/es\/#\/schema\/person\/25b8c0c60cdeca0d29acc31758a695da"},"breadcrumb":{"@id":"https:\/\/politicasocial.vinaros.es\/es\/servicios-especiales-para-los-colectivos-mas-vulnerables\/#breadcrumb"},"inLanguage":"es","potentialAction":[{"@type":"ReadAction","target":["https:\/\/politicasocial.vinaros.es\/es\/servicios-especiales-para-los-colectivos-mas-vulnerables\/"]}]},{"@type":"ImageObject","inLanguage":"es","@id":"https:\/\/politicasocial.vinaros.es\/es\/servicios-especiales-para-los-colectivos-mas-vulnerables\/#primaryimage","url":"https:\/\/politicasocial.vinaros.es\/wp-content\/uploads\/2023\/01\/serveis-socials-vinaros-serveis-socials-per-a-collectius-mes-vulnerables.jpg","contentUrl":"https:\/\/politicasocial.vinaros.es\/wp-content\/uploads\/2023\/01\/serveis-socials-vinaros-serveis-socials-per-a-collectius-mes-vulnerables.jpg","width":2000,"height":1414},{"@type":"BreadcrumbList","@id":"https:\/\/politicasocial.vinaros.es\/es\/servicios-especiales-para-los-colectivos-mas-vulnerables\/#breadcrumb","itemListElement":[{"@type":"ListItem","position":1,"name":"Inicio","item":"https:\/\/politicasocial.vinaros.es\/es\/"},{"@type":"ListItem","position":2,"name":"Servicios Sociales","item":"https:\/\/politicasocial.vinaros.es\/es\/categoria\/servicios-sociales\/"},{"@type":"ListItem","position":3,"name":"Servicios especiales para los colectivos m\u00e1s vulnerables"}]},{"@type":"WebSite","@id":"https:\/\/politicasocial.vinaros.es\/es\/#website","url":"https:\/\/politicasocial.vinaros.es\/es\/","name":"Pol\u00edtica Social - Ajuntament de Vinar\u00f2s","description":"Regidoria de Pol\u00edtica Social","potentialAction":[{"@type":"SearchAction","target":{"@type":"EntryPoint","urlTemplate":"https:\/\/politicasocial.vinaros.es\/es\/?s={search_term_string}"},"query-input":{"@type":"PropertyValueSpecification","valueRequired":true,"valueName":"search_term_string"}}],"inLanguage":"es"},{"@type":"Person","@id":"https:\/\/politicasocial.vinaros.es\/es\/#\/schema\/person\/25b8c0c60cdeca0d29acc31758a695da","name":"Ra\u00fal Torner Martinell","image":{"@type":"ImageObject","inLanguage":"es","@id":"https:\/\/politicasocial.vinaros.es\/es\/#\/schema\/person\/image\/","url":"https:\/\/secure.gravatar.com\/avatar\/3716f530378a992b4951fb4809843919506e982d2df14dcde67785574c23e79b?s=96&d=mm&r=g","contentUrl":"https:\/\/secure.gravatar.com\/avatar\/3716f530378a992b4951fb4809843919506e982d2df14dcde67785574c23e79b?s=96&d=mm&r=g","caption":"Ra\u00fal Torner Martinell"},"url":"https:\/\/politicasocial.vinaros.es\/es"}]}},"_links":{"self":[{"href":"https:\/\/politicasocial.vinaros.es\/es\/wp-json\/wp\/v2\/posts\/1327","targetHints":{"allow":["GET"]}}],"collection":[{"href":"https:\/\/politicasocial.vinaros.es\/es\/wp-json\/wp\/v2\/posts"}],"about":[{"href":"https:\/\/politicasocial.vinaros.es\/es\/wp-json\/wp\/v2\/types\/post"}],"author":[{"embeddable":true,"href":"https:\/\/politicasocial.vinaros.es\/es\/wp-json\/wp\/v2\/users\/1"}],"replies":[{"embeddable":true,"href":"https:\/\/politicasocial.vinaros.es\/es\/wp-json\/wp\/v2\/comments?post=1327"}],"version-history":[{"count":1,"href":"https:\/\/politicasocial.vinaros.es\/es\/wp-json\/wp\/v2\/posts\/1327\/revisions"}],"predecessor-version":[{"id":1328,"href":"https:\/\/politicasocial.vinaros.es\/es\/wp-json\/wp\/v2\/posts\/1327\/revisions\/1328"}],"wp:featuredmedia":[{"embeddable":true,"href":"https:\/\/politicasocial.vinaros.es\/es\/wp-json\/wp\/v2\/media\/821"}],"wp:attachment":[{"href":"https:\/\/politicasocial.vinaros.es\/es\/wp-json\/wp\/v2\/media?parent=1327"}],"wp:term":[{"taxonomy":"category","embeddable":true,"href":"https:\/\/politicasocial.vinaros.es\/es\/wp-json\/wp\/v2\/categories?post=1327"},{"taxonomy":"post_tag","embeddable":true,"href":"https:\/\/politicasocial.vinaros.es\/es\/wp-json\/wp\/v2\/tags?post=1327"}],"curies":[{"name":"wp","href":"https:\/\/api.w.org\/{rel}","templated":true}]}}