{"id":1394,"date":"2019-07-31T10:11:00","date_gmt":"2019-07-31T08:11:00","guid":{"rendered":"https:\/\/politicasocial.vinaros.es\/el-proyecto-itinerarios-i3s-colabora-con-el-pacto-territorial-por-el-empleo-maestrat-litoral\/"},"modified":"2023-01-04T11:52:44","modified_gmt":"2023-01-04T10:52:44","slug":"el-proyecto-itinerarios-i3s-colabora-con-el-pacto-territorial-por-el-empleo-maestrat-litoral","status":"publish","type":"post","link":"https:\/\/politicasocial.vinaros.es\/es\/el-proyecto-itinerarios-i3s-colabora-con-el-pacto-territorial-por-el-empleo-maestrat-litoral\/","title":{"rendered":"El proyecto Itinerarios I3S colabora con el pacto territorial por el empleo \u00abMaestrat Litoral\u00bb"},"content":{"rendered":"\n<p>T\u00e9cnicas del Proyecto Itinerarios I3S se han reunido con el observatorio experimental Obsedi, Pacto Territorial por el Empleo Maestrat Litoral para concretar las actuaciones en las cuales colaborar mutuamente. Finalmente de ha acordado que la formadora impartir\u00e1 la acci\u00f3n formativa alfabetizaci\u00f3n digital de 30h de duraci\u00f3n en el mes de agosto a los usuarios y usuarias del Proyecto Itinerarios y las orientadoras sesiones de atenci\u00f3n individualizada. <\/p>\n\n<p>El trabajo en red y la colaboraci\u00f3n con las diferentes entidades que trabajan en este caso en la inserci\u00f3n sociolaboral es cada vez m\u00e1s valorada por parte de la Administraci\u00f3n.<\/p>\n\n<p>El proyecto Itineraris es una actuaci\u00f3n cofinanciada por la Uni\u00f3n Europea a trav\u00e9s del Programa Operativo del Hondo Social Europeo (FSE) de la Comunidad Valenciana 2014-2020.<\/p>\n","protected":false},"excerpt":{"rendered":"<p>T\u00e9cnicas del Proyecto Itinerarios I3S se han reunido con el observatorio experimental Obsedi, Pacto Territorial por el Empleo Maestrat Litoral para concretar las actuaciones en las cuales colaborar mutuamente. Finalmente de ha acordado que la formadora impartir\u00e1 la acci\u00f3n formativa alfabetizaci\u00f3n digital de 30h de duraci\u00f3n en el mes de agosto a los usuarios y [&hellip;]<\/p>\n","protected":false},"author":1,"featured_media":962,"comment_status":"open","ping_status":"open","sticky":false,"template":"","format":"standard","meta":{"_acf_changed":false,"inline_featured_image":false,"footnotes":""},"categories":[11],"tags":[],"class_list":["post-1394","post","type-post","status-publish","format-standard","has-post-thumbnail","hentry","category-servicios-sociales"],"acf":[],"yoast_head":"<!-- This site is optimized with the Yoast SEO plugin v27.0 - https:\/\/yoast.com\/product\/yoast-seo-wordpress\/ -->\n<title>El proyecto Itinerarios I3S colabora con el pacto territorial por el empleo &quot;Maestrat Litoral&quot; - Pol\u00edtica Social - Ajuntament de Vinar\u00f2s<\/title>\n<meta name=\"robots\" content=\"index, follow, max-snippet:-1, max-image-preview:large, max-video-preview:-1\" \/>\n<link rel=\"canonical\" href=\"https:\/\/politicasocial.vinaros.es\/es\/el-proyecto-itinerarios-i3s-colabora-con-el-pacto-territorial-por-el-empleo-maestrat-litoral\/\" \/>\n<meta property=\"og:locale\" content=\"es_ES\" \/>\n<meta property=\"og:type\" content=\"article\" \/>\n<meta property=\"og:title\" content=\"El proyecto Itinerarios I3S colabora con el pacto territorial por el empleo &quot;Maestrat Litoral&quot; - Pol\u00edtica Social - Ajuntament de Vinar\u00f2s\" \/>\n<meta property=\"og:description\" content=\"T\u00e9cnicas del Proyecto Itinerarios I3S se han reunido con el observatorio experimental Obsedi, Pacto Territorial por el Empleo Maestrat Litoral para concretar las actuaciones en las cuales colaborar mutuamente. Finalmente de ha acordado que la formadora impartir\u00e1 la acci\u00f3n formativa alfabetizaci\u00f3n digital de 30h de duraci\u00f3n en el mes de agosto a los usuarios y [&hellip;]\" \/>\n<meta property=\"og:url\" content=\"https:\/\/politicasocial.vinaros.es\/es\/el-proyecto-itinerarios-i3s-colabora-con-el-pacto-territorial-por-el-empleo-maestrat-litoral\/\" \/>\n<meta property=\"og:site_name\" content=\"Pol\u00edtica Social - Ajuntament de Vinar\u00f2s\" \/>\n<meta property=\"article:published_time\" content=\"2019-07-31T08:11:00+00:00\" \/>\n<meta property=\"article:modified_time\" content=\"2023-01-04T10:52:44+00:00\" \/>\n<meta property=\"og:image\" content=\"https:\/\/politicasocial.vinaros.es\/wp-content\/uploads\/2023\/01\/serveis-socials-vinaros-el-projecte-itineraris-i3s-collabora-amb-el-pacte-territorial-per-locupacio-maestrat-litoral.jpg\" \/>\n\t<meta property=\"og:image:width\" content=\"1600\" \/>\n\t<meta property=\"og:image:height\" content=\"763\" \/>\n\t<meta property=\"og:image:type\" content=\"image\/jpeg\" \/>\n<meta name=\"author\" content=\"Ra\u00fal Torner Martinell\" \/>\n<meta name=\"twitter:card\" content=\"summary_large_image\" \/>\n<meta name=\"twitter:label1\" content=\"Escrito por\" \/>\n\t<meta name=\"twitter:data1\" content=\"Ra\u00fal Torner Martinell\" \/>\n\t<meta name=\"twitter:label2\" content=\"Tiempo de lectura\" \/>\n\t<meta name=\"twitter:data2\" content=\"1 minuto\" \/>\n<script type=\"application\/ld+json\" class=\"yoast-schema-graph\">{\"@context\":\"https:\/\/schema.org\",\"@graph\":[{\"@type\":\"Article\",\"@id\":\"https:\/\/politicasocial.vinaros.es\/es\/el-proyecto-itinerarios-i3s-colabora-con-el-pacto-territorial-por-el-empleo-maestrat-litoral\/#article\",\"isPartOf\":{\"@id\":\"https:\/\/politicasocial.vinaros.es\/es\/el-proyecto-itinerarios-i3s-colabora-con-el-pacto-territorial-por-el-empleo-maestrat-litoral\/\"},\"author\":{\"name\":\"Ra\u00fal Torner Martinell\",\"@id\":\"https:\/\/politicasocial.vinaros.es\/es\/#\/schema\/person\/25b8c0c60cdeca0d29acc31758a695da\"},\"headline\":\"El proyecto Itinerarios I3S colabora con el pacto territorial por el empleo \u00abMaestrat Litoral\u00bb\",\"datePublished\":\"2019-07-31T08:11:00+00:00\",\"dateModified\":\"2023-01-04T10:52:44+00:00\",\"mainEntityOfPage\":{\"@id\":\"https:\/\/politicasocial.vinaros.es\/es\/el-proyecto-itinerarios-i3s-colabora-con-el-pacto-territorial-por-el-empleo-maestrat-litoral\/\"},\"wordCount\":150,\"commentCount\":0,\"image\":{\"@id\":\"https:\/\/politicasocial.vinaros.es\/es\/el-proyecto-itinerarios-i3s-colabora-con-el-pacto-territorial-por-el-empleo-maestrat-litoral\/#primaryimage\"},\"thumbnailUrl\":\"https:\/\/politicasocial.vinaros.es\/wp-content\/uploads\/2023\/01\/serveis-socials-vinaros-el-projecte-itineraris-i3s-collabora-amb-el-pacte-territorial-per-locupacio-maestrat-litoral.jpg\",\"articleSection\":[\"Servicios Sociales\"],\"inLanguage\":\"es\",\"potentialAction\":[{\"@type\":\"CommentAction\",\"name\":\"Comment\",\"target\":[\"https:\/\/politicasocial.vinaros.es\/es\/el-proyecto-itinerarios-i3s-colabora-con-el-pacto-territorial-por-el-empleo-maestrat-litoral\/#respond\"]}]},{\"@type\":\"WebPage\",\"@id\":\"https:\/\/politicasocial.vinaros.es\/es\/el-proyecto-itinerarios-i3s-colabora-con-el-pacto-territorial-por-el-empleo-maestrat-litoral\/\",\"url\":\"https:\/\/politicasocial.vinaros.es\/es\/el-proyecto-itinerarios-i3s-colabora-con-el-pacto-territorial-por-el-empleo-maestrat-litoral\/\",\"name\":\"El proyecto Itinerarios I3S colabora con el pacto territorial por el empleo \\\"Maestrat Litoral\\\" - Pol\u00edtica Social - Ajuntament de Vinar\u00f2s\",\"isPartOf\":{\"@id\":\"https:\/\/politicasocial.vinaros.es\/es\/#website\"},\"primaryImageOfPage\":{\"@id\":\"https:\/\/politicasocial.vinaros.es\/es\/el-proyecto-itinerarios-i3s-colabora-con-el-pacto-territorial-por-el-empleo-maestrat-litoral\/#primaryimage\"},\"image\":{\"@id\":\"https:\/\/politicasocial.vinaros.es\/es\/el-proyecto-itinerarios-i3s-colabora-con-el-pacto-territorial-por-el-empleo-maestrat-litoral\/#primaryimage\"},\"thumbnailUrl\":\"https:\/\/politicasocial.vinaros.es\/wp-content\/uploads\/2023\/01\/serveis-socials-vinaros-el-projecte-itineraris-i3s-collabora-amb-el-pacte-territorial-per-locupacio-maestrat-litoral.jpg\",\"datePublished\":\"2019-07-31T08:11:00+00:00\",\"dateModified\":\"2023-01-04T10:52:44+00:00\",\"author\":{\"@id\":\"https:\/\/politicasocial.vinaros.es\/es\/#\/schema\/person\/25b8c0c60cdeca0d29acc31758a695da\"},\"breadcrumb\":{\"@id\":\"https:\/\/politicasocial.vinaros.es\/es\/el-proyecto-itinerarios-i3s-colabora-con-el-pacto-territorial-por-el-empleo-maestrat-litoral\/#breadcrumb\"},\"inLanguage\":\"es\",\"potentialAction\":[{\"@type\":\"ReadAction\",\"target\":[\"https:\/\/politicasocial.vinaros.es\/es\/el-proyecto-itinerarios-i3s-colabora-con-el-pacto-territorial-por-el-empleo-maestrat-litoral\/\"]}]},{\"@type\":\"ImageObject\",\"inLanguage\":\"es\",\"@id\":\"https:\/\/politicasocial.vinaros.es\/es\/el-proyecto-itinerarios-i3s-colabora-con-el-pacto-territorial-por-el-empleo-maestrat-litoral\/#primaryimage\",\"url\":\"https:\/\/politicasocial.vinaros.es\/wp-content\/uploads\/2023\/01\/serveis-socials-vinaros-el-projecte-itineraris-i3s-collabora-amb-el-pacte-territorial-per-locupacio-maestrat-litoral.jpg\",\"contentUrl\":\"https:\/\/politicasocial.vinaros.es\/wp-content\/uploads\/2023\/01\/serveis-socials-vinaros-el-projecte-itineraris-i3s-collabora-amb-el-pacte-territorial-per-locupacio-maestrat-litoral.jpg\",\"width\":1600,\"height\":763},{\"@type\":\"BreadcrumbList\",\"@id\":\"https:\/\/politicasocial.vinaros.es\/es\/el-proyecto-itinerarios-i3s-colabora-con-el-pacto-territorial-por-el-empleo-maestrat-litoral\/#breadcrumb\",\"itemListElement\":[{\"@type\":\"ListItem\",\"position\":1,\"name\":\"Inicio\",\"item\":\"https:\/\/politicasocial.vinaros.es\/es\/\"},{\"@type\":\"ListItem\",\"position\":2,\"name\":\"Servicios Sociales\",\"item\":\"https:\/\/politicasocial.vinaros.es\/es\/categoria\/servicios-sociales\/\"},{\"@type\":\"ListItem\",\"position\":3,\"name\":\"El proyecto Itinerarios I3S colabora con el pacto territorial por el empleo &#8220;Maestrat Litoral&#8221;\"}]},{\"@type\":\"WebSite\",\"@id\":\"https:\/\/politicasocial.vinaros.es\/es\/#website\",\"url\":\"https:\/\/politicasocial.vinaros.es\/es\/\",\"name\":\"Pol\u00edtica Social - Ajuntament de Vinar\u00f2s\",\"description\":\"Regidoria de Pol\u00edtica Social\",\"potentialAction\":[{\"@type\":\"SearchAction\",\"target\":{\"@type\":\"EntryPoint\",\"urlTemplate\":\"https:\/\/politicasocial.vinaros.es\/es\/?s={search_term_string}\"},\"query-input\":{\"@type\":\"PropertyValueSpecification\",\"valueRequired\":true,\"valueName\":\"search_term_string\"}}],\"inLanguage\":\"es\"},{\"@type\":\"Person\",\"@id\":\"https:\/\/politicasocial.vinaros.es\/es\/#\/schema\/person\/25b8c0c60cdeca0d29acc31758a695da\",\"name\":\"Ra\u00fal Torner Martinell\",\"image\":{\"@type\":\"ImageObject\",\"inLanguage\":\"es\",\"@id\":\"https:\/\/politicasocial.vinaros.es\/es\/#\/schema\/person\/image\/\",\"url\":\"https:\/\/secure.gravatar.com\/avatar\/3716f530378a992b4951fb4809843919506e982d2df14dcde67785574c23e79b?s=96&d=mm&r=g\",\"contentUrl\":\"https:\/\/secure.gravatar.com\/avatar\/3716f530378a992b4951fb4809843919506e982d2df14dcde67785574c23e79b?s=96&d=mm&r=g\",\"caption\":\"Ra\u00fal Torner Martinell\"},\"url\":\"https:\/\/politicasocial.vinaros.es\/es\"}]}<\/script>\n<!-- \/ Yoast SEO plugin. -->","yoast_head_json":{"title":"El proyecto Itinerarios I3S colabora con el pacto territorial por el empleo \"Maestrat Litoral\" - Pol\u00edtica Social - Ajuntament de Vinar\u00f2s","robots":{"index":"index","follow":"follow","max-snippet":"max-snippet:-1","max-image-preview":"max-image-preview:large","max-video-preview":"max-video-preview:-1"},"canonical":"https:\/\/politicasocial.vinaros.es\/es\/el-proyecto-itinerarios-i3s-colabora-con-el-pacto-territorial-por-el-empleo-maestrat-litoral\/","og_locale":"es_ES","og_type":"article","og_title":"El proyecto Itinerarios I3S colabora con el pacto territorial por el empleo \"Maestrat Litoral\" - Pol\u00edtica Social - Ajuntament de Vinar\u00f2s","og_description":"T\u00e9cnicas del Proyecto Itinerarios I3S se han reunido con el observatorio experimental Obsedi, Pacto Territorial por el Empleo Maestrat Litoral para concretar las actuaciones en las cuales colaborar mutuamente. Finalmente de ha acordado que la formadora impartir\u00e1 la acci\u00f3n formativa alfabetizaci\u00f3n digital de 30h de duraci\u00f3n en el mes de agosto a los usuarios y [&hellip;]","og_url":"https:\/\/politicasocial.vinaros.es\/es\/el-proyecto-itinerarios-i3s-colabora-con-el-pacto-territorial-por-el-empleo-maestrat-litoral\/","og_site_name":"Pol\u00edtica Social - Ajuntament de Vinar\u00f2s","article_published_time":"2019-07-31T08:11:00+00:00","article_modified_time":"2023-01-04T10:52:44+00:00","og_image":[{"width":1600,"height":763,"url":"https:\/\/politicasocial.vinaros.es\/wp-content\/uploads\/2023\/01\/serveis-socials-vinaros-el-projecte-itineraris-i3s-collabora-amb-el-pacte-territorial-per-locupacio-maestrat-litoral.jpg","type":"image\/jpeg"}],"author":"Ra\u00fal Torner Martinell","twitter_card":"summary_large_image","twitter_misc":{"Escrito por":"Ra\u00fal Torner Martinell","Tiempo de lectura":"1 minuto"},"schema":{"@context":"https:\/\/schema.org","@graph":[{"@type":"Article","@id":"https:\/\/politicasocial.vinaros.es\/es\/el-proyecto-itinerarios-i3s-colabora-con-el-pacto-territorial-por-el-empleo-maestrat-litoral\/#article","isPartOf":{"@id":"https:\/\/politicasocial.vinaros.es\/es\/el-proyecto-itinerarios-i3s-colabora-con-el-pacto-territorial-por-el-empleo-maestrat-litoral\/"},"author":{"name":"Ra\u00fal Torner Martinell","@id":"https:\/\/politicasocial.vinaros.es\/es\/#\/schema\/person\/25b8c0c60cdeca0d29acc31758a695da"},"headline":"El proyecto Itinerarios I3S colabora con el pacto territorial por el empleo \u00abMaestrat Litoral\u00bb","datePublished":"2019-07-31T08:11:00+00:00","dateModified":"2023-01-04T10:52:44+00:00","mainEntityOfPage":{"@id":"https:\/\/politicasocial.vinaros.es\/es\/el-proyecto-itinerarios-i3s-colabora-con-el-pacto-territorial-por-el-empleo-maestrat-litoral\/"},"wordCount":150,"commentCount":0,"image":{"@id":"https:\/\/politicasocial.vinaros.es\/es\/el-proyecto-itinerarios-i3s-colabora-con-el-pacto-territorial-por-el-empleo-maestrat-litoral\/#primaryimage"},"thumbnailUrl":"https:\/\/politicasocial.vinaros.es\/wp-content\/uploads\/2023\/01\/serveis-socials-vinaros-el-projecte-itineraris-i3s-collabora-amb-el-pacte-territorial-per-locupacio-maestrat-litoral.jpg","articleSection":["Servicios Sociales"],"inLanguage":"es","potentialAction":[{"@type":"CommentAction","name":"Comment","target":["https:\/\/politicasocial.vinaros.es\/es\/el-proyecto-itinerarios-i3s-colabora-con-el-pacto-territorial-por-el-empleo-maestrat-litoral\/#respond"]}]},{"@type":"WebPage","@id":"https:\/\/politicasocial.vinaros.es\/es\/el-proyecto-itinerarios-i3s-colabora-con-el-pacto-territorial-por-el-empleo-maestrat-litoral\/","url":"https:\/\/politicasocial.vinaros.es\/es\/el-proyecto-itinerarios-i3s-colabora-con-el-pacto-territorial-por-el-empleo-maestrat-litoral\/","name":"El proyecto Itinerarios I3S colabora con el pacto territorial por el empleo \"Maestrat Litoral\" - Pol\u00edtica Social - Ajuntament de Vinar\u00f2s","isPartOf":{"@id":"https:\/\/politicasocial.vinaros.es\/es\/#website"},"primaryImageOfPage":{"@id":"https:\/\/politicasocial.vinaros.es\/es\/el-proyecto-itinerarios-i3s-colabora-con-el-pacto-territorial-por-el-empleo-maestrat-litoral\/#primaryimage"},"image":{"@id":"https:\/\/politicasocial.vinaros.es\/es\/el-proyecto-itinerarios-i3s-colabora-con-el-pacto-territorial-por-el-empleo-maestrat-litoral\/#primaryimage"},"thumbnailUrl":"https:\/\/politicasocial.vinaros.es\/wp-content\/uploads\/2023\/01\/serveis-socials-vinaros-el-projecte-itineraris-i3s-collabora-amb-el-pacte-territorial-per-locupacio-maestrat-litoral.jpg","datePublished":"2019-07-31T08:11:00+00:00","dateModified":"2023-01-04T10:52:44+00:00","author":{"@id":"https:\/\/politicasocial.vinaros.es\/es\/#\/schema\/person\/25b8c0c60cdeca0d29acc31758a695da"},"breadcrumb":{"@id":"https:\/\/politicasocial.vinaros.es\/es\/el-proyecto-itinerarios-i3s-colabora-con-el-pacto-territorial-por-el-empleo-maestrat-litoral\/#breadcrumb"},"inLanguage":"es","potentialAction":[{"@type":"ReadAction","target":["https:\/\/politicasocial.vinaros.es\/es\/el-proyecto-itinerarios-i3s-colabora-con-el-pacto-territorial-por-el-empleo-maestrat-litoral\/"]}]},{"@type":"ImageObject","inLanguage":"es","@id":"https:\/\/politicasocial.vinaros.es\/es\/el-proyecto-itinerarios-i3s-colabora-con-el-pacto-territorial-por-el-empleo-maestrat-litoral\/#primaryimage","url":"https:\/\/politicasocial.vinaros.es\/wp-content\/uploads\/2023\/01\/serveis-socials-vinaros-el-projecte-itineraris-i3s-collabora-amb-el-pacte-territorial-per-locupacio-maestrat-litoral.jpg","contentUrl":"https:\/\/politicasocial.vinaros.es\/wp-content\/uploads\/2023\/01\/serveis-socials-vinaros-el-projecte-itineraris-i3s-collabora-amb-el-pacte-territorial-per-locupacio-maestrat-litoral.jpg","width":1600,"height":763},{"@type":"BreadcrumbList","@id":"https:\/\/politicasocial.vinaros.es\/es\/el-proyecto-itinerarios-i3s-colabora-con-el-pacto-territorial-por-el-empleo-maestrat-litoral\/#breadcrumb","itemListElement":[{"@type":"ListItem","position":1,"name":"Inicio","item":"https:\/\/politicasocial.vinaros.es\/es\/"},{"@type":"ListItem","position":2,"name":"Servicios Sociales","item":"https:\/\/politicasocial.vinaros.es\/es\/categoria\/servicios-sociales\/"},{"@type":"ListItem","position":3,"name":"El proyecto Itinerarios I3S colabora con el pacto territorial por el empleo &#8220;Maestrat Litoral&#8221;"}]},{"@type":"WebSite","@id":"https:\/\/politicasocial.vinaros.es\/es\/#website","url":"https:\/\/politicasocial.vinaros.es\/es\/","name":"Pol\u00edtica Social - Ajuntament de Vinar\u00f2s","description":"Regidoria de Pol\u00edtica Social","potentialAction":[{"@type":"SearchAction","target":{"@type":"EntryPoint","urlTemplate":"https:\/\/politicasocial.vinaros.es\/es\/?s={search_term_string}"},"query-input":{"@type":"PropertyValueSpecification","valueRequired":true,"valueName":"search_term_string"}}],"inLanguage":"es"},{"@type":"Person","@id":"https:\/\/politicasocial.vinaros.es\/es\/#\/schema\/person\/25b8c0c60cdeca0d29acc31758a695da","name":"Ra\u00fal Torner Martinell","image":{"@type":"ImageObject","inLanguage":"es","@id":"https:\/\/politicasocial.vinaros.es\/es\/#\/schema\/person\/image\/","url":"https:\/\/secure.gravatar.com\/avatar\/3716f530378a992b4951fb4809843919506e982d2df14dcde67785574c23e79b?s=96&d=mm&r=g","contentUrl":"https:\/\/secure.gravatar.com\/avatar\/3716f530378a992b4951fb4809843919506e982d2df14dcde67785574c23e79b?s=96&d=mm&r=g","caption":"Ra\u00fal Torner Martinell"},"url":"https:\/\/politicasocial.vinaros.es\/es"}]}},"_links":{"self":[{"href":"https:\/\/politicasocial.vinaros.es\/es\/wp-json\/wp\/v2\/posts\/1394","targetHints":{"allow":["GET"]}}],"collection":[{"href":"https:\/\/politicasocial.vinaros.es\/es\/wp-json\/wp\/v2\/posts"}],"about":[{"href":"https:\/\/politicasocial.vinaros.es\/es\/wp-json\/wp\/v2\/types\/post"}],"author":[{"embeddable":true,"href":"https:\/\/politicasocial.vinaros.es\/es\/wp-json\/wp\/v2\/users\/1"}],"replies":[{"embeddable":true,"href":"https:\/\/politicasocial.vinaros.es\/es\/wp-json\/wp\/v2\/comments?post=1394"}],"version-history":[{"count":1,"href":"https:\/\/politicasocial.vinaros.es\/es\/wp-json\/wp\/v2\/posts\/1394\/revisions"}],"predecessor-version":[{"id":1395,"href":"https:\/\/politicasocial.vinaros.es\/es\/wp-json\/wp\/v2\/posts\/1394\/revisions\/1395"}],"wp:featuredmedia":[{"embeddable":true,"href":"https:\/\/politicasocial.vinaros.es\/es\/wp-json\/wp\/v2\/media\/962"}],"wp:attachment":[{"href":"https:\/\/politicasocial.vinaros.es\/es\/wp-json\/wp\/v2\/media?parent=1394"}],"wp:term":[{"taxonomy":"category","embeddable":true,"href":"https:\/\/politicasocial.vinaros.es\/es\/wp-json\/wp\/v2\/categories?post=1394"},{"taxonomy":"post_tag","embeddable":true,"href":"https:\/\/politicasocial.vinaros.es\/es\/wp-json\/wp\/v2\/tags?post=1394"}],"curies":[{"name":"wp","href":"https:\/\/api.w.org\/{rel}","templated":true}]}}