{"id":1411,"date":"2019-06-11T10:59:00","date_gmt":"2019-06-11T08:59:00","guid":{"rendered":"https:\/\/politicasocial.vinaros.es\/decathlon-imparte-un-taller-de-cv-a-los-participantes-del-proyecto-itinerarios-i3s\/"},"modified":"2023-01-04T12:09:40","modified_gmt":"2023-01-04T11:09:40","slug":"decathlon-imparte-un-taller-de-cv-a-los-participantes-del-proyecto-itinerarios-i3s","status":"publish","type":"post","link":"https:\/\/politicasocial.vinaros.es\/es\/decathlon-imparte-un-taller-de-cv-a-los-participantes-del-proyecto-itinerarios-i3s\/","title":{"rendered":"Decathlon imparte un taller de cv a los participantes del proyecto Itinerarios I3S"},"content":{"rendered":"\n<p>El pasado lunes el director de la tienda de DECATHLON VINAR\u00d2S, Aitor Rodr\u00edguez imparti\u00f3 un taller a los participantes del proyecto Itinerarios I3S en el que dio una serie de consejos para la confecci\u00f3n de sus curr\u00edculums, aportando la visi\u00f3n de la empresa. Les traslad\u00f3 la importancia que tiene la elaboraci\u00f3n del cv ya que es la llave para acceder al siguiente paso, que es la entrevista. <\/p>\n\n<p>Tambi\u00e9n les dio recomendaciones para afrontar la entrevista con \u00e9xito.<\/p>\n\n<p>Con la nueva ley de Protecci\u00f3n de Datos muchas empresas ya no recogen cv en papel, por ello es importante que cuando un candidato\/a se inscriba en la web de la empresa se pare a rellenar concienzudamente todos los apartados, ya que de ello depende que la empresa se interese por su curr\u00edculum.<\/p>\n\n<p>Desde el proyecto Itinerarios agrademos el valor a\u00f1adido que ha aportado DECATHLON VINAR\u00d2S compartiendo con nosotros su punto de vista en el taller de curr\u00edculums.<\/p>\n\n<p>El Proyecto Itinerarios I3S est\u00e1 cofinanciado por el FSE dentro del Programa Operativo del Fondo Social Europeo 2014-2020 de la Comunitat Valenciana, i la Vicepresidencia Conselleria d\u2019Igualtat i Pol\u00edtiques Inclusives<\/p>\n","protected":false},"excerpt":{"rendered":"<p>El pasado lunes el director de la tienda de DECATHLON VINAR\u00d2S, Aitor Rodr\u00edguez imparti\u00f3 un taller a los participantes del proyecto Itinerarios I3S en el que dio una serie de consejos para la confecci\u00f3n de sus curr\u00edculums, aportando la visi\u00f3n de la empresa. Les traslad\u00f3 la importancia que tiene la elaboraci\u00f3n del cv ya que [&hellip;]<\/p>\n","protected":false},"author":1,"featured_media":1009,"comment_status":"open","ping_status":"open","sticky":false,"template":"","format":"standard","meta":{"_acf_changed":false,"inline_featured_image":false,"footnotes":""},"categories":[11],"tags":[],"class_list":["post-1411","post","type-post","status-publish","format-standard","has-post-thumbnail","hentry","category-servicios-sociales"],"acf":[],"yoast_head":"<!-- This site is optimized with the Yoast SEO plugin v27.0 - https:\/\/yoast.com\/product\/yoast-seo-wordpress\/ -->\n<title>Decathlon imparte un taller de cv a los participantes del proyecto Itinerarios I3S - Pol\u00edtica Social - Ajuntament de Vinar\u00f2s<\/title>\n<meta name=\"robots\" content=\"index, follow, max-snippet:-1, max-image-preview:large, max-video-preview:-1\" \/>\n<link rel=\"canonical\" href=\"https:\/\/politicasocial.vinaros.es\/es\/decathlon-imparte-un-taller-de-cv-a-los-participantes-del-proyecto-itinerarios-i3s\/\" \/>\n<meta property=\"og:locale\" content=\"es_ES\" \/>\n<meta property=\"og:type\" content=\"article\" \/>\n<meta property=\"og:title\" content=\"Decathlon imparte un taller de cv a los participantes del proyecto Itinerarios I3S - Pol\u00edtica Social - Ajuntament de Vinar\u00f2s\" \/>\n<meta property=\"og:description\" content=\"El pasado lunes el director de la tienda de DECATHLON VINAR\u00d2S, Aitor Rodr\u00edguez imparti\u00f3 un taller a los participantes del proyecto Itinerarios I3S en el que dio una serie de consejos para la confecci\u00f3n de sus curr\u00edculums, aportando la visi\u00f3n de la empresa. Les traslad\u00f3 la importancia que tiene la elaboraci\u00f3n del cv ya que [&hellip;]\" \/>\n<meta property=\"og:url\" content=\"https:\/\/politicasocial.vinaros.es\/es\/decathlon-imparte-un-taller-de-cv-a-los-participantes-del-proyecto-itinerarios-i3s\/\" \/>\n<meta property=\"og:site_name\" content=\"Pol\u00edtica Social - Ajuntament de Vinar\u00f2s\" \/>\n<meta property=\"article:published_time\" content=\"2019-06-11T08:59:00+00:00\" \/>\n<meta property=\"article:modified_time\" content=\"2023-01-04T11:09:40+00:00\" \/>\n<meta property=\"og:image\" content=\"https:\/\/politicasocial.vinaros.es\/wp-content\/uploads\/2023\/01\/serveis-socials-vinaros-decathlon-imparteix-un-taller-de-cv-als-participants-del-projecte-itineraris-i3s.jpg\" \/>\n\t<meta property=\"og:image:width\" content=\"960\" \/>\n\t<meta property=\"og:image:height\" content=\"720\" \/>\n\t<meta property=\"og:image:type\" content=\"image\/jpeg\" \/>\n<meta name=\"author\" content=\"Ra\u00fal Torner Martinell\" \/>\n<meta name=\"twitter:card\" content=\"summary_large_image\" \/>\n<meta name=\"twitter:label1\" content=\"Escrito por\" \/>\n\t<meta name=\"twitter:data1\" content=\"Ra\u00fal Torner Martinell\" \/>\n\t<meta name=\"twitter:label2\" content=\"Tiempo de lectura\" \/>\n\t<meta name=\"twitter:data2\" content=\"1 minuto\" \/>\n<script type=\"application\/ld+json\" class=\"yoast-schema-graph\">{\"@context\":\"https:\/\/schema.org\",\"@graph\":[{\"@type\":\"Article\",\"@id\":\"https:\/\/politicasocial.vinaros.es\/es\/decathlon-imparte-un-taller-de-cv-a-los-participantes-del-proyecto-itinerarios-i3s\/#article\",\"isPartOf\":{\"@id\":\"https:\/\/politicasocial.vinaros.es\/es\/decathlon-imparte-un-taller-de-cv-a-los-participantes-del-proyecto-itinerarios-i3s\/\"},\"author\":{\"name\":\"Ra\u00fal Torner Martinell\",\"@id\":\"https:\/\/politicasocial.vinaros.es\/es\/#\/schema\/person\/25b8c0c60cdeca0d29acc31758a695da\"},\"headline\":\"Decathlon imparte un taller de cv a los participantes del proyecto Itinerarios I3S\",\"datePublished\":\"2019-06-11T08:59:00+00:00\",\"dateModified\":\"2023-01-04T11:09:40+00:00\",\"mainEntityOfPage\":{\"@id\":\"https:\/\/politicasocial.vinaros.es\/es\/decathlon-imparte-un-taller-de-cv-a-los-participantes-del-proyecto-itinerarios-i3s\/\"},\"wordCount\":216,\"commentCount\":0,\"image\":{\"@id\":\"https:\/\/politicasocial.vinaros.es\/es\/decathlon-imparte-un-taller-de-cv-a-los-participantes-del-proyecto-itinerarios-i3s\/#primaryimage\"},\"thumbnailUrl\":\"https:\/\/politicasocial.vinaros.es\/wp-content\/uploads\/2023\/01\/serveis-socials-vinaros-decathlon-imparteix-un-taller-de-cv-als-participants-del-projecte-itineraris-i3s.jpg\",\"articleSection\":[\"Servicios Sociales\"],\"inLanguage\":\"es\",\"potentialAction\":[{\"@type\":\"CommentAction\",\"name\":\"Comment\",\"target\":[\"https:\/\/politicasocial.vinaros.es\/es\/decathlon-imparte-un-taller-de-cv-a-los-participantes-del-proyecto-itinerarios-i3s\/#respond\"]}]},{\"@type\":\"WebPage\",\"@id\":\"https:\/\/politicasocial.vinaros.es\/es\/decathlon-imparte-un-taller-de-cv-a-los-participantes-del-proyecto-itinerarios-i3s\/\",\"url\":\"https:\/\/politicasocial.vinaros.es\/es\/decathlon-imparte-un-taller-de-cv-a-los-participantes-del-proyecto-itinerarios-i3s\/\",\"name\":\"Decathlon imparte un taller de cv a los participantes del proyecto Itinerarios I3S - Pol\u00edtica Social - Ajuntament de Vinar\u00f2s\",\"isPartOf\":{\"@id\":\"https:\/\/politicasocial.vinaros.es\/es\/#website\"},\"primaryImageOfPage\":{\"@id\":\"https:\/\/politicasocial.vinaros.es\/es\/decathlon-imparte-un-taller-de-cv-a-los-participantes-del-proyecto-itinerarios-i3s\/#primaryimage\"},\"image\":{\"@id\":\"https:\/\/politicasocial.vinaros.es\/es\/decathlon-imparte-un-taller-de-cv-a-los-participantes-del-proyecto-itinerarios-i3s\/#primaryimage\"},\"thumbnailUrl\":\"https:\/\/politicasocial.vinaros.es\/wp-content\/uploads\/2023\/01\/serveis-socials-vinaros-decathlon-imparteix-un-taller-de-cv-als-participants-del-projecte-itineraris-i3s.jpg\",\"datePublished\":\"2019-06-11T08:59:00+00:00\",\"dateModified\":\"2023-01-04T11:09:40+00:00\",\"author\":{\"@id\":\"https:\/\/politicasocial.vinaros.es\/es\/#\/schema\/person\/25b8c0c60cdeca0d29acc31758a695da\"},\"breadcrumb\":{\"@id\":\"https:\/\/politicasocial.vinaros.es\/es\/decathlon-imparte-un-taller-de-cv-a-los-participantes-del-proyecto-itinerarios-i3s\/#breadcrumb\"},\"inLanguage\":\"es\",\"potentialAction\":[{\"@type\":\"ReadAction\",\"target\":[\"https:\/\/politicasocial.vinaros.es\/es\/decathlon-imparte-un-taller-de-cv-a-los-participantes-del-proyecto-itinerarios-i3s\/\"]}]},{\"@type\":\"ImageObject\",\"inLanguage\":\"es\",\"@id\":\"https:\/\/politicasocial.vinaros.es\/es\/decathlon-imparte-un-taller-de-cv-a-los-participantes-del-proyecto-itinerarios-i3s\/#primaryimage\",\"url\":\"https:\/\/politicasocial.vinaros.es\/wp-content\/uploads\/2023\/01\/serveis-socials-vinaros-decathlon-imparteix-un-taller-de-cv-als-participants-del-projecte-itineraris-i3s.jpg\",\"contentUrl\":\"https:\/\/politicasocial.vinaros.es\/wp-content\/uploads\/2023\/01\/serveis-socials-vinaros-decathlon-imparteix-un-taller-de-cv-als-participants-del-projecte-itineraris-i3s.jpg\",\"width\":960,\"height\":720},{\"@type\":\"BreadcrumbList\",\"@id\":\"https:\/\/politicasocial.vinaros.es\/es\/decathlon-imparte-un-taller-de-cv-a-los-participantes-del-proyecto-itinerarios-i3s\/#breadcrumb\",\"itemListElement\":[{\"@type\":\"ListItem\",\"position\":1,\"name\":\"Inicio\",\"item\":\"https:\/\/politicasocial.vinaros.es\/es\/\"},{\"@type\":\"ListItem\",\"position\":2,\"name\":\"Servicios Sociales\",\"item\":\"https:\/\/politicasocial.vinaros.es\/es\/categoria\/servicios-sociales\/\"},{\"@type\":\"ListItem\",\"position\":3,\"name\":\"Decathlon imparte un taller de cv a los participantes del proyecto Itinerarios I3S\"}]},{\"@type\":\"WebSite\",\"@id\":\"https:\/\/politicasocial.vinaros.es\/es\/#website\",\"url\":\"https:\/\/politicasocial.vinaros.es\/es\/\",\"name\":\"Pol\u00edtica Social - Ajuntament de Vinar\u00f2s\",\"description\":\"Regidoria de Pol\u00edtica Social\",\"potentialAction\":[{\"@type\":\"SearchAction\",\"target\":{\"@type\":\"EntryPoint\",\"urlTemplate\":\"https:\/\/politicasocial.vinaros.es\/es\/?s={search_term_string}\"},\"query-input\":{\"@type\":\"PropertyValueSpecification\",\"valueRequired\":true,\"valueName\":\"search_term_string\"}}],\"inLanguage\":\"es\"},{\"@type\":\"Person\",\"@id\":\"https:\/\/politicasocial.vinaros.es\/es\/#\/schema\/person\/25b8c0c60cdeca0d29acc31758a695da\",\"name\":\"Ra\u00fal Torner Martinell\",\"image\":{\"@type\":\"ImageObject\",\"inLanguage\":\"es\",\"@id\":\"https:\/\/politicasocial.vinaros.es\/es\/#\/schema\/person\/image\/\",\"url\":\"https:\/\/secure.gravatar.com\/avatar\/3716f530378a992b4951fb4809843919506e982d2df14dcde67785574c23e79b?s=96&d=mm&r=g\",\"contentUrl\":\"https:\/\/secure.gravatar.com\/avatar\/3716f530378a992b4951fb4809843919506e982d2df14dcde67785574c23e79b?s=96&d=mm&r=g\",\"caption\":\"Ra\u00fal Torner Martinell\"},\"url\":\"https:\/\/politicasocial.vinaros.es\/es\"}]}<\/script>\n<!-- \/ Yoast SEO plugin. -->","yoast_head_json":{"title":"Decathlon imparte un taller de cv a los participantes del proyecto Itinerarios I3S - Pol\u00edtica Social - Ajuntament de Vinar\u00f2s","robots":{"index":"index","follow":"follow","max-snippet":"max-snippet:-1","max-image-preview":"max-image-preview:large","max-video-preview":"max-video-preview:-1"},"canonical":"https:\/\/politicasocial.vinaros.es\/es\/decathlon-imparte-un-taller-de-cv-a-los-participantes-del-proyecto-itinerarios-i3s\/","og_locale":"es_ES","og_type":"article","og_title":"Decathlon imparte un taller de cv a los participantes del proyecto Itinerarios I3S - Pol\u00edtica Social - Ajuntament de Vinar\u00f2s","og_description":"El pasado lunes el director de la tienda de DECATHLON VINAR\u00d2S, Aitor Rodr\u00edguez imparti\u00f3 un taller a los participantes del proyecto Itinerarios I3S en el que dio una serie de consejos para la confecci\u00f3n de sus curr\u00edculums, aportando la visi\u00f3n de la empresa. Les traslad\u00f3 la importancia que tiene la elaboraci\u00f3n del cv ya que [&hellip;]","og_url":"https:\/\/politicasocial.vinaros.es\/es\/decathlon-imparte-un-taller-de-cv-a-los-participantes-del-proyecto-itinerarios-i3s\/","og_site_name":"Pol\u00edtica Social - Ajuntament de Vinar\u00f2s","article_published_time":"2019-06-11T08:59:00+00:00","article_modified_time":"2023-01-04T11:09:40+00:00","og_image":[{"width":960,"height":720,"url":"https:\/\/politicasocial.vinaros.es\/wp-content\/uploads\/2023\/01\/serveis-socials-vinaros-decathlon-imparteix-un-taller-de-cv-als-participants-del-projecte-itineraris-i3s.jpg","type":"image\/jpeg"}],"author":"Ra\u00fal Torner Martinell","twitter_card":"summary_large_image","twitter_misc":{"Escrito por":"Ra\u00fal Torner Martinell","Tiempo de lectura":"1 minuto"},"schema":{"@context":"https:\/\/schema.org","@graph":[{"@type":"Article","@id":"https:\/\/politicasocial.vinaros.es\/es\/decathlon-imparte-un-taller-de-cv-a-los-participantes-del-proyecto-itinerarios-i3s\/#article","isPartOf":{"@id":"https:\/\/politicasocial.vinaros.es\/es\/decathlon-imparte-un-taller-de-cv-a-los-participantes-del-proyecto-itinerarios-i3s\/"},"author":{"name":"Ra\u00fal Torner Martinell","@id":"https:\/\/politicasocial.vinaros.es\/es\/#\/schema\/person\/25b8c0c60cdeca0d29acc31758a695da"},"headline":"Decathlon imparte un taller de cv a los participantes del proyecto Itinerarios I3S","datePublished":"2019-06-11T08:59:00+00:00","dateModified":"2023-01-04T11:09:40+00:00","mainEntityOfPage":{"@id":"https:\/\/politicasocial.vinaros.es\/es\/decathlon-imparte-un-taller-de-cv-a-los-participantes-del-proyecto-itinerarios-i3s\/"},"wordCount":216,"commentCount":0,"image":{"@id":"https:\/\/politicasocial.vinaros.es\/es\/decathlon-imparte-un-taller-de-cv-a-los-participantes-del-proyecto-itinerarios-i3s\/#primaryimage"},"thumbnailUrl":"https:\/\/politicasocial.vinaros.es\/wp-content\/uploads\/2023\/01\/serveis-socials-vinaros-decathlon-imparteix-un-taller-de-cv-als-participants-del-projecte-itineraris-i3s.jpg","articleSection":["Servicios Sociales"],"inLanguage":"es","potentialAction":[{"@type":"CommentAction","name":"Comment","target":["https:\/\/politicasocial.vinaros.es\/es\/decathlon-imparte-un-taller-de-cv-a-los-participantes-del-proyecto-itinerarios-i3s\/#respond"]}]},{"@type":"WebPage","@id":"https:\/\/politicasocial.vinaros.es\/es\/decathlon-imparte-un-taller-de-cv-a-los-participantes-del-proyecto-itinerarios-i3s\/","url":"https:\/\/politicasocial.vinaros.es\/es\/decathlon-imparte-un-taller-de-cv-a-los-participantes-del-proyecto-itinerarios-i3s\/","name":"Decathlon imparte un taller de cv a los participantes del proyecto Itinerarios I3S - Pol\u00edtica Social - Ajuntament de Vinar\u00f2s","isPartOf":{"@id":"https:\/\/politicasocial.vinaros.es\/es\/#website"},"primaryImageOfPage":{"@id":"https:\/\/politicasocial.vinaros.es\/es\/decathlon-imparte-un-taller-de-cv-a-los-participantes-del-proyecto-itinerarios-i3s\/#primaryimage"},"image":{"@id":"https:\/\/politicasocial.vinaros.es\/es\/decathlon-imparte-un-taller-de-cv-a-los-participantes-del-proyecto-itinerarios-i3s\/#primaryimage"},"thumbnailUrl":"https:\/\/politicasocial.vinaros.es\/wp-content\/uploads\/2023\/01\/serveis-socials-vinaros-decathlon-imparteix-un-taller-de-cv-als-participants-del-projecte-itineraris-i3s.jpg","datePublished":"2019-06-11T08:59:00+00:00","dateModified":"2023-01-04T11:09:40+00:00","author":{"@id":"https:\/\/politicasocial.vinaros.es\/es\/#\/schema\/person\/25b8c0c60cdeca0d29acc31758a695da"},"breadcrumb":{"@id":"https:\/\/politicasocial.vinaros.es\/es\/decathlon-imparte-un-taller-de-cv-a-los-participantes-del-proyecto-itinerarios-i3s\/#breadcrumb"},"inLanguage":"es","potentialAction":[{"@type":"ReadAction","target":["https:\/\/politicasocial.vinaros.es\/es\/decathlon-imparte-un-taller-de-cv-a-los-participantes-del-proyecto-itinerarios-i3s\/"]}]},{"@type":"ImageObject","inLanguage":"es","@id":"https:\/\/politicasocial.vinaros.es\/es\/decathlon-imparte-un-taller-de-cv-a-los-participantes-del-proyecto-itinerarios-i3s\/#primaryimage","url":"https:\/\/politicasocial.vinaros.es\/wp-content\/uploads\/2023\/01\/serveis-socials-vinaros-decathlon-imparteix-un-taller-de-cv-als-participants-del-projecte-itineraris-i3s.jpg","contentUrl":"https:\/\/politicasocial.vinaros.es\/wp-content\/uploads\/2023\/01\/serveis-socials-vinaros-decathlon-imparteix-un-taller-de-cv-als-participants-del-projecte-itineraris-i3s.jpg","width":960,"height":720},{"@type":"BreadcrumbList","@id":"https:\/\/politicasocial.vinaros.es\/es\/decathlon-imparte-un-taller-de-cv-a-los-participantes-del-proyecto-itinerarios-i3s\/#breadcrumb","itemListElement":[{"@type":"ListItem","position":1,"name":"Inicio","item":"https:\/\/politicasocial.vinaros.es\/es\/"},{"@type":"ListItem","position":2,"name":"Servicios Sociales","item":"https:\/\/politicasocial.vinaros.es\/es\/categoria\/servicios-sociales\/"},{"@type":"ListItem","position":3,"name":"Decathlon imparte un taller de cv a los participantes del proyecto Itinerarios I3S"}]},{"@type":"WebSite","@id":"https:\/\/politicasocial.vinaros.es\/es\/#website","url":"https:\/\/politicasocial.vinaros.es\/es\/","name":"Pol\u00edtica Social - Ajuntament de Vinar\u00f2s","description":"Regidoria de Pol\u00edtica Social","potentialAction":[{"@type":"SearchAction","target":{"@type":"EntryPoint","urlTemplate":"https:\/\/politicasocial.vinaros.es\/es\/?s={search_term_string}"},"query-input":{"@type":"PropertyValueSpecification","valueRequired":true,"valueName":"search_term_string"}}],"inLanguage":"es"},{"@type":"Person","@id":"https:\/\/politicasocial.vinaros.es\/es\/#\/schema\/person\/25b8c0c60cdeca0d29acc31758a695da","name":"Ra\u00fal Torner Martinell","image":{"@type":"ImageObject","inLanguage":"es","@id":"https:\/\/politicasocial.vinaros.es\/es\/#\/schema\/person\/image\/","url":"https:\/\/secure.gravatar.com\/avatar\/3716f530378a992b4951fb4809843919506e982d2df14dcde67785574c23e79b?s=96&d=mm&r=g","contentUrl":"https:\/\/secure.gravatar.com\/avatar\/3716f530378a992b4951fb4809843919506e982d2df14dcde67785574c23e79b?s=96&d=mm&r=g","caption":"Ra\u00fal Torner Martinell"},"url":"https:\/\/politicasocial.vinaros.es\/es"}]}},"_links":{"self":[{"href":"https:\/\/politicasocial.vinaros.es\/es\/wp-json\/wp\/v2\/posts\/1411","targetHints":{"allow":["GET"]}}],"collection":[{"href":"https:\/\/politicasocial.vinaros.es\/es\/wp-json\/wp\/v2\/posts"}],"about":[{"href":"https:\/\/politicasocial.vinaros.es\/es\/wp-json\/wp\/v2\/types\/post"}],"author":[{"embeddable":true,"href":"https:\/\/politicasocial.vinaros.es\/es\/wp-json\/wp\/v2\/users\/1"}],"replies":[{"embeddable":true,"href":"https:\/\/politicasocial.vinaros.es\/es\/wp-json\/wp\/v2\/comments?post=1411"}],"version-history":[{"count":1,"href":"https:\/\/politicasocial.vinaros.es\/es\/wp-json\/wp\/v2\/posts\/1411\/revisions"}],"predecessor-version":[{"id":1412,"href":"https:\/\/politicasocial.vinaros.es\/es\/wp-json\/wp\/v2\/posts\/1411\/revisions\/1412"}],"wp:featuredmedia":[{"embeddable":true,"href":"https:\/\/politicasocial.vinaros.es\/es\/wp-json\/wp\/v2\/media\/1009"}],"wp:attachment":[{"href":"https:\/\/politicasocial.vinaros.es\/es\/wp-json\/wp\/v2\/media?parent=1411"}],"wp:term":[{"taxonomy":"category","embeddable":true,"href":"https:\/\/politicasocial.vinaros.es\/es\/wp-json\/wp\/v2\/categories?post=1411"},{"taxonomy":"post_tag","embeddable":true,"href":"https:\/\/politicasocial.vinaros.es\/es\/wp-json\/wp\/v2\/tags?post=1411"}],"curies":[{"name":"wp","href":"https:\/\/api.w.org\/{rel}","templated":true}]}}