{"id":1423,"date":"2019-05-29T12:00:00","date_gmt":"2019-05-29T10:00:00","guid":{"rendered":"https:\/\/politicasocial.vinaros.es\/29a-dia-europeo-de-la-solidaridad-y-la-cooperacion-entre-generaciones\/"},"modified":"2023-01-04T12:48:07","modified_gmt":"2023-01-04T11:48:07","slug":"29a-dia-europeo-de-la-solidaridad-y-la-cooperacion-entre-generaciones","status":"publish","type":"post","link":"https:\/\/politicasocial.vinaros.es\/es\/29a-dia-europeo-de-la-solidaridad-y-la-cooperacion-entre-generaciones\/","title":{"rendered":"29A D\u00eda europeo de la solidaridad y la cooperaci\u00f3n entre generaciones"},"content":{"rendered":"\n<p>Como Club de la Vida trabajamos en la importancia de sensibilizar y dar impulso a las relaciones intergeneracionales como factor potenciador de una manera de envejecer activa y positiva.<\/p>\n\n<p>Creemos en la necesidad de que m\u00e1s all\u00e1 de una comunidad familiar es necesario trabajar en una comunidad intergeneracional que posibilite la solidaridad intergeneracional en Vinar\u00f2s, y a ensalzar las oportunidades que ofrece a la hora de promover la cooperaci\u00f3n mutua y la interacci\u00f3n generacional entre ni\u00f1@s, j\u00f3venes, adultos y mayores para compartir habilidades, valores y experiencias.<\/p>\n\n<p>Es por esto que celebramos una serie de actividades orientadas a compartir momentos que hagan al relacionarse, al roce y al cari\u00f1o entre generaciones, destacando la necesidad de RESPETARNOS mutuamente con nuestras experiencias y formas de hacer la vida, pero siempre recordando que no podemos ser NOSOTROS sin los OTROS.<\/p>\n\n<p>Compartimos las siguientes experiencias:<\/p>\n\n<ul class=\"wp-block-list\">\n<li>Lunes 29 de Abril \u00b7 Ven a Jugar: Espai Sapiens ( \u00c1nima Pro)<\/li>\n\n\n\n<li>S\u00e1bado 4 de Mayo \u00b7 Pared(es) Sociales (Vinar\u00f2s Art-Urbano)<\/li>\n\n\n\n<li>Lunes 6 de Mayo \u00b7 Debate \u201cRelaciones Intergeneracionales\u201d<\/li>\n\n\n\n<li>Mi\u00e9rcoles 8 de Mayo \u00b7 Encuentro \u201cCiudad Feliz\u201d (\u00c1nima Pro) junto a l@s ni\u00f1@s y profes de 2\u00ba CEIP Misericordia.<\/li>\n<\/ul>\n\n<p>Desde el Club de la Vida os invitamos a tomar de conciencia y a pasar a la acci\u00f3n si deseamos que nuestro Vinar\u00f2s sea una sociedad bien cohesionada generacionalmente.<\/p>\n\n<p><strong>\u00bfOs animais? <\/strong>Un simple saludo a las personas mayores que cruzas en la calle, puede ser un inicio para lograr y mejorar las relaciones intergeneracionales.<\/p>\n","protected":false},"excerpt":{"rendered":"<p>Como Club de la Vida trabajamos en la importancia de sensibilizar y dar impulso a las relaciones intergeneracionales como factor potenciador de una manera de envejecer activa y positiva. Creemos en la necesidad de que m\u00e1s all\u00e1 de una comunidad familiar es necesario trabajar en una comunidad intergeneracional que posibilite la solidaridad intergeneracional en Vinar\u00f2s, [&hellip;]<\/p>\n","protected":false},"author":1,"featured_media":1033,"comment_status":"open","ping_status":"open","sticky":false,"template":"","format":"standard","meta":{"_acf_changed":false,"inline_featured_image":false,"footnotes":""},"categories":[11],"tags":[],"class_list":["post-1423","post","type-post","status-publish","format-standard","has-post-thumbnail","hentry","category-servicios-sociales"],"acf":[],"yoast_head":"<!-- This site is optimized with the Yoast SEO plugin v27.0 - https:\/\/yoast.com\/product\/yoast-seo-wordpress\/ -->\n<title>29A D\u00eda europeo de la solidaridad y la cooperaci\u00f3n entre generaciones - Pol\u00edtica Social - Ajuntament de Vinar\u00f2s<\/title>\n<meta name=\"robots\" content=\"index, follow, max-snippet:-1, max-image-preview:large, max-video-preview:-1\" \/>\n<link rel=\"canonical\" href=\"https:\/\/politicasocial.vinaros.es\/es\/29a-dia-europeo-de-la-solidaridad-y-la-cooperacion-entre-generaciones\/\" \/>\n<meta property=\"og:locale\" content=\"es_ES\" \/>\n<meta property=\"og:type\" content=\"article\" \/>\n<meta property=\"og:title\" content=\"29A D\u00eda europeo de la solidaridad y la cooperaci\u00f3n entre generaciones - Pol\u00edtica Social - Ajuntament de Vinar\u00f2s\" \/>\n<meta property=\"og:description\" content=\"Como Club de la Vida trabajamos en la importancia de sensibilizar y dar impulso a las relaciones intergeneracionales como factor potenciador de una manera de envejecer activa y positiva. Creemos en la necesidad de que m\u00e1s all\u00e1 de una comunidad familiar es necesario trabajar en una comunidad intergeneracional que posibilite la solidaridad intergeneracional en Vinar\u00f2s, [&hellip;]\" \/>\n<meta property=\"og:url\" content=\"https:\/\/politicasocial.vinaros.es\/es\/29a-dia-europeo-de-la-solidaridad-y-la-cooperacion-entre-generaciones\/\" \/>\n<meta property=\"og:site_name\" content=\"Pol\u00edtica Social - Ajuntament de Vinar\u00f2s\" \/>\n<meta property=\"article:published_time\" content=\"2019-05-29T10:00:00+00:00\" \/>\n<meta property=\"article:modified_time\" content=\"2023-01-04T11:48:07+00:00\" \/>\n<meta property=\"og:image\" content=\"https:\/\/politicasocial.vinaros.es\/wp-content\/uploads\/2023\/01\/serveis-socials-vinaros-29a-dia-europeu-de-la-solidaritat-i-la-cooperacio-entre-generacions.png\" \/>\n\t<meta property=\"og:image:width\" content=\"820\" \/>\n\t<meta property=\"og:image:height\" content=\"312\" \/>\n\t<meta property=\"og:image:type\" content=\"image\/png\" \/>\n<meta name=\"author\" content=\"Ra\u00fal Torner Martinell\" \/>\n<meta name=\"twitter:card\" content=\"summary_large_image\" \/>\n<meta name=\"twitter:label1\" content=\"Escrito por\" \/>\n\t<meta name=\"twitter:data1\" content=\"Ra\u00fal Torner Martinell\" \/>\n\t<meta name=\"twitter:label2\" content=\"Tiempo de lectura\" \/>\n\t<meta name=\"twitter:data2\" content=\"1 minuto\" \/>\n<script type=\"application\/ld+json\" class=\"yoast-schema-graph\">{\"@context\":\"https:\/\/schema.org\",\"@graph\":[{\"@type\":\"Article\",\"@id\":\"https:\/\/politicasocial.vinaros.es\/es\/29a-dia-europeo-de-la-solidaridad-y-la-cooperacion-entre-generaciones\/#article\",\"isPartOf\":{\"@id\":\"https:\/\/politicasocial.vinaros.es\/es\/29a-dia-europeo-de-la-solidaridad-y-la-cooperacion-entre-generaciones\/\"},\"author\":{\"name\":\"Ra\u00fal Torner Martinell\",\"@id\":\"https:\/\/politicasocial.vinaros.es\/es\/#\/schema\/person\/25b8c0c60cdeca0d29acc31758a695da\"},\"headline\":\"29A D\u00eda europeo de la solidaridad y la cooperaci\u00f3n entre generaciones\",\"datePublished\":\"2019-05-29T10:00:00+00:00\",\"dateModified\":\"2023-01-04T11:48:07+00:00\",\"mainEntityOfPage\":{\"@id\":\"https:\/\/politicasocial.vinaros.es\/es\/29a-dia-europeo-de-la-solidaridad-y-la-cooperacion-entre-generaciones\/\"},\"wordCount\":262,\"commentCount\":0,\"image\":{\"@id\":\"https:\/\/politicasocial.vinaros.es\/es\/29a-dia-europeo-de-la-solidaridad-y-la-cooperacion-entre-generaciones\/#primaryimage\"},\"thumbnailUrl\":\"https:\/\/politicasocial.vinaros.es\/wp-content\/uploads\/2023\/01\/serveis-socials-vinaros-29a-dia-europeu-de-la-solidaritat-i-la-cooperacio-entre-generacions.png\",\"articleSection\":[\"Servicios Sociales\"],\"inLanguage\":\"es\",\"potentialAction\":[{\"@type\":\"CommentAction\",\"name\":\"Comment\",\"target\":[\"https:\/\/politicasocial.vinaros.es\/es\/29a-dia-europeo-de-la-solidaridad-y-la-cooperacion-entre-generaciones\/#respond\"]}]},{\"@type\":\"WebPage\",\"@id\":\"https:\/\/politicasocial.vinaros.es\/es\/29a-dia-europeo-de-la-solidaridad-y-la-cooperacion-entre-generaciones\/\",\"url\":\"https:\/\/politicasocial.vinaros.es\/es\/29a-dia-europeo-de-la-solidaridad-y-la-cooperacion-entre-generaciones\/\",\"name\":\"29A D\u00eda europeo de la solidaridad y la cooperaci\u00f3n entre generaciones - Pol\u00edtica Social - Ajuntament de Vinar\u00f2s\",\"isPartOf\":{\"@id\":\"https:\/\/politicasocial.vinaros.es\/es\/#website\"},\"primaryImageOfPage\":{\"@id\":\"https:\/\/politicasocial.vinaros.es\/es\/29a-dia-europeo-de-la-solidaridad-y-la-cooperacion-entre-generaciones\/#primaryimage\"},\"image\":{\"@id\":\"https:\/\/politicasocial.vinaros.es\/es\/29a-dia-europeo-de-la-solidaridad-y-la-cooperacion-entre-generaciones\/#primaryimage\"},\"thumbnailUrl\":\"https:\/\/politicasocial.vinaros.es\/wp-content\/uploads\/2023\/01\/serveis-socials-vinaros-29a-dia-europeu-de-la-solidaritat-i-la-cooperacio-entre-generacions.png\",\"datePublished\":\"2019-05-29T10:00:00+00:00\",\"dateModified\":\"2023-01-04T11:48:07+00:00\",\"author\":{\"@id\":\"https:\/\/politicasocial.vinaros.es\/es\/#\/schema\/person\/25b8c0c60cdeca0d29acc31758a695da\"},\"breadcrumb\":{\"@id\":\"https:\/\/politicasocial.vinaros.es\/es\/29a-dia-europeo-de-la-solidaridad-y-la-cooperacion-entre-generaciones\/#breadcrumb\"},\"inLanguage\":\"es\",\"potentialAction\":[{\"@type\":\"ReadAction\",\"target\":[\"https:\/\/politicasocial.vinaros.es\/es\/29a-dia-europeo-de-la-solidaridad-y-la-cooperacion-entre-generaciones\/\"]}]},{\"@type\":\"ImageObject\",\"inLanguage\":\"es\",\"@id\":\"https:\/\/politicasocial.vinaros.es\/es\/29a-dia-europeo-de-la-solidaridad-y-la-cooperacion-entre-generaciones\/#primaryimage\",\"url\":\"https:\/\/politicasocial.vinaros.es\/wp-content\/uploads\/2023\/01\/serveis-socials-vinaros-29a-dia-europeu-de-la-solidaritat-i-la-cooperacio-entre-generacions.png\",\"contentUrl\":\"https:\/\/politicasocial.vinaros.es\/wp-content\/uploads\/2023\/01\/serveis-socials-vinaros-29a-dia-europeu-de-la-solidaritat-i-la-cooperacio-entre-generacions.png\",\"width\":820,\"height\":312},{\"@type\":\"BreadcrumbList\",\"@id\":\"https:\/\/politicasocial.vinaros.es\/es\/29a-dia-europeo-de-la-solidaridad-y-la-cooperacion-entre-generaciones\/#breadcrumb\",\"itemListElement\":[{\"@type\":\"ListItem\",\"position\":1,\"name\":\"Inicio\",\"item\":\"https:\/\/politicasocial.vinaros.es\/es\/\"},{\"@type\":\"ListItem\",\"position\":2,\"name\":\"Servicios Sociales\",\"item\":\"https:\/\/politicasocial.vinaros.es\/es\/categoria\/servicios-sociales\/\"},{\"@type\":\"ListItem\",\"position\":3,\"name\":\"29A D\u00eda europeo de la solidaridad y la cooperaci\u00f3n entre generaciones\"}]},{\"@type\":\"WebSite\",\"@id\":\"https:\/\/politicasocial.vinaros.es\/es\/#website\",\"url\":\"https:\/\/politicasocial.vinaros.es\/es\/\",\"name\":\"Pol\u00edtica Social - Ajuntament de Vinar\u00f2s\",\"description\":\"Regidoria de Pol\u00edtica Social\",\"potentialAction\":[{\"@type\":\"SearchAction\",\"target\":{\"@type\":\"EntryPoint\",\"urlTemplate\":\"https:\/\/politicasocial.vinaros.es\/es\/?s={search_term_string}\"},\"query-input\":{\"@type\":\"PropertyValueSpecification\",\"valueRequired\":true,\"valueName\":\"search_term_string\"}}],\"inLanguage\":\"es\"},{\"@type\":\"Person\",\"@id\":\"https:\/\/politicasocial.vinaros.es\/es\/#\/schema\/person\/25b8c0c60cdeca0d29acc31758a695da\",\"name\":\"Ra\u00fal Torner Martinell\",\"image\":{\"@type\":\"ImageObject\",\"inLanguage\":\"es\",\"@id\":\"https:\/\/politicasocial.vinaros.es\/es\/#\/schema\/person\/image\/\",\"url\":\"https:\/\/secure.gravatar.com\/avatar\/3716f530378a992b4951fb4809843919506e982d2df14dcde67785574c23e79b?s=96&d=mm&r=g\",\"contentUrl\":\"https:\/\/secure.gravatar.com\/avatar\/3716f530378a992b4951fb4809843919506e982d2df14dcde67785574c23e79b?s=96&d=mm&r=g\",\"caption\":\"Ra\u00fal Torner Martinell\"},\"url\":\"https:\/\/politicasocial.vinaros.es\/es\"}]}<\/script>\n<!-- \/ Yoast SEO plugin. -->","yoast_head_json":{"title":"29A D\u00eda europeo de la solidaridad y la cooperaci\u00f3n entre generaciones - Pol\u00edtica Social - Ajuntament de Vinar\u00f2s","robots":{"index":"index","follow":"follow","max-snippet":"max-snippet:-1","max-image-preview":"max-image-preview:large","max-video-preview":"max-video-preview:-1"},"canonical":"https:\/\/politicasocial.vinaros.es\/es\/29a-dia-europeo-de-la-solidaridad-y-la-cooperacion-entre-generaciones\/","og_locale":"es_ES","og_type":"article","og_title":"29A D\u00eda europeo de la solidaridad y la cooperaci\u00f3n entre generaciones - Pol\u00edtica Social - Ajuntament de Vinar\u00f2s","og_description":"Como Club de la Vida trabajamos en la importancia de sensibilizar y dar impulso a las relaciones intergeneracionales como factor potenciador de una manera de envejecer activa y positiva. Creemos en la necesidad de que m\u00e1s all\u00e1 de una comunidad familiar es necesario trabajar en una comunidad intergeneracional que posibilite la solidaridad intergeneracional en Vinar\u00f2s, [&hellip;]","og_url":"https:\/\/politicasocial.vinaros.es\/es\/29a-dia-europeo-de-la-solidaridad-y-la-cooperacion-entre-generaciones\/","og_site_name":"Pol\u00edtica Social - Ajuntament de Vinar\u00f2s","article_published_time":"2019-05-29T10:00:00+00:00","article_modified_time":"2023-01-04T11:48:07+00:00","og_image":[{"width":820,"height":312,"url":"https:\/\/politicasocial.vinaros.es\/wp-content\/uploads\/2023\/01\/serveis-socials-vinaros-29a-dia-europeu-de-la-solidaritat-i-la-cooperacio-entre-generacions.png","type":"image\/png"}],"author":"Ra\u00fal Torner Martinell","twitter_card":"summary_large_image","twitter_misc":{"Escrito por":"Ra\u00fal Torner Martinell","Tiempo de lectura":"1 minuto"},"schema":{"@context":"https:\/\/schema.org","@graph":[{"@type":"Article","@id":"https:\/\/politicasocial.vinaros.es\/es\/29a-dia-europeo-de-la-solidaridad-y-la-cooperacion-entre-generaciones\/#article","isPartOf":{"@id":"https:\/\/politicasocial.vinaros.es\/es\/29a-dia-europeo-de-la-solidaridad-y-la-cooperacion-entre-generaciones\/"},"author":{"name":"Ra\u00fal Torner Martinell","@id":"https:\/\/politicasocial.vinaros.es\/es\/#\/schema\/person\/25b8c0c60cdeca0d29acc31758a695da"},"headline":"29A D\u00eda europeo de la solidaridad y la cooperaci\u00f3n entre generaciones","datePublished":"2019-05-29T10:00:00+00:00","dateModified":"2023-01-04T11:48:07+00:00","mainEntityOfPage":{"@id":"https:\/\/politicasocial.vinaros.es\/es\/29a-dia-europeo-de-la-solidaridad-y-la-cooperacion-entre-generaciones\/"},"wordCount":262,"commentCount":0,"image":{"@id":"https:\/\/politicasocial.vinaros.es\/es\/29a-dia-europeo-de-la-solidaridad-y-la-cooperacion-entre-generaciones\/#primaryimage"},"thumbnailUrl":"https:\/\/politicasocial.vinaros.es\/wp-content\/uploads\/2023\/01\/serveis-socials-vinaros-29a-dia-europeu-de-la-solidaritat-i-la-cooperacio-entre-generacions.png","articleSection":["Servicios Sociales"],"inLanguage":"es","potentialAction":[{"@type":"CommentAction","name":"Comment","target":["https:\/\/politicasocial.vinaros.es\/es\/29a-dia-europeo-de-la-solidaridad-y-la-cooperacion-entre-generaciones\/#respond"]}]},{"@type":"WebPage","@id":"https:\/\/politicasocial.vinaros.es\/es\/29a-dia-europeo-de-la-solidaridad-y-la-cooperacion-entre-generaciones\/","url":"https:\/\/politicasocial.vinaros.es\/es\/29a-dia-europeo-de-la-solidaridad-y-la-cooperacion-entre-generaciones\/","name":"29A D\u00eda europeo de la solidaridad y la cooperaci\u00f3n entre generaciones - Pol\u00edtica Social - Ajuntament de Vinar\u00f2s","isPartOf":{"@id":"https:\/\/politicasocial.vinaros.es\/es\/#website"},"primaryImageOfPage":{"@id":"https:\/\/politicasocial.vinaros.es\/es\/29a-dia-europeo-de-la-solidaridad-y-la-cooperacion-entre-generaciones\/#primaryimage"},"image":{"@id":"https:\/\/politicasocial.vinaros.es\/es\/29a-dia-europeo-de-la-solidaridad-y-la-cooperacion-entre-generaciones\/#primaryimage"},"thumbnailUrl":"https:\/\/politicasocial.vinaros.es\/wp-content\/uploads\/2023\/01\/serveis-socials-vinaros-29a-dia-europeu-de-la-solidaritat-i-la-cooperacio-entre-generacions.png","datePublished":"2019-05-29T10:00:00+00:00","dateModified":"2023-01-04T11:48:07+00:00","author":{"@id":"https:\/\/politicasocial.vinaros.es\/es\/#\/schema\/person\/25b8c0c60cdeca0d29acc31758a695da"},"breadcrumb":{"@id":"https:\/\/politicasocial.vinaros.es\/es\/29a-dia-europeo-de-la-solidaridad-y-la-cooperacion-entre-generaciones\/#breadcrumb"},"inLanguage":"es","potentialAction":[{"@type":"ReadAction","target":["https:\/\/politicasocial.vinaros.es\/es\/29a-dia-europeo-de-la-solidaridad-y-la-cooperacion-entre-generaciones\/"]}]},{"@type":"ImageObject","inLanguage":"es","@id":"https:\/\/politicasocial.vinaros.es\/es\/29a-dia-europeo-de-la-solidaridad-y-la-cooperacion-entre-generaciones\/#primaryimage","url":"https:\/\/politicasocial.vinaros.es\/wp-content\/uploads\/2023\/01\/serveis-socials-vinaros-29a-dia-europeu-de-la-solidaritat-i-la-cooperacio-entre-generacions.png","contentUrl":"https:\/\/politicasocial.vinaros.es\/wp-content\/uploads\/2023\/01\/serveis-socials-vinaros-29a-dia-europeu-de-la-solidaritat-i-la-cooperacio-entre-generacions.png","width":820,"height":312},{"@type":"BreadcrumbList","@id":"https:\/\/politicasocial.vinaros.es\/es\/29a-dia-europeo-de-la-solidaridad-y-la-cooperacion-entre-generaciones\/#breadcrumb","itemListElement":[{"@type":"ListItem","position":1,"name":"Inicio","item":"https:\/\/politicasocial.vinaros.es\/es\/"},{"@type":"ListItem","position":2,"name":"Servicios Sociales","item":"https:\/\/politicasocial.vinaros.es\/es\/categoria\/servicios-sociales\/"},{"@type":"ListItem","position":3,"name":"29A D\u00eda europeo de la solidaridad y la cooperaci\u00f3n entre generaciones"}]},{"@type":"WebSite","@id":"https:\/\/politicasocial.vinaros.es\/es\/#website","url":"https:\/\/politicasocial.vinaros.es\/es\/","name":"Pol\u00edtica Social - Ajuntament de Vinar\u00f2s","description":"Regidoria de Pol\u00edtica Social","potentialAction":[{"@type":"SearchAction","target":{"@type":"EntryPoint","urlTemplate":"https:\/\/politicasocial.vinaros.es\/es\/?s={search_term_string}"},"query-input":{"@type":"PropertyValueSpecification","valueRequired":true,"valueName":"search_term_string"}}],"inLanguage":"es"},{"@type":"Person","@id":"https:\/\/politicasocial.vinaros.es\/es\/#\/schema\/person\/25b8c0c60cdeca0d29acc31758a695da","name":"Ra\u00fal Torner Martinell","image":{"@type":"ImageObject","inLanguage":"es","@id":"https:\/\/politicasocial.vinaros.es\/es\/#\/schema\/person\/image\/","url":"https:\/\/secure.gravatar.com\/avatar\/3716f530378a992b4951fb4809843919506e982d2df14dcde67785574c23e79b?s=96&d=mm&r=g","contentUrl":"https:\/\/secure.gravatar.com\/avatar\/3716f530378a992b4951fb4809843919506e982d2df14dcde67785574c23e79b?s=96&d=mm&r=g","caption":"Ra\u00fal Torner Martinell"},"url":"https:\/\/politicasocial.vinaros.es\/es"}]}},"_links":{"self":[{"href":"https:\/\/politicasocial.vinaros.es\/es\/wp-json\/wp\/v2\/posts\/1423","targetHints":{"allow":["GET"]}}],"collection":[{"href":"https:\/\/politicasocial.vinaros.es\/es\/wp-json\/wp\/v2\/posts"}],"about":[{"href":"https:\/\/politicasocial.vinaros.es\/es\/wp-json\/wp\/v2\/types\/post"}],"author":[{"embeddable":true,"href":"https:\/\/politicasocial.vinaros.es\/es\/wp-json\/wp\/v2\/users\/1"}],"replies":[{"embeddable":true,"href":"https:\/\/politicasocial.vinaros.es\/es\/wp-json\/wp\/v2\/comments?post=1423"}],"version-history":[{"count":1,"href":"https:\/\/politicasocial.vinaros.es\/es\/wp-json\/wp\/v2\/posts\/1423\/revisions"}],"predecessor-version":[{"id":1424,"href":"https:\/\/politicasocial.vinaros.es\/es\/wp-json\/wp\/v2\/posts\/1423\/revisions\/1424"}],"wp:featuredmedia":[{"embeddable":true,"href":"https:\/\/politicasocial.vinaros.es\/es\/wp-json\/wp\/v2\/media\/1033"}],"wp:attachment":[{"href":"https:\/\/politicasocial.vinaros.es\/es\/wp-json\/wp\/v2\/media?parent=1423"}],"wp:term":[{"taxonomy":"category","embeddable":true,"href":"https:\/\/politicasocial.vinaros.es\/es\/wp-json\/wp\/v2\/categories?post=1423"},{"taxonomy":"post_tag","embeddable":true,"href":"https:\/\/politicasocial.vinaros.es\/es\/wp-json\/wp\/v2\/tags?post=1423"}],"curies":[{"name":"wp","href":"https:\/\/api.w.org\/{rel}","templated":true}]}}