{"id":1431,"date":"2019-04-18T11:07:00","date_gmt":"2019-04-18T09:07:00","guid":{"rendered":"https:\/\/politicasocial.vinaros.es\/programa-vinaros-ciudad-libre-de-violencia-de-genero\/"},"modified":"2023-01-04T12:53:00","modified_gmt":"2023-01-04T11:53:00","slug":"programa-vinaros-ciudad-libre-de-violencia-de-genero","status":"publish","type":"post","link":"https:\/\/politicasocial.vinaros.es\/es\/programa-vinaros-ciudad-libre-de-violencia-de-genero\/","title":{"rendered":"Programa: \u00abVinar\u00f2s ciudad libre de violencia de g\u00e9nero\u00bb"},"content":{"rendered":"\n<p>Este programa tiene como principal objetivo desarrollar algunas de las medidas contempladas en el <strong>Pacto de Estado contra la Violencia de G\u00e9nero<\/strong>, mediante la ejecuci\u00f3n de diferentes actuaciones que se llevar\u00e1n a cabo entre el <strong>23 de abril y el 20 de mayo de 2019<\/strong>, en la ciudad de Vinar\u00f2s.<\/p>\n\n<p>Los objetivos del programa son concienciar y sensibilizar a la ciudadan\u00eda sobre el fen\u00f3meno de la violencia de g\u00e9nero y ayudar a su prevenci\u00f3n.<\/p>\n\n<p>Las actividades van dirigidas a diferentes colectivos y a la ciudadan\u00eda en general pero sobre todo est\u00e1n centradas en la prevenci\u00f3n de la violencia de g\u00e9nero en la poblaci\u00f3n m\u00e1s joven, menores y adolescentes.<\/p>\n\n<p>#VinaroSimplicacontralaviolenciadegenero#Niunames.<\/p>\n","protected":false},"excerpt":{"rendered":"<p>Este programa tiene como principal objetivo desarrollar algunas de las medidas contempladas en el Pacto de Estado contra la Violencia de G\u00e9nero, mediante la ejecuci\u00f3n de diferentes actuaciones que se llevar\u00e1n a cabo entre el 23 de abril y el 20 de mayo de 2019, en la ciudad de Vinar\u00f2s. Los objetivos del programa son [&hellip;]<\/p>\n","protected":false},"author":1,"featured_media":1045,"comment_status":"open","ping_status":"open","sticky":false,"template":"","format":"standard","meta":{"_acf_changed":false,"inline_featured_image":false,"footnotes":""},"categories":[11],"tags":[],"class_list":["post-1431","post","type-post","status-publish","format-standard","has-post-thumbnail","hentry","category-servicios-sociales"],"acf":[],"yoast_head":"<!-- This site is optimized with the Yoast SEO plugin v27.0 - https:\/\/yoast.com\/product\/yoast-seo-wordpress\/ -->\n<title>Programa: \u00abVinar\u00f2s ciudad libre de violencia de g\u00e9nero\u00bb - Pol\u00edtica Social - Ajuntament de Vinar\u00f2s<\/title>\n<meta name=\"robots\" content=\"index, follow, max-snippet:-1, max-image-preview:large, max-video-preview:-1\" \/>\n<link rel=\"canonical\" href=\"https:\/\/politicasocial.vinaros.es\/es\/programa-vinaros-ciudad-libre-de-violencia-de-genero\/\" \/>\n<meta property=\"og:locale\" content=\"es_ES\" \/>\n<meta property=\"og:type\" content=\"article\" \/>\n<meta property=\"og:title\" content=\"Programa: \u00abVinar\u00f2s ciudad libre de violencia de g\u00e9nero\u00bb - Pol\u00edtica Social - Ajuntament de Vinar\u00f2s\" \/>\n<meta property=\"og:description\" content=\"Este programa tiene como principal objetivo desarrollar algunas de las medidas contempladas en el Pacto de Estado contra la Violencia de G\u00e9nero, mediante la ejecuci\u00f3n de diferentes actuaciones que se llevar\u00e1n a cabo entre el 23 de abril y el 20 de mayo de 2019, en la ciudad de Vinar\u00f2s. Los objetivos del programa son [&hellip;]\" \/>\n<meta property=\"og:url\" content=\"https:\/\/politicasocial.vinaros.es\/es\/programa-vinaros-ciudad-libre-de-violencia-de-genero\/\" \/>\n<meta property=\"og:site_name\" content=\"Pol\u00edtica Social - Ajuntament de Vinar\u00f2s\" \/>\n<meta property=\"article:published_time\" content=\"2019-04-18T09:07:00+00:00\" \/>\n<meta property=\"article:modified_time\" content=\"2023-01-04T11:53:00+00:00\" \/>\n<meta property=\"og:image\" content=\"https:\/\/politicasocial.vinaros.es\/wp-content\/uploads\/2023\/01\/serveis-socials-vinaros-programa-vinaros-ciutat-lliure-de-violencia-de-genere.jpg\" \/>\n\t<meta property=\"og:image:width\" content=\"1307\" \/>\n\t<meta property=\"og:image:height\" content=\"1920\" \/>\n\t<meta property=\"og:image:type\" content=\"image\/jpeg\" \/>\n<meta name=\"author\" content=\"Ra\u00fal Torner Martinell\" \/>\n<meta name=\"twitter:card\" content=\"summary_large_image\" \/>\n<meta name=\"twitter:label1\" content=\"Escrito por\" \/>\n\t<meta name=\"twitter:data1\" content=\"Ra\u00fal Torner Martinell\" \/>\n\t<meta name=\"twitter:label2\" content=\"Tiempo de lectura\" \/>\n\t<meta name=\"twitter:data2\" content=\"1 minuto\" \/>\n<script type=\"application\/ld+json\" class=\"yoast-schema-graph\">{\"@context\":\"https:\/\/schema.org\",\"@graph\":[{\"@type\":\"Article\",\"@id\":\"https:\/\/politicasocial.vinaros.es\/es\/programa-vinaros-ciudad-libre-de-violencia-de-genero\/#article\",\"isPartOf\":{\"@id\":\"https:\/\/politicasocial.vinaros.es\/es\/programa-vinaros-ciudad-libre-de-violencia-de-genero\/\"},\"author\":{\"name\":\"Ra\u00fal Torner Martinell\",\"@id\":\"https:\/\/politicasocial.vinaros.es\/es\/#\/schema\/person\/25b8c0c60cdeca0d29acc31758a695da\"},\"headline\":\"Programa: \u00abVinar\u00f2s ciudad libre de violencia de g\u00e9nero\u00bb\",\"datePublished\":\"2019-04-18T09:07:00+00:00\",\"dateModified\":\"2023-01-04T11:53:00+00:00\",\"mainEntityOfPage\":{\"@id\":\"https:\/\/politicasocial.vinaros.es\/es\/programa-vinaros-ciudad-libre-de-violencia-de-genero\/\"},\"wordCount\":131,\"commentCount\":0,\"image\":{\"@id\":\"https:\/\/politicasocial.vinaros.es\/es\/programa-vinaros-ciudad-libre-de-violencia-de-genero\/#primaryimage\"},\"thumbnailUrl\":\"https:\/\/politicasocial.vinaros.es\/wp-content\/uploads\/2023\/01\/serveis-socials-vinaros-programa-vinaros-ciutat-lliure-de-violencia-de-genere.jpg\",\"articleSection\":[\"Servicios Sociales\"],\"inLanguage\":\"es\",\"potentialAction\":[{\"@type\":\"CommentAction\",\"name\":\"Comment\",\"target\":[\"https:\/\/politicasocial.vinaros.es\/es\/programa-vinaros-ciudad-libre-de-violencia-de-genero\/#respond\"]}]},{\"@type\":\"WebPage\",\"@id\":\"https:\/\/politicasocial.vinaros.es\/es\/programa-vinaros-ciudad-libre-de-violencia-de-genero\/\",\"url\":\"https:\/\/politicasocial.vinaros.es\/es\/programa-vinaros-ciudad-libre-de-violencia-de-genero\/\",\"name\":\"Programa: \u00abVinar\u00f2s ciudad libre de violencia de g\u00e9nero\u00bb - Pol\u00edtica Social - Ajuntament de Vinar\u00f2s\",\"isPartOf\":{\"@id\":\"https:\/\/politicasocial.vinaros.es\/es\/#website\"},\"primaryImageOfPage\":{\"@id\":\"https:\/\/politicasocial.vinaros.es\/es\/programa-vinaros-ciudad-libre-de-violencia-de-genero\/#primaryimage\"},\"image\":{\"@id\":\"https:\/\/politicasocial.vinaros.es\/es\/programa-vinaros-ciudad-libre-de-violencia-de-genero\/#primaryimage\"},\"thumbnailUrl\":\"https:\/\/politicasocial.vinaros.es\/wp-content\/uploads\/2023\/01\/serveis-socials-vinaros-programa-vinaros-ciutat-lliure-de-violencia-de-genere.jpg\",\"datePublished\":\"2019-04-18T09:07:00+00:00\",\"dateModified\":\"2023-01-04T11:53:00+00:00\",\"author\":{\"@id\":\"https:\/\/politicasocial.vinaros.es\/es\/#\/schema\/person\/25b8c0c60cdeca0d29acc31758a695da\"},\"breadcrumb\":{\"@id\":\"https:\/\/politicasocial.vinaros.es\/es\/programa-vinaros-ciudad-libre-de-violencia-de-genero\/#breadcrumb\"},\"inLanguage\":\"es\",\"potentialAction\":[{\"@type\":\"ReadAction\",\"target\":[\"https:\/\/politicasocial.vinaros.es\/es\/programa-vinaros-ciudad-libre-de-violencia-de-genero\/\"]}]},{\"@type\":\"ImageObject\",\"inLanguage\":\"es\",\"@id\":\"https:\/\/politicasocial.vinaros.es\/es\/programa-vinaros-ciudad-libre-de-violencia-de-genero\/#primaryimage\",\"url\":\"https:\/\/politicasocial.vinaros.es\/wp-content\/uploads\/2023\/01\/serveis-socials-vinaros-programa-vinaros-ciutat-lliure-de-violencia-de-genere.jpg\",\"contentUrl\":\"https:\/\/politicasocial.vinaros.es\/wp-content\/uploads\/2023\/01\/serveis-socials-vinaros-programa-vinaros-ciutat-lliure-de-violencia-de-genere.jpg\",\"width\":1307,\"height\":1920},{\"@type\":\"BreadcrumbList\",\"@id\":\"https:\/\/politicasocial.vinaros.es\/es\/programa-vinaros-ciudad-libre-de-violencia-de-genero\/#breadcrumb\",\"itemListElement\":[{\"@type\":\"ListItem\",\"position\":1,\"name\":\"Inicio\",\"item\":\"https:\/\/politicasocial.vinaros.es\/es\/\"},{\"@type\":\"ListItem\",\"position\":2,\"name\":\"Servicios Sociales\",\"item\":\"https:\/\/politicasocial.vinaros.es\/es\/categoria\/servicios-sociales\/\"},{\"@type\":\"ListItem\",\"position\":3,\"name\":\"Programa: \u00abVinar\u00f2s ciudad libre de violencia de g\u00e9nero\u00bb\"}]},{\"@type\":\"WebSite\",\"@id\":\"https:\/\/politicasocial.vinaros.es\/es\/#website\",\"url\":\"https:\/\/politicasocial.vinaros.es\/es\/\",\"name\":\"Pol\u00edtica Social - Ajuntament de Vinar\u00f2s\",\"description\":\"Regidoria de Pol\u00edtica Social\",\"potentialAction\":[{\"@type\":\"SearchAction\",\"target\":{\"@type\":\"EntryPoint\",\"urlTemplate\":\"https:\/\/politicasocial.vinaros.es\/es\/?s={search_term_string}\"},\"query-input\":{\"@type\":\"PropertyValueSpecification\",\"valueRequired\":true,\"valueName\":\"search_term_string\"}}],\"inLanguage\":\"es\"},{\"@type\":\"Person\",\"@id\":\"https:\/\/politicasocial.vinaros.es\/es\/#\/schema\/person\/25b8c0c60cdeca0d29acc31758a695da\",\"name\":\"Ra\u00fal Torner Martinell\",\"image\":{\"@type\":\"ImageObject\",\"inLanguage\":\"es\",\"@id\":\"https:\/\/politicasocial.vinaros.es\/es\/#\/schema\/person\/image\/\",\"url\":\"https:\/\/secure.gravatar.com\/avatar\/3716f530378a992b4951fb4809843919506e982d2df14dcde67785574c23e79b?s=96&d=mm&r=g\",\"contentUrl\":\"https:\/\/secure.gravatar.com\/avatar\/3716f530378a992b4951fb4809843919506e982d2df14dcde67785574c23e79b?s=96&d=mm&r=g\",\"caption\":\"Ra\u00fal Torner Martinell\"},\"url\":\"https:\/\/politicasocial.vinaros.es\/es\"}]}<\/script>\n<!-- \/ Yoast SEO plugin. -->","yoast_head_json":{"title":"Programa: \u00abVinar\u00f2s ciudad libre de violencia de g\u00e9nero\u00bb - Pol\u00edtica Social - Ajuntament de Vinar\u00f2s","robots":{"index":"index","follow":"follow","max-snippet":"max-snippet:-1","max-image-preview":"max-image-preview:large","max-video-preview":"max-video-preview:-1"},"canonical":"https:\/\/politicasocial.vinaros.es\/es\/programa-vinaros-ciudad-libre-de-violencia-de-genero\/","og_locale":"es_ES","og_type":"article","og_title":"Programa: \u00abVinar\u00f2s ciudad libre de violencia de g\u00e9nero\u00bb - Pol\u00edtica Social - Ajuntament de Vinar\u00f2s","og_description":"Este programa tiene como principal objetivo desarrollar algunas de las medidas contempladas en el Pacto de Estado contra la Violencia de G\u00e9nero, mediante la ejecuci\u00f3n de diferentes actuaciones que se llevar\u00e1n a cabo entre el 23 de abril y el 20 de mayo de 2019, en la ciudad de Vinar\u00f2s. Los objetivos del programa son [&hellip;]","og_url":"https:\/\/politicasocial.vinaros.es\/es\/programa-vinaros-ciudad-libre-de-violencia-de-genero\/","og_site_name":"Pol\u00edtica Social - Ajuntament de Vinar\u00f2s","article_published_time":"2019-04-18T09:07:00+00:00","article_modified_time":"2023-01-04T11:53:00+00:00","og_image":[{"width":1307,"height":1920,"url":"https:\/\/politicasocial.vinaros.es\/wp-content\/uploads\/2023\/01\/serveis-socials-vinaros-programa-vinaros-ciutat-lliure-de-violencia-de-genere.jpg","type":"image\/jpeg"}],"author":"Ra\u00fal Torner Martinell","twitter_card":"summary_large_image","twitter_misc":{"Escrito por":"Ra\u00fal Torner Martinell","Tiempo de lectura":"1 minuto"},"schema":{"@context":"https:\/\/schema.org","@graph":[{"@type":"Article","@id":"https:\/\/politicasocial.vinaros.es\/es\/programa-vinaros-ciudad-libre-de-violencia-de-genero\/#article","isPartOf":{"@id":"https:\/\/politicasocial.vinaros.es\/es\/programa-vinaros-ciudad-libre-de-violencia-de-genero\/"},"author":{"name":"Ra\u00fal Torner Martinell","@id":"https:\/\/politicasocial.vinaros.es\/es\/#\/schema\/person\/25b8c0c60cdeca0d29acc31758a695da"},"headline":"Programa: \u00abVinar\u00f2s ciudad libre de violencia de g\u00e9nero\u00bb","datePublished":"2019-04-18T09:07:00+00:00","dateModified":"2023-01-04T11:53:00+00:00","mainEntityOfPage":{"@id":"https:\/\/politicasocial.vinaros.es\/es\/programa-vinaros-ciudad-libre-de-violencia-de-genero\/"},"wordCount":131,"commentCount":0,"image":{"@id":"https:\/\/politicasocial.vinaros.es\/es\/programa-vinaros-ciudad-libre-de-violencia-de-genero\/#primaryimage"},"thumbnailUrl":"https:\/\/politicasocial.vinaros.es\/wp-content\/uploads\/2023\/01\/serveis-socials-vinaros-programa-vinaros-ciutat-lliure-de-violencia-de-genere.jpg","articleSection":["Servicios Sociales"],"inLanguage":"es","potentialAction":[{"@type":"CommentAction","name":"Comment","target":["https:\/\/politicasocial.vinaros.es\/es\/programa-vinaros-ciudad-libre-de-violencia-de-genero\/#respond"]}]},{"@type":"WebPage","@id":"https:\/\/politicasocial.vinaros.es\/es\/programa-vinaros-ciudad-libre-de-violencia-de-genero\/","url":"https:\/\/politicasocial.vinaros.es\/es\/programa-vinaros-ciudad-libre-de-violencia-de-genero\/","name":"Programa: \u00abVinar\u00f2s ciudad libre de violencia de g\u00e9nero\u00bb - Pol\u00edtica Social - Ajuntament de Vinar\u00f2s","isPartOf":{"@id":"https:\/\/politicasocial.vinaros.es\/es\/#website"},"primaryImageOfPage":{"@id":"https:\/\/politicasocial.vinaros.es\/es\/programa-vinaros-ciudad-libre-de-violencia-de-genero\/#primaryimage"},"image":{"@id":"https:\/\/politicasocial.vinaros.es\/es\/programa-vinaros-ciudad-libre-de-violencia-de-genero\/#primaryimage"},"thumbnailUrl":"https:\/\/politicasocial.vinaros.es\/wp-content\/uploads\/2023\/01\/serveis-socials-vinaros-programa-vinaros-ciutat-lliure-de-violencia-de-genere.jpg","datePublished":"2019-04-18T09:07:00+00:00","dateModified":"2023-01-04T11:53:00+00:00","author":{"@id":"https:\/\/politicasocial.vinaros.es\/es\/#\/schema\/person\/25b8c0c60cdeca0d29acc31758a695da"},"breadcrumb":{"@id":"https:\/\/politicasocial.vinaros.es\/es\/programa-vinaros-ciudad-libre-de-violencia-de-genero\/#breadcrumb"},"inLanguage":"es","potentialAction":[{"@type":"ReadAction","target":["https:\/\/politicasocial.vinaros.es\/es\/programa-vinaros-ciudad-libre-de-violencia-de-genero\/"]}]},{"@type":"ImageObject","inLanguage":"es","@id":"https:\/\/politicasocial.vinaros.es\/es\/programa-vinaros-ciudad-libre-de-violencia-de-genero\/#primaryimage","url":"https:\/\/politicasocial.vinaros.es\/wp-content\/uploads\/2023\/01\/serveis-socials-vinaros-programa-vinaros-ciutat-lliure-de-violencia-de-genere.jpg","contentUrl":"https:\/\/politicasocial.vinaros.es\/wp-content\/uploads\/2023\/01\/serveis-socials-vinaros-programa-vinaros-ciutat-lliure-de-violencia-de-genere.jpg","width":1307,"height":1920},{"@type":"BreadcrumbList","@id":"https:\/\/politicasocial.vinaros.es\/es\/programa-vinaros-ciudad-libre-de-violencia-de-genero\/#breadcrumb","itemListElement":[{"@type":"ListItem","position":1,"name":"Inicio","item":"https:\/\/politicasocial.vinaros.es\/es\/"},{"@type":"ListItem","position":2,"name":"Servicios Sociales","item":"https:\/\/politicasocial.vinaros.es\/es\/categoria\/servicios-sociales\/"},{"@type":"ListItem","position":3,"name":"Programa: \u00abVinar\u00f2s ciudad libre de violencia de g\u00e9nero\u00bb"}]},{"@type":"WebSite","@id":"https:\/\/politicasocial.vinaros.es\/es\/#website","url":"https:\/\/politicasocial.vinaros.es\/es\/","name":"Pol\u00edtica Social - Ajuntament de Vinar\u00f2s","description":"Regidoria de Pol\u00edtica Social","potentialAction":[{"@type":"SearchAction","target":{"@type":"EntryPoint","urlTemplate":"https:\/\/politicasocial.vinaros.es\/es\/?s={search_term_string}"},"query-input":{"@type":"PropertyValueSpecification","valueRequired":true,"valueName":"search_term_string"}}],"inLanguage":"es"},{"@type":"Person","@id":"https:\/\/politicasocial.vinaros.es\/es\/#\/schema\/person\/25b8c0c60cdeca0d29acc31758a695da","name":"Ra\u00fal Torner Martinell","image":{"@type":"ImageObject","inLanguage":"es","@id":"https:\/\/politicasocial.vinaros.es\/es\/#\/schema\/person\/image\/","url":"https:\/\/secure.gravatar.com\/avatar\/3716f530378a992b4951fb4809843919506e982d2df14dcde67785574c23e79b?s=96&d=mm&r=g","contentUrl":"https:\/\/secure.gravatar.com\/avatar\/3716f530378a992b4951fb4809843919506e982d2df14dcde67785574c23e79b?s=96&d=mm&r=g","caption":"Ra\u00fal Torner Martinell"},"url":"https:\/\/politicasocial.vinaros.es\/es"}]}},"_links":{"self":[{"href":"https:\/\/politicasocial.vinaros.es\/es\/wp-json\/wp\/v2\/posts\/1431","targetHints":{"allow":["GET"]}}],"collection":[{"href":"https:\/\/politicasocial.vinaros.es\/es\/wp-json\/wp\/v2\/posts"}],"about":[{"href":"https:\/\/politicasocial.vinaros.es\/es\/wp-json\/wp\/v2\/types\/post"}],"author":[{"embeddable":true,"href":"https:\/\/politicasocial.vinaros.es\/es\/wp-json\/wp\/v2\/users\/1"}],"replies":[{"embeddable":true,"href":"https:\/\/politicasocial.vinaros.es\/es\/wp-json\/wp\/v2\/comments?post=1431"}],"version-history":[{"count":1,"href":"https:\/\/politicasocial.vinaros.es\/es\/wp-json\/wp\/v2\/posts\/1431\/revisions"}],"predecessor-version":[{"id":1432,"href":"https:\/\/politicasocial.vinaros.es\/es\/wp-json\/wp\/v2\/posts\/1431\/revisions\/1432"}],"wp:featuredmedia":[{"embeddable":true,"href":"https:\/\/politicasocial.vinaros.es\/es\/wp-json\/wp\/v2\/media\/1045"}],"wp:attachment":[{"href":"https:\/\/politicasocial.vinaros.es\/es\/wp-json\/wp\/v2\/media?parent=1431"}],"wp:term":[{"taxonomy":"category","embeddable":true,"href":"https:\/\/politicasocial.vinaros.es\/es\/wp-json\/wp\/v2\/categories?post=1431"},{"taxonomy":"post_tag","embeddable":true,"href":"https:\/\/politicasocial.vinaros.es\/es\/wp-json\/wp\/v2\/tags?post=1431"}],"curies":[{"name":"wp","href":"https:\/\/api.w.org\/{rel}","templated":true}]}}