{"id":1441,"date":"2019-02-15T10:15:00","date_gmt":"2019-02-15T09:15:00","guid":{"rendered":"https:\/\/politicasocial.vinaros.es\/comenca-lexecucio-de-la-residencia-municipal\/"},"modified":"2023-01-04T13:03:20","modified_gmt":"2023-01-04T12:03:20","slug":"comenca-lexecucio-de-la-residencia-municipal","status":"publish","type":"post","link":"https:\/\/politicasocial.vinaros.es\/es\/comenca-lexecucio-de-la-residencia-municipal\/","title":{"rendered":"Comen\u00e7a l&#8217;execuci\u00f3 de la resid\u00e8ncia municipal"},"content":{"rendered":"\n<p>El nuevo espacio contar\u00e1 con 145 plazas p\u00fablicas y la creaci\u00f3n de 75 puestos de trabajo, de un complejo que se construir\u00e1 encima del Centro de D\u00eda en un plazo de 18 meses.<\/p>\n\n<p>Esta ma\u00f1ana el alcalde de Vinar\u00f2s, Enric Pla, acompa\u00f1ado por la presidenta de Oleada Cinta Pascual y el arquitecto responsable del proyecto, Pep *Selgar, ha presentado la residencia municipal que se construir\u00e1 al mismo edificio del Centro de D\u00eda. Un espacio que tendr\u00e1 145 plazas p\u00fablicas con el objetivo de ofrecer un servicio familiar y pr\u00f3ximo para las personas mayores que necesitan asistencia. <\/p>\n\n<p>El alcalde Pla ha destacado que despu\u00e9s de a\u00f1os de trabajo por fin el proyecto ser\u00e1 una realidad gracias al trabajo hecho desde el equipo de gobierno, t\u00e9cnicos municipales, conseller\u00eda y representantes de la empresa Oleada, encargada de gestionar las instalaciones. En este sentido, ha detallado que \u00abla residencia se tuvo que atrasar tres meses debido a cambios de la normativa por parte de la Generalitat Valenciana, un tiempo que sirvi\u00f3 para revisar todo el proyecto e introducir importantes mejoras para garantizar un servicio de calidad en los usuarios\u00bb. <\/p>\n\n<p>Pla ha insistido que la residencia ser\u00e1 una pieza m\u00e1s de los Servicios Sociales municipales donde se podr\u00e1 atender a personas mayores que necesitan de una atenci\u00f3n constante o vecinos que solo precisan asistencia durante un tiempo puntual, ya sea por enfermedad o cuestiones familiares. El alcalde remarcaba que \u00abtenemos una sociedad cada vez m\u00e1s envejecida, como consecuencia del aumento de la esperanza de vida y por tanto una sociedad como Vinar\u00f2s necesita de una residencia y Centro de D\u00eda para ofrecer una atenci\u00f3n a estas personas\u00bb. <\/p>\n\n<p>La presidenta de Oleada, Cinta Pascual, agradec\u00eda el trabajo del Ayuntamiento y t\u00e9cnicos municipales, pero en especial al alcalde Plano por su constante colaboraci\u00f3n con el proyecto. Seg\u00fan ha detallado la residencia supondr\u00e1 la creaci\u00f3n de 75 puestos de trabajo, adem\u00e1s de una escuela de formaci\u00f3n. En este sentido, destacaba que \u00absobre todo se buscar\u00e1 personal de Vinar\u00f2s, porque se ha demostrado que si las personas que ofrecen la atenci\u00f3n son conocidos por parte de los usuarios, entonces los genera una mayor satisfacci\u00f3n y sobre todo sensaci\u00f3n de familiaridad\u00bb.  <\/p>\n\n<p>En cuanto a la residencia ha explicado que se ha querido crear un espacio pr\u00f3ximo y familiar con unidades de convivencia, as\u00ed tambi\u00e9n como unas habitaciones c\u00e1lidas con posibilidad de poder cambiar, tanto la decoraci\u00f3n como los muebles para sentir- se como casa.<\/p>\n\n<p>Por su parte, el arquitecto responsable del proyecto, Pep *Selgar, ha insistido que replantear la residencia para adaptarla a la nueva normativa de la Generalitat ha supuesto aplicar importantes mejoras, como la creaci\u00f3n de terrazas, pasillos m\u00e1s amplios y la instalaci\u00f3n de m\u00e1s lavabos, as\u00ed como ascensores m\u00e1s accesibles y con mayor capacidad, todo en un espacio abierto y confortable.<\/p>\n\n<p>En referencia a las obras ha explicado que supondr\u00e1n una dificultad a\u00f1ad\u00eda porque la residencia se construir\u00e1 encima del Centro de D\u00eda, por lo tanto los trabajos se tendr\u00e1n que ejecutar con las menores molestias posibles a los usuarios actuales. En este sentido comentaba que sobre todo se trabajar\u00e1 con m\u00f3dulos prefabricados y se concentrar\u00e1n los trabajos m\u00e1s importantes los fines de semana, con el objetivo de finalizar todas obras en un plazo de 18 meses. <\/p>\n","protected":false},"excerpt":{"rendered":"<p>El nuevo espacio contar\u00e1 con 145 plazas p\u00fablicas y la creaci\u00f3n de 75 puestos de trabajo, de un complejo que se construir\u00e1 encima del Centro de D\u00eda en un plazo de 18 meses. Esta ma\u00f1ana el alcalde de Vinar\u00f2s, Enric Pla, acompa\u00f1ado por la presidenta de Oleada Cinta Pascual y el arquitecto responsable del proyecto, [&hellip;]<\/p>\n","protected":false},"author":1,"featured_media":1061,"comment_status":"open","ping_status":"open","sticky":false,"template":"","format":"standard","meta":{"_acf_changed":false,"inline_featured_image":false,"footnotes":""},"categories":[11],"tags":[],"class_list":["post-1441","post","type-post","status-publish","format-standard","has-post-thumbnail","hentry","category-servicios-sociales"],"acf":[],"yoast_head":"<!-- This site is optimized with the Yoast SEO plugin v27.0 - https:\/\/yoast.com\/product\/yoast-seo-wordpress\/ -->\n<title>Comen\u00e7a l&#039;execuci\u00f3 de la resid\u00e8ncia municipal - Pol\u00edtica Social - Ajuntament de Vinar\u00f2s<\/title>\n<meta name=\"robots\" content=\"index, follow, max-snippet:-1, max-image-preview:large, max-video-preview:-1\" \/>\n<link rel=\"canonical\" href=\"https:\/\/politicasocial.vinaros.es\/es\/comenca-lexecucio-de-la-residencia-municipal\/\" \/>\n<meta property=\"og:locale\" content=\"es_ES\" \/>\n<meta property=\"og:type\" content=\"article\" \/>\n<meta property=\"og:title\" content=\"Comen\u00e7a l&#039;execuci\u00f3 de la resid\u00e8ncia municipal - Pol\u00edtica Social - Ajuntament de Vinar\u00f2s\" \/>\n<meta property=\"og:description\" content=\"El nuevo espacio contar\u00e1 con 145 plazas p\u00fablicas y la creaci\u00f3n de 75 puestos de trabajo, de un complejo que se construir\u00e1 encima del Centro de D\u00eda en un plazo de 18 meses. Esta ma\u00f1ana el alcalde de Vinar\u00f2s, Enric Pla, acompa\u00f1ado por la presidenta de Oleada Cinta Pascual y el arquitecto responsable del proyecto, [&hellip;]\" \/>\n<meta property=\"og:url\" content=\"https:\/\/politicasocial.vinaros.es\/es\/comenca-lexecucio-de-la-residencia-municipal\/\" \/>\n<meta property=\"og:site_name\" content=\"Pol\u00edtica Social - Ajuntament de Vinar\u00f2s\" \/>\n<meta property=\"article:published_time\" content=\"2019-02-15T09:15:00+00:00\" \/>\n<meta property=\"article:modified_time\" content=\"2023-01-04T12:03:20+00:00\" \/>\n<meta property=\"og:image\" content=\"https:\/\/politicasocial.vinaros.es\/wp-content\/uploads\/2023\/01\/serveis-socials-vinaros-comenca-lexecucio-de-la-residencia-municipal.jpeg\" \/>\n\t<meta property=\"og:image:width\" content=\"1276\" \/>\n\t<meta property=\"og:image:height\" content=\"957\" \/>\n\t<meta property=\"og:image:type\" content=\"image\/jpeg\" \/>\n<meta name=\"author\" content=\"Ra\u00fal Torner Martinell\" \/>\n<meta name=\"twitter:card\" content=\"summary_large_image\" \/>\n<meta name=\"twitter:label1\" content=\"Escrito por\" \/>\n\t<meta name=\"twitter:data1\" content=\"Ra\u00fal Torner Martinell\" \/>\n\t<meta name=\"twitter:label2\" content=\"Tiempo de lectura\" \/>\n\t<meta name=\"twitter:data2\" content=\"3 minutos\" \/>\n<script type=\"application\/ld+json\" class=\"yoast-schema-graph\">{\"@context\":\"https:\/\/schema.org\",\"@graph\":[{\"@type\":\"Article\",\"@id\":\"https:\/\/politicasocial.vinaros.es\/es\/comenca-lexecucio-de-la-residencia-municipal\/#article\",\"isPartOf\":{\"@id\":\"https:\/\/politicasocial.vinaros.es\/es\/comenca-lexecucio-de-la-residencia-municipal\/\"},\"author\":{\"name\":\"Ra\u00fal Torner Martinell\",\"@id\":\"https:\/\/politicasocial.vinaros.es\/es\/#\/schema\/person\/25b8c0c60cdeca0d29acc31758a695da\"},\"headline\":\"Comen\u00e7a l&#8217;execuci\u00f3 de la resid\u00e8ncia municipal\",\"datePublished\":\"2019-02-15T09:15:00+00:00\",\"dateModified\":\"2023-01-04T12:03:20+00:00\",\"mainEntityOfPage\":{\"@id\":\"https:\/\/politicasocial.vinaros.es\/es\/comenca-lexecucio-de-la-residencia-municipal\/\"},\"wordCount\":590,\"commentCount\":0,\"image\":{\"@id\":\"https:\/\/politicasocial.vinaros.es\/es\/comenca-lexecucio-de-la-residencia-municipal\/#primaryimage\"},\"thumbnailUrl\":\"https:\/\/politicasocial.vinaros.es\/wp-content\/uploads\/2023\/01\/serveis-socials-vinaros-comenca-lexecucio-de-la-residencia-municipal.jpeg\",\"articleSection\":[\"Servicios Sociales\"],\"inLanguage\":\"es\",\"potentialAction\":[{\"@type\":\"CommentAction\",\"name\":\"Comment\",\"target\":[\"https:\/\/politicasocial.vinaros.es\/es\/comenca-lexecucio-de-la-residencia-municipal\/#respond\"]}]},{\"@type\":\"WebPage\",\"@id\":\"https:\/\/politicasocial.vinaros.es\/es\/comenca-lexecucio-de-la-residencia-municipal\/\",\"url\":\"https:\/\/politicasocial.vinaros.es\/es\/comenca-lexecucio-de-la-residencia-municipal\/\",\"name\":\"Comen\u00e7a l'execuci\u00f3 de la resid\u00e8ncia municipal - Pol\u00edtica Social - Ajuntament de Vinar\u00f2s\",\"isPartOf\":{\"@id\":\"https:\/\/politicasocial.vinaros.es\/es\/#website\"},\"primaryImageOfPage\":{\"@id\":\"https:\/\/politicasocial.vinaros.es\/es\/comenca-lexecucio-de-la-residencia-municipal\/#primaryimage\"},\"image\":{\"@id\":\"https:\/\/politicasocial.vinaros.es\/es\/comenca-lexecucio-de-la-residencia-municipal\/#primaryimage\"},\"thumbnailUrl\":\"https:\/\/politicasocial.vinaros.es\/wp-content\/uploads\/2023\/01\/serveis-socials-vinaros-comenca-lexecucio-de-la-residencia-municipal.jpeg\",\"datePublished\":\"2019-02-15T09:15:00+00:00\",\"dateModified\":\"2023-01-04T12:03:20+00:00\",\"author\":{\"@id\":\"https:\/\/politicasocial.vinaros.es\/es\/#\/schema\/person\/25b8c0c60cdeca0d29acc31758a695da\"},\"breadcrumb\":{\"@id\":\"https:\/\/politicasocial.vinaros.es\/es\/comenca-lexecucio-de-la-residencia-municipal\/#breadcrumb\"},\"inLanguage\":\"es\",\"potentialAction\":[{\"@type\":\"ReadAction\",\"target\":[\"https:\/\/politicasocial.vinaros.es\/es\/comenca-lexecucio-de-la-residencia-municipal\/\"]}]},{\"@type\":\"ImageObject\",\"inLanguage\":\"es\",\"@id\":\"https:\/\/politicasocial.vinaros.es\/es\/comenca-lexecucio-de-la-residencia-municipal\/#primaryimage\",\"url\":\"https:\/\/politicasocial.vinaros.es\/wp-content\/uploads\/2023\/01\/serveis-socials-vinaros-comenca-lexecucio-de-la-residencia-municipal.jpeg\",\"contentUrl\":\"https:\/\/politicasocial.vinaros.es\/wp-content\/uploads\/2023\/01\/serveis-socials-vinaros-comenca-lexecucio-de-la-residencia-municipal.jpeg\",\"width\":1276,\"height\":957},{\"@type\":\"BreadcrumbList\",\"@id\":\"https:\/\/politicasocial.vinaros.es\/es\/comenca-lexecucio-de-la-residencia-municipal\/#breadcrumb\",\"itemListElement\":[{\"@type\":\"ListItem\",\"position\":1,\"name\":\"Inicio\",\"item\":\"https:\/\/politicasocial.vinaros.es\/es\/\"},{\"@type\":\"ListItem\",\"position\":2,\"name\":\"Servicios Sociales\",\"item\":\"https:\/\/politicasocial.vinaros.es\/es\/categoria\/servicios-sociales\/\"},{\"@type\":\"ListItem\",\"position\":3,\"name\":\"Comen\u00e7a l&#8217;execuci\u00f3 de la resid\u00e8ncia municipal\"}]},{\"@type\":\"WebSite\",\"@id\":\"https:\/\/politicasocial.vinaros.es\/es\/#website\",\"url\":\"https:\/\/politicasocial.vinaros.es\/es\/\",\"name\":\"Pol\u00edtica Social - Ajuntament de Vinar\u00f2s\",\"description\":\"Regidoria de Pol\u00edtica Social\",\"potentialAction\":[{\"@type\":\"SearchAction\",\"target\":{\"@type\":\"EntryPoint\",\"urlTemplate\":\"https:\/\/politicasocial.vinaros.es\/es\/?s={search_term_string}\"},\"query-input\":{\"@type\":\"PropertyValueSpecification\",\"valueRequired\":true,\"valueName\":\"search_term_string\"}}],\"inLanguage\":\"es\"},{\"@type\":\"Person\",\"@id\":\"https:\/\/politicasocial.vinaros.es\/es\/#\/schema\/person\/25b8c0c60cdeca0d29acc31758a695da\",\"name\":\"Ra\u00fal Torner Martinell\",\"image\":{\"@type\":\"ImageObject\",\"inLanguage\":\"es\",\"@id\":\"https:\/\/politicasocial.vinaros.es\/es\/#\/schema\/person\/image\/\",\"url\":\"https:\/\/secure.gravatar.com\/avatar\/3716f530378a992b4951fb4809843919506e982d2df14dcde67785574c23e79b?s=96&d=mm&r=g\",\"contentUrl\":\"https:\/\/secure.gravatar.com\/avatar\/3716f530378a992b4951fb4809843919506e982d2df14dcde67785574c23e79b?s=96&d=mm&r=g\",\"caption\":\"Ra\u00fal Torner Martinell\"},\"url\":\"https:\/\/politicasocial.vinaros.es\/es\"}]}<\/script>\n<!-- \/ Yoast SEO plugin. -->","yoast_head_json":{"title":"Comen\u00e7a l'execuci\u00f3 de la resid\u00e8ncia municipal - Pol\u00edtica Social - Ajuntament de Vinar\u00f2s","robots":{"index":"index","follow":"follow","max-snippet":"max-snippet:-1","max-image-preview":"max-image-preview:large","max-video-preview":"max-video-preview:-1"},"canonical":"https:\/\/politicasocial.vinaros.es\/es\/comenca-lexecucio-de-la-residencia-municipal\/","og_locale":"es_ES","og_type":"article","og_title":"Comen\u00e7a l'execuci\u00f3 de la resid\u00e8ncia municipal - Pol\u00edtica Social - Ajuntament de Vinar\u00f2s","og_description":"El nuevo espacio contar\u00e1 con 145 plazas p\u00fablicas y la creaci\u00f3n de 75 puestos de trabajo, de un complejo que se construir\u00e1 encima del Centro de D\u00eda en un plazo de 18 meses. Esta ma\u00f1ana el alcalde de Vinar\u00f2s, Enric Pla, acompa\u00f1ado por la presidenta de Oleada Cinta Pascual y el arquitecto responsable del proyecto, [&hellip;]","og_url":"https:\/\/politicasocial.vinaros.es\/es\/comenca-lexecucio-de-la-residencia-municipal\/","og_site_name":"Pol\u00edtica Social - Ajuntament de Vinar\u00f2s","article_published_time":"2019-02-15T09:15:00+00:00","article_modified_time":"2023-01-04T12:03:20+00:00","og_image":[{"width":1276,"height":957,"url":"https:\/\/politicasocial.vinaros.es\/wp-content\/uploads\/2023\/01\/serveis-socials-vinaros-comenca-lexecucio-de-la-residencia-municipal.jpeg","type":"image\/jpeg"}],"author":"Ra\u00fal Torner Martinell","twitter_card":"summary_large_image","twitter_misc":{"Escrito por":"Ra\u00fal Torner Martinell","Tiempo de lectura":"3 minutos"},"schema":{"@context":"https:\/\/schema.org","@graph":[{"@type":"Article","@id":"https:\/\/politicasocial.vinaros.es\/es\/comenca-lexecucio-de-la-residencia-municipal\/#article","isPartOf":{"@id":"https:\/\/politicasocial.vinaros.es\/es\/comenca-lexecucio-de-la-residencia-municipal\/"},"author":{"name":"Ra\u00fal Torner Martinell","@id":"https:\/\/politicasocial.vinaros.es\/es\/#\/schema\/person\/25b8c0c60cdeca0d29acc31758a695da"},"headline":"Comen\u00e7a l&#8217;execuci\u00f3 de la resid\u00e8ncia municipal","datePublished":"2019-02-15T09:15:00+00:00","dateModified":"2023-01-04T12:03:20+00:00","mainEntityOfPage":{"@id":"https:\/\/politicasocial.vinaros.es\/es\/comenca-lexecucio-de-la-residencia-municipal\/"},"wordCount":590,"commentCount":0,"image":{"@id":"https:\/\/politicasocial.vinaros.es\/es\/comenca-lexecucio-de-la-residencia-municipal\/#primaryimage"},"thumbnailUrl":"https:\/\/politicasocial.vinaros.es\/wp-content\/uploads\/2023\/01\/serveis-socials-vinaros-comenca-lexecucio-de-la-residencia-municipal.jpeg","articleSection":["Servicios Sociales"],"inLanguage":"es","potentialAction":[{"@type":"CommentAction","name":"Comment","target":["https:\/\/politicasocial.vinaros.es\/es\/comenca-lexecucio-de-la-residencia-municipal\/#respond"]}]},{"@type":"WebPage","@id":"https:\/\/politicasocial.vinaros.es\/es\/comenca-lexecucio-de-la-residencia-municipal\/","url":"https:\/\/politicasocial.vinaros.es\/es\/comenca-lexecucio-de-la-residencia-municipal\/","name":"Comen\u00e7a l'execuci\u00f3 de la resid\u00e8ncia municipal - Pol\u00edtica Social - Ajuntament de Vinar\u00f2s","isPartOf":{"@id":"https:\/\/politicasocial.vinaros.es\/es\/#website"},"primaryImageOfPage":{"@id":"https:\/\/politicasocial.vinaros.es\/es\/comenca-lexecucio-de-la-residencia-municipal\/#primaryimage"},"image":{"@id":"https:\/\/politicasocial.vinaros.es\/es\/comenca-lexecucio-de-la-residencia-municipal\/#primaryimage"},"thumbnailUrl":"https:\/\/politicasocial.vinaros.es\/wp-content\/uploads\/2023\/01\/serveis-socials-vinaros-comenca-lexecucio-de-la-residencia-municipal.jpeg","datePublished":"2019-02-15T09:15:00+00:00","dateModified":"2023-01-04T12:03:20+00:00","author":{"@id":"https:\/\/politicasocial.vinaros.es\/es\/#\/schema\/person\/25b8c0c60cdeca0d29acc31758a695da"},"breadcrumb":{"@id":"https:\/\/politicasocial.vinaros.es\/es\/comenca-lexecucio-de-la-residencia-municipal\/#breadcrumb"},"inLanguage":"es","potentialAction":[{"@type":"ReadAction","target":["https:\/\/politicasocial.vinaros.es\/es\/comenca-lexecucio-de-la-residencia-municipal\/"]}]},{"@type":"ImageObject","inLanguage":"es","@id":"https:\/\/politicasocial.vinaros.es\/es\/comenca-lexecucio-de-la-residencia-municipal\/#primaryimage","url":"https:\/\/politicasocial.vinaros.es\/wp-content\/uploads\/2023\/01\/serveis-socials-vinaros-comenca-lexecucio-de-la-residencia-municipal.jpeg","contentUrl":"https:\/\/politicasocial.vinaros.es\/wp-content\/uploads\/2023\/01\/serveis-socials-vinaros-comenca-lexecucio-de-la-residencia-municipal.jpeg","width":1276,"height":957},{"@type":"BreadcrumbList","@id":"https:\/\/politicasocial.vinaros.es\/es\/comenca-lexecucio-de-la-residencia-municipal\/#breadcrumb","itemListElement":[{"@type":"ListItem","position":1,"name":"Inicio","item":"https:\/\/politicasocial.vinaros.es\/es\/"},{"@type":"ListItem","position":2,"name":"Servicios Sociales","item":"https:\/\/politicasocial.vinaros.es\/es\/categoria\/servicios-sociales\/"},{"@type":"ListItem","position":3,"name":"Comen\u00e7a l&#8217;execuci\u00f3 de la resid\u00e8ncia municipal"}]},{"@type":"WebSite","@id":"https:\/\/politicasocial.vinaros.es\/es\/#website","url":"https:\/\/politicasocial.vinaros.es\/es\/","name":"Pol\u00edtica Social - Ajuntament de Vinar\u00f2s","description":"Regidoria de Pol\u00edtica Social","potentialAction":[{"@type":"SearchAction","target":{"@type":"EntryPoint","urlTemplate":"https:\/\/politicasocial.vinaros.es\/es\/?s={search_term_string}"},"query-input":{"@type":"PropertyValueSpecification","valueRequired":true,"valueName":"search_term_string"}}],"inLanguage":"es"},{"@type":"Person","@id":"https:\/\/politicasocial.vinaros.es\/es\/#\/schema\/person\/25b8c0c60cdeca0d29acc31758a695da","name":"Ra\u00fal Torner Martinell","image":{"@type":"ImageObject","inLanguage":"es","@id":"https:\/\/politicasocial.vinaros.es\/es\/#\/schema\/person\/image\/","url":"https:\/\/secure.gravatar.com\/avatar\/3716f530378a992b4951fb4809843919506e982d2df14dcde67785574c23e79b?s=96&d=mm&r=g","contentUrl":"https:\/\/secure.gravatar.com\/avatar\/3716f530378a992b4951fb4809843919506e982d2df14dcde67785574c23e79b?s=96&d=mm&r=g","caption":"Ra\u00fal Torner Martinell"},"url":"https:\/\/politicasocial.vinaros.es\/es"}]}},"_links":{"self":[{"href":"https:\/\/politicasocial.vinaros.es\/es\/wp-json\/wp\/v2\/posts\/1441","targetHints":{"allow":["GET"]}}],"collection":[{"href":"https:\/\/politicasocial.vinaros.es\/es\/wp-json\/wp\/v2\/posts"}],"about":[{"href":"https:\/\/politicasocial.vinaros.es\/es\/wp-json\/wp\/v2\/types\/post"}],"author":[{"embeddable":true,"href":"https:\/\/politicasocial.vinaros.es\/es\/wp-json\/wp\/v2\/users\/1"}],"replies":[{"embeddable":true,"href":"https:\/\/politicasocial.vinaros.es\/es\/wp-json\/wp\/v2\/comments?post=1441"}],"version-history":[{"count":1,"href":"https:\/\/politicasocial.vinaros.es\/es\/wp-json\/wp\/v2\/posts\/1441\/revisions"}],"predecessor-version":[{"id":1442,"href":"https:\/\/politicasocial.vinaros.es\/es\/wp-json\/wp\/v2\/posts\/1441\/revisions\/1442"}],"wp:featuredmedia":[{"embeddable":true,"href":"https:\/\/politicasocial.vinaros.es\/es\/wp-json\/wp\/v2\/media\/1061"}],"wp:attachment":[{"href":"https:\/\/politicasocial.vinaros.es\/es\/wp-json\/wp\/v2\/media?parent=1441"}],"wp:term":[{"taxonomy":"category","embeddable":true,"href":"https:\/\/politicasocial.vinaros.es\/es\/wp-json\/wp\/v2\/categories?post=1441"},{"taxonomy":"post_tag","embeddable":true,"href":"https:\/\/politicasocial.vinaros.es\/es\/wp-json\/wp\/v2\/tags?post=1441"}],"curies":[{"name":"wp","href":"https:\/\/api.w.org\/{rel}","templated":true}]}}