{"id":1443,"date":"2019-02-11T11:17:00","date_gmt":"2019-02-11T10:17:00","guid":{"rendered":"https:\/\/politicasocial.vinaros.es\/la-hosteleria-de-vinaros-adquirira-el-distintivo-de-calidad-servicio-responsable\/"},"modified":"2023-01-04T13:04:52","modified_gmt":"2023-01-04T12:04:52","slug":"la-hosteleria-de-vinaros-adquirira-el-distintivo-de-calidad-servicio-responsable","status":"publish","type":"post","link":"https:\/\/politicasocial.vinaros.es\/es\/la-hosteleria-de-vinaros-adquirira-el-distintivo-de-calidad-servicio-responsable\/","title":{"rendered":"La hosteler\u00eda de Vinar\u00f2s adquirir\u00e1 el distintivo de calidad \u00abServicio Responsable\u00bb"},"content":{"rendered":"\n<p>El d\u00eda 5 de febrero tuvo lugar la primera reuni\u00f3n con los hosteleros de la localidad convocada desde el Ayuntamiento a trav\u00e9s de la UPCCA y d\u00f3nde se present\u00f3 el programa de prevenci\u00f3n \u00abServicio Responsable\u00bb encuadrado dentro del Plan Municipal de Drogodependencias de la localidad.<\/p>\n\n<p>El objetivo del programa es que los hosteleros generen entornos recreativos y de ocio m\u00e1s seguros, saludables, responsables y de calidad. Para ello se ofrecer\u00e1 de manera gratuita formaci\u00f3n a los empresarios hosteleros y a sus trabajadores, para que puedan actuar como agentes promotores de salud mejorando la calidad del servicio que ofrecen a sus clientes as\u00ed como dotarlos de habilidades para superar situaciones de riesgo que puedan surgir en sus establecimientos. <\/p>\n\n<p>Esta formaci\u00f3n la realizar\u00e1 la Asociaci\u00f3n Controla Club los pr\u00f3ximos <strong>5 y 12 de marzo de 17,30 a 19,30 en el edificio Vinalab.<\/strong>A todas aquellas personas del \u00e1mbito de la hosteler\u00eda que participen en el curso se les har\u00e1 entrega de un certificado oficial por la formaci\u00f3n en el programa Servicio Responsable, adem\u00e1s de un distintivo de calidad a los establecimientos participantes, formando parte de una red de Establecimientos Colaboradores con dicho Programa.<\/p>\n\n<p>A los empresatrios hosteleros que no acudieron a la reuni\u00f3n y est\u00e9n interesados en pertenecer a \u00e9sta red de establecimientos ,pueden informarse sobre el programa en el tel\u00e9fono 964450075 (UPCCA) y apuntarse a los cursos formativos que se realizar\u00e1n en marzo.<\/p>\n","protected":false},"excerpt":{"rendered":"<p>El d\u00eda 5 de febrero tuvo lugar la primera reuni\u00f3n con los hosteleros de la localidad convocada desde el Ayuntamiento a trav\u00e9s de la UPCCA y d\u00f3nde se present\u00f3 el programa de prevenci\u00f3n \u00abServicio Responsable\u00bb encuadrado dentro del Plan Municipal de Drogodependencias de la localidad. El objetivo del programa es que los hosteleros generen entornos [&hellip;]<\/p>\n","protected":false},"author":1,"featured_media":1065,"comment_status":"open","ping_status":"open","sticky":false,"template":"","format":"standard","meta":{"_acf_changed":false,"inline_featured_image":false,"footnotes":""},"categories":[11],"tags":[],"class_list":["post-1443","post","type-post","status-publish","format-standard","has-post-thumbnail","hentry","category-servicios-sociales"],"acf":[],"yoast_head":"<!-- This site is optimized with the Yoast SEO plugin v27.0 - https:\/\/yoast.com\/product\/yoast-seo-wordpress\/ -->\n<title>La hosteler\u00eda de Vinar\u00f2s adquirir\u00e1 el distintivo de calidad &quot;Servicio Responsable&quot; - Pol\u00edtica Social - Ajuntament de Vinar\u00f2s<\/title>\n<meta name=\"robots\" content=\"index, follow, max-snippet:-1, max-image-preview:large, max-video-preview:-1\" \/>\n<link rel=\"canonical\" href=\"https:\/\/politicasocial.vinaros.es\/es\/la-hosteleria-de-vinaros-adquirira-el-distintivo-de-calidad-servicio-responsable\/\" \/>\n<meta property=\"og:locale\" content=\"es_ES\" \/>\n<meta property=\"og:type\" content=\"article\" \/>\n<meta property=\"og:title\" content=\"La hosteler\u00eda de Vinar\u00f2s adquirir\u00e1 el distintivo de calidad &quot;Servicio Responsable&quot; - Pol\u00edtica Social - Ajuntament de Vinar\u00f2s\" \/>\n<meta property=\"og:description\" content=\"El d\u00eda 5 de febrero tuvo lugar la primera reuni\u00f3n con los hosteleros de la localidad convocada desde el Ayuntamiento a trav\u00e9s de la UPCCA y d\u00f3nde se present\u00f3 el programa de prevenci\u00f3n \u00abServicio Responsable\u00bb encuadrado dentro del Plan Municipal de Drogodependencias de la localidad. El objetivo del programa es que los hosteleros generen entornos [&hellip;]\" \/>\n<meta property=\"og:url\" content=\"https:\/\/politicasocial.vinaros.es\/es\/la-hosteleria-de-vinaros-adquirira-el-distintivo-de-calidad-servicio-responsable\/\" \/>\n<meta property=\"og:site_name\" content=\"Pol\u00edtica Social - Ajuntament de Vinar\u00f2s\" \/>\n<meta property=\"article:published_time\" content=\"2019-02-11T10:17:00+00:00\" \/>\n<meta property=\"article:modified_time\" content=\"2023-01-04T12:04:52+00:00\" \/>\n<meta property=\"og:image\" content=\"https:\/\/politicasocial.vinaros.es\/wp-content\/uploads\/2023\/01\/serveis-socials-vinaros-lhostaleria-de-vinaros-adquirira-el-distintiu-de-qualitat-servei-responsable.jpg\" \/>\n\t<meta property=\"og:image:width\" content=\"1600\" \/>\n\t<meta property=\"og:image:height\" content=\"900\" \/>\n\t<meta property=\"og:image:type\" content=\"image\/jpeg\" \/>\n<meta name=\"author\" content=\"Ra\u00fal Torner Martinell\" \/>\n<meta name=\"twitter:card\" content=\"summary_large_image\" \/>\n<meta name=\"twitter:label1\" content=\"Escrito por\" \/>\n\t<meta name=\"twitter:data1\" content=\"Ra\u00fal Torner Martinell\" \/>\n\t<meta name=\"twitter:label2\" content=\"Tiempo de lectura\" \/>\n\t<meta name=\"twitter:data2\" content=\"1 minuto\" \/>\n<script type=\"application\/ld+json\" class=\"yoast-schema-graph\">{\"@context\":\"https:\/\/schema.org\",\"@graph\":[{\"@type\":\"Article\",\"@id\":\"https:\/\/politicasocial.vinaros.es\/es\/la-hosteleria-de-vinaros-adquirira-el-distintivo-de-calidad-servicio-responsable\/#article\",\"isPartOf\":{\"@id\":\"https:\/\/politicasocial.vinaros.es\/es\/la-hosteleria-de-vinaros-adquirira-el-distintivo-de-calidad-servicio-responsable\/\"},\"author\":{\"name\":\"Ra\u00fal Torner Martinell\",\"@id\":\"https:\/\/politicasocial.vinaros.es\/es\/#\/schema\/person\/25b8c0c60cdeca0d29acc31758a695da\"},\"headline\":\"La hosteler\u00eda de Vinar\u00f2s adquirir\u00e1 el distintivo de calidad \u00abServicio Responsable\u00bb\",\"datePublished\":\"2019-02-11T10:17:00+00:00\",\"dateModified\":\"2023-01-04T12:04:52+00:00\",\"mainEntityOfPage\":{\"@id\":\"https:\/\/politicasocial.vinaros.es\/es\/la-hosteleria-de-vinaros-adquirira-el-distintivo-de-calidad-servicio-responsable\/\"},\"wordCount\":256,\"commentCount\":0,\"image\":{\"@id\":\"https:\/\/politicasocial.vinaros.es\/es\/la-hosteleria-de-vinaros-adquirira-el-distintivo-de-calidad-servicio-responsable\/#primaryimage\"},\"thumbnailUrl\":\"https:\/\/politicasocial.vinaros.es\/wp-content\/uploads\/2023\/01\/serveis-socials-vinaros-lhostaleria-de-vinaros-adquirira-el-distintiu-de-qualitat-servei-responsable.jpg\",\"articleSection\":[\"Servicios Sociales\"],\"inLanguage\":\"es\",\"potentialAction\":[{\"@type\":\"CommentAction\",\"name\":\"Comment\",\"target\":[\"https:\/\/politicasocial.vinaros.es\/es\/la-hosteleria-de-vinaros-adquirira-el-distintivo-de-calidad-servicio-responsable\/#respond\"]}]},{\"@type\":\"WebPage\",\"@id\":\"https:\/\/politicasocial.vinaros.es\/es\/la-hosteleria-de-vinaros-adquirira-el-distintivo-de-calidad-servicio-responsable\/\",\"url\":\"https:\/\/politicasocial.vinaros.es\/es\/la-hosteleria-de-vinaros-adquirira-el-distintivo-de-calidad-servicio-responsable\/\",\"name\":\"La hosteler\u00eda de Vinar\u00f2s adquirir\u00e1 el distintivo de calidad \\\"Servicio Responsable\\\" - Pol\u00edtica Social - Ajuntament de Vinar\u00f2s\",\"isPartOf\":{\"@id\":\"https:\/\/politicasocial.vinaros.es\/es\/#website\"},\"primaryImageOfPage\":{\"@id\":\"https:\/\/politicasocial.vinaros.es\/es\/la-hosteleria-de-vinaros-adquirira-el-distintivo-de-calidad-servicio-responsable\/#primaryimage\"},\"image\":{\"@id\":\"https:\/\/politicasocial.vinaros.es\/es\/la-hosteleria-de-vinaros-adquirira-el-distintivo-de-calidad-servicio-responsable\/#primaryimage\"},\"thumbnailUrl\":\"https:\/\/politicasocial.vinaros.es\/wp-content\/uploads\/2023\/01\/serveis-socials-vinaros-lhostaleria-de-vinaros-adquirira-el-distintiu-de-qualitat-servei-responsable.jpg\",\"datePublished\":\"2019-02-11T10:17:00+00:00\",\"dateModified\":\"2023-01-04T12:04:52+00:00\",\"author\":{\"@id\":\"https:\/\/politicasocial.vinaros.es\/es\/#\/schema\/person\/25b8c0c60cdeca0d29acc31758a695da\"},\"breadcrumb\":{\"@id\":\"https:\/\/politicasocial.vinaros.es\/es\/la-hosteleria-de-vinaros-adquirira-el-distintivo-de-calidad-servicio-responsable\/#breadcrumb\"},\"inLanguage\":\"es\",\"potentialAction\":[{\"@type\":\"ReadAction\",\"target\":[\"https:\/\/politicasocial.vinaros.es\/es\/la-hosteleria-de-vinaros-adquirira-el-distintivo-de-calidad-servicio-responsable\/\"]}]},{\"@type\":\"ImageObject\",\"inLanguage\":\"es\",\"@id\":\"https:\/\/politicasocial.vinaros.es\/es\/la-hosteleria-de-vinaros-adquirira-el-distintivo-de-calidad-servicio-responsable\/#primaryimage\",\"url\":\"https:\/\/politicasocial.vinaros.es\/wp-content\/uploads\/2023\/01\/serveis-socials-vinaros-lhostaleria-de-vinaros-adquirira-el-distintiu-de-qualitat-servei-responsable.jpg\",\"contentUrl\":\"https:\/\/politicasocial.vinaros.es\/wp-content\/uploads\/2023\/01\/serveis-socials-vinaros-lhostaleria-de-vinaros-adquirira-el-distintiu-de-qualitat-servei-responsable.jpg\",\"width\":1600,\"height\":900},{\"@type\":\"BreadcrumbList\",\"@id\":\"https:\/\/politicasocial.vinaros.es\/es\/la-hosteleria-de-vinaros-adquirira-el-distintivo-de-calidad-servicio-responsable\/#breadcrumb\",\"itemListElement\":[{\"@type\":\"ListItem\",\"position\":1,\"name\":\"Inicio\",\"item\":\"https:\/\/politicasocial.vinaros.es\/es\/\"},{\"@type\":\"ListItem\",\"position\":2,\"name\":\"Servicios Sociales\",\"item\":\"https:\/\/politicasocial.vinaros.es\/es\/categoria\/servicios-sociales\/\"},{\"@type\":\"ListItem\",\"position\":3,\"name\":\"La hosteler\u00eda de Vinar\u00f2s adquirir\u00e1 el distintivo de calidad &#8220;Servicio Responsable&#8221;\"}]},{\"@type\":\"WebSite\",\"@id\":\"https:\/\/politicasocial.vinaros.es\/es\/#website\",\"url\":\"https:\/\/politicasocial.vinaros.es\/es\/\",\"name\":\"Pol\u00edtica Social - Ajuntament de Vinar\u00f2s\",\"description\":\"Regidoria de Pol\u00edtica Social\",\"potentialAction\":[{\"@type\":\"SearchAction\",\"target\":{\"@type\":\"EntryPoint\",\"urlTemplate\":\"https:\/\/politicasocial.vinaros.es\/es\/?s={search_term_string}\"},\"query-input\":{\"@type\":\"PropertyValueSpecification\",\"valueRequired\":true,\"valueName\":\"search_term_string\"}}],\"inLanguage\":\"es\"},{\"@type\":\"Person\",\"@id\":\"https:\/\/politicasocial.vinaros.es\/es\/#\/schema\/person\/25b8c0c60cdeca0d29acc31758a695da\",\"name\":\"Ra\u00fal Torner Martinell\",\"image\":{\"@type\":\"ImageObject\",\"inLanguage\":\"es\",\"@id\":\"https:\/\/politicasocial.vinaros.es\/es\/#\/schema\/person\/image\/\",\"url\":\"https:\/\/secure.gravatar.com\/avatar\/3716f530378a992b4951fb4809843919506e982d2df14dcde67785574c23e79b?s=96&d=mm&r=g\",\"contentUrl\":\"https:\/\/secure.gravatar.com\/avatar\/3716f530378a992b4951fb4809843919506e982d2df14dcde67785574c23e79b?s=96&d=mm&r=g\",\"caption\":\"Ra\u00fal Torner Martinell\"},\"url\":\"https:\/\/politicasocial.vinaros.es\/es\"}]}<\/script>\n<!-- \/ Yoast SEO plugin. -->","yoast_head_json":{"title":"La hosteler\u00eda de Vinar\u00f2s adquirir\u00e1 el distintivo de calidad \"Servicio Responsable\" - Pol\u00edtica Social - Ajuntament de Vinar\u00f2s","robots":{"index":"index","follow":"follow","max-snippet":"max-snippet:-1","max-image-preview":"max-image-preview:large","max-video-preview":"max-video-preview:-1"},"canonical":"https:\/\/politicasocial.vinaros.es\/es\/la-hosteleria-de-vinaros-adquirira-el-distintivo-de-calidad-servicio-responsable\/","og_locale":"es_ES","og_type":"article","og_title":"La hosteler\u00eda de Vinar\u00f2s adquirir\u00e1 el distintivo de calidad \"Servicio Responsable\" - Pol\u00edtica Social - Ajuntament de Vinar\u00f2s","og_description":"El d\u00eda 5 de febrero tuvo lugar la primera reuni\u00f3n con los hosteleros de la localidad convocada desde el Ayuntamiento a trav\u00e9s de la UPCCA y d\u00f3nde se present\u00f3 el programa de prevenci\u00f3n \u00abServicio Responsable\u00bb encuadrado dentro del Plan Municipal de Drogodependencias de la localidad. El objetivo del programa es que los hosteleros generen entornos [&hellip;]","og_url":"https:\/\/politicasocial.vinaros.es\/es\/la-hosteleria-de-vinaros-adquirira-el-distintivo-de-calidad-servicio-responsable\/","og_site_name":"Pol\u00edtica Social - Ajuntament de Vinar\u00f2s","article_published_time":"2019-02-11T10:17:00+00:00","article_modified_time":"2023-01-04T12:04:52+00:00","og_image":[{"width":1600,"height":900,"url":"https:\/\/politicasocial.vinaros.es\/wp-content\/uploads\/2023\/01\/serveis-socials-vinaros-lhostaleria-de-vinaros-adquirira-el-distintiu-de-qualitat-servei-responsable.jpg","type":"image\/jpeg"}],"author":"Ra\u00fal Torner Martinell","twitter_card":"summary_large_image","twitter_misc":{"Escrito por":"Ra\u00fal Torner Martinell","Tiempo de lectura":"1 minuto"},"schema":{"@context":"https:\/\/schema.org","@graph":[{"@type":"Article","@id":"https:\/\/politicasocial.vinaros.es\/es\/la-hosteleria-de-vinaros-adquirira-el-distintivo-de-calidad-servicio-responsable\/#article","isPartOf":{"@id":"https:\/\/politicasocial.vinaros.es\/es\/la-hosteleria-de-vinaros-adquirira-el-distintivo-de-calidad-servicio-responsable\/"},"author":{"name":"Ra\u00fal Torner Martinell","@id":"https:\/\/politicasocial.vinaros.es\/es\/#\/schema\/person\/25b8c0c60cdeca0d29acc31758a695da"},"headline":"La hosteler\u00eda de Vinar\u00f2s adquirir\u00e1 el distintivo de calidad \u00abServicio Responsable\u00bb","datePublished":"2019-02-11T10:17:00+00:00","dateModified":"2023-01-04T12:04:52+00:00","mainEntityOfPage":{"@id":"https:\/\/politicasocial.vinaros.es\/es\/la-hosteleria-de-vinaros-adquirira-el-distintivo-de-calidad-servicio-responsable\/"},"wordCount":256,"commentCount":0,"image":{"@id":"https:\/\/politicasocial.vinaros.es\/es\/la-hosteleria-de-vinaros-adquirira-el-distintivo-de-calidad-servicio-responsable\/#primaryimage"},"thumbnailUrl":"https:\/\/politicasocial.vinaros.es\/wp-content\/uploads\/2023\/01\/serveis-socials-vinaros-lhostaleria-de-vinaros-adquirira-el-distintiu-de-qualitat-servei-responsable.jpg","articleSection":["Servicios Sociales"],"inLanguage":"es","potentialAction":[{"@type":"CommentAction","name":"Comment","target":["https:\/\/politicasocial.vinaros.es\/es\/la-hosteleria-de-vinaros-adquirira-el-distintivo-de-calidad-servicio-responsable\/#respond"]}]},{"@type":"WebPage","@id":"https:\/\/politicasocial.vinaros.es\/es\/la-hosteleria-de-vinaros-adquirira-el-distintivo-de-calidad-servicio-responsable\/","url":"https:\/\/politicasocial.vinaros.es\/es\/la-hosteleria-de-vinaros-adquirira-el-distintivo-de-calidad-servicio-responsable\/","name":"La hosteler\u00eda de Vinar\u00f2s adquirir\u00e1 el distintivo de calidad \"Servicio Responsable\" - Pol\u00edtica Social - Ajuntament de Vinar\u00f2s","isPartOf":{"@id":"https:\/\/politicasocial.vinaros.es\/es\/#website"},"primaryImageOfPage":{"@id":"https:\/\/politicasocial.vinaros.es\/es\/la-hosteleria-de-vinaros-adquirira-el-distintivo-de-calidad-servicio-responsable\/#primaryimage"},"image":{"@id":"https:\/\/politicasocial.vinaros.es\/es\/la-hosteleria-de-vinaros-adquirira-el-distintivo-de-calidad-servicio-responsable\/#primaryimage"},"thumbnailUrl":"https:\/\/politicasocial.vinaros.es\/wp-content\/uploads\/2023\/01\/serveis-socials-vinaros-lhostaleria-de-vinaros-adquirira-el-distintiu-de-qualitat-servei-responsable.jpg","datePublished":"2019-02-11T10:17:00+00:00","dateModified":"2023-01-04T12:04:52+00:00","author":{"@id":"https:\/\/politicasocial.vinaros.es\/es\/#\/schema\/person\/25b8c0c60cdeca0d29acc31758a695da"},"breadcrumb":{"@id":"https:\/\/politicasocial.vinaros.es\/es\/la-hosteleria-de-vinaros-adquirira-el-distintivo-de-calidad-servicio-responsable\/#breadcrumb"},"inLanguage":"es","potentialAction":[{"@type":"ReadAction","target":["https:\/\/politicasocial.vinaros.es\/es\/la-hosteleria-de-vinaros-adquirira-el-distintivo-de-calidad-servicio-responsable\/"]}]},{"@type":"ImageObject","inLanguage":"es","@id":"https:\/\/politicasocial.vinaros.es\/es\/la-hosteleria-de-vinaros-adquirira-el-distintivo-de-calidad-servicio-responsable\/#primaryimage","url":"https:\/\/politicasocial.vinaros.es\/wp-content\/uploads\/2023\/01\/serveis-socials-vinaros-lhostaleria-de-vinaros-adquirira-el-distintiu-de-qualitat-servei-responsable.jpg","contentUrl":"https:\/\/politicasocial.vinaros.es\/wp-content\/uploads\/2023\/01\/serveis-socials-vinaros-lhostaleria-de-vinaros-adquirira-el-distintiu-de-qualitat-servei-responsable.jpg","width":1600,"height":900},{"@type":"BreadcrumbList","@id":"https:\/\/politicasocial.vinaros.es\/es\/la-hosteleria-de-vinaros-adquirira-el-distintivo-de-calidad-servicio-responsable\/#breadcrumb","itemListElement":[{"@type":"ListItem","position":1,"name":"Inicio","item":"https:\/\/politicasocial.vinaros.es\/es\/"},{"@type":"ListItem","position":2,"name":"Servicios Sociales","item":"https:\/\/politicasocial.vinaros.es\/es\/categoria\/servicios-sociales\/"},{"@type":"ListItem","position":3,"name":"La hosteler\u00eda de Vinar\u00f2s adquirir\u00e1 el distintivo de calidad &#8220;Servicio Responsable&#8221;"}]},{"@type":"WebSite","@id":"https:\/\/politicasocial.vinaros.es\/es\/#website","url":"https:\/\/politicasocial.vinaros.es\/es\/","name":"Pol\u00edtica Social - Ajuntament de Vinar\u00f2s","description":"Regidoria de Pol\u00edtica Social","potentialAction":[{"@type":"SearchAction","target":{"@type":"EntryPoint","urlTemplate":"https:\/\/politicasocial.vinaros.es\/es\/?s={search_term_string}"},"query-input":{"@type":"PropertyValueSpecification","valueRequired":true,"valueName":"search_term_string"}}],"inLanguage":"es"},{"@type":"Person","@id":"https:\/\/politicasocial.vinaros.es\/es\/#\/schema\/person\/25b8c0c60cdeca0d29acc31758a695da","name":"Ra\u00fal Torner Martinell","image":{"@type":"ImageObject","inLanguage":"es","@id":"https:\/\/politicasocial.vinaros.es\/es\/#\/schema\/person\/image\/","url":"https:\/\/secure.gravatar.com\/avatar\/3716f530378a992b4951fb4809843919506e982d2df14dcde67785574c23e79b?s=96&d=mm&r=g","contentUrl":"https:\/\/secure.gravatar.com\/avatar\/3716f530378a992b4951fb4809843919506e982d2df14dcde67785574c23e79b?s=96&d=mm&r=g","caption":"Ra\u00fal Torner Martinell"},"url":"https:\/\/politicasocial.vinaros.es\/es"}]}},"_links":{"self":[{"href":"https:\/\/politicasocial.vinaros.es\/es\/wp-json\/wp\/v2\/posts\/1443","targetHints":{"allow":["GET"]}}],"collection":[{"href":"https:\/\/politicasocial.vinaros.es\/es\/wp-json\/wp\/v2\/posts"}],"about":[{"href":"https:\/\/politicasocial.vinaros.es\/es\/wp-json\/wp\/v2\/types\/post"}],"author":[{"embeddable":true,"href":"https:\/\/politicasocial.vinaros.es\/es\/wp-json\/wp\/v2\/users\/1"}],"replies":[{"embeddable":true,"href":"https:\/\/politicasocial.vinaros.es\/es\/wp-json\/wp\/v2\/comments?post=1443"}],"version-history":[{"count":1,"href":"https:\/\/politicasocial.vinaros.es\/es\/wp-json\/wp\/v2\/posts\/1443\/revisions"}],"predecessor-version":[{"id":1444,"href":"https:\/\/politicasocial.vinaros.es\/es\/wp-json\/wp\/v2\/posts\/1443\/revisions\/1444"}],"wp:featuredmedia":[{"embeddable":true,"href":"https:\/\/politicasocial.vinaros.es\/es\/wp-json\/wp\/v2\/media\/1065"}],"wp:attachment":[{"href":"https:\/\/politicasocial.vinaros.es\/es\/wp-json\/wp\/v2\/media?parent=1443"}],"wp:term":[{"taxonomy":"category","embeddable":true,"href":"https:\/\/politicasocial.vinaros.es\/es\/wp-json\/wp\/v2\/categories?post=1443"},{"taxonomy":"post_tag","embeddable":true,"href":"https:\/\/politicasocial.vinaros.es\/es\/wp-json\/wp\/v2\/tags?post=1443"}],"curies":[{"name":"wp","href":"https:\/\/api.w.org\/{rel}","templated":true}]}}