{"id":1480,"date":"2018-10-04T12:45:00","date_gmt":"2018-10-04T10:45:00","guid":{"rendered":"https:\/\/politicasocial.vinaros.es\/el-nino-que-salio-de-un-agujero-negrocreatividad-y-teatro-contra-el-estigma-de-la-salud-mental\/"},"modified":"2023-01-04T13:31:36","modified_gmt":"2023-01-04T12:31:36","slug":"el-nino-que-salio-de-un-agujero-negrocreatividad-y-teatro-contra-el-estigma-de-la-salud-mental","status":"publish","type":"post","link":"https:\/\/politicasocial.vinaros.es\/es\/el-nino-que-salio-de-un-agujero-negrocreatividad-y-teatro-contra-el-estigma-de-la-salud-mental\/","title":{"rendered":"\u201cEl ni\u00f1o que sali\u00f3 de un agujero negro\u201d,creatividad y teatro contra el estigma de la Salud Mental."},"content":{"rendered":"\n<p>El jueves 20 de septiembre se present\u00f3 a todas las escuelas de Vinar\u00f2s el proyecto \u201cEl ni\u00f1o que sali\u00f3 de un agujero negro\u201d.La presentaci\u00f3n se realiz\u00f3 en el Sal\u00f3n de Plenos del Ayuntamiento, donde se convoc\u00f3 a todos los centros educativos para informarles y que conocieran el proyecto. <\/p>\n\n<p>\u201cEl ni\u00f1o que sali\u00f3 del agujero negro\u201d se materializar\u00e1 con talleres y tres representaciones teatrales en el Auditorio Ayguals de Yzco de Vinar\u00f2s.. El d\u00eda 10 de octubre, D\u00eda Mundial de la Salud Mental, se realizar\u00e1n talleres en las escuelas con el alumnado de 3\u00ba de primaria y al d\u00edas siguiente acudir\u00e1n al Auditorio como espectadores para ver la representaci\u00f3n teatral. La tercera funci\u00f3n ser\u00e1 el d\u00eda 12 y estar\u00e1 abierta a todo el p\u00fablico de forma gratuita hasta completar el aforo.  <\/p>\n\n<p>Con \u201cEl ni\u00f1o que sali\u00f3 del agujero negro\u201d se quiere concienciar sobre el estigma que padecen las personas con problemas de Salud Mental. Desde los Servicios sociales se abre esta experiencia para comenzar con los m\u00e1s peque\u00f1os la prevenci\u00f3n de las actitudes estigmatizadoras con las personas que se consideran diferentes, Esperamos que tenga \u00e9xito para poder continuar otros a\u00f1os.  <\/p>\n","protected":false},"excerpt":{"rendered":"<p>El jueves 20 de septiembre se present\u00f3 a todas las escuelas de Vinar\u00f2s el proyecto \u201cEl ni\u00f1o que sali\u00f3 de un agujero negro\u201d.La presentaci\u00f3n se realiz\u00f3 en el Sal\u00f3n de Plenos del Ayuntamiento, donde se convoc\u00f3 a todos los centros educativos para informarles y que conocieran el proyecto. \u201cEl ni\u00f1o que sali\u00f3 del agujero negro\u201d [&hellip;]<\/p>\n","protected":false},"author":1,"featured_media":1139,"comment_status":"open","ping_status":"open","sticky":false,"template":"","format":"standard","meta":{"_acf_changed":false,"inline_featured_image":false,"footnotes":""},"categories":[11],"tags":[],"class_list":["post-1480","post","type-post","status-publish","format-standard","has-post-thumbnail","hentry","category-servicios-sociales"],"acf":[],"yoast_head":"<!-- This site is optimized with the Yoast SEO plugin v27.0 - https:\/\/yoast.com\/product\/yoast-seo-wordpress\/ -->\n<title>\u201cEl ni\u00f1o que sali\u00f3 de un agujero negro\u201d,creatividad y teatro contra el estigma de la Salud Mental. - Pol\u00edtica Social - Ajuntament de Vinar\u00f2s<\/title>\n<meta name=\"robots\" content=\"index, follow, max-snippet:-1, max-image-preview:large, max-video-preview:-1\" \/>\n<link rel=\"canonical\" href=\"https:\/\/politicasocial.vinaros.es\/es\/el-nino-que-salio-de-un-agujero-negrocreatividad-y-teatro-contra-el-estigma-de-la-salud-mental\/\" \/>\n<meta property=\"og:locale\" content=\"es_ES\" \/>\n<meta property=\"og:type\" content=\"article\" \/>\n<meta property=\"og:title\" content=\"\u201cEl ni\u00f1o que sali\u00f3 de un agujero negro\u201d,creatividad y teatro contra el estigma de la Salud Mental. - Pol\u00edtica Social - Ajuntament de Vinar\u00f2s\" \/>\n<meta property=\"og:description\" content=\"El jueves 20 de septiembre se present\u00f3 a todas las escuelas de Vinar\u00f2s el proyecto \u201cEl ni\u00f1o que sali\u00f3 de un agujero negro\u201d.La presentaci\u00f3n se realiz\u00f3 en el Sal\u00f3n de Plenos del Ayuntamiento, donde se convoc\u00f3 a todos los centros educativos para informarles y que conocieran el proyecto. \u201cEl ni\u00f1o que sali\u00f3 del agujero negro\u201d [&hellip;]\" \/>\n<meta property=\"og:url\" content=\"https:\/\/politicasocial.vinaros.es\/es\/el-nino-que-salio-de-un-agujero-negrocreatividad-y-teatro-contra-el-estigma-de-la-salud-mental\/\" \/>\n<meta property=\"og:site_name\" content=\"Pol\u00edtica Social - Ajuntament de Vinar\u00f2s\" \/>\n<meta property=\"article:published_time\" content=\"2018-10-04T10:45:00+00:00\" \/>\n<meta property=\"article:modified_time\" content=\"2023-01-04T12:31:36+00:00\" \/>\n<meta property=\"og:image\" content=\"https:\/\/politicasocial.vinaros.es\/wp-content\/uploads\/2023\/01\/serveis-socials-vinaros-el-nino-que-salio-de-un-agujero-negro-creativitat-i-teatre-contra-lestigma-de-la-salut-mental.png\" \/>\n\t<meta property=\"og:image:width\" content=\"480\" \/>\n\t<meta property=\"og:image:height\" content=\"320\" \/>\n\t<meta property=\"og:image:type\" content=\"image\/png\" \/>\n<meta name=\"author\" content=\"Ra\u00fal Torner Martinell\" \/>\n<meta name=\"twitter:card\" content=\"summary_large_image\" \/>\n<meta name=\"twitter:label1\" content=\"Escrito por\" \/>\n\t<meta name=\"twitter:data1\" content=\"Ra\u00fal Torner Martinell\" \/>\n\t<meta name=\"twitter:label2\" content=\"Tiempo de lectura\" \/>\n\t<meta name=\"twitter:data2\" content=\"1 minuto\" \/>\n<script type=\"application\/ld+json\" class=\"yoast-schema-graph\">{\"@context\":\"https:\/\/schema.org\",\"@graph\":[{\"@type\":\"Article\",\"@id\":\"https:\/\/politicasocial.vinaros.es\/es\/el-nino-que-salio-de-un-agujero-negrocreatividad-y-teatro-contra-el-estigma-de-la-salud-mental\/#article\",\"isPartOf\":{\"@id\":\"https:\/\/politicasocial.vinaros.es\/es\/el-nino-que-salio-de-un-agujero-negrocreatividad-y-teatro-contra-el-estigma-de-la-salud-mental\/\"},\"author\":{\"name\":\"Ra\u00fal Torner Martinell\",\"@id\":\"https:\/\/politicasocial.vinaros.es\/es\/#\/schema\/person\/25b8c0c60cdeca0d29acc31758a695da\"},\"headline\":\"\u201cEl ni\u00f1o que sali\u00f3 de un agujero negro\u201d,creatividad y teatro contra el estigma de la Salud Mental.\",\"datePublished\":\"2018-10-04T10:45:00+00:00\",\"dateModified\":\"2023-01-04T12:31:36+00:00\",\"mainEntityOfPage\":{\"@id\":\"https:\/\/politicasocial.vinaros.es\/es\/el-nino-que-salio-de-un-agujero-negrocreatividad-y-teatro-contra-el-estigma-de-la-salud-mental\/\"},\"wordCount\":225,\"commentCount\":0,\"image\":{\"@id\":\"https:\/\/politicasocial.vinaros.es\/es\/el-nino-que-salio-de-un-agujero-negrocreatividad-y-teatro-contra-el-estigma-de-la-salud-mental\/#primaryimage\"},\"thumbnailUrl\":\"https:\/\/politicasocial.vinaros.es\/wp-content\/uploads\/2023\/01\/serveis-socials-vinaros-el-nino-que-salio-de-un-agujero-negro-creativitat-i-teatre-contra-lestigma-de-la-salut-mental.png\",\"articleSection\":[\"Servicios Sociales\"],\"inLanguage\":\"es\",\"potentialAction\":[{\"@type\":\"CommentAction\",\"name\":\"Comment\",\"target\":[\"https:\/\/politicasocial.vinaros.es\/es\/el-nino-que-salio-de-un-agujero-negrocreatividad-y-teatro-contra-el-estigma-de-la-salud-mental\/#respond\"]}]},{\"@type\":\"WebPage\",\"@id\":\"https:\/\/politicasocial.vinaros.es\/es\/el-nino-que-salio-de-un-agujero-negrocreatividad-y-teatro-contra-el-estigma-de-la-salud-mental\/\",\"url\":\"https:\/\/politicasocial.vinaros.es\/es\/el-nino-que-salio-de-un-agujero-negrocreatividad-y-teatro-contra-el-estigma-de-la-salud-mental\/\",\"name\":\"\u201cEl ni\u00f1o que sali\u00f3 de un agujero negro\u201d,creatividad y teatro contra el estigma de la Salud Mental. - Pol\u00edtica Social - Ajuntament de Vinar\u00f2s\",\"isPartOf\":{\"@id\":\"https:\/\/politicasocial.vinaros.es\/es\/#website\"},\"primaryImageOfPage\":{\"@id\":\"https:\/\/politicasocial.vinaros.es\/es\/el-nino-que-salio-de-un-agujero-negrocreatividad-y-teatro-contra-el-estigma-de-la-salud-mental\/#primaryimage\"},\"image\":{\"@id\":\"https:\/\/politicasocial.vinaros.es\/es\/el-nino-que-salio-de-un-agujero-negrocreatividad-y-teatro-contra-el-estigma-de-la-salud-mental\/#primaryimage\"},\"thumbnailUrl\":\"https:\/\/politicasocial.vinaros.es\/wp-content\/uploads\/2023\/01\/serveis-socials-vinaros-el-nino-que-salio-de-un-agujero-negro-creativitat-i-teatre-contra-lestigma-de-la-salut-mental.png\",\"datePublished\":\"2018-10-04T10:45:00+00:00\",\"dateModified\":\"2023-01-04T12:31:36+00:00\",\"author\":{\"@id\":\"https:\/\/politicasocial.vinaros.es\/es\/#\/schema\/person\/25b8c0c60cdeca0d29acc31758a695da\"},\"breadcrumb\":{\"@id\":\"https:\/\/politicasocial.vinaros.es\/es\/el-nino-que-salio-de-un-agujero-negrocreatividad-y-teatro-contra-el-estigma-de-la-salud-mental\/#breadcrumb\"},\"inLanguage\":\"es\",\"potentialAction\":[{\"@type\":\"ReadAction\",\"target\":[\"https:\/\/politicasocial.vinaros.es\/es\/el-nino-que-salio-de-un-agujero-negrocreatividad-y-teatro-contra-el-estigma-de-la-salud-mental\/\"]}]},{\"@type\":\"ImageObject\",\"inLanguage\":\"es\",\"@id\":\"https:\/\/politicasocial.vinaros.es\/es\/el-nino-que-salio-de-un-agujero-negrocreatividad-y-teatro-contra-el-estigma-de-la-salud-mental\/#primaryimage\",\"url\":\"https:\/\/politicasocial.vinaros.es\/wp-content\/uploads\/2023\/01\/serveis-socials-vinaros-el-nino-que-salio-de-un-agujero-negro-creativitat-i-teatre-contra-lestigma-de-la-salut-mental.png\",\"contentUrl\":\"https:\/\/politicasocial.vinaros.es\/wp-content\/uploads\/2023\/01\/serveis-socials-vinaros-el-nino-que-salio-de-un-agujero-negro-creativitat-i-teatre-contra-lestigma-de-la-salut-mental.png\",\"width\":480,\"height\":320},{\"@type\":\"BreadcrumbList\",\"@id\":\"https:\/\/politicasocial.vinaros.es\/es\/el-nino-que-salio-de-un-agujero-negrocreatividad-y-teatro-contra-el-estigma-de-la-salud-mental\/#breadcrumb\",\"itemListElement\":[{\"@type\":\"ListItem\",\"position\":1,\"name\":\"Inicio\",\"item\":\"https:\/\/politicasocial.vinaros.es\/es\/\"},{\"@type\":\"ListItem\",\"position\":2,\"name\":\"Servicios Sociales\",\"item\":\"https:\/\/politicasocial.vinaros.es\/es\/categoria\/servicios-sociales\/\"},{\"@type\":\"ListItem\",\"position\":3,\"name\":\"\u201cEl ni\u00f1o que sali\u00f3 de un agujero negro\u201d,creatividad y teatro contra el estigma de la Salud Mental.\"}]},{\"@type\":\"WebSite\",\"@id\":\"https:\/\/politicasocial.vinaros.es\/es\/#website\",\"url\":\"https:\/\/politicasocial.vinaros.es\/es\/\",\"name\":\"Pol\u00edtica Social - Ajuntament de Vinar\u00f2s\",\"description\":\"Regidoria de Pol\u00edtica Social\",\"potentialAction\":[{\"@type\":\"SearchAction\",\"target\":{\"@type\":\"EntryPoint\",\"urlTemplate\":\"https:\/\/politicasocial.vinaros.es\/es\/?s={search_term_string}\"},\"query-input\":{\"@type\":\"PropertyValueSpecification\",\"valueRequired\":true,\"valueName\":\"search_term_string\"}}],\"inLanguage\":\"es\"},{\"@type\":\"Person\",\"@id\":\"https:\/\/politicasocial.vinaros.es\/es\/#\/schema\/person\/25b8c0c60cdeca0d29acc31758a695da\",\"name\":\"Ra\u00fal Torner Martinell\",\"image\":{\"@type\":\"ImageObject\",\"inLanguage\":\"es\",\"@id\":\"https:\/\/politicasocial.vinaros.es\/es\/#\/schema\/person\/image\/\",\"url\":\"https:\/\/secure.gravatar.com\/avatar\/3716f530378a992b4951fb4809843919506e982d2df14dcde67785574c23e79b?s=96&d=mm&r=g\",\"contentUrl\":\"https:\/\/secure.gravatar.com\/avatar\/3716f530378a992b4951fb4809843919506e982d2df14dcde67785574c23e79b?s=96&d=mm&r=g\",\"caption\":\"Ra\u00fal Torner Martinell\"},\"url\":\"https:\/\/politicasocial.vinaros.es\/es\"}]}<\/script>\n<!-- \/ Yoast SEO plugin. -->","yoast_head_json":{"title":"\u201cEl ni\u00f1o que sali\u00f3 de un agujero negro\u201d,creatividad y teatro contra el estigma de la Salud Mental. - Pol\u00edtica Social - Ajuntament de Vinar\u00f2s","robots":{"index":"index","follow":"follow","max-snippet":"max-snippet:-1","max-image-preview":"max-image-preview:large","max-video-preview":"max-video-preview:-1"},"canonical":"https:\/\/politicasocial.vinaros.es\/es\/el-nino-que-salio-de-un-agujero-negrocreatividad-y-teatro-contra-el-estigma-de-la-salud-mental\/","og_locale":"es_ES","og_type":"article","og_title":"\u201cEl ni\u00f1o que sali\u00f3 de un agujero negro\u201d,creatividad y teatro contra el estigma de la Salud Mental. - Pol\u00edtica Social - Ajuntament de Vinar\u00f2s","og_description":"El jueves 20 de septiembre se present\u00f3 a todas las escuelas de Vinar\u00f2s el proyecto \u201cEl ni\u00f1o que sali\u00f3 de un agujero negro\u201d.La presentaci\u00f3n se realiz\u00f3 en el Sal\u00f3n de Plenos del Ayuntamiento, donde se convoc\u00f3 a todos los centros educativos para informarles y que conocieran el proyecto. \u201cEl ni\u00f1o que sali\u00f3 del agujero negro\u201d [&hellip;]","og_url":"https:\/\/politicasocial.vinaros.es\/es\/el-nino-que-salio-de-un-agujero-negrocreatividad-y-teatro-contra-el-estigma-de-la-salud-mental\/","og_site_name":"Pol\u00edtica Social - Ajuntament de Vinar\u00f2s","article_published_time":"2018-10-04T10:45:00+00:00","article_modified_time":"2023-01-04T12:31:36+00:00","og_image":[{"width":480,"height":320,"url":"https:\/\/politicasocial.vinaros.es\/wp-content\/uploads\/2023\/01\/serveis-socials-vinaros-el-nino-que-salio-de-un-agujero-negro-creativitat-i-teatre-contra-lestigma-de-la-salut-mental.png","type":"image\/png"}],"author":"Ra\u00fal Torner Martinell","twitter_card":"summary_large_image","twitter_misc":{"Escrito por":"Ra\u00fal Torner Martinell","Tiempo de lectura":"1 minuto"},"schema":{"@context":"https:\/\/schema.org","@graph":[{"@type":"Article","@id":"https:\/\/politicasocial.vinaros.es\/es\/el-nino-que-salio-de-un-agujero-negrocreatividad-y-teatro-contra-el-estigma-de-la-salud-mental\/#article","isPartOf":{"@id":"https:\/\/politicasocial.vinaros.es\/es\/el-nino-que-salio-de-un-agujero-negrocreatividad-y-teatro-contra-el-estigma-de-la-salud-mental\/"},"author":{"name":"Ra\u00fal Torner Martinell","@id":"https:\/\/politicasocial.vinaros.es\/es\/#\/schema\/person\/25b8c0c60cdeca0d29acc31758a695da"},"headline":"\u201cEl ni\u00f1o que sali\u00f3 de un agujero negro\u201d,creatividad y teatro contra el estigma de la Salud Mental.","datePublished":"2018-10-04T10:45:00+00:00","dateModified":"2023-01-04T12:31:36+00:00","mainEntityOfPage":{"@id":"https:\/\/politicasocial.vinaros.es\/es\/el-nino-que-salio-de-un-agujero-negrocreatividad-y-teatro-contra-el-estigma-de-la-salud-mental\/"},"wordCount":225,"commentCount":0,"image":{"@id":"https:\/\/politicasocial.vinaros.es\/es\/el-nino-que-salio-de-un-agujero-negrocreatividad-y-teatro-contra-el-estigma-de-la-salud-mental\/#primaryimage"},"thumbnailUrl":"https:\/\/politicasocial.vinaros.es\/wp-content\/uploads\/2023\/01\/serveis-socials-vinaros-el-nino-que-salio-de-un-agujero-negro-creativitat-i-teatre-contra-lestigma-de-la-salut-mental.png","articleSection":["Servicios Sociales"],"inLanguage":"es","potentialAction":[{"@type":"CommentAction","name":"Comment","target":["https:\/\/politicasocial.vinaros.es\/es\/el-nino-que-salio-de-un-agujero-negrocreatividad-y-teatro-contra-el-estigma-de-la-salud-mental\/#respond"]}]},{"@type":"WebPage","@id":"https:\/\/politicasocial.vinaros.es\/es\/el-nino-que-salio-de-un-agujero-negrocreatividad-y-teatro-contra-el-estigma-de-la-salud-mental\/","url":"https:\/\/politicasocial.vinaros.es\/es\/el-nino-que-salio-de-un-agujero-negrocreatividad-y-teatro-contra-el-estigma-de-la-salud-mental\/","name":"\u201cEl ni\u00f1o que sali\u00f3 de un agujero negro\u201d,creatividad y teatro contra el estigma de la Salud Mental. - Pol\u00edtica Social - Ajuntament de Vinar\u00f2s","isPartOf":{"@id":"https:\/\/politicasocial.vinaros.es\/es\/#website"},"primaryImageOfPage":{"@id":"https:\/\/politicasocial.vinaros.es\/es\/el-nino-que-salio-de-un-agujero-negrocreatividad-y-teatro-contra-el-estigma-de-la-salud-mental\/#primaryimage"},"image":{"@id":"https:\/\/politicasocial.vinaros.es\/es\/el-nino-que-salio-de-un-agujero-negrocreatividad-y-teatro-contra-el-estigma-de-la-salud-mental\/#primaryimage"},"thumbnailUrl":"https:\/\/politicasocial.vinaros.es\/wp-content\/uploads\/2023\/01\/serveis-socials-vinaros-el-nino-que-salio-de-un-agujero-negro-creativitat-i-teatre-contra-lestigma-de-la-salut-mental.png","datePublished":"2018-10-04T10:45:00+00:00","dateModified":"2023-01-04T12:31:36+00:00","author":{"@id":"https:\/\/politicasocial.vinaros.es\/es\/#\/schema\/person\/25b8c0c60cdeca0d29acc31758a695da"},"breadcrumb":{"@id":"https:\/\/politicasocial.vinaros.es\/es\/el-nino-que-salio-de-un-agujero-negrocreatividad-y-teatro-contra-el-estigma-de-la-salud-mental\/#breadcrumb"},"inLanguage":"es","potentialAction":[{"@type":"ReadAction","target":["https:\/\/politicasocial.vinaros.es\/es\/el-nino-que-salio-de-un-agujero-negrocreatividad-y-teatro-contra-el-estigma-de-la-salud-mental\/"]}]},{"@type":"ImageObject","inLanguage":"es","@id":"https:\/\/politicasocial.vinaros.es\/es\/el-nino-que-salio-de-un-agujero-negrocreatividad-y-teatro-contra-el-estigma-de-la-salud-mental\/#primaryimage","url":"https:\/\/politicasocial.vinaros.es\/wp-content\/uploads\/2023\/01\/serveis-socials-vinaros-el-nino-que-salio-de-un-agujero-negro-creativitat-i-teatre-contra-lestigma-de-la-salut-mental.png","contentUrl":"https:\/\/politicasocial.vinaros.es\/wp-content\/uploads\/2023\/01\/serveis-socials-vinaros-el-nino-que-salio-de-un-agujero-negro-creativitat-i-teatre-contra-lestigma-de-la-salut-mental.png","width":480,"height":320},{"@type":"BreadcrumbList","@id":"https:\/\/politicasocial.vinaros.es\/es\/el-nino-que-salio-de-un-agujero-negrocreatividad-y-teatro-contra-el-estigma-de-la-salud-mental\/#breadcrumb","itemListElement":[{"@type":"ListItem","position":1,"name":"Inicio","item":"https:\/\/politicasocial.vinaros.es\/es\/"},{"@type":"ListItem","position":2,"name":"Servicios Sociales","item":"https:\/\/politicasocial.vinaros.es\/es\/categoria\/servicios-sociales\/"},{"@type":"ListItem","position":3,"name":"\u201cEl ni\u00f1o que sali\u00f3 de un agujero negro\u201d,creatividad y teatro contra el estigma de la Salud Mental."}]},{"@type":"WebSite","@id":"https:\/\/politicasocial.vinaros.es\/es\/#website","url":"https:\/\/politicasocial.vinaros.es\/es\/","name":"Pol\u00edtica Social - Ajuntament de Vinar\u00f2s","description":"Regidoria de Pol\u00edtica Social","potentialAction":[{"@type":"SearchAction","target":{"@type":"EntryPoint","urlTemplate":"https:\/\/politicasocial.vinaros.es\/es\/?s={search_term_string}"},"query-input":{"@type":"PropertyValueSpecification","valueRequired":true,"valueName":"search_term_string"}}],"inLanguage":"es"},{"@type":"Person","@id":"https:\/\/politicasocial.vinaros.es\/es\/#\/schema\/person\/25b8c0c60cdeca0d29acc31758a695da","name":"Ra\u00fal Torner Martinell","image":{"@type":"ImageObject","inLanguage":"es","@id":"https:\/\/politicasocial.vinaros.es\/es\/#\/schema\/person\/image\/","url":"https:\/\/secure.gravatar.com\/avatar\/3716f530378a992b4951fb4809843919506e982d2df14dcde67785574c23e79b?s=96&d=mm&r=g","contentUrl":"https:\/\/secure.gravatar.com\/avatar\/3716f530378a992b4951fb4809843919506e982d2df14dcde67785574c23e79b?s=96&d=mm&r=g","caption":"Ra\u00fal Torner Martinell"},"url":"https:\/\/politicasocial.vinaros.es\/es"}]}},"_links":{"self":[{"href":"https:\/\/politicasocial.vinaros.es\/es\/wp-json\/wp\/v2\/posts\/1480","targetHints":{"allow":["GET"]}}],"collection":[{"href":"https:\/\/politicasocial.vinaros.es\/es\/wp-json\/wp\/v2\/posts"}],"about":[{"href":"https:\/\/politicasocial.vinaros.es\/es\/wp-json\/wp\/v2\/types\/post"}],"author":[{"embeddable":true,"href":"https:\/\/politicasocial.vinaros.es\/es\/wp-json\/wp\/v2\/users\/1"}],"replies":[{"embeddable":true,"href":"https:\/\/politicasocial.vinaros.es\/es\/wp-json\/wp\/v2\/comments?post=1480"}],"version-history":[{"count":1,"href":"https:\/\/politicasocial.vinaros.es\/es\/wp-json\/wp\/v2\/posts\/1480\/revisions"}],"predecessor-version":[{"id":1481,"href":"https:\/\/politicasocial.vinaros.es\/es\/wp-json\/wp\/v2\/posts\/1480\/revisions\/1481"}],"wp:featuredmedia":[{"embeddable":true,"href":"https:\/\/politicasocial.vinaros.es\/es\/wp-json\/wp\/v2\/media\/1139"}],"wp:attachment":[{"href":"https:\/\/politicasocial.vinaros.es\/es\/wp-json\/wp\/v2\/media?parent=1480"}],"wp:term":[{"taxonomy":"category","embeddable":true,"href":"https:\/\/politicasocial.vinaros.es\/es\/wp-json\/wp\/v2\/categories?post=1480"},{"taxonomy":"post_tag","embeddable":true,"href":"https:\/\/politicasocial.vinaros.es\/es\/wp-json\/wp\/v2\/tags?post=1480"}],"curies":[{"name":"wp","href":"https:\/\/api.w.org\/{rel}","templated":true}]}}