{"id":1491,"date":"2018-08-30T11:49:00","date_gmt":"2018-08-30T09:49:00","guid":{"rendered":"https:\/\/politicasocial.vinaros.es\/la-uji-esta-haciendo-un-estudio-linea-de-base-lidebass-de-los-servicios-sociales-de-vinaros-entidades\/"},"modified":"2023-01-04T13:40:16","modified_gmt":"2023-01-04T12:40:16","slug":"la-uji-esta-haciendo-un-estudio-linea-de-base-lidebass-de-los-servicios-sociales-de-vinaros-entidades","status":"publish","type":"post","link":"https:\/\/politicasocial.vinaros.es\/es\/la-uji-esta-haciendo-un-estudio-linea-de-base-lidebass-de-los-servicios-sociales-de-vinaros-entidades\/","title":{"rendered":"La UJI esta haciendo un estudio l\u00ednea de base (LideBaSS) de los servicios sociales de Vinar\u00f2s. Entidades"},"content":{"rendered":"\n<p><strong>Q<\/strong><strong>\u00dcESTIONARIO ESTUDIO L\u00cdNEA DE BASE <\/strong>(LideBaSS)<strong> DE LOS SERVICIOS SOCIALES DE VINAR\u00d2S. ENTIDADES<\/strong><\/p>\n\n<p>El Ayuntamiento de Vinar\u00f2s pone en marcha una investigaci\u00f3n sobre la definici\u00f3n de la L\u00ednea de Base en el \u00e1rea de Servicios Sociales (LideBaSS) de Vinar\u00f2s, realizada por el Instituto Interuniversitario de Desarrollo Local (IIDL) de la Universitat Jaume I, y financiada por la Conseller\u00eda de Igualdad y Pol\u00edticas Inclusivas y el ayuntamiento Vinar\u00f2s, en el marco del Laboratorio especializado en Servicios Sociales. <\/p>\n\n<p>La investigaci\u00f3n analiza la l\u00ednea de base de la estructura y funcionamiento del \u00e1rea de Servicios Sociales. Realiza un estudio en profundidad a trav\u00e9s de 5 actores: personal de alta gesti\u00f3n, responsables y personal t\u00e9cnico, personal de administraci\u00f3n, entidades y empresas que prestan sus servicios y responsables pol\u00edticos vinculados directamente al \u00e1rea de Servicios Sociales. <\/p>\n\n<p>Se utiliza metodolog\u00eda cualitativa y cuantitativa y se aplican diferentes t\u00e9cnicas como cuestionarios, entrevistas en profundidad y talleres.<\/p>\n\n<p>Los objetivos de la investigaci\u00f3n son:<\/p>\n\n<p>OE.1. Conocer la realidad de los Servicios Sociales municipales a trav\u00e9s de fuentes documentales. <\/p>\n\n<p>OE.2. Elaborar la L\u00ednea Base de Actuaci\u00f3n de los Servicios Sociales municipales para conocer la implementaci\u00f3n actual de los Servicios Sociales en el municipio. <\/p>\n\n<p>OE.3. Transferir los resultados del estudio a los agentes implicados. <\/p>\n\n<p>Se solicitar\u00e1 la colaboraci\u00f3n de Entidades y asociaciones ( ONGs..) y empresas que colaboran y\/o tienen convenio o contrato con los Servicios Sociales, porque responden de forma sincera a los cuestionarios <strong>an\u00f3nimos y absolutamente confidenciales<\/strong>.<\/p>\n","protected":false},"excerpt":{"rendered":"<p>Q\u00dcESTIONARIO ESTUDIO L\u00cdNEA DE BASE (LideBaSS) DE LOS SERVICIOS SOCIALES DE VINAR\u00d2S. ENTIDADES El Ayuntamiento de Vinar\u00f2s pone en marcha una investigaci\u00f3n sobre la definici\u00f3n de la L\u00ednea de Base en el \u00e1rea de Servicios Sociales (LideBaSS) de Vinar\u00f2s, realizada por el Instituto Interuniversitario de Desarrollo Local (IIDL) de la Universitat Jaume I, y financiada [&hellip;]<\/p>\n","protected":false},"author":1,"featured_media":1152,"comment_status":"open","ping_status":"open","sticky":false,"template":"","format":"standard","meta":{"_acf_changed":false,"inline_featured_image":false,"footnotes":""},"categories":[11],"tags":[],"class_list":["post-1491","post","type-post","status-publish","format-standard","has-post-thumbnail","hentry","category-servicios-sociales"],"acf":[],"yoast_head":"<!-- This site is optimized with the Yoast SEO plugin v27.0 - https:\/\/yoast.com\/product\/yoast-seo-wordpress\/ -->\n<title>La UJI esta haciendo un estudio l\u00ednea de base (LideBaSS) de los servicios sociales de Vinar\u00f2s. Entidades - Pol\u00edtica Social - Ajuntament de Vinar\u00f2s<\/title>\n<meta name=\"robots\" content=\"index, follow, max-snippet:-1, max-image-preview:large, max-video-preview:-1\" \/>\n<link rel=\"canonical\" href=\"https:\/\/politicasocial.vinaros.es\/es\/la-uji-esta-haciendo-un-estudio-linea-de-base-lidebass-de-los-servicios-sociales-de-vinaros-entidades\/\" \/>\n<meta property=\"og:locale\" content=\"es_ES\" \/>\n<meta property=\"og:type\" content=\"article\" \/>\n<meta property=\"og:title\" content=\"La UJI esta haciendo un estudio l\u00ednea de base (LideBaSS) de los servicios sociales de Vinar\u00f2s. Entidades - Pol\u00edtica Social - Ajuntament de Vinar\u00f2s\" \/>\n<meta property=\"og:description\" content=\"Q\u00dcESTIONARIO ESTUDIO L\u00cdNEA DE BASE (LideBaSS) DE LOS SERVICIOS SOCIALES DE VINAR\u00d2S. ENTIDADES El Ayuntamiento de Vinar\u00f2s pone en marcha una investigaci\u00f3n sobre la definici\u00f3n de la L\u00ednea de Base en el \u00e1rea de Servicios Sociales (LideBaSS) de Vinar\u00f2s, realizada por el Instituto Interuniversitario de Desarrollo Local (IIDL) de la Universitat Jaume I, y financiada [&hellip;]\" \/>\n<meta property=\"og:url\" content=\"https:\/\/politicasocial.vinaros.es\/es\/la-uji-esta-haciendo-un-estudio-linea-de-base-lidebass-de-los-servicios-sociales-de-vinaros-entidades\/\" \/>\n<meta property=\"og:site_name\" content=\"Pol\u00edtica Social - Ajuntament de Vinar\u00f2s\" \/>\n<meta property=\"article:published_time\" content=\"2018-08-30T09:49:00+00:00\" \/>\n<meta property=\"article:modified_time\" content=\"2023-01-04T12:40:16+00:00\" \/>\n<meta property=\"og:image\" content=\"https:\/\/politicasocial.vinaros.es\/wp-content\/uploads\/2023\/01\/serveis-socials-vinaros-la-uji-esta-fent-un-estudi-linea-de-base-lidebass-dels-serveis-socials-de-vinaros-entidades-1.jpg\" \/>\n\t<meta property=\"og:image:width\" content=\"720\" \/>\n\t<meta property=\"og:image:height\" content=\"600\" \/>\n\t<meta property=\"og:image:type\" content=\"image\/jpeg\" \/>\n<meta name=\"author\" content=\"Ra\u00fal Torner Martinell\" \/>\n<meta name=\"twitter:card\" content=\"summary_large_image\" \/>\n<meta name=\"twitter:label1\" content=\"Escrito por\" \/>\n\t<meta name=\"twitter:data1\" content=\"Ra\u00fal Torner Martinell\" \/>\n\t<meta name=\"twitter:label2\" content=\"Tiempo de lectura\" \/>\n\t<meta name=\"twitter:data2\" content=\"1 minuto\" \/>\n<script type=\"application\/ld+json\" class=\"yoast-schema-graph\">{\"@context\":\"https:\/\/schema.org\",\"@graph\":[{\"@type\":\"Article\",\"@id\":\"https:\/\/politicasocial.vinaros.es\/es\/la-uji-esta-haciendo-un-estudio-linea-de-base-lidebass-de-los-servicios-sociales-de-vinaros-entidades\/#article\",\"isPartOf\":{\"@id\":\"https:\/\/politicasocial.vinaros.es\/es\/la-uji-esta-haciendo-un-estudio-linea-de-base-lidebass-de-los-servicios-sociales-de-vinaros-entidades\/\"},\"author\":{\"name\":\"Ra\u00fal Torner Martinell\",\"@id\":\"https:\/\/politicasocial.vinaros.es\/es\/#\/schema\/person\/25b8c0c60cdeca0d29acc31758a695da\"},\"headline\":\"La UJI esta haciendo un estudio l\u00ednea de base (LideBaSS) de los servicios sociales de Vinar\u00f2s. Entidades\",\"datePublished\":\"2018-08-30T09:49:00+00:00\",\"dateModified\":\"2023-01-04T12:40:16+00:00\",\"mainEntityOfPage\":{\"@id\":\"https:\/\/politicasocial.vinaros.es\/es\/la-uji-esta-haciendo-un-estudio-linea-de-base-lidebass-de-los-servicios-sociales-de-vinaros-entidades\/\"},\"wordCount\":283,\"commentCount\":0,\"image\":{\"@id\":\"https:\/\/politicasocial.vinaros.es\/es\/la-uji-esta-haciendo-un-estudio-linea-de-base-lidebass-de-los-servicios-sociales-de-vinaros-entidades\/#primaryimage\"},\"thumbnailUrl\":\"https:\/\/politicasocial.vinaros.es\/wp-content\/uploads\/2023\/01\/serveis-socials-vinaros-la-uji-esta-fent-un-estudi-linea-de-base-lidebass-dels-serveis-socials-de-vinaros-entidades-1.jpg\",\"articleSection\":[\"Servicios Sociales\"],\"inLanguage\":\"es\",\"potentialAction\":[{\"@type\":\"CommentAction\",\"name\":\"Comment\",\"target\":[\"https:\/\/politicasocial.vinaros.es\/es\/la-uji-esta-haciendo-un-estudio-linea-de-base-lidebass-de-los-servicios-sociales-de-vinaros-entidades\/#respond\"]}]},{\"@type\":\"WebPage\",\"@id\":\"https:\/\/politicasocial.vinaros.es\/es\/la-uji-esta-haciendo-un-estudio-linea-de-base-lidebass-de-los-servicios-sociales-de-vinaros-entidades\/\",\"url\":\"https:\/\/politicasocial.vinaros.es\/es\/la-uji-esta-haciendo-un-estudio-linea-de-base-lidebass-de-los-servicios-sociales-de-vinaros-entidades\/\",\"name\":\"La UJI esta haciendo un estudio l\u00ednea de base (LideBaSS) de los servicios sociales de Vinar\u00f2s. Entidades - Pol\u00edtica Social - Ajuntament de Vinar\u00f2s\",\"isPartOf\":{\"@id\":\"https:\/\/politicasocial.vinaros.es\/es\/#website\"},\"primaryImageOfPage\":{\"@id\":\"https:\/\/politicasocial.vinaros.es\/es\/la-uji-esta-haciendo-un-estudio-linea-de-base-lidebass-de-los-servicios-sociales-de-vinaros-entidades\/#primaryimage\"},\"image\":{\"@id\":\"https:\/\/politicasocial.vinaros.es\/es\/la-uji-esta-haciendo-un-estudio-linea-de-base-lidebass-de-los-servicios-sociales-de-vinaros-entidades\/#primaryimage\"},\"thumbnailUrl\":\"https:\/\/politicasocial.vinaros.es\/wp-content\/uploads\/2023\/01\/serveis-socials-vinaros-la-uji-esta-fent-un-estudi-linea-de-base-lidebass-dels-serveis-socials-de-vinaros-entidades-1.jpg\",\"datePublished\":\"2018-08-30T09:49:00+00:00\",\"dateModified\":\"2023-01-04T12:40:16+00:00\",\"author\":{\"@id\":\"https:\/\/politicasocial.vinaros.es\/es\/#\/schema\/person\/25b8c0c60cdeca0d29acc31758a695da\"},\"breadcrumb\":{\"@id\":\"https:\/\/politicasocial.vinaros.es\/es\/la-uji-esta-haciendo-un-estudio-linea-de-base-lidebass-de-los-servicios-sociales-de-vinaros-entidades\/#breadcrumb\"},\"inLanguage\":\"es\",\"potentialAction\":[{\"@type\":\"ReadAction\",\"target\":[\"https:\/\/politicasocial.vinaros.es\/es\/la-uji-esta-haciendo-un-estudio-linea-de-base-lidebass-de-los-servicios-sociales-de-vinaros-entidades\/\"]}]},{\"@type\":\"ImageObject\",\"inLanguage\":\"es\",\"@id\":\"https:\/\/politicasocial.vinaros.es\/es\/la-uji-esta-haciendo-un-estudio-linea-de-base-lidebass-de-los-servicios-sociales-de-vinaros-entidades\/#primaryimage\",\"url\":\"https:\/\/politicasocial.vinaros.es\/wp-content\/uploads\/2023\/01\/serveis-socials-vinaros-la-uji-esta-fent-un-estudi-linea-de-base-lidebass-dels-serveis-socials-de-vinaros-entidades-1.jpg\",\"contentUrl\":\"https:\/\/politicasocial.vinaros.es\/wp-content\/uploads\/2023\/01\/serveis-socials-vinaros-la-uji-esta-fent-un-estudi-linea-de-base-lidebass-dels-serveis-socials-de-vinaros-entidades-1.jpg\",\"width\":720,\"height\":600},{\"@type\":\"BreadcrumbList\",\"@id\":\"https:\/\/politicasocial.vinaros.es\/es\/la-uji-esta-haciendo-un-estudio-linea-de-base-lidebass-de-los-servicios-sociales-de-vinaros-entidades\/#breadcrumb\",\"itemListElement\":[{\"@type\":\"ListItem\",\"position\":1,\"name\":\"Inicio\",\"item\":\"https:\/\/politicasocial.vinaros.es\/es\/\"},{\"@type\":\"ListItem\",\"position\":2,\"name\":\"Servicios Sociales\",\"item\":\"https:\/\/politicasocial.vinaros.es\/es\/categoria\/servicios-sociales\/\"},{\"@type\":\"ListItem\",\"position\":3,\"name\":\"La UJI esta haciendo un estudio l\u00ednea de base (LideBaSS) de los servicios sociales de Vinar\u00f2s. Entidades\"}]},{\"@type\":\"WebSite\",\"@id\":\"https:\/\/politicasocial.vinaros.es\/es\/#website\",\"url\":\"https:\/\/politicasocial.vinaros.es\/es\/\",\"name\":\"Pol\u00edtica Social - Ajuntament de Vinar\u00f2s\",\"description\":\"Regidoria de Pol\u00edtica Social\",\"potentialAction\":[{\"@type\":\"SearchAction\",\"target\":{\"@type\":\"EntryPoint\",\"urlTemplate\":\"https:\/\/politicasocial.vinaros.es\/es\/?s={search_term_string}\"},\"query-input\":{\"@type\":\"PropertyValueSpecification\",\"valueRequired\":true,\"valueName\":\"search_term_string\"}}],\"inLanguage\":\"es\"},{\"@type\":\"Person\",\"@id\":\"https:\/\/politicasocial.vinaros.es\/es\/#\/schema\/person\/25b8c0c60cdeca0d29acc31758a695da\",\"name\":\"Ra\u00fal Torner Martinell\",\"image\":{\"@type\":\"ImageObject\",\"inLanguage\":\"es\",\"@id\":\"https:\/\/politicasocial.vinaros.es\/es\/#\/schema\/person\/image\/\",\"url\":\"https:\/\/secure.gravatar.com\/avatar\/3716f530378a992b4951fb4809843919506e982d2df14dcde67785574c23e79b?s=96&d=mm&r=g\",\"contentUrl\":\"https:\/\/secure.gravatar.com\/avatar\/3716f530378a992b4951fb4809843919506e982d2df14dcde67785574c23e79b?s=96&d=mm&r=g\",\"caption\":\"Ra\u00fal Torner Martinell\"},\"url\":\"https:\/\/politicasocial.vinaros.es\/es\"}]}<\/script>\n<!-- \/ Yoast SEO plugin. -->","yoast_head_json":{"title":"La UJI esta haciendo un estudio l\u00ednea de base (LideBaSS) de los servicios sociales de Vinar\u00f2s. Entidades - Pol\u00edtica Social - Ajuntament de Vinar\u00f2s","robots":{"index":"index","follow":"follow","max-snippet":"max-snippet:-1","max-image-preview":"max-image-preview:large","max-video-preview":"max-video-preview:-1"},"canonical":"https:\/\/politicasocial.vinaros.es\/es\/la-uji-esta-haciendo-un-estudio-linea-de-base-lidebass-de-los-servicios-sociales-de-vinaros-entidades\/","og_locale":"es_ES","og_type":"article","og_title":"La UJI esta haciendo un estudio l\u00ednea de base (LideBaSS) de los servicios sociales de Vinar\u00f2s. Entidades - Pol\u00edtica Social - Ajuntament de Vinar\u00f2s","og_description":"Q\u00dcESTIONARIO ESTUDIO L\u00cdNEA DE BASE (LideBaSS) DE LOS SERVICIOS SOCIALES DE VINAR\u00d2S. ENTIDADES El Ayuntamiento de Vinar\u00f2s pone en marcha una investigaci\u00f3n sobre la definici\u00f3n de la L\u00ednea de Base en el \u00e1rea de Servicios Sociales (LideBaSS) de Vinar\u00f2s, realizada por el Instituto Interuniversitario de Desarrollo Local (IIDL) de la Universitat Jaume I, y financiada [&hellip;]","og_url":"https:\/\/politicasocial.vinaros.es\/es\/la-uji-esta-haciendo-un-estudio-linea-de-base-lidebass-de-los-servicios-sociales-de-vinaros-entidades\/","og_site_name":"Pol\u00edtica Social - Ajuntament de Vinar\u00f2s","article_published_time":"2018-08-30T09:49:00+00:00","article_modified_time":"2023-01-04T12:40:16+00:00","og_image":[{"width":720,"height":600,"url":"https:\/\/politicasocial.vinaros.es\/wp-content\/uploads\/2023\/01\/serveis-socials-vinaros-la-uji-esta-fent-un-estudi-linea-de-base-lidebass-dels-serveis-socials-de-vinaros-entidades-1.jpg","type":"image\/jpeg"}],"author":"Ra\u00fal Torner Martinell","twitter_card":"summary_large_image","twitter_misc":{"Escrito por":"Ra\u00fal Torner Martinell","Tiempo de lectura":"1 minuto"},"schema":{"@context":"https:\/\/schema.org","@graph":[{"@type":"Article","@id":"https:\/\/politicasocial.vinaros.es\/es\/la-uji-esta-haciendo-un-estudio-linea-de-base-lidebass-de-los-servicios-sociales-de-vinaros-entidades\/#article","isPartOf":{"@id":"https:\/\/politicasocial.vinaros.es\/es\/la-uji-esta-haciendo-un-estudio-linea-de-base-lidebass-de-los-servicios-sociales-de-vinaros-entidades\/"},"author":{"name":"Ra\u00fal Torner Martinell","@id":"https:\/\/politicasocial.vinaros.es\/es\/#\/schema\/person\/25b8c0c60cdeca0d29acc31758a695da"},"headline":"La UJI esta haciendo un estudio l\u00ednea de base (LideBaSS) de los servicios sociales de Vinar\u00f2s. Entidades","datePublished":"2018-08-30T09:49:00+00:00","dateModified":"2023-01-04T12:40:16+00:00","mainEntityOfPage":{"@id":"https:\/\/politicasocial.vinaros.es\/es\/la-uji-esta-haciendo-un-estudio-linea-de-base-lidebass-de-los-servicios-sociales-de-vinaros-entidades\/"},"wordCount":283,"commentCount":0,"image":{"@id":"https:\/\/politicasocial.vinaros.es\/es\/la-uji-esta-haciendo-un-estudio-linea-de-base-lidebass-de-los-servicios-sociales-de-vinaros-entidades\/#primaryimage"},"thumbnailUrl":"https:\/\/politicasocial.vinaros.es\/wp-content\/uploads\/2023\/01\/serveis-socials-vinaros-la-uji-esta-fent-un-estudi-linea-de-base-lidebass-dels-serveis-socials-de-vinaros-entidades-1.jpg","articleSection":["Servicios Sociales"],"inLanguage":"es","potentialAction":[{"@type":"CommentAction","name":"Comment","target":["https:\/\/politicasocial.vinaros.es\/es\/la-uji-esta-haciendo-un-estudio-linea-de-base-lidebass-de-los-servicios-sociales-de-vinaros-entidades\/#respond"]}]},{"@type":"WebPage","@id":"https:\/\/politicasocial.vinaros.es\/es\/la-uji-esta-haciendo-un-estudio-linea-de-base-lidebass-de-los-servicios-sociales-de-vinaros-entidades\/","url":"https:\/\/politicasocial.vinaros.es\/es\/la-uji-esta-haciendo-un-estudio-linea-de-base-lidebass-de-los-servicios-sociales-de-vinaros-entidades\/","name":"La UJI esta haciendo un estudio l\u00ednea de base (LideBaSS) de los servicios sociales de Vinar\u00f2s. Entidades - Pol\u00edtica Social - Ajuntament de Vinar\u00f2s","isPartOf":{"@id":"https:\/\/politicasocial.vinaros.es\/es\/#website"},"primaryImageOfPage":{"@id":"https:\/\/politicasocial.vinaros.es\/es\/la-uji-esta-haciendo-un-estudio-linea-de-base-lidebass-de-los-servicios-sociales-de-vinaros-entidades\/#primaryimage"},"image":{"@id":"https:\/\/politicasocial.vinaros.es\/es\/la-uji-esta-haciendo-un-estudio-linea-de-base-lidebass-de-los-servicios-sociales-de-vinaros-entidades\/#primaryimage"},"thumbnailUrl":"https:\/\/politicasocial.vinaros.es\/wp-content\/uploads\/2023\/01\/serveis-socials-vinaros-la-uji-esta-fent-un-estudi-linea-de-base-lidebass-dels-serveis-socials-de-vinaros-entidades-1.jpg","datePublished":"2018-08-30T09:49:00+00:00","dateModified":"2023-01-04T12:40:16+00:00","author":{"@id":"https:\/\/politicasocial.vinaros.es\/es\/#\/schema\/person\/25b8c0c60cdeca0d29acc31758a695da"},"breadcrumb":{"@id":"https:\/\/politicasocial.vinaros.es\/es\/la-uji-esta-haciendo-un-estudio-linea-de-base-lidebass-de-los-servicios-sociales-de-vinaros-entidades\/#breadcrumb"},"inLanguage":"es","potentialAction":[{"@type":"ReadAction","target":["https:\/\/politicasocial.vinaros.es\/es\/la-uji-esta-haciendo-un-estudio-linea-de-base-lidebass-de-los-servicios-sociales-de-vinaros-entidades\/"]}]},{"@type":"ImageObject","inLanguage":"es","@id":"https:\/\/politicasocial.vinaros.es\/es\/la-uji-esta-haciendo-un-estudio-linea-de-base-lidebass-de-los-servicios-sociales-de-vinaros-entidades\/#primaryimage","url":"https:\/\/politicasocial.vinaros.es\/wp-content\/uploads\/2023\/01\/serveis-socials-vinaros-la-uji-esta-fent-un-estudi-linea-de-base-lidebass-dels-serveis-socials-de-vinaros-entidades-1.jpg","contentUrl":"https:\/\/politicasocial.vinaros.es\/wp-content\/uploads\/2023\/01\/serveis-socials-vinaros-la-uji-esta-fent-un-estudi-linea-de-base-lidebass-dels-serveis-socials-de-vinaros-entidades-1.jpg","width":720,"height":600},{"@type":"BreadcrumbList","@id":"https:\/\/politicasocial.vinaros.es\/es\/la-uji-esta-haciendo-un-estudio-linea-de-base-lidebass-de-los-servicios-sociales-de-vinaros-entidades\/#breadcrumb","itemListElement":[{"@type":"ListItem","position":1,"name":"Inicio","item":"https:\/\/politicasocial.vinaros.es\/es\/"},{"@type":"ListItem","position":2,"name":"Servicios Sociales","item":"https:\/\/politicasocial.vinaros.es\/es\/categoria\/servicios-sociales\/"},{"@type":"ListItem","position":3,"name":"La UJI esta haciendo un estudio l\u00ednea de base (LideBaSS) de los servicios sociales de Vinar\u00f2s. Entidades"}]},{"@type":"WebSite","@id":"https:\/\/politicasocial.vinaros.es\/es\/#website","url":"https:\/\/politicasocial.vinaros.es\/es\/","name":"Pol\u00edtica Social - Ajuntament de Vinar\u00f2s","description":"Regidoria de Pol\u00edtica Social","potentialAction":[{"@type":"SearchAction","target":{"@type":"EntryPoint","urlTemplate":"https:\/\/politicasocial.vinaros.es\/es\/?s={search_term_string}"},"query-input":{"@type":"PropertyValueSpecification","valueRequired":true,"valueName":"search_term_string"}}],"inLanguage":"es"},{"@type":"Person","@id":"https:\/\/politicasocial.vinaros.es\/es\/#\/schema\/person\/25b8c0c60cdeca0d29acc31758a695da","name":"Ra\u00fal Torner Martinell","image":{"@type":"ImageObject","inLanguage":"es","@id":"https:\/\/politicasocial.vinaros.es\/es\/#\/schema\/person\/image\/","url":"https:\/\/secure.gravatar.com\/avatar\/3716f530378a992b4951fb4809843919506e982d2df14dcde67785574c23e79b?s=96&d=mm&r=g","contentUrl":"https:\/\/secure.gravatar.com\/avatar\/3716f530378a992b4951fb4809843919506e982d2df14dcde67785574c23e79b?s=96&d=mm&r=g","caption":"Ra\u00fal Torner Martinell"},"url":"https:\/\/politicasocial.vinaros.es\/es"}]}},"_links":{"self":[{"href":"https:\/\/politicasocial.vinaros.es\/es\/wp-json\/wp\/v2\/posts\/1491","targetHints":{"allow":["GET"]}}],"collection":[{"href":"https:\/\/politicasocial.vinaros.es\/es\/wp-json\/wp\/v2\/posts"}],"about":[{"href":"https:\/\/politicasocial.vinaros.es\/es\/wp-json\/wp\/v2\/types\/post"}],"author":[{"embeddable":true,"href":"https:\/\/politicasocial.vinaros.es\/es\/wp-json\/wp\/v2\/users\/1"}],"replies":[{"embeddable":true,"href":"https:\/\/politicasocial.vinaros.es\/es\/wp-json\/wp\/v2\/comments?post=1491"}],"version-history":[{"count":1,"href":"https:\/\/politicasocial.vinaros.es\/es\/wp-json\/wp\/v2\/posts\/1491\/revisions"}],"predecessor-version":[{"id":1492,"href":"https:\/\/politicasocial.vinaros.es\/es\/wp-json\/wp\/v2\/posts\/1491\/revisions\/1492"}],"wp:featuredmedia":[{"embeddable":true,"href":"https:\/\/politicasocial.vinaros.es\/es\/wp-json\/wp\/v2\/media\/1152"}],"wp:attachment":[{"href":"https:\/\/politicasocial.vinaros.es\/es\/wp-json\/wp\/v2\/media?parent=1491"}],"wp:term":[{"taxonomy":"category","embeddable":true,"href":"https:\/\/politicasocial.vinaros.es\/es\/wp-json\/wp\/v2\/categories?post=1491"},{"taxonomy":"post_tag","embeddable":true,"href":"https:\/\/politicasocial.vinaros.es\/es\/wp-json\/wp\/v2\/tags?post=1491"}],"curies":[{"name":"wp","href":"https:\/\/api.w.org\/{rel}","templated":true}]}}