{"id":1493,"date":"2018-07-20T11:55:00","date_gmt":"2018-07-20T09:55:00","guid":{"rendered":"https:\/\/politicasocial.vinaros.es\/un-paso-decisivo-para-empezar-la-residencia-de-vinaros\/"},"modified":"2023-01-04T13:41:17","modified_gmt":"2023-01-04T12:41:17","slug":"un-paso-decisivo-para-empezar-la-residencia-de-vinaros","status":"publish","type":"post","link":"https:\/\/politicasocial.vinaros.es\/es\/un-paso-decisivo-para-empezar-la-residencia-de-vinaros\/","title":{"rendered":"Un paso decisivo para empezar la residencia de Vinar\u00f2s"},"content":{"rendered":"\n<p>El jueves d\u00eda 19 de julio, el alcalde Enric Pla y la directora general de Dependencia Merc\u00e9 Mart\u00ednez,firmaron en la Conselleria de Igualdad y Pol\u00edtica Social, el convenio que asegura las 85 plazas residenciales para gente mayor. La firma del convenio es imprescindible para iniciar la construcci\u00f3n de la futura Residencia Municipal de gente mayor de Vinar\u00f2s.<\/p>\n\n<p>Las 85 plazas figurar\u00e1n en el presupuesto 2019 de la Generalitat Valenciana.<\/p>\n\n<p>En unos meses empezar\u00e1 la construcci\u00f3n de la residencia en el actual Centro de D\u00eda Municipal, ubicado frente el IES Leopoldo Querol, un proyecto que se presentar\u00e1 en unos d\u00edas.<br\/>Se trata de un avance muy importante para seguir mejorando la calidad de vida de los vecinos y vecinas deVinar\u00f2s, en especial de las personas mayores, y certifica la gran tarea hecha desde la Concejal\u00eda de Pol\u00edtica Social, Igualdad y Discapacidad.<\/p>\n","protected":false},"excerpt":{"rendered":"<p>El jueves d\u00eda 19 de julio, el alcalde Enric Pla y la directora general de Dependencia Merc\u00e9 Mart\u00ednez,firmaron en la Conselleria de Igualdad y Pol\u00edtica Social, el convenio que asegura las 85 plazas residenciales para gente mayor. La firma del convenio es imprescindible para iniciar la construcci\u00f3n de la futura Residencia Municipal de gente mayor [&hellip;]<\/p>\n","protected":false},"author":1,"featured_media":1156,"comment_status":"open","ping_status":"open","sticky":false,"template":"","format":"standard","meta":{"_acf_changed":false,"inline_featured_image":false,"footnotes":""},"categories":[11],"tags":[],"class_list":["post-1493","post","type-post","status-publish","format-standard","has-post-thumbnail","hentry","category-servicios-sociales"],"acf":[],"yoast_head":"<!-- This site is optimized with the Yoast SEO plugin v27.0 - https:\/\/yoast.com\/product\/yoast-seo-wordpress\/ -->\n<title>Un paso decisivo para empezar la residencia de Vinar\u00f2s - Pol\u00edtica Social - Ajuntament de Vinar\u00f2s<\/title>\n<meta name=\"robots\" content=\"index, follow, max-snippet:-1, max-image-preview:large, max-video-preview:-1\" \/>\n<link rel=\"canonical\" href=\"https:\/\/politicasocial.vinaros.es\/es\/un-paso-decisivo-para-empezar-la-residencia-de-vinaros\/\" \/>\n<meta property=\"og:locale\" content=\"es_ES\" \/>\n<meta property=\"og:type\" content=\"article\" \/>\n<meta property=\"og:title\" content=\"Un paso decisivo para empezar la residencia de Vinar\u00f2s - Pol\u00edtica Social - Ajuntament de Vinar\u00f2s\" \/>\n<meta property=\"og:description\" content=\"El jueves d\u00eda 19 de julio, el alcalde Enric Pla y la directora general de Dependencia Merc\u00e9 Mart\u00ednez,firmaron en la Conselleria de Igualdad y Pol\u00edtica Social, el convenio que asegura las 85 plazas residenciales para gente mayor. La firma del convenio es imprescindible para iniciar la construcci\u00f3n de la futura Residencia Municipal de gente mayor [&hellip;]\" \/>\n<meta property=\"og:url\" content=\"https:\/\/politicasocial.vinaros.es\/es\/un-paso-decisivo-para-empezar-la-residencia-de-vinaros\/\" \/>\n<meta property=\"og:site_name\" content=\"Pol\u00edtica Social - Ajuntament de Vinar\u00f2s\" \/>\n<meta property=\"article:published_time\" content=\"2018-07-20T09:55:00+00:00\" \/>\n<meta property=\"article:modified_time\" content=\"2023-01-04T12:41:17+00:00\" \/>\n<meta property=\"og:image\" content=\"https:\/\/politicasocial.vinaros.es\/wp-content\/uploads\/2023\/01\/serveis-socials-vinaros-un-pas-decisiu-per-comencar-la-residencia-de-vinaros.jpg\" \/>\n\t<meta property=\"og:image:width\" content=\"960\" \/>\n\t<meta property=\"og:image:height\" content=\"540\" \/>\n\t<meta property=\"og:image:type\" content=\"image\/jpeg\" \/>\n<meta name=\"author\" content=\"Ra\u00fal Torner Martinell\" \/>\n<meta name=\"twitter:card\" content=\"summary_large_image\" \/>\n<meta name=\"twitter:label1\" content=\"Escrito por\" \/>\n\t<meta name=\"twitter:data1\" content=\"Ra\u00fal Torner Martinell\" \/>\n\t<meta name=\"twitter:label2\" content=\"Tiempo de lectura\" \/>\n\t<meta name=\"twitter:data2\" content=\"1 minuto\" \/>\n<script type=\"application\/ld+json\" class=\"yoast-schema-graph\">{\"@context\":\"https:\/\/schema.org\",\"@graph\":[{\"@type\":\"Article\",\"@id\":\"https:\/\/politicasocial.vinaros.es\/es\/un-paso-decisivo-para-empezar-la-residencia-de-vinaros\/#article\",\"isPartOf\":{\"@id\":\"https:\/\/politicasocial.vinaros.es\/es\/un-paso-decisivo-para-empezar-la-residencia-de-vinaros\/\"},\"author\":{\"name\":\"Ra\u00fal Torner Martinell\",\"@id\":\"https:\/\/politicasocial.vinaros.es\/es\/#\/schema\/person\/25b8c0c60cdeca0d29acc31758a695da\"},\"headline\":\"Un paso decisivo para empezar la residencia de Vinar\u00f2s\",\"datePublished\":\"2018-07-20T09:55:00+00:00\",\"dateModified\":\"2023-01-04T12:41:17+00:00\",\"mainEntityOfPage\":{\"@id\":\"https:\/\/politicasocial.vinaros.es\/es\/un-paso-decisivo-para-empezar-la-residencia-de-vinaros\/\"},\"wordCount\":159,\"commentCount\":0,\"image\":{\"@id\":\"https:\/\/politicasocial.vinaros.es\/es\/un-paso-decisivo-para-empezar-la-residencia-de-vinaros\/#primaryimage\"},\"thumbnailUrl\":\"https:\/\/politicasocial.vinaros.es\/wp-content\/uploads\/2023\/01\/serveis-socials-vinaros-un-pas-decisiu-per-comencar-la-residencia-de-vinaros.jpg\",\"articleSection\":[\"Servicios Sociales\"],\"inLanguage\":\"es\",\"potentialAction\":[{\"@type\":\"CommentAction\",\"name\":\"Comment\",\"target\":[\"https:\/\/politicasocial.vinaros.es\/es\/un-paso-decisivo-para-empezar-la-residencia-de-vinaros\/#respond\"]}]},{\"@type\":\"WebPage\",\"@id\":\"https:\/\/politicasocial.vinaros.es\/es\/un-paso-decisivo-para-empezar-la-residencia-de-vinaros\/\",\"url\":\"https:\/\/politicasocial.vinaros.es\/es\/un-paso-decisivo-para-empezar-la-residencia-de-vinaros\/\",\"name\":\"Un paso decisivo para empezar la residencia de Vinar\u00f2s - Pol\u00edtica Social - Ajuntament de Vinar\u00f2s\",\"isPartOf\":{\"@id\":\"https:\/\/politicasocial.vinaros.es\/es\/#website\"},\"primaryImageOfPage\":{\"@id\":\"https:\/\/politicasocial.vinaros.es\/es\/un-paso-decisivo-para-empezar-la-residencia-de-vinaros\/#primaryimage\"},\"image\":{\"@id\":\"https:\/\/politicasocial.vinaros.es\/es\/un-paso-decisivo-para-empezar-la-residencia-de-vinaros\/#primaryimage\"},\"thumbnailUrl\":\"https:\/\/politicasocial.vinaros.es\/wp-content\/uploads\/2023\/01\/serveis-socials-vinaros-un-pas-decisiu-per-comencar-la-residencia-de-vinaros.jpg\",\"datePublished\":\"2018-07-20T09:55:00+00:00\",\"dateModified\":\"2023-01-04T12:41:17+00:00\",\"author\":{\"@id\":\"https:\/\/politicasocial.vinaros.es\/es\/#\/schema\/person\/25b8c0c60cdeca0d29acc31758a695da\"},\"breadcrumb\":{\"@id\":\"https:\/\/politicasocial.vinaros.es\/es\/un-paso-decisivo-para-empezar-la-residencia-de-vinaros\/#breadcrumb\"},\"inLanguage\":\"es\",\"potentialAction\":[{\"@type\":\"ReadAction\",\"target\":[\"https:\/\/politicasocial.vinaros.es\/es\/un-paso-decisivo-para-empezar-la-residencia-de-vinaros\/\"]}]},{\"@type\":\"ImageObject\",\"inLanguage\":\"es\",\"@id\":\"https:\/\/politicasocial.vinaros.es\/es\/un-paso-decisivo-para-empezar-la-residencia-de-vinaros\/#primaryimage\",\"url\":\"https:\/\/politicasocial.vinaros.es\/wp-content\/uploads\/2023\/01\/serveis-socials-vinaros-un-pas-decisiu-per-comencar-la-residencia-de-vinaros.jpg\",\"contentUrl\":\"https:\/\/politicasocial.vinaros.es\/wp-content\/uploads\/2023\/01\/serveis-socials-vinaros-un-pas-decisiu-per-comencar-la-residencia-de-vinaros.jpg\",\"width\":960,\"height\":540},{\"@type\":\"BreadcrumbList\",\"@id\":\"https:\/\/politicasocial.vinaros.es\/es\/un-paso-decisivo-para-empezar-la-residencia-de-vinaros\/#breadcrumb\",\"itemListElement\":[{\"@type\":\"ListItem\",\"position\":1,\"name\":\"Inicio\",\"item\":\"https:\/\/politicasocial.vinaros.es\/es\/\"},{\"@type\":\"ListItem\",\"position\":2,\"name\":\"Servicios Sociales\",\"item\":\"https:\/\/politicasocial.vinaros.es\/es\/categoria\/servicios-sociales\/\"},{\"@type\":\"ListItem\",\"position\":3,\"name\":\"Un paso decisivo para empezar la residencia de Vinar\u00f2s\"}]},{\"@type\":\"WebSite\",\"@id\":\"https:\/\/politicasocial.vinaros.es\/es\/#website\",\"url\":\"https:\/\/politicasocial.vinaros.es\/es\/\",\"name\":\"Pol\u00edtica Social - Ajuntament de Vinar\u00f2s\",\"description\":\"Regidoria de Pol\u00edtica Social\",\"potentialAction\":[{\"@type\":\"SearchAction\",\"target\":{\"@type\":\"EntryPoint\",\"urlTemplate\":\"https:\/\/politicasocial.vinaros.es\/es\/?s={search_term_string}\"},\"query-input\":{\"@type\":\"PropertyValueSpecification\",\"valueRequired\":true,\"valueName\":\"search_term_string\"}}],\"inLanguage\":\"es\"},{\"@type\":\"Person\",\"@id\":\"https:\/\/politicasocial.vinaros.es\/es\/#\/schema\/person\/25b8c0c60cdeca0d29acc31758a695da\",\"name\":\"Ra\u00fal Torner Martinell\",\"image\":{\"@type\":\"ImageObject\",\"inLanguage\":\"es\",\"@id\":\"https:\/\/politicasocial.vinaros.es\/es\/#\/schema\/person\/image\/\",\"url\":\"https:\/\/secure.gravatar.com\/avatar\/3716f530378a992b4951fb4809843919506e982d2df14dcde67785574c23e79b?s=96&d=mm&r=g\",\"contentUrl\":\"https:\/\/secure.gravatar.com\/avatar\/3716f530378a992b4951fb4809843919506e982d2df14dcde67785574c23e79b?s=96&d=mm&r=g\",\"caption\":\"Ra\u00fal Torner Martinell\"},\"url\":\"https:\/\/politicasocial.vinaros.es\/es\"}]}<\/script>\n<!-- \/ Yoast SEO plugin. -->","yoast_head_json":{"title":"Un paso decisivo para empezar la residencia de Vinar\u00f2s - Pol\u00edtica Social - Ajuntament de Vinar\u00f2s","robots":{"index":"index","follow":"follow","max-snippet":"max-snippet:-1","max-image-preview":"max-image-preview:large","max-video-preview":"max-video-preview:-1"},"canonical":"https:\/\/politicasocial.vinaros.es\/es\/un-paso-decisivo-para-empezar-la-residencia-de-vinaros\/","og_locale":"es_ES","og_type":"article","og_title":"Un paso decisivo para empezar la residencia de Vinar\u00f2s - Pol\u00edtica Social - Ajuntament de Vinar\u00f2s","og_description":"El jueves d\u00eda 19 de julio, el alcalde Enric Pla y la directora general de Dependencia Merc\u00e9 Mart\u00ednez,firmaron en la Conselleria de Igualdad y Pol\u00edtica Social, el convenio que asegura las 85 plazas residenciales para gente mayor. La firma del convenio es imprescindible para iniciar la construcci\u00f3n de la futura Residencia Municipal de gente mayor [&hellip;]","og_url":"https:\/\/politicasocial.vinaros.es\/es\/un-paso-decisivo-para-empezar-la-residencia-de-vinaros\/","og_site_name":"Pol\u00edtica Social - Ajuntament de Vinar\u00f2s","article_published_time":"2018-07-20T09:55:00+00:00","article_modified_time":"2023-01-04T12:41:17+00:00","og_image":[{"width":960,"height":540,"url":"https:\/\/politicasocial.vinaros.es\/wp-content\/uploads\/2023\/01\/serveis-socials-vinaros-un-pas-decisiu-per-comencar-la-residencia-de-vinaros.jpg","type":"image\/jpeg"}],"author":"Ra\u00fal Torner Martinell","twitter_card":"summary_large_image","twitter_misc":{"Escrito por":"Ra\u00fal Torner Martinell","Tiempo de lectura":"1 minuto"},"schema":{"@context":"https:\/\/schema.org","@graph":[{"@type":"Article","@id":"https:\/\/politicasocial.vinaros.es\/es\/un-paso-decisivo-para-empezar-la-residencia-de-vinaros\/#article","isPartOf":{"@id":"https:\/\/politicasocial.vinaros.es\/es\/un-paso-decisivo-para-empezar-la-residencia-de-vinaros\/"},"author":{"name":"Ra\u00fal Torner Martinell","@id":"https:\/\/politicasocial.vinaros.es\/es\/#\/schema\/person\/25b8c0c60cdeca0d29acc31758a695da"},"headline":"Un paso decisivo para empezar la residencia de Vinar\u00f2s","datePublished":"2018-07-20T09:55:00+00:00","dateModified":"2023-01-04T12:41:17+00:00","mainEntityOfPage":{"@id":"https:\/\/politicasocial.vinaros.es\/es\/un-paso-decisivo-para-empezar-la-residencia-de-vinaros\/"},"wordCount":159,"commentCount":0,"image":{"@id":"https:\/\/politicasocial.vinaros.es\/es\/un-paso-decisivo-para-empezar-la-residencia-de-vinaros\/#primaryimage"},"thumbnailUrl":"https:\/\/politicasocial.vinaros.es\/wp-content\/uploads\/2023\/01\/serveis-socials-vinaros-un-pas-decisiu-per-comencar-la-residencia-de-vinaros.jpg","articleSection":["Servicios Sociales"],"inLanguage":"es","potentialAction":[{"@type":"CommentAction","name":"Comment","target":["https:\/\/politicasocial.vinaros.es\/es\/un-paso-decisivo-para-empezar-la-residencia-de-vinaros\/#respond"]}]},{"@type":"WebPage","@id":"https:\/\/politicasocial.vinaros.es\/es\/un-paso-decisivo-para-empezar-la-residencia-de-vinaros\/","url":"https:\/\/politicasocial.vinaros.es\/es\/un-paso-decisivo-para-empezar-la-residencia-de-vinaros\/","name":"Un paso decisivo para empezar la residencia de Vinar\u00f2s - Pol\u00edtica Social - Ajuntament de Vinar\u00f2s","isPartOf":{"@id":"https:\/\/politicasocial.vinaros.es\/es\/#website"},"primaryImageOfPage":{"@id":"https:\/\/politicasocial.vinaros.es\/es\/un-paso-decisivo-para-empezar-la-residencia-de-vinaros\/#primaryimage"},"image":{"@id":"https:\/\/politicasocial.vinaros.es\/es\/un-paso-decisivo-para-empezar-la-residencia-de-vinaros\/#primaryimage"},"thumbnailUrl":"https:\/\/politicasocial.vinaros.es\/wp-content\/uploads\/2023\/01\/serveis-socials-vinaros-un-pas-decisiu-per-comencar-la-residencia-de-vinaros.jpg","datePublished":"2018-07-20T09:55:00+00:00","dateModified":"2023-01-04T12:41:17+00:00","author":{"@id":"https:\/\/politicasocial.vinaros.es\/es\/#\/schema\/person\/25b8c0c60cdeca0d29acc31758a695da"},"breadcrumb":{"@id":"https:\/\/politicasocial.vinaros.es\/es\/un-paso-decisivo-para-empezar-la-residencia-de-vinaros\/#breadcrumb"},"inLanguage":"es","potentialAction":[{"@type":"ReadAction","target":["https:\/\/politicasocial.vinaros.es\/es\/un-paso-decisivo-para-empezar-la-residencia-de-vinaros\/"]}]},{"@type":"ImageObject","inLanguage":"es","@id":"https:\/\/politicasocial.vinaros.es\/es\/un-paso-decisivo-para-empezar-la-residencia-de-vinaros\/#primaryimage","url":"https:\/\/politicasocial.vinaros.es\/wp-content\/uploads\/2023\/01\/serveis-socials-vinaros-un-pas-decisiu-per-comencar-la-residencia-de-vinaros.jpg","contentUrl":"https:\/\/politicasocial.vinaros.es\/wp-content\/uploads\/2023\/01\/serveis-socials-vinaros-un-pas-decisiu-per-comencar-la-residencia-de-vinaros.jpg","width":960,"height":540},{"@type":"BreadcrumbList","@id":"https:\/\/politicasocial.vinaros.es\/es\/un-paso-decisivo-para-empezar-la-residencia-de-vinaros\/#breadcrumb","itemListElement":[{"@type":"ListItem","position":1,"name":"Inicio","item":"https:\/\/politicasocial.vinaros.es\/es\/"},{"@type":"ListItem","position":2,"name":"Servicios Sociales","item":"https:\/\/politicasocial.vinaros.es\/es\/categoria\/servicios-sociales\/"},{"@type":"ListItem","position":3,"name":"Un paso decisivo para empezar la residencia de Vinar\u00f2s"}]},{"@type":"WebSite","@id":"https:\/\/politicasocial.vinaros.es\/es\/#website","url":"https:\/\/politicasocial.vinaros.es\/es\/","name":"Pol\u00edtica Social - Ajuntament de Vinar\u00f2s","description":"Regidoria de Pol\u00edtica Social","potentialAction":[{"@type":"SearchAction","target":{"@type":"EntryPoint","urlTemplate":"https:\/\/politicasocial.vinaros.es\/es\/?s={search_term_string}"},"query-input":{"@type":"PropertyValueSpecification","valueRequired":true,"valueName":"search_term_string"}}],"inLanguage":"es"},{"@type":"Person","@id":"https:\/\/politicasocial.vinaros.es\/es\/#\/schema\/person\/25b8c0c60cdeca0d29acc31758a695da","name":"Ra\u00fal Torner Martinell","image":{"@type":"ImageObject","inLanguage":"es","@id":"https:\/\/politicasocial.vinaros.es\/es\/#\/schema\/person\/image\/","url":"https:\/\/secure.gravatar.com\/avatar\/3716f530378a992b4951fb4809843919506e982d2df14dcde67785574c23e79b?s=96&d=mm&r=g","contentUrl":"https:\/\/secure.gravatar.com\/avatar\/3716f530378a992b4951fb4809843919506e982d2df14dcde67785574c23e79b?s=96&d=mm&r=g","caption":"Ra\u00fal Torner Martinell"},"url":"https:\/\/politicasocial.vinaros.es\/es"}]}},"_links":{"self":[{"href":"https:\/\/politicasocial.vinaros.es\/es\/wp-json\/wp\/v2\/posts\/1493","targetHints":{"allow":["GET"]}}],"collection":[{"href":"https:\/\/politicasocial.vinaros.es\/es\/wp-json\/wp\/v2\/posts"}],"about":[{"href":"https:\/\/politicasocial.vinaros.es\/es\/wp-json\/wp\/v2\/types\/post"}],"author":[{"embeddable":true,"href":"https:\/\/politicasocial.vinaros.es\/es\/wp-json\/wp\/v2\/users\/1"}],"replies":[{"embeddable":true,"href":"https:\/\/politicasocial.vinaros.es\/es\/wp-json\/wp\/v2\/comments?post=1493"}],"version-history":[{"count":1,"href":"https:\/\/politicasocial.vinaros.es\/es\/wp-json\/wp\/v2\/posts\/1493\/revisions"}],"predecessor-version":[{"id":1494,"href":"https:\/\/politicasocial.vinaros.es\/es\/wp-json\/wp\/v2\/posts\/1493\/revisions\/1494"}],"wp:featuredmedia":[{"embeddable":true,"href":"https:\/\/politicasocial.vinaros.es\/es\/wp-json\/wp\/v2\/media\/1156"}],"wp:attachment":[{"href":"https:\/\/politicasocial.vinaros.es\/es\/wp-json\/wp\/v2\/media?parent=1493"}],"wp:term":[{"taxonomy":"category","embeddable":true,"href":"https:\/\/politicasocial.vinaros.es\/es\/wp-json\/wp\/v2\/categories?post=1493"},{"taxonomy":"post_tag","embeddable":true,"href":"https:\/\/politicasocial.vinaros.es\/es\/wp-json\/wp\/v2\/tags?post=1493"}],"curies":[{"name":"wp","href":"https:\/\/api.w.org\/{rel}","templated":true}]}}