{"id":1499,"date":"2018-06-19T12:06:00","date_gmt":"2018-06-19T10:06:00","guid":{"rendered":"https:\/\/politicasocial.vinaros.es\/jornada-puertas-abiertas-proyecto-amigo-vinaros\/"},"modified":"2023-01-04T13:47:09","modified_gmt":"2023-01-04T12:47:09","slug":"jornada-puertas-abiertas-proyecto-amigo-vinaros","status":"publish","type":"post","link":"https:\/\/politicasocial.vinaros.es\/es\/jornada-puertas-abiertas-proyecto-amigo-vinaros\/","title":{"rendered":"Jornada puertas abiertas proyecto Amig\u00f3 Vinar\u00f2s"},"content":{"rendered":"\n<p>Proyecto Amig\u00f3 Vinar\u00f2s, recurso de Fundaci\u00f3n Amig\u00f3 para el tratamiento y deshabituaci\u00f3n de las adicciones que pertenece a la red de Proyecto Hombre, ha organizado hoy una jornada de puertas abiertas que ha contado con la presencia de usuarios\/as del servicio, familias, personas voluntarias y representantes de la Administraci\u00f3n P\u00fablica y de entidades con las que trabajan en red.<\/p>\n\n<p>Durante el acto, Marga Vicente, trabajadora social del proyecto, ha se\u00f1alado que \u201clas acciones de Proyecto Amig\u00f3 Vinar\u00f2s se dirigen a personas con problemas por consumo de sustancias y otras adicciones y tambi\u00e9n en el apoyo a familias a trav\u00e9s de orientaci\u00f3n y grupos de autoayuda\u201c, explicando los diferentes proyectos que desarrollan para atender a los\/as usuarios seg\u00fan su perfil.<\/p>\n\n<p>Realizamos una intervenci\u00f3n terap\u00e9utica que tiene una duraci\u00f3n media de 6 a 9 meses y que aborda diferentes \u00e1reas, como la psicol\u00f3gica, para conseguir la motivaci\u00f3n necesaria para cambiar la situaci\u00f3n; el \u00e1rea familiar, para mejorar las relaciones y compartir actividades con la familia; el \u00e1rea sociolaboral, para recuperar las habilidades que faciliten la reinserci\u00f3n en el medio; el \u00e1rea de tiempo libre, para que utilicen su tiempo libre de forma constructiva y el \u00e1rea sanitaria, para que las personas usuarias se responsabilicen de su salud y as\u00ed mejorar su calidad de vida.<\/p>\n\n<p>Todo ello, con el objetivo de que los usuarios y las usuarias vuelvan a tener un estilo de vida pleno y saludable\u201d.<\/p>\n","protected":false},"excerpt":{"rendered":"<p>Proyecto Amig\u00f3 Vinar\u00f2s, recurso de Fundaci\u00f3n Amig\u00f3 para el tratamiento y deshabituaci\u00f3n de las adicciones que pertenece a la red de Proyecto Hombre, ha organizado hoy una jornada de puertas abiertas que ha contado con la presencia de usuarios\/as del servicio, familias, personas voluntarias y representantes de la Administraci\u00f3n P\u00fablica y de entidades con las [&hellip;]<\/p>\n","protected":false},"author":1,"featured_media":1168,"comment_status":"open","ping_status":"open","sticky":false,"template":"","format":"standard","meta":{"_acf_changed":false,"inline_featured_image":false,"footnotes":""},"categories":[11],"tags":[],"class_list":["post-1499","post","type-post","status-publish","format-standard","has-post-thumbnail","hentry","category-servicios-sociales"],"acf":[],"yoast_head":"<!-- This site is optimized with the Yoast SEO plugin v27.0 - https:\/\/yoast.com\/product\/yoast-seo-wordpress\/ -->\n<title>Jornada puertas abiertas proyecto Amig\u00f3 Vinar\u00f2s - Pol\u00edtica Social - Ajuntament de Vinar\u00f2s<\/title>\n<meta name=\"robots\" content=\"index, follow, max-snippet:-1, max-image-preview:large, max-video-preview:-1\" \/>\n<link rel=\"canonical\" href=\"https:\/\/politicasocial.vinaros.es\/es\/jornada-puertas-abiertas-proyecto-amigo-vinaros\/\" \/>\n<meta property=\"og:locale\" content=\"es_ES\" \/>\n<meta property=\"og:type\" content=\"article\" \/>\n<meta property=\"og:title\" content=\"Jornada puertas abiertas proyecto Amig\u00f3 Vinar\u00f2s - Pol\u00edtica Social - Ajuntament de Vinar\u00f2s\" \/>\n<meta property=\"og:description\" content=\"Proyecto Amig\u00f3 Vinar\u00f2s, recurso de Fundaci\u00f3n Amig\u00f3 para el tratamiento y deshabituaci\u00f3n de las adicciones que pertenece a la red de Proyecto Hombre, ha organizado hoy una jornada de puertas abiertas que ha contado con la presencia de usuarios\/as del servicio, familias, personas voluntarias y representantes de la Administraci\u00f3n P\u00fablica y de entidades con las [&hellip;]\" \/>\n<meta property=\"og:url\" content=\"https:\/\/politicasocial.vinaros.es\/es\/jornada-puertas-abiertas-proyecto-amigo-vinaros\/\" \/>\n<meta property=\"og:site_name\" content=\"Pol\u00edtica Social - Ajuntament de Vinar\u00f2s\" \/>\n<meta property=\"article:published_time\" content=\"2018-06-19T10:06:00+00:00\" \/>\n<meta property=\"article:modified_time\" content=\"2023-01-04T12:47:09+00:00\" \/>\n<meta property=\"og:image\" content=\"https:\/\/politicasocial.vinaros.es\/wp-content\/uploads\/2023\/01\/serveis-socials-vinaros-jornada-portes-obertes-projecte-amigo-vinaros.jpg\" \/>\n\t<meta property=\"og:image:width\" content=\"450\" \/>\n\t<meta property=\"og:image:height\" content=\"338\" \/>\n\t<meta property=\"og:image:type\" content=\"image\/jpeg\" \/>\n<meta name=\"author\" content=\"Ra\u00fal Torner Martinell\" \/>\n<meta name=\"twitter:card\" content=\"summary_large_image\" \/>\n<meta name=\"twitter:label1\" content=\"Escrito por\" \/>\n\t<meta name=\"twitter:data1\" content=\"Ra\u00fal Torner Martinell\" \/>\n\t<meta name=\"twitter:label2\" content=\"Tiempo de lectura\" \/>\n\t<meta name=\"twitter:data2\" content=\"1 minuto\" \/>\n<script type=\"application\/ld+json\" class=\"yoast-schema-graph\">{\"@context\":\"https:\/\/schema.org\",\"@graph\":[{\"@type\":\"Article\",\"@id\":\"https:\/\/politicasocial.vinaros.es\/es\/jornada-puertas-abiertas-proyecto-amigo-vinaros\/#article\",\"isPartOf\":{\"@id\":\"https:\/\/politicasocial.vinaros.es\/es\/jornada-puertas-abiertas-proyecto-amigo-vinaros\/\"},\"author\":{\"name\":\"Ra\u00fal Torner Martinell\",\"@id\":\"https:\/\/politicasocial.vinaros.es\/es\/#\/schema\/person\/25b8c0c60cdeca0d29acc31758a695da\"},\"headline\":\"Jornada puertas abiertas proyecto Amig\u00f3 Vinar\u00f2s\",\"datePublished\":\"2018-06-19T10:06:00+00:00\",\"dateModified\":\"2023-01-04T12:47:09+00:00\",\"mainEntityOfPage\":{\"@id\":\"https:\/\/politicasocial.vinaros.es\/es\/jornada-puertas-abiertas-proyecto-amigo-vinaros\/\"},\"wordCount\":259,\"commentCount\":0,\"image\":{\"@id\":\"https:\/\/politicasocial.vinaros.es\/es\/jornada-puertas-abiertas-proyecto-amigo-vinaros\/#primaryimage\"},\"thumbnailUrl\":\"https:\/\/politicasocial.vinaros.es\/wp-content\/uploads\/2023\/01\/serveis-socials-vinaros-jornada-portes-obertes-projecte-amigo-vinaros.jpg\",\"articleSection\":[\"Servicios Sociales\"],\"inLanguage\":\"es\",\"potentialAction\":[{\"@type\":\"CommentAction\",\"name\":\"Comment\",\"target\":[\"https:\/\/politicasocial.vinaros.es\/es\/jornada-puertas-abiertas-proyecto-amigo-vinaros\/#respond\"]}]},{\"@type\":\"WebPage\",\"@id\":\"https:\/\/politicasocial.vinaros.es\/es\/jornada-puertas-abiertas-proyecto-amigo-vinaros\/\",\"url\":\"https:\/\/politicasocial.vinaros.es\/es\/jornada-puertas-abiertas-proyecto-amigo-vinaros\/\",\"name\":\"Jornada puertas abiertas proyecto Amig\u00f3 Vinar\u00f2s - Pol\u00edtica Social - Ajuntament de Vinar\u00f2s\",\"isPartOf\":{\"@id\":\"https:\/\/politicasocial.vinaros.es\/es\/#website\"},\"primaryImageOfPage\":{\"@id\":\"https:\/\/politicasocial.vinaros.es\/es\/jornada-puertas-abiertas-proyecto-amigo-vinaros\/#primaryimage\"},\"image\":{\"@id\":\"https:\/\/politicasocial.vinaros.es\/es\/jornada-puertas-abiertas-proyecto-amigo-vinaros\/#primaryimage\"},\"thumbnailUrl\":\"https:\/\/politicasocial.vinaros.es\/wp-content\/uploads\/2023\/01\/serveis-socials-vinaros-jornada-portes-obertes-projecte-amigo-vinaros.jpg\",\"datePublished\":\"2018-06-19T10:06:00+00:00\",\"dateModified\":\"2023-01-04T12:47:09+00:00\",\"author\":{\"@id\":\"https:\/\/politicasocial.vinaros.es\/es\/#\/schema\/person\/25b8c0c60cdeca0d29acc31758a695da\"},\"breadcrumb\":{\"@id\":\"https:\/\/politicasocial.vinaros.es\/es\/jornada-puertas-abiertas-proyecto-amigo-vinaros\/#breadcrumb\"},\"inLanguage\":\"es\",\"potentialAction\":[{\"@type\":\"ReadAction\",\"target\":[\"https:\/\/politicasocial.vinaros.es\/es\/jornada-puertas-abiertas-proyecto-amigo-vinaros\/\"]}]},{\"@type\":\"ImageObject\",\"inLanguage\":\"es\",\"@id\":\"https:\/\/politicasocial.vinaros.es\/es\/jornada-puertas-abiertas-proyecto-amigo-vinaros\/#primaryimage\",\"url\":\"https:\/\/politicasocial.vinaros.es\/wp-content\/uploads\/2023\/01\/serveis-socials-vinaros-jornada-portes-obertes-projecte-amigo-vinaros.jpg\",\"contentUrl\":\"https:\/\/politicasocial.vinaros.es\/wp-content\/uploads\/2023\/01\/serveis-socials-vinaros-jornada-portes-obertes-projecte-amigo-vinaros.jpg\",\"width\":450,\"height\":338},{\"@type\":\"BreadcrumbList\",\"@id\":\"https:\/\/politicasocial.vinaros.es\/es\/jornada-puertas-abiertas-proyecto-amigo-vinaros\/#breadcrumb\",\"itemListElement\":[{\"@type\":\"ListItem\",\"position\":1,\"name\":\"Inicio\",\"item\":\"https:\/\/politicasocial.vinaros.es\/es\/\"},{\"@type\":\"ListItem\",\"position\":2,\"name\":\"Servicios Sociales\",\"item\":\"https:\/\/politicasocial.vinaros.es\/es\/categoria\/servicios-sociales\/\"},{\"@type\":\"ListItem\",\"position\":3,\"name\":\"Jornada puertas abiertas proyecto Amig\u00f3 Vinar\u00f2s\"}]},{\"@type\":\"WebSite\",\"@id\":\"https:\/\/politicasocial.vinaros.es\/es\/#website\",\"url\":\"https:\/\/politicasocial.vinaros.es\/es\/\",\"name\":\"Pol\u00edtica Social - Ajuntament de Vinar\u00f2s\",\"description\":\"Regidoria de Pol\u00edtica Social\",\"potentialAction\":[{\"@type\":\"SearchAction\",\"target\":{\"@type\":\"EntryPoint\",\"urlTemplate\":\"https:\/\/politicasocial.vinaros.es\/es\/?s={search_term_string}\"},\"query-input\":{\"@type\":\"PropertyValueSpecification\",\"valueRequired\":true,\"valueName\":\"search_term_string\"}}],\"inLanguage\":\"es\"},{\"@type\":\"Person\",\"@id\":\"https:\/\/politicasocial.vinaros.es\/es\/#\/schema\/person\/25b8c0c60cdeca0d29acc31758a695da\",\"name\":\"Ra\u00fal Torner Martinell\",\"image\":{\"@type\":\"ImageObject\",\"inLanguage\":\"es\",\"@id\":\"https:\/\/politicasocial.vinaros.es\/es\/#\/schema\/person\/image\/\",\"url\":\"https:\/\/secure.gravatar.com\/avatar\/3716f530378a992b4951fb4809843919506e982d2df14dcde67785574c23e79b?s=96&d=mm&r=g\",\"contentUrl\":\"https:\/\/secure.gravatar.com\/avatar\/3716f530378a992b4951fb4809843919506e982d2df14dcde67785574c23e79b?s=96&d=mm&r=g\",\"caption\":\"Ra\u00fal Torner Martinell\"},\"url\":\"https:\/\/politicasocial.vinaros.es\/es\"}]}<\/script>\n<!-- \/ Yoast SEO plugin. -->","yoast_head_json":{"title":"Jornada puertas abiertas proyecto Amig\u00f3 Vinar\u00f2s - Pol\u00edtica Social - Ajuntament de Vinar\u00f2s","robots":{"index":"index","follow":"follow","max-snippet":"max-snippet:-1","max-image-preview":"max-image-preview:large","max-video-preview":"max-video-preview:-1"},"canonical":"https:\/\/politicasocial.vinaros.es\/es\/jornada-puertas-abiertas-proyecto-amigo-vinaros\/","og_locale":"es_ES","og_type":"article","og_title":"Jornada puertas abiertas proyecto Amig\u00f3 Vinar\u00f2s - Pol\u00edtica Social - Ajuntament de Vinar\u00f2s","og_description":"Proyecto Amig\u00f3 Vinar\u00f2s, recurso de Fundaci\u00f3n Amig\u00f3 para el tratamiento y deshabituaci\u00f3n de las adicciones que pertenece a la red de Proyecto Hombre, ha organizado hoy una jornada de puertas abiertas que ha contado con la presencia de usuarios\/as del servicio, familias, personas voluntarias y representantes de la Administraci\u00f3n P\u00fablica y de entidades con las [&hellip;]","og_url":"https:\/\/politicasocial.vinaros.es\/es\/jornada-puertas-abiertas-proyecto-amigo-vinaros\/","og_site_name":"Pol\u00edtica Social - Ajuntament de Vinar\u00f2s","article_published_time":"2018-06-19T10:06:00+00:00","article_modified_time":"2023-01-04T12:47:09+00:00","og_image":[{"width":450,"height":338,"url":"https:\/\/politicasocial.vinaros.es\/wp-content\/uploads\/2023\/01\/serveis-socials-vinaros-jornada-portes-obertes-projecte-amigo-vinaros.jpg","type":"image\/jpeg"}],"author":"Ra\u00fal Torner Martinell","twitter_card":"summary_large_image","twitter_misc":{"Escrito por":"Ra\u00fal Torner Martinell","Tiempo de lectura":"1 minuto"},"schema":{"@context":"https:\/\/schema.org","@graph":[{"@type":"Article","@id":"https:\/\/politicasocial.vinaros.es\/es\/jornada-puertas-abiertas-proyecto-amigo-vinaros\/#article","isPartOf":{"@id":"https:\/\/politicasocial.vinaros.es\/es\/jornada-puertas-abiertas-proyecto-amigo-vinaros\/"},"author":{"name":"Ra\u00fal Torner Martinell","@id":"https:\/\/politicasocial.vinaros.es\/es\/#\/schema\/person\/25b8c0c60cdeca0d29acc31758a695da"},"headline":"Jornada puertas abiertas proyecto Amig\u00f3 Vinar\u00f2s","datePublished":"2018-06-19T10:06:00+00:00","dateModified":"2023-01-04T12:47:09+00:00","mainEntityOfPage":{"@id":"https:\/\/politicasocial.vinaros.es\/es\/jornada-puertas-abiertas-proyecto-amigo-vinaros\/"},"wordCount":259,"commentCount":0,"image":{"@id":"https:\/\/politicasocial.vinaros.es\/es\/jornada-puertas-abiertas-proyecto-amigo-vinaros\/#primaryimage"},"thumbnailUrl":"https:\/\/politicasocial.vinaros.es\/wp-content\/uploads\/2023\/01\/serveis-socials-vinaros-jornada-portes-obertes-projecte-amigo-vinaros.jpg","articleSection":["Servicios Sociales"],"inLanguage":"es","potentialAction":[{"@type":"CommentAction","name":"Comment","target":["https:\/\/politicasocial.vinaros.es\/es\/jornada-puertas-abiertas-proyecto-amigo-vinaros\/#respond"]}]},{"@type":"WebPage","@id":"https:\/\/politicasocial.vinaros.es\/es\/jornada-puertas-abiertas-proyecto-amigo-vinaros\/","url":"https:\/\/politicasocial.vinaros.es\/es\/jornada-puertas-abiertas-proyecto-amigo-vinaros\/","name":"Jornada puertas abiertas proyecto Amig\u00f3 Vinar\u00f2s - Pol\u00edtica Social - Ajuntament de Vinar\u00f2s","isPartOf":{"@id":"https:\/\/politicasocial.vinaros.es\/es\/#website"},"primaryImageOfPage":{"@id":"https:\/\/politicasocial.vinaros.es\/es\/jornada-puertas-abiertas-proyecto-amigo-vinaros\/#primaryimage"},"image":{"@id":"https:\/\/politicasocial.vinaros.es\/es\/jornada-puertas-abiertas-proyecto-amigo-vinaros\/#primaryimage"},"thumbnailUrl":"https:\/\/politicasocial.vinaros.es\/wp-content\/uploads\/2023\/01\/serveis-socials-vinaros-jornada-portes-obertes-projecte-amigo-vinaros.jpg","datePublished":"2018-06-19T10:06:00+00:00","dateModified":"2023-01-04T12:47:09+00:00","author":{"@id":"https:\/\/politicasocial.vinaros.es\/es\/#\/schema\/person\/25b8c0c60cdeca0d29acc31758a695da"},"breadcrumb":{"@id":"https:\/\/politicasocial.vinaros.es\/es\/jornada-puertas-abiertas-proyecto-amigo-vinaros\/#breadcrumb"},"inLanguage":"es","potentialAction":[{"@type":"ReadAction","target":["https:\/\/politicasocial.vinaros.es\/es\/jornada-puertas-abiertas-proyecto-amigo-vinaros\/"]}]},{"@type":"ImageObject","inLanguage":"es","@id":"https:\/\/politicasocial.vinaros.es\/es\/jornada-puertas-abiertas-proyecto-amigo-vinaros\/#primaryimage","url":"https:\/\/politicasocial.vinaros.es\/wp-content\/uploads\/2023\/01\/serveis-socials-vinaros-jornada-portes-obertes-projecte-amigo-vinaros.jpg","contentUrl":"https:\/\/politicasocial.vinaros.es\/wp-content\/uploads\/2023\/01\/serveis-socials-vinaros-jornada-portes-obertes-projecte-amigo-vinaros.jpg","width":450,"height":338},{"@type":"BreadcrumbList","@id":"https:\/\/politicasocial.vinaros.es\/es\/jornada-puertas-abiertas-proyecto-amigo-vinaros\/#breadcrumb","itemListElement":[{"@type":"ListItem","position":1,"name":"Inicio","item":"https:\/\/politicasocial.vinaros.es\/es\/"},{"@type":"ListItem","position":2,"name":"Servicios Sociales","item":"https:\/\/politicasocial.vinaros.es\/es\/categoria\/servicios-sociales\/"},{"@type":"ListItem","position":3,"name":"Jornada puertas abiertas proyecto Amig\u00f3 Vinar\u00f2s"}]},{"@type":"WebSite","@id":"https:\/\/politicasocial.vinaros.es\/es\/#website","url":"https:\/\/politicasocial.vinaros.es\/es\/","name":"Pol\u00edtica Social - Ajuntament de Vinar\u00f2s","description":"Regidoria de Pol\u00edtica Social","potentialAction":[{"@type":"SearchAction","target":{"@type":"EntryPoint","urlTemplate":"https:\/\/politicasocial.vinaros.es\/es\/?s={search_term_string}"},"query-input":{"@type":"PropertyValueSpecification","valueRequired":true,"valueName":"search_term_string"}}],"inLanguage":"es"},{"@type":"Person","@id":"https:\/\/politicasocial.vinaros.es\/es\/#\/schema\/person\/25b8c0c60cdeca0d29acc31758a695da","name":"Ra\u00fal Torner Martinell","image":{"@type":"ImageObject","inLanguage":"es","@id":"https:\/\/politicasocial.vinaros.es\/es\/#\/schema\/person\/image\/","url":"https:\/\/secure.gravatar.com\/avatar\/3716f530378a992b4951fb4809843919506e982d2df14dcde67785574c23e79b?s=96&d=mm&r=g","contentUrl":"https:\/\/secure.gravatar.com\/avatar\/3716f530378a992b4951fb4809843919506e982d2df14dcde67785574c23e79b?s=96&d=mm&r=g","caption":"Ra\u00fal Torner Martinell"},"url":"https:\/\/politicasocial.vinaros.es\/es"}]}},"_links":{"self":[{"href":"https:\/\/politicasocial.vinaros.es\/es\/wp-json\/wp\/v2\/posts\/1499","targetHints":{"allow":["GET"]}}],"collection":[{"href":"https:\/\/politicasocial.vinaros.es\/es\/wp-json\/wp\/v2\/posts"}],"about":[{"href":"https:\/\/politicasocial.vinaros.es\/es\/wp-json\/wp\/v2\/types\/post"}],"author":[{"embeddable":true,"href":"https:\/\/politicasocial.vinaros.es\/es\/wp-json\/wp\/v2\/users\/1"}],"replies":[{"embeddable":true,"href":"https:\/\/politicasocial.vinaros.es\/es\/wp-json\/wp\/v2\/comments?post=1499"}],"version-history":[{"count":1,"href":"https:\/\/politicasocial.vinaros.es\/es\/wp-json\/wp\/v2\/posts\/1499\/revisions"}],"predecessor-version":[{"id":1500,"href":"https:\/\/politicasocial.vinaros.es\/es\/wp-json\/wp\/v2\/posts\/1499\/revisions\/1500"}],"wp:featuredmedia":[{"embeddable":true,"href":"https:\/\/politicasocial.vinaros.es\/es\/wp-json\/wp\/v2\/media\/1168"}],"wp:attachment":[{"href":"https:\/\/politicasocial.vinaros.es\/es\/wp-json\/wp\/v2\/media?parent=1499"}],"wp:term":[{"taxonomy":"category","embeddable":true,"href":"https:\/\/politicasocial.vinaros.es\/es\/wp-json\/wp\/v2\/categories?post=1499"},{"taxonomy":"post_tag","embeddable":true,"href":"https:\/\/politicasocial.vinaros.es\/es\/wp-json\/wp\/v2\/tags?post=1499"}],"curies":[{"name":"wp","href":"https:\/\/api.w.org\/{rel}","templated":true}]}}