{"id":1851,"date":"2023-03-24T08:44:09","date_gmt":"2023-03-24T07:44:09","guid":{"rendered":"https:\/\/politicasocial.vinaros.es\/invitacion-iii-jornada-de-transferencia-servicios-sociales-y-salud-mental\/"},"modified":"2023-03-24T08:53:57","modified_gmt":"2023-03-24T07:53:57","slug":"invitacion-iii-jornada-de-transferencia-servicios-sociales-y-salud-mental","status":"publish","type":"post","link":"https:\/\/politicasocial.vinaros.es\/es\/invitacion-iii-jornada-de-transferencia-servicios-sociales-y-salud-mental\/","title":{"rendered":"Invitaci\u00f3n III jornada de transferencia, Servicios Sociales y salud mental"},"content":{"rendered":"\n<p>Estimados y estimadas,<\/p>\n\n<p>Nos complace invitaros a la <strong>III JORNADA DE TRANSFERENCIA SERVICIOS SOCIALES Y SALUD MENTAL<em> <\/em><\/strong>que tendr\u00e1 lugar en la sala VinaLab (Vinar\u00f2s) y tambi\u00e9n en formato online el d\u00eda<strong> 29 de marzo de 9:30 h a 14:00 horas<\/strong>, organizada por el Laboratorio de Servicios Sociales, y el Instituto de Desarrollo Social de la Universitat Jaume I.<\/p>\n\n<p>Presentamos el nuevo Servicio de Atenci\u00f3n y Seguimiento para las personas con problemas de Salud Mental Grave (SASEM), as\u00ed como buenas pr\u00e1cticas en el \u00e1mbito de la salud mental en la provincia de Castell\u00f3n. Habr\u00e1n dos mesas redondas: Intervenci\u00f3n del SASEM y buenas pr\u00e1cticas de los Servicios Sociales en materia de salud mental en la provincia de Castell\u00f3n.<\/p>\n\n<p>Esperamos vuestra asistencia al acto y os agradeceremos que hag\u00e1is la difusi\u00f3n a los equipos de servicios sociales y otras personas que puedan estar interesadas.<\/p>\n\n<p>Podr\u00e1n realizar la <strong>inscripci\u00f3n<\/strong> en este <a href=\"https:\/\/jaumei.eu.qualtrics.com\/jfe\/form\/SV_d0a7qc0sM7DVYmG\">enlace<\/a>:<\/p>\n\n<p>Le informamos que, si desea quedarse a <strong><u>comer<\/u><\/strong> el d\u00eda de la jornada, nos informe contestando a este correo: <a href=\"mailto:socialinnova@uji.es\" target=\"_blank\" rel=\"noreferrer noopener\">socialinnova@uji.es<\/a> para poder hacer la reserva de la comida.<\/p>\n\n<p>Reciban un cordial saludo,<\/p>\n\n<p><strong>AMALIA CABOS BARREDA<\/strong> (Regidora Pol\u00edtica Social)<br\/><strong>ANTONIO VALANZUELA FIGOLS<\/strong> (Coordinador Pol\u00edtica Social)<br\/><\/p>\n","protected":false},"excerpt":{"rendered":"<p>Estimados y estimadas, Nos complace invitaros a la III JORNADA DE TRANSFERENCIA SERVICIOS SOCIALES Y SALUD MENTAL que tendr\u00e1 lugar en la sala VinaLab (Vinar\u00f2s) y tambi\u00e9n en formato online el d\u00eda 29 de marzo de 9:30 h a 14:00 horas, organizada por el Laboratorio de Servicios Sociales, y el Instituto de Desarrollo Social de [&hellip;]<\/p>\n","protected":false},"author":2,"featured_media":0,"comment_status":"open","ping_status":"open","sticky":false,"template":"","format":"standard","meta":{"_acf_changed":false,"inline_featured_image":false,"footnotes":""},"categories":[11],"tags":[],"class_list":["post-1851","post","type-post","status-publish","format-standard","hentry","category-servicios-sociales"],"acf":[],"yoast_head":"<!-- This site is optimized with the Yoast SEO plugin v27.0 - https:\/\/yoast.com\/product\/yoast-seo-wordpress\/ -->\n<title>Invitaci\u00f3n III jornada de transferencia, Servicios Sociales y salud mental - Pol\u00edtica Social - Ajuntament de Vinar\u00f2s<\/title>\n<meta name=\"robots\" content=\"index, follow, max-snippet:-1, max-image-preview:large, max-video-preview:-1\" \/>\n<link rel=\"canonical\" href=\"https:\/\/politicasocial.vinaros.es\/es\/invitacion-iii-jornada-de-transferencia-servicios-sociales-y-salud-mental\/\" \/>\n<meta property=\"og:locale\" content=\"es_ES\" \/>\n<meta property=\"og:type\" content=\"article\" \/>\n<meta property=\"og:title\" content=\"Invitaci\u00f3n III jornada de transferencia, Servicios Sociales y salud mental - Pol\u00edtica Social - Ajuntament de Vinar\u00f2s\" \/>\n<meta property=\"og:description\" content=\"Estimados y estimadas, Nos complace invitaros a la III JORNADA DE TRANSFERENCIA SERVICIOS SOCIALES Y SALUD MENTAL que tendr\u00e1 lugar en la sala VinaLab (Vinar\u00f2s) y tambi\u00e9n en formato online el d\u00eda 29 de marzo de 9:30 h a 14:00 horas, organizada por el Laboratorio de Servicios Sociales, y el Instituto de Desarrollo Social de [&hellip;]\" \/>\n<meta property=\"og:url\" content=\"https:\/\/politicasocial.vinaros.es\/es\/invitacion-iii-jornada-de-transferencia-servicios-sociales-y-salud-mental\/\" \/>\n<meta property=\"og:site_name\" content=\"Pol\u00edtica Social - Ajuntament de Vinar\u00f2s\" \/>\n<meta property=\"article:published_time\" content=\"2023-03-24T07:44:09+00:00\" \/>\n<meta property=\"article:modified_time\" content=\"2023-03-24T07:53:57+00:00\" \/>\n<meta name=\"author\" content=\"David Pru\u00f1onosa\" \/>\n<meta name=\"twitter:card\" content=\"summary_large_image\" \/>\n<meta name=\"twitter:label1\" content=\"Escrito por\" \/>\n\t<meta name=\"twitter:data1\" content=\"David Pru\u00f1onosa\" \/>\n\t<meta name=\"twitter:label2\" content=\"Tiempo de lectura\" \/>\n\t<meta name=\"twitter:data2\" content=\"1 minuto\" \/>\n<script type=\"application\/ld+json\" class=\"yoast-schema-graph\">{\"@context\":\"https:\/\/schema.org\",\"@graph\":[{\"@type\":\"Article\",\"@id\":\"https:\/\/politicasocial.vinaros.es\/es\/invitacion-iii-jornada-de-transferencia-servicios-sociales-y-salud-mental\/#article\",\"isPartOf\":{\"@id\":\"https:\/\/politicasocial.vinaros.es\/es\/invitacion-iii-jornada-de-transferencia-servicios-sociales-y-salud-mental\/\"},\"author\":{\"name\":\"David Pru\u00f1onosa\",\"@id\":\"https:\/\/politicasocial.vinaros.es\/es\/#\/schema\/person\/3b1e431ee719cc0fb03b0f048733b979\"},\"headline\":\"Invitaci\u00f3n III jornada de transferencia, Servicios Sociales y salud mental\",\"datePublished\":\"2023-03-24T07:44:09+00:00\",\"dateModified\":\"2023-03-24T07:53:57+00:00\",\"mainEntityOfPage\":{\"@id\":\"https:\/\/politicasocial.vinaros.es\/es\/invitacion-iii-jornada-de-transferencia-servicios-sociales-y-salud-mental\/\"},\"wordCount\":220,\"commentCount\":0,\"articleSection\":[\"Servicios Sociales\"],\"inLanguage\":\"es\",\"potentialAction\":[{\"@type\":\"CommentAction\",\"name\":\"Comment\",\"target\":[\"https:\/\/politicasocial.vinaros.es\/es\/invitacion-iii-jornada-de-transferencia-servicios-sociales-y-salud-mental\/#respond\"]}]},{\"@type\":\"WebPage\",\"@id\":\"https:\/\/politicasocial.vinaros.es\/es\/invitacion-iii-jornada-de-transferencia-servicios-sociales-y-salud-mental\/\",\"url\":\"https:\/\/politicasocial.vinaros.es\/es\/invitacion-iii-jornada-de-transferencia-servicios-sociales-y-salud-mental\/\",\"name\":\"Invitaci\u00f3n III jornada de transferencia, Servicios Sociales y salud mental - Pol\u00edtica Social - Ajuntament de Vinar\u00f2s\",\"isPartOf\":{\"@id\":\"https:\/\/politicasocial.vinaros.es\/es\/#website\"},\"datePublished\":\"2023-03-24T07:44:09+00:00\",\"dateModified\":\"2023-03-24T07:53:57+00:00\",\"author\":{\"@id\":\"https:\/\/politicasocial.vinaros.es\/es\/#\/schema\/person\/3b1e431ee719cc0fb03b0f048733b979\"},\"breadcrumb\":{\"@id\":\"https:\/\/politicasocial.vinaros.es\/es\/invitacion-iii-jornada-de-transferencia-servicios-sociales-y-salud-mental\/#breadcrumb\"},\"inLanguage\":\"es\",\"potentialAction\":[{\"@type\":\"ReadAction\",\"target\":[\"https:\/\/politicasocial.vinaros.es\/es\/invitacion-iii-jornada-de-transferencia-servicios-sociales-y-salud-mental\/\"]}]},{\"@type\":\"BreadcrumbList\",\"@id\":\"https:\/\/politicasocial.vinaros.es\/es\/invitacion-iii-jornada-de-transferencia-servicios-sociales-y-salud-mental\/#breadcrumb\",\"itemListElement\":[{\"@type\":\"ListItem\",\"position\":1,\"name\":\"Inicio\",\"item\":\"https:\/\/politicasocial.vinaros.es\/es\/\"},{\"@type\":\"ListItem\",\"position\":2,\"name\":\"Servicios Sociales\",\"item\":\"https:\/\/politicasocial.vinaros.es\/es\/categoria\/servicios-sociales\/\"},{\"@type\":\"ListItem\",\"position\":3,\"name\":\"Invitaci\u00f3n III jornada de transferencia, Servicios Sociales y salud mental\"}]},{\"@type\":\"WebSite\",\"@id\":\"https:\/\/politicasocial.vinaros.es\/es\/#website\",\"url\":\"https:\/\/politicasocial.vinaros.es\/es\/\",\"name\":\"Pol\u00edtica Social - Ajuntament de Vinar\u00f2s\",\"description\":\"Regidoria de Pol\u00edtica Social\",\"potentialAction\":[{\"@type\":\"SearchAction\",\"target\":{\"@type\":\"EntryPoint\",\"urlTemplate\":\"https:\/\/politicasocial.vinaros.es\/es\/?s={search_term_string}\"},\"query-input\":{\"@type\":\"PropertyValueSpecification\",\"valueRequired\":true,\"valueName\":\"search_term_string\"}}],\"inLanguage\":\"es\"},{\"@type\":\"Person\",\"@id\":\"https:\/\/politicasocial.vinaros.es\/es\/#\/schema\/person\/3b1e431ee719cc0fb03b0f048733b979\",\"name\":\"David Pru\u00f1onosa\",\"image\":{\"@type\":\"ImageObject\",\"inLanguage\":\"es\",\"@id\":\"https:\/\/politicasocial.vinaros.es\/es\/#\/schema\/person\/image\/\",\"url\":\"https:\/\/secure.gravatar.com\/avatar\/5fc128946e8072351e6094f5d9d8cbf13b1c44e70e2c991bc747c7dc60f0b5a5?s=96&d=mm&r=g\",\"contentUrl\":\"https:\/\/secure.gravatar.com\/avatar\/5fc128946e8072351e6094f5d9d8cbf13b1c44e70e2c991bc747c7dc60f0b5a5?s=96&d=mm&r=g\",\"caption\":\"David Pru\u00f1onosa\"},\"url\":\"https:\/\/politicasocial.vinaros.es\/es\"}]}<\/script>\n<!-- \/ Yoast SEO plugin. -->","yoast_head_json":{"title":"Invitaci\u00f3n III jornada de transferencia, Servicios Sociales y salud mental - Pol\u00edtica Social - Ajuntament de Vinar\u00f2s","robots":{"index":"index","follow":"follow","max-snippet":"max-snippet:-1","max-image-preview":"max-image-preview:large","max-video-preview":"max-video-preview:-1"},"canonical":"https:\/\/politicasocial.vinaros.es\/es\/invitacion-iii-jornada-de-transferencia-servicios-sociales-y-salud-mental\/","og_locale":"es_ES","og_type":"article","og_title":"Invitaci\u00f3n III jornada de transferencia, Servicios Sociales y salud mental - Pol\u00edtica Social - Ajuntament de Vinar\u00f2s","og_description":"Estimados y estimadas, Nos complace invitaros a la III JORNADA DE TRANSFERENCIA SERVICIOS SOCIALES Y SALUD MENTAL que tendr\u00e1 lugar en la sala VinaLab (Vinar\u00f2s) y tambi\u00e9n en formato online el d\u00eda 29 de marzo de 9:30 h a 14:00 horas, organizada por el Laboratorio de Servicios Sociales, y el Instituto de Desarrollo Social de [&hellip;]","og_url":"https:\/\/politicasocial.vinaros.es\/es\/invitacion-iii-jornada-de-transferencia-servicios-sociales-y-salud-mental\/","og_site_name":"Pol\u00edtica Social - Ajuntament de Vinar\u00f2s","article_published_time":"2023-03-24T07:44:09+00:00","article_modified_time":"2023-03-24T07:53:57+00:00","author":"David Pru\u00f1onosa","twitter_card":"summary_large_image","twitter_misc":{"Escrito por":"David Pru\u00f1onosa","Tiempo de lectura":"1 minuto"},"schema":{"@context":"https:\/\/schema.org","@graph":[{"@type":"Article","@id":"https:\/\/politicasocial.vinaros.es\/es\/invitacion-iii-jornada-de-transferencia-servicios-sociales-y-salud-mental\/#article","isPartOf":{"@id":"https:\/\/politicasocial.vinaros.es\/es\/invitacion-iii-jornada-de-transferencia-servicios-sociales-y-salud-mental\/"},"author":{"name":"David Pru\u00f1onosa","@id":"https:\/\/politicasocial.vinaros.es\/es\/#\/schema\/person\/3b1e431ee719cc0fb03b0f048733b979"},"headline":"Invitaci\u00f3n III jornada de transferencia, Servicios Sociales y salud mental","datePublished":"2023-03-24T07:44:09+00:00","dateModified":"2023-03-24T07:53:57+00:00","mainEntityOfPage":{"@id":"https:\/\/politicasocial.vinaros.es\/es\/invitacion-iii-jornada-de-transferencia-servicios-sociales-y-salud-mental\/"},"wordCount":220,"commentCount":0,"articleSection":["Servicios Sociales"],"inLanguage":"es","potentialAction":[{"@type":"CommentAction","name":"Comment","target":["https:\/\/politicasocial.vinaros.es\/es\/invitacion-iii-jornada-de-transferencia-servicios-sociales-y-salud-mental\/#respond"]}]},{"@type":"WebPage","@id":"https:\/\/politicasocial.vinaros.es\/es\/invitacion-iii-jornada-de-transferencia-servicios-sociales-y-salud-mental\/","url":"https:\/\/politicasocial.vinaros.es\/es\/invitacion-iii-jornada-de-transferencia-servicios-sociales-y-salud-mental\/","name":"Invitaci\u00f3n III jornada de transferencia, Servicios Sociales y salud mental - Pol\u00edtica Social - Ajuntament de Vinar\u00f2s","isPartOf":{"@id":"https:\/\/politicasocial.vinaros.es\/es\/#website"},"datePublished":"2023-03-24T07:44:09+00:00","dateModified":"2023-03-24T07:53:57+00:00","author":{"@id":"https:\/\/politicasocial.vinaros.es\/es\/#\/schema\/person\/3b1e431ee719cc0fb03b0f048733b979"},"breadcrumb":{"@id":"https:\/\/politicasocial.vinaros.es\/es\/invitacion-iii-jornada-de-transferencia-servicios-sociales-y-salud-mental\/#breadcrumb"},"inLanguage":"es","potentialAction":[{"@type":"ReadAction","target":["https:\/\/politicasocial.vinaros.es\/es\/invitacion-iii-jornada-de-transferencia-servicios-sociales-y-salud-mental\/"]}]},{"@type":"BreadcrumbList","@id":"https:\/\/politicasocial.vinaros.es\/es\/invitacion-iii-jornada-de-transferencia-servicios-sociales-y-salud-mental\/#breadcrumb","itemListElement":[{"@type":"ListItem","position":1,"name":"Inicio","item":"https:\/\/politicasocial.vinaros.es\/es\/"},{"@type":"ListItem","position":2,"name":"Servicios Sociales","item":"https:\/\/politicasocial.vinaros.es\/es\/categoria\/servicios-sociales\/"},{"@type":"ListItem","position":3,"name":"Invitaci\u00f3n III jornada de transferencia, Servicios Sociales y salud mental"}]},{"@type":"WebSite","@id":"https:\/\/politicasocial.vinaros.es\/es\/#website","url":"https:\/\/politicasocial.vinaros.es\/es\/","name":"Pol\u00edtica Social - Ajuntament de Vinar\u00f2s","description":"Regidoria de Pol\u00edtica Social","potentialAction":[{"@type":"SearchAction","target":{"@type":"EntryPoint","urlTemplate":"https:\/\/politicasocial.vinaros.es\/es\/?s={search_term_string}"},"query-input":{"@type":"PropertyValueSpecification","valueRequired":true,"valueName":"search_term_string"}}],"inLanguage":"es"},{"@type":"Person","@id":"https:\/\/politicasocial.vinaros.es\/es\/#\/schema\/person\/3b1e431ee719cc0fb03b0f048733b979","name":"David Pru\u00f1onosa","image":{"@type":"ImageObject","inLanguage":"es","@id":"https:\/\/politicasocial.vinaros.es\/es\/#\/schema\/person\/image\/","url":"https:\/\/secure.gravatar.com\/avatar\/5fc128946e8072351e6094f5d9d8cbf13b1c44e70e2c991bc747c7dc60f0b5a5?s=96&d=mm&r=g","contentUrl":"https:\/\/secure.gravatar.com\/avatar\/5fc128946e8072351e6094f5d9d8cbf13b1c44e70e2c991bc747c7dc60f0b5a5?s=96&d=mm&r=g","caption":"David Pru\u00f1onosa"},"url":"https:\/\/politicasocial.vinaros.es\/es"}]}},"_links":{"self":[{"href":"https:\/\/politicasocial.vinaros.es\/es\/wp-json\/wp\/v2\/posts\/1851","targetHints":{"allow":["GET"]}}],"collection":[{"href":"https:\/\/politicasocial.vinaros.es\/es\/wp-json\/wp\/v2\/posts"}],"about":[{"href":"https:\/\/politicasocial.vinaros.es\/es\/wp-json\/wp\/v2\/types\/post"}],"author":[{"embeddable":true,"href":"https:\/\/politicasocial.vinaros.es\/es\/wp-json\/wp\/v2\/users\/2"}],"replies":[{"embeddable":true,"href":"https:\/\/politicasocial.vinaros.es\/es\/wp-json\/wp\/v2\/comments?post=1851"}],"version-history":[{"count":9,"href":"https:\/\/politicasocial.vinaros.es\/es\/wp-json\/wp\/v2\/posts\/1851\/revisions"}],"predecessor-version":[{"id":1867,"href":"https:\/\/politicasocial.vinaros.es\/es\/wp-json\/wp\/v2\/posts\/1851\/revisions\/1867"}],"wp:attachment":[{"href":"https:\/\/politicasocial.vinaros.es\/es\/wp-json\/wp\/v2\/media?parent=1851"}],"wp:term":[{"taxonomy":"category","embeddable":true,"href":"https:\/\/politicasocial.vinaros.es\/es\/wp-json\/wp\/v2\/categories?post=1851"},{"taxonomy":"post_tag","embeddable":true,"href":"https:\/\/politicasocial.vinaros.es\/es\/wp-json\/wp\/v2\/tags?post=1851"}],"curies":[{"name":"wp","href":"https:\/\/api.w.org\/{rel}","templated":true}]}}