{"id":1960,"date":"2023-04-24T13:28:16","date_gmt":"2023-04-24T11:28:16","guid":{"rendered":"https:\/\/politicasocial.vinaros.es\/?p=1960"},"modified":"2023-04-24T13:37:05","modified_gmt":"2023-04-24T11:37:05","slug":"la-doctora-sacramento-pinazo-participara-en-ciutat-felic-happy-con-una-conferencia-de-intergeneracionalidad","status":"publish","type":"post","link":"https:\/\/politicasocial.vinaros.es\/es\/la-doctora-sacramento-pinazo-participara-en-ciutat-felic-happy-con-una-conferencia-de-intergeneracionalidad\/","title":{"rendered":"La doctora Sacramento Pinazo participar\u00e0 en \u00abCiutat Feli\u00e7 Happy\u00bb con una conferencia de intergeneracionalidad"},"content":{"rendered":"\n<p>\u00bfQU\u00c9 ES Y POR QU\u00c9 LA INTERGENERACIONALIDAD?<br>Dra. Sacramento Pinazo-Hernandis. Dra. Sacramento Pinazo-Hernandis. Profesora de Psicolog\u00eda Social en la Universidad de Valencia Presidenta de la Sociedad Valenciana de Geriatr\u00eda y Gerontolog\u00eda<br>Las relaciones intergeneracionales son las relaciones entre personas de distintas generaciones. Establecer relaciones con otras generaciones enriquece a ambas. La relaci\u00f3n intergeneracional es un instrumento inigualable para reducir los estereotipos negativos que a menudo separan a las generaciones<br>Los programas intergeneracionales son una manera eficaz de ofrecer oportunidades de participaci\u00f3n activa en su entorno a las personas; posibilitan experiencias de relaci\u00f3n y cooperaci\u00f3n entre personas de diferentes edades, orientadas a favorecer la transmisi\u00f3n e intercambio de conocimientos, competencias y valores, y que adem\u00e1s de posibilitar el enriquecimiento personal y grupal, pueden contribuir activamente a la cohesi\u00f3n y desarrollo comunitarios.<br>Las relaciones intergeneracionales son beneficiosas tanto para las personas mayores como las j\u00f3venes o ni\u00f1os. La implicaci\u00f3n debe ser planificada y continuada con el fin de facilitar el encuentro entre generaciones. Las personas mayores que participan en actividades con otras generaciones, aumentan su sentimiento de val\u00eda personal, bienestar, optimismo, felicidad, y el sentido de pertenencia a la comunidad. El beneficio de la intergeneracionalidad se extiende a las familias, la comunidad y las instituciones<br>El trabajo desde la perspectiva Intergeneracional est\u00e1 centrado en el intercambio y beneficio mutuo. Tanto las personas mayores como las personas de otras generaciones tienen la posibilidad de dar y recibir. Dar a otras generaciones les permite sentirse \u00fatiles, valiosos y valorados.<br>El t\u00e9rmino \u201cinter\u201d supone la implicaci\u00f3n de los participantes. No se trata de una relaci\u00f3n de servicio o de asistencia, sino de mutuo intercambio, cooperaci\u00f3n y enriquecimiento mutuo. Se busca el logro de metas comunes y de un cambio cultural que signifique una mejora en sus vidas, permite que compartan su historia y su presente como un bien valioso para otros. Tambi\u00e9n permite aprender de los m\u00e1s j\u00f3venes y recibir atenci\u00f3n y afecto.<\/p>\n\n\n\n<p>Podemos hablar al menos de desarrollo en tres \u00e1reas: participaci\u00f3n y experiencia; relaci\u00f3n, cooperaci\u00f3n e intercambio; y desarrollo comunitario.<\/p>\n\n\n\n<figure class=\"wp-block-table\"><table><tbody><tr><td><br>PARTICIPACI\u00d3N, EXPERIENCIA<\/td><td><br>Las relaciones intergeneracionales implican<br>una participaci\u00f3n activa. El car\u00e1cter experiencial de los<br>programas intergeneracionales es lo que facilita que el intercambio<br>de conocimiento sea significativo.<br><br><\/td><\/tr><tr><td><br>RELACI\u00d3N, COOPERACI\u00d3N, INTERCAMBIO<\/td><td>Las relaciones intergeneracionales van m\u00e1s all\u00e1 de juntar<br>a personas de distintas edades o generaciones, pues<br>implica interacci\u00f3n e influencia mutua.<\/td><\/tr><tr><td><br>DESARROLLO COMUNITARIO<\/td><td><br>Los programas intergeneracionales tienen la intenci\u00f3n de<br>provocar un aprendizaje, un cambio positivo en las<br>personas que participan y la comunidad\/sociedad en la que<br>viven, generando valor.<\/td><\/tr><\/tbody><\/table><\/figure>\n","protected":false},"excerpt":{"rendered":"<p>\u00bfQU\u00c9 ES Y POR QU\u00c9 LA INTERGENERACIONALIDAD?Dra. Sacramento Pinazo-Hernandis. Dra. Sacramento Pinazo-Hernandis. Profesora de Psicolog\u00eda Social en la Universidad de Valencia Presidenta de la Sociedad Valenciana de Geriatr\u00eda y Gerontolog\u00edaLas relaciones intergeneracionales son las relaciones entre personas de distintas generaciones. Establecer relaciones con otras generaciones enriquece a ambas. La relaci\u00f3n intergeneracional es un instrumento inigualable [&hellip;]<\/p>\n","protected":false},"author":5,"featured_media":1957,"comment_status":"open","ping_status":"open","sticky":false,"template":"","format":"standard","meta":{"_acf_changed":false,"inline_featured_image":false,"footnotes":""},"categories":[11],"tags":[],"class_list":["post-1960","post","type-post","status-publish","format-standard","has-post-thumbnail","hentry","category-servicios-sociales"],"acf":[],"yoast_head":"<!-- This site is optimized with the Yoast SEO plugin v27.0 - https:\/\/yoast.com\/product\/yoast-seo-wordpress\/ -->\n<title>La doctora Sacramento Pinazo participar\u00e0 en &quot;Ciutat Feli\u00e7 Happy&quot; con una conferencia de intergeneracionalidad - Pol\u00edtica Social - Ajuntament de Vinar\u00f2s<\/title>\n<meta name=\"robots\" content=\"index, follow, max-snippet:-1, max-image-preview:large, max-video-preview:-1\" \/>\n<link rel=\"canonical\" href=\"https:\/\/politicasocial.vinaros.es\/es\/la-doctora-sacramento-pinazo-participara-en-ciutat-felic-happy-con-una-conferencia-de-intergeneracionalidad\/\" \/>\n<meta property=\"og:locale\" content=\"es_ES\" \/>\n<meta property=\"og:type\" content=\"article\" \/>\n<meta property=\"og:title\" content=\"La doctora Sacramento Pinazo participar\u00e0 en &quot;Ciutat Feli\u00e7 Happy&quot; con una conferencia de intergeneracionalidad - Pol\u00edtica Social - Ajuntament de Vinar\u00f2s\" \/>\n<meta property=\"og:description\" content=\"\u00bfQU\u00c9 ES Y POR QU\u00c9 LA INTERGENERACIONALIDAD?Dra. Sacramento Pinazo-Hernandis. Dra. Sacramento Pinazo-Hernandis. Profesora de Psicolog\u00eda Social en la Universidad de Valencia Presidenta de la Sociedad Valenciana de Geriatr\u00eda y Gerontolog\u00edaLas relaciones intergeneracionales son las relaciones entre personas de distintas generaciones. Establecer relaciones con otras generaciones enriquece a ambas. La relaci\u00f3n intergeneracional es un instrumento inigualable [&hellip;]\" \/>\n<meta property=\"og:url\" content=\"https:\/\/politicasocial.vinaros.es\/es\/la-doctora-sacramento-pinazo-participara-en-ciutat-felic-happy-con-una-conferencia-de-intergeneracionalidad\/\" \/>\n<meta property=\"og:site_name\" content=\"Pol\u00edtica Social - Ajuntament de Vinar\u00f2s\" \/>\n<meta property=\"article:published_time\" content=\"2023-04-24T11:28:16+00:00\" \/>\n<meta property=\"article:modified_time\" content=\"2023-04-24T11:37:05+00:00\" \/>\n<meta name=\"author\" content=\"Maite Minguez\" \/>\n<meta name=\"twitter:card\" content=\"summary_large_image\" \/>\n<meta name=\"twitter:label1\" content=\"Escrito por\" \/>\n\t<meta name=\"twitter:data1\" content=\"Maite Minguez\" \/>\n\t<meta name=\"twitter:label2\" content=\"Tiempo de lectura\" \/>\n\t<meta name=\"twitter:data2\" content=\"3 minutos\" \/>\n<script type=\"application\/ld+json\" class=\"yoast-schema-graph\">{\"@context\":\"https:\/\/schema.org\",\"@graph\":[{\"@type\":\"Article\",\"@id\":\"https:\/\/politicasocial.vinaros.es\/es\/la-doctora-sacramento-pinazo-participara-en-ciutat-felic-happy-con-una-conferencia-de-intergeneracionalidad\/#article\",\"isPartOf\":{\"@id\":\"https:\/\/politicasocial.vinaros.es\/es\/la-doctora-sacramento-pinazo-participara-en-ciutat-felic-happy-con-una-conferencia-de-intergeneracionalidad\/\"},\"author\":{\"name\":\"Maite Minguez\",\"@id\":\"https:\/\/politicasocial.vinaros.es\/es\/#\/schema\/person\/3153dd38d2adbd296f1fecae61173776\"},\"headline\":\"La doctora Sacramento Pinazo participar\u00e0 en \u00abCiutat Feli\u00e7 Happy\u00bb con una conferencia de intergeneracionalidad\",\"datePublished\":\"2023-04-24T11:28:16+00:00\",\"dateModified\":\"2023-04-24T11:37:05+00:00\",\"mainEntityOfPage\":{\"@id\":\"https:\/\/politicasocial.vinaros.es\/es\/la-doctora-sacramento-pinazo-participara-en-ciutat-felic-happy-con-una-conferencia-de-intergeneracionalidad\/\"},\"wordCount\":454,\"commentCount\":0,\"image\":{\"@id\":\"https:\/\/politicasocial.vinaros.es\/es\/la-doctora-sacramento-pinazo-participara-en-ciutat-felic-happy-con-una-conferencia-de-intergeneracionalidad\/#primaryimage\"},\"thumbnailUrl\":\"https:\/\/politicasocial.vinaros.es\/wp-content\/uploads\/2023\/04\/club-vida-2023-002-4-pdf.jpg\",\"articleSection\":[\"Servicios Sociales\"],\"inLanguage\":\"es\",\"potentialAction\":[{\"@type\":\"CommentAction\",\"name\":\"Comment\",\"target\":[\"https:\/\/politicasocial.vinaros.es\/es\/la-doctora-sacramento-pinazo-participara-en-ciutat-felic-happy-con-una-conferencia-de-intergeneracionalidad\/#respond\"]}]},{\"@type\":\"WebPage\",\"@id\":\"https:\/\/politicasocial.vinaros.es\/es\/la-doctora-sacramento-pinazo-participara-en-ciutat-felic-happy-con-una-conferencia-de-intergeneracionalidad\/\",\"url\":\"https:\/\/politicasocial.vinaros.es\/es\/la-doctora-sacramento-pinazo-participara-en-ciutat-felic-happy-con-una-conferencia-de-intergeneracionalidad\/\",\"name\":\"La doctora Sacramento Pinazo participar\u00e0 en \\\"Ciutat Feli\u00e7 Happy\\\" con una conferencia de intergeneracionalidad - Pol\u00edtica Social - Ajuntament de Vinar\u00f2s\",\"isPartOf\":{\"@id\":\"https:\/\/politicasocial.vinaros.es\/es\/#website\"},\"primaryImageOfPage\":{\"@id\":\"https:\/\/politicasocial.vinaros.es\/es\/la-doctora-sacramento-pinazo-participara-en-ciutat-felic-happy-con-una-conferencia-de-intergeneracionalidad\/#primaryimage\"},\"image\":{\"@id\":\"https:\/\/politicasocial.vinaros.es\/es\/la-doctora-sacramento-pinazo-participara-en-ciutat-felic-happy-con-una-conferencia-de-intergeneracionalidad\/#primaryimage\"},\"thumbnailUrl\":\"https:\/\/politicasocial.vinaros.es\/wp-content\/uploads\/2023\/04\/club-vida-2023-002-4-pdf.jpg\",\"datePublished\":\"2023-04-24T11:28:16+00:00\",\"dateModified\":\"2023-04-24T11:37:05+00:00\",\"author\":{\"@id\":\"https:\/\/politicasocial.vinaros.es\/es\/#\/schema\/person\/3153dd38d2adbd296f1fecae61173776\"},\"breadcrumb\":{\"@id\":\"https:\/\/politicasocial.vinaros.es\/es\/la-doctora-sacramento-pinazo-participara-en-ciutat-felic-happy-con-una-conferencia-de-intergeneracionalidad\/#breadcrumb\"},\"inLanguage\":\"es\",\"potentialAction\":[{\"@type\":\"ReadAction\",\"target\":[\"https:\/\/politicasocial.vinaros.es\/es\/la-doctora-sacramento-pinazo-participara-en-ciutat-felic-happy-con-una-conferencia-de-intergeneracionalidad\/\"]}]},{\"@type\":\"ImageObject\",\"inLanguage\":\"es\",\"@id\":\"https:\/\/politicasocial.vinaros.es\/es\/la-doctora-sacramento-pinazo-participara-en-ciutat-felic-happy-con-una-conferencia-de-intergeneracionalidad\/#primaryimage\",\"url\":\"https:\/\/politicasocial.vinaros.es\/wp-content\/uploads\/2023\/04\/club-vida-2023-002-4-pdf.jpg\",\"contentUrl\":\"https:\/\/politicasocial.vinaros.es\/wp-content\/uploads\/2023\/04\/club-vida-2023-002-4-pdf.jpg\"},{\"@type\":\"BreadcrumbList\",\"@id\":\"https:\/\/politicasocial.vinaros.es\/es\/la-doctora-sacramento-pinazo-participara-en-ciutat-felic-happy-con-una-conferencia-de-intergeneracionalidad\/#breadcrumb\",\"itemListElement\":[{\"@type\":\"ListItem\",\"position\":1,\"name\":\"Inicio\",\"item\":\"https:\/\/politicasocial.vinaros.es\/es\/\"},{\"@type\":\"ListItem\",\"position\":2,\"name\":\"Servicios Sociales\",\"item\":\"https:\/\/politicasocial.vinaros.es\/es\/categoria\/servicios-sociales\/\"},{\"@type\":\"ListItem\",\"position\":3,\"name\":\"La doctora Sacramento Pinazo participar\u00e0 en &#8220;Ciutat Feli\u00e7 Happy&#8221; con una conferencia de intergeneracionalidad\"}]},{\"@type\":\"WebSite\",\"@id\":\"https:\/\/politicasocial.vinaros.es\/es\/#website\",\"url\":\"https:\/\/politicasocial.vinaros.es\/es\/\",\"name\":\"Pol\u00edtica Social - Ajuntament de Vinar\u00f2s\",\"description\":\"Regidoria de Pol\u00edtica Social\",\"potentialAction\":[{\"@type\":\"SearchAction\",\"target\":{\"@type\":\"EntryPoint\",\"urlTemplate\":\"https:\/\/politicasocial.vinaros.es\/es\/?s={search_term_string}\"},\"query-input\":{\"@type\":\"PropertyValueSpecification\",\"valueRequired\":true,\"valueName\":\"search_term_string\"}}],\"inLanguage\":\"es\"},{\"@type\":\"Person\",\"@id\":\"https:\/\/politicasocial.vinaros.es\/es\/#\/schema\/person\/3153dd38d2adbd296f1fecae61173776\",\"name\":\"Maite Minguez\",\"image\":{\"@type\":\"ImageObject\",\"inLanguage\":\"es\",\"@id\":\"https:\/\/politicasocial.vinaros.es\/es\/#\/schema\/person\/image\/\",\"url\":\"https:\/\/secure.gravatar.com\/avatar\/b43f643fe83622ce205212795d506ad78446f2132a2a49411178d132ec2dd8d3?s=96&d=mm&r=g\",\"contentUrl\":\"https:\/\/secure.gravatar.com\/avatar\/b43f643fe83622ce205212795d506ad78446f2132a2a49411178d132ec2dd8d3?s=96&d=mm&r=g\",\"caption\":\"Maite Minguez\"},\"url\":\"https:\/\/politicasocial.vinaros.es\/es\"}]}<\/script>\n<!-- \/ Yoast SEO plugin. -->","yoast_head_json":{"title":"La doctora Sacramento Pinazo participar\u00e0 en \"Ciutat Feli\u00e7 Happy\" con una conferencia de intergeneracionalidad - Pol\u00edtica Social - Ajuntament de Vinar\u00f2s","robots":{"index":"index","follow":"follow","max-snippet":"max-snippet:-1","max-image-preview":"max-image-preview:large","max-video-preview":"max-video-preview:-1"},"canonical":"https:\/\/politicasocial.vinaros.es\/es\/la-doctora-sacramento-pinazo-participara-en-ciutat-felic-happy-con-una-conferencia-de-intergeneracionalidad\/","og_locale":"es_ES","og_type":"article","og_title":"La doctora Sacramento Pinazo participar\u00e0 en \"Ciutat Feli\u00e7 Happy\" con una conferencia de intergeneracionalidad - Pol\u00edtica Social - Ajuntament de Vinar\u00f2s","og_description":"\u00bfQU\u00c9 ES Y POR QU\u00c9 LA INTERGENERACIONALIDAD?Dra. Sacramento Pinazo-Hernandis. Dra. Sacramento Pinazo-Hernandis. Profesora de Psicolog\u00eda Social en la Universidad de Valencia Presidenta de la Sociedad Valenciana de Geriatr\u00eda y Gerontolog\u00edaLas relaciones intergeneracionales son las relaciones entre personas de distintas generaciones. Establecer relaciones con otras generaciones enriquece a ambas. La relaci\u00f3n intergeneracional es un instrumento inigualable [&hellip;]","og_url":"https:\/\/politicasocial.vinaros.es\/es\/la-doctora-sacramento-pinazo-participara-en-ciutat-felic-happy-con-una-conferencia-de-intergeneracionalidad\/","og_site_name":"Pol\u00edtica Social - Ajuntament de Vinar\u00f2s","article_published_time":"2023-04-24T11:28:16+00:00","article_modified_time":"2023-04-24T11:37:05+00:00","author":"Maite Minguez","twitter_card":"summary_large_image","twitter_misc":{"Escrito por":"Maite Minguez","Tiempo de lectura":"3 minutos"},"schema":{"@context":"https:\/\/schema.org","@graph":[{"@type":"Article","@id":"https:\/\/politicasocial.vinaros.es\/es\/la-doctora-sacramento-pinazo-participara-en-ciutat-felic-happy-con-una-conferencia-de-intergeneracionalidad\/#article","isPartOf":{"@id":"https:\/\/politicasocial.vinaros.es\/es\/la-doctora-sacramento-pinazo-participara-en-ciutat-felic-happy-con-una-conferencia-de-intergeneracionalidad\/"},"author":{"name":"Maite Minguez","@id":"https:\/\/politicasocial.vinaros.es\/es\/#\/schema\/person\/3153dd38d2adbd296f1fecae61173776"},"headline":"La doctora Sacramento Pinazo participar\u00e0 en \u00abCiutat Feli\u00e7 Happy\u00bb con una conferencia de intergeneracionalidad","datePublished":"2023-04-24T11:28:16+00:00","dateModified":"2023-04-24T11:37:05+00:00","mainEntityOfPage":{"@id":"https:\/\/politicasocial.vinaros.es\/es\/la-doctora-sacramento-pinazo-participara-en-ciutat-felic-happy-con-una-conferencia-de-intergeneracionalidad\/"},"wordCount":454,"commentCount":0,"image":{"@id":"https:\/\/politicasocial.vinaros.es\/es\/la-doctora-sacramento-pinazo-participara-en-ciutat-felic-happy-con-una-conferencia-de-intergeneracionalidad\/#primaryimage"},"thumbnailUrl":"https:\/\/politicasocial.vinaros.es\/wp-content\/uploads\/2023\/04\/club-vida-2023-002-4-pdf.jpg","articleSection":["Servicios Sociales"],"inLanguage":"es","potentialAction":[{"@type":"CommentAction","name":"Comment","target":["https:\/\/politicasocial.vinaros.es\/es\/la-doctora-sacramento-pinazo-participara-en-ciutat-felic-happy-con-una-conferencia-de-intergeneracionalidad\/#respond"]}]},{"@type":"WebPage","@id":"https:\/\/politicasocial.vinaros.es\/es\/la-doctora-sacramento-pinazo-participara-en-ciutat-felic-happy-con-una-conferencia-de-intergeneracionalidad\/","url":"https:\/\/politicasocial.vinaros.es\/es\/la-doctora-sacramento-pinazo-participara-en-ciutat-felic-happy-con-una-conferencia-de-intergeneracionalidad\/","name":"La doctora Sacramento Pinazo participar\u00e0 en \"Ciutat Feli\u00e7 Happy\" con una conferencia de intergeneracionalidad - Pol\u00edtica Social - Ajuntament de Vinar\u00f2s","isPartOf":{"@id":"https:\/\/politicasocial.vinaros.es\/es\/#website"},"primaryImageOfPage":{"@id":"https:\/\/politicasocial.vinaros.es\/es\/la-doctora-sacramento-pinazo-participara-en-ciutat-felic-happy-con-una-conferencia-de-intergeneracionalidad\/#primaryimage"},"image":{"@id":"https:\/\/politicasocial.vinaros.es\/es\/la-doctora-sacramento-pinazo-participara-en-ciutat-felic-happy-con-una-conferencia-de-intergeneracionalidad\/#primaryimage"},"thumbnailUrl":"https:\/\/politicasocial.vinaros.es\/wp-content\/uploads\/2023\/04\/club-vida-2023-002-4-pdf.jpg","datePublished":"2023-04-24T11:28:16+00:00","dateModified":"2023-04-24T11:37:05+00:00","author":{"@id":"https:\/\/politicasocial.vinaros.es\/es\/#\/schema\/person\/3153dd38d2adbd296f1fecae61173776"},"breadcrumb":{"@id":"https:\/\/politicasocial.vinaros.es\/es\/la-doctora-sacramento-pinazo-participara-en-ciutat-felic-happy-con-una-conferencia-de-intergeneracionalidad\/#breadcrumb"},"inLanguage":"es","potentialAction":[{"@type":"ReadAction","target":["https:\/\/politicasocial.vinaros.es\/es\/la-doctora-sacramento-pinazo-participara-en-ciutat-felic-happy-con-una-conferencia-de-intergeneracionalidad\/"]}]},{"@type":"ImageObject","inLanguage":"es","@id":"https:\/\/politicasocial.vinaros.es\/es\/la-doctora-sacramento-pinazo-participara-en-ciutat-felic-happy-con-una-conferencia-de-intergeneracionalidad\/#primaryimage","url":"https:\/\/politicasocial.vinaros.es\/wp-content\/uploads\/2023\/04\/club-vida-2023-002-4-pdf.jpg","contentUrl":"https:\/\/politicasocial.vinaros.es\/wp-content\/uploads\/2023\/04\/club-vida-2023-002-4-pdf.jpg"},{"@type":"BreadcrumbList","@id":"https:\/\/politicasocial.vinaros.es\/es\/la-doctora-sacramento-pinazo-participara-en-ciutat-felic-happy-con-una-conferencia-de-intergeneracionalidad\/#breadcrumb","itemListElement":[{"@type":"ListItem","position":1,"name":"Inicio","item":"https:\/\/politicasocial.vinaros.es\/es\/"},{"@type":"ListItem","position":2,"name":"Servicios Sociales","item":"https:\/\/politicasocial.vinaros.es\/es\/categoria\/servicios-sociales\/"},{"@type":"ListItem","position":3,"name":"La doctora Sacramento Pinazo participar\u00e0 en &#8220;Ciutat Feli\u00e7 Happy&#8221; con una conferencia de intergeneracionalidad"}]},{"@type":"WebSite","@id":"https:\/\/politicasocial.vinaros.es\/es\/#website","url":"https:\/\/politicasocial.vinaros.es\/es\/","name":"Pol\u00edtica Social - Ajuntament de Vinar\u00f2s","description":"Regidoria de Pol\u00edtica Social","potentialAction":[{"@type":"SearchAction","target":{"@type":"EntryPoint","urlTemplate":"https:\/\/politicasocial.vinaros.es\/es\/?s={search_term_string}"},"query-input":{"@type":"PropertyValueSpecification","valueRequired":true,"valueName":"search_term_string"}}],"inLanguage":"es"},{"@type":"Person","@id":"https:\/\/politicasocial.vinaros.es\/es\/#\/schema\/person\/3153dd38d2adbd296f1fecae61173776","name":"Maite Minguez","image":{"@type":"ImageObject","inLanguage":"es","@id":"https:\/\/politicasocial.vinaros.es\/es\/#\/schema\/person\/image\/","url":"https:\/\/secure.gravatar.com\/avatar\/b43f643fe83622ce205212795d506ad78446f2132a2a49411178d132ec2dd8d3?s=96&d=mm&r=g","contentUrl":"https:\/\/secure.gravatar.com\/avatar\/b43f643fe83622ce205212795d506ad78446f2132a2a49411178d132ec2dd8d3?s=96&d=mm&r=g","caption":"Maite Minguez"},"url":"https:\/\/politicasocial.vinaros.es\/es"}]}},"_links":{"self":[{"href":"https:\/\/politicasocial.vinaros.es\/es\/wp-json\/wp\/v2\/posts\/1960","targetHints":{"allow":["GET"]}}],"collection":[{"href":"https:\/\/politicasocial.vinaros.es\/es\/wp-json\/wp\/v2\/posts"}],"about":[{"href":"https:\/\/politicasocial.vinaros.es\/es\/wp-json\/wp\/v2\/types\/post"}],"author":[{"embeddable":true,"href":"https:\/\/politicasocial.vinaros.es\/es\/wp-json\/wp\/v2\/users\/5"}],"replies":[{"embeddable":true,"href":"https:\/\/politicasocial.vinaros.es\/es\/wp-json\/wp\/v2\/comments?post=1960"}],"version-history":[{"count":4,"href":"https:\/\/politicasocial.vinaros.es\/es\/wp-json\/wp\/v2\/posts\/1960\/revisions"}],"predecessor-version":[{"id":1965,"href":"https:\/\/politicasocial.vinaros.es\/es\/wp-json\/wp\/v2\/posts\/1960\/revisions\/1965"}],"wp:featuredmedia":[{"embeddable":true,"href":"https:\/\/politicasocial.vinaros.es\/es\/wp-json\/wp\/v2\/media\/1957"}],"wp:attachment":[{"href":"https:\/\/politicasocial.vinaros.es\/es\/wp-json\/wp\/v2\/media?parent=1960"}],"wp:term":[{"taxonomy":"category","embeddable":true,"href":"https:\/\/politicasocial.vinaros.es\/es\/wp-json\/wp\/v2\/categories?post=1960"},{"taxonomy":"post_tag","embeddable":true,"href":"https:\/\/politicasocial.vinaros.es\/es\/wp-json\/wp\/v2\/tags?post=1960"}],"curies":[{"name":"wp","href":"https:\/\/api.w.org\/{rel}","templated":true}]}}