{"id":2134,"date":"2024-06-04T14:19:46","date_gmt":"2024-06-04T12:19:46","guid":{"rendered":"https:\/\/politicasocial.vinaros.es\/lajuntament-vinaros-actualitza-la-ordenanca-municipal-per-financiar-ongs-que-treballen-a-la-ciutat\/"},"modified":"2024-06-04T14:26:38","modified_gmt":"2024-06-04T12:26:38","slug":"lajuntament-vinaros-actualitza-la-ordenanca-municipal-per-financiar-ongs-que-treballen-a-la-ciutat","status":"publish","type":"post","link":"https:\/\/politicasocial.vinaros.es\/es\/lajuntament-vinaros-actualitza-la-ordenanca-municipal-per-financiar-ongs-que-treballen-a-la-ciutat\/","title":{"rendered":"L&#8217;Ajuntament Vinar\u00f2s actualitza la ordenan\u00e7a municipal per financiar ONGS que treballen a la ciutat"},"content":{"rendered":"\n<p>Avu\u00ed dilluns ; 4 de juny, es convocaren en sal\u00f3 de la Biblioteca Municipal a totes les entitats i ongs que treballen en la ciutat de Vinar\u00f2s per explicar la nova ordenan\u00e7a que regula la financiaci\u00f3 d&#8217;aquestes en funci\u00f3 de uns criteris que han sigut elaborats per els t\u00e9cnics municipals d&#8217;acci\u00f3 comunitaria del serveis socials atenci\u00f3 primaria , b\u00e1sica i espec\u00edfica, i que tenen que vore en aspectes relacionats en les prioritats socials de la ciutat aix\u00ed com caracter\u00edstiques programatics i de elaboraci\u00f3 de los plans i servicis que es presentar\u00e1n en aquesta convocatoria.<\/p>\n\n<p>De les 25\/30 entitats convocades, han asistit 15 ( havien confirmat) fen una primera presentaci\u00f3 el coordinador t\u00e9cnic de l&#8217;area de Politica Social, Antonio Valanzuela, que ha fet repas a les relacions hist\u00f3riques dels serveis socials de la ciutat en les diferentes entitats durant aquests ultims quasi quaranta anys, destacan la elaboraci\u00f3 conjunta del pl\u00e1 d&#8217;inclusi\u00f3 social 2018\/24 i el treball en situacions de emergencia com la pandemia Covid i els refugiats Ucranians.<\/p>\n\n<p>La t\u00e9cnica integraci\u00f3 social , Marta Escudero, en la mediadora social, Inma Picado, han explicat despr\u00e8s pormenoritzadament les bases, paran se en cada un dels apartats puntuables per a poder accedir a la financiaci\u00f3 esmentada que enguany se veu incrementada pasan de 100.000 a 150.000 euros. en la salvetat que es far\u00e1n dos blocs; un per el apartat ajudes socials i altre per programes i serveis. <\/p>\n\n<p>La ordenan\u00e7a est\u00e1 en periode d&#8217;exposici\u00f3 i es poden fer alegacions i propostes que el consistori dilucidar\u00e1 en funci\u00f3 de les prioritats politiques e indicacions dels respectius serveis juridics i lo que informen sobre les propostes de les entitats. <\/p>\n\n<p><\/p>\n\n<figure class=\"wp-block-image size-large\"><img loading=\"lazy\" decoding=\"async\" width=\"1200\" height=\"900\" src=\"https:\/\/politicasocial.vinaros.es\/wp-content\/uploads\/2024\/06\/NUEVA-ORDENANZA-SUBVENCIONES-ONGS-AYTO-VINAROS-1200x900.jpg\" alt=\"\" class=\"wp-image-2131\" srcset=\"https:\/\/politicasocial.vinaros.es\/wp-content\/uploads\/2024\/06\/NUEVA-ORDENANZA-SUBVENCIONES-ONGS-AYTO-VINAROS-1200x900.jpg 1200w, https:\/\/politicasocial.vinaros.es\/wp-content\/uploads\/2024\/06\/NUEVA-ORDENANZA-SUBVENCIONES-ONGS-AYTO-VINAROS-800x600.jpg 800w, https:\/\/politicasocial.vinaros.es\/wp-content\/uploads\/2024\/06\/NUEVA-ORDENANZA-SUBVENCIONES-ONGS-AYTO-VINAROS-600x450.jpg 600w, https:\/\/politicasocial.vinaros.es\/wp-content\/uploads\/2024\/06\/NUEVA-ORDENANZA-SUBVENCIONES-ONGS-AYTO-VINAROS-768x576.jpg 768w, https:\/\/politicasocial.vinaros.es\/wp-content\/uploads\/2024\/06\/NUEVA-ORDENANZA-SUBVENCIONES-ONGS-AYTO-VINAROS-1536x1152.jpg 1536w, https:\/\/politicasocial.vinaros.es\/wp-content\/uploads\/2024\/06\/NUEVA-ORDENANZA-SUBVENCIONES-ONGS-AYTO-VINAROS.jpg 2048w\" sizes=\"auto, (max-width: 1200px) 100vw, 1200px\" \/><\/figure>\n\n<figure class=\"wp-block-image size-large\"><img loading=\"lazy\" decoding=\"async\" width=\"1200\" height=\"675\" src=\"https:\/\/politicasocial.vinaros.es\/wp-content\/uploads\/2024\/06\/ORDENANZA-SUBVENCIONES-ONGS-2024-1200x675.jpg\" alt=\"\" class=\"wp-image-2140\" srcset=\"https:\/\/politicasocial.vinaros.es\/wp-content\/uploads\/2024\/06\/ORDENANZA-SUBVENCIONES-ONGS-2024-1200x675.jpg 1200w, https:\/\/politicasocial.vinaros.es\/wp-content\/uploads\/2024\/06\/ORDENANZA-SUBVENCIONES-ONGS-2024-800x450.jpg 800w, https:\/\/politicasocial.vinaros.es\/wp-content\/uploads\/2024\/06\/ORDENANZA-SUBVENCIONES-ONGS-2024-768x432.jpg 768w, https:\/\/politicasocial.vinaros.es\/wp-content\/uploads\/2024\/06\/ORDENANZA-SUBVENCIONES-ONGS-2024-1536x864.jpg 1536w, https:\/\/politicasocial.vinaros.es\/wp-content\/uploads\/2024\/06\/ORDENANZA-SUBVENCIONES-ONGS-2024.jpg 2048w\" sizes=\"auto, (max-width: 1200px) 100vw, 1200px\" \/><\/figure>\n","protected":false},"excerpt":{"rendered":"<p>Avu\u00ed dilluns ; 4 de juny, es convocaren en sal\u00f3 de la Biblioteca Municipal a totes les entitats i ongs que treballen en la ciutat de Vinar\u00f2s per explicar la nova ordenan\u00e7a que regula la financiaci\u00f3 d&#8217;aquestes en funci\u00f3 de uns criteris que han sigut elaborats per els t\u00e9cnics municipals d&#8217;acci\u00f3 comunitaria del serveis socials [&hellip;]<\/p>\n","protected":false},"author":5,"featured_media":2139,"comment_status":"open","ping_status":"open","sticky":false,"template":"","format":"standard","meta":{"_acf_changed":false,"inline_featured_image":false,"footnotes":""},"categories":[11],"tags":[],"class_list":["post-2134","post","type-post","status-publish","format-standard","has-post-thumbnail","hentry","category-servicios-sociales"],"acf":[],"yoast_head":"<!-- This site is optimized with the Yoast SEO plugin v27.0 - https:\/\/yoast.com\/product\/yoast-seo-wordpress\/ -->\n<title>L&#039;Ajuntament Vinar\u00f2s actualitza la ordenan\u00e7a municipal per financiar ONGS que treballen a la ciutat - Pol\u00edtica Social - Ajuntament de Vinar\u00f2s<\/title>\n<meta name=\"robots\" content=\"index, follow, max-snippet:-1, max-image-preview:large, max-video-preview:-1\" \/>\n<link rel=\"canonical\" href=\"https:\/\/politicasocial.vinaros.es\/es\/lajuntament-vinaros-actualitza-la-ordenanca-municipal-per-financiar-ongs-que-treballen-a-la-ciutat\/\" \/>\n<meta property=\"og:locale\" content=\"es_ES\" \/>\n<meta property=\"og:type\" content=\"article\" \/>\n<meta property=\"og:title\" content=\"L&#039;Ajuntament Vinar\u00f2s actualitza la ordenan\u00e7a municipal per financiar ONGS que treballen a la ciutat - Pol\u00edtica Social - Ajuntament de Vinar\u00f2s\" \/>\n<meta property=\"og:description\" content=\"Avu\u00ed dilluns ; 4 de juny, es convocaren en sal\u00f3 de la Biblioteca Municipal a totes les entitats i ongs que treballen en la ciutat de Vinar\u00f2s per explicar la nova ordenan\u00e7a que regula la financiaci\u00f3 d&#8217;aquestes en funci\u00f3 de uns criteris que han sigut elaborats per els t\u00e9cnics municipals d&#8217;acci\u00f3 comunitaria del serveis socials [&hellip;]\" \/>\n<meta property=\"og:url\" content=\"https:\/\/politicasocial.vinaros.es\/es\/lajuntament-vinaros-actualitza-la-ordenanca-municipal-per-financiar-ongs-que-treballen-a-la-ciutat\/\" \/>\n<meta property=\"og:site_name\" content=\"Pol\u00edtica Social - Ajuntament de Vinar\u00f2s\" \/>\n<meta property=\"article:published_time\" content=\"2024-06-04T12:19:46+00:00\" \/>\n<meta property=\"article:modified_time\" content=\"2024-06-04T12:26:38+00:00\" \/>\n<meta property=\"og:image\" content=\"https:\/\/politicasocial.vinaros.es\/wp-content\/uploads\/2024\/06\/ORDENANZA-SUBVENCIONES-ONGS-2024-2.-1-1.jpg\" \/>\n\t<meta property=\"og:image:width\" content=\"2048\" \/>\n\t<meta property=\"og:image:height\" content=\"1152\" \/>\n\t<meta property=\"og:image:type\" content=\"image\/jpeg\" \/>\n<meta name=\"author\" content=\"Maite Minguez\" \/>\n<meta name=\"twitter:card\" content=\"summary_large_image\" \/>\n<meta name=\"twitter:label1\" content=\"Escrito por\" \/>\n\t<meta name=\"twitter:data1\" content=\"Maite Minguez\" \/>\n\t<meta name=\"twitter:label2\" content=\"Tiempo de lectura\" \/>\n\t<meta name=\"twitter:data2\" content=\"1 minuto\" \/>\n<script type=\"application\/ld+json\" class=\"yoast-schema-graph\">{\"@context\":\"https:\/\/schema.org\",\"@graph\":[{\"@type\":\"Article\",\"@id\":\"https:\/\/politicasocial.vinaros.es\/es\/lajuntament-vinaros-actualitza-la-ordenanca-municipal-per-financiar-ongs-que-treballen-a-la-ciutat\/#article\",\"isPartOf\":{\"@id\":\"https:\/\/politicasocial.vinaros.es\/es\/lajuntament-vinaros-actualitza-la-ordenanca-municipal-per-financiar-ongs-que-treballen-a-la-ciutat\/\"},\"author\":{\"name\":\"Maite Minguez\",\"@id\":\"https:\/\/politicasocial.vinaros.es\/es\/#\/schema\/person\/3153dd38d2adbd296f1fecae61173776\"},\"headline\":\"L&#8217;Ajuntament Vinar\u00f2s actualitza la ordenan\u00e7a municipal per financiar ONGS que treballen a la ciutat\",\"datePublished\":\"2024-06-04T12:19:46+00:00\",\"dateModified\":\"2024-06-04T12:26:38+00:00\",\"mainEntityOfPage\":{\"@id\":\"https:\/\/politicasocial.vinaros.es\/es\/lajuntament-vinaros-actualitza-la-ordenanca-municipal-per-financiar-ongs-que-treballen-a-la-ciutat\/\"},\"wordCount\":297,\"commentCount\":0,\"image\":{\"@id\":\"https:\/\/politicasocial.vinaros.es\/es\/lajuntament-vinaros-actualitza-la-ordenanca-municipal-per-financiar-ongs-que-treballen-a-la-ciutat\/#primaryimage\"},\"thumbnailUrl\":\"https:\/\/politicasocial.vinaros.es\/wp-content\/uploads\/2024\/06\/ORDENANZA-SUBVENCIONES-ONGS-2024-2.-1-1.jpg\",\"articleSection\":[\"Servicios Sociales\"],\"inLanguage\":\"es\",\"potentialAction\":[{\"@type\":\"CommentAction\",\"name\":\"Comment\",\"target\":[\"https:\/\/politicasocial.vinaros.es\/es\/lajuntament-vinaros-actualitza-la-ordenanca-municipal-per-financiar-ongs-que-treballen-a-la-ciutat\/#respond\"]}]},{\"@type\":\"WebPage\",\"@id\":\"https:\/\/politicasocial.vinaros.es\/es\/lajuntament-vinaros-actualitza-la-ordenanca-municipal-per-financiar-ongs-que-treballen-a-la-ciutat\/\",\"url\":\"https:\/\/politicasocial.vinaros.es\/es\/lajuntament-vinaros-actualitza-la-ordenanca-municipal-per-financiar-ongs-que-treballen-a-la-ciutat\/\",\"name\":\"L'Ajuntament Vinar\u00f2s actualitza la ordenan\u00e7a municipal per financiar ONGS que treballen a la ciutat - Pol\u00edtica Social - Ajuntament de Vinar\u00f2s\",\"isPartOf\":{\"@id\":\"https:\/\/politicasocial.vinaros.es\/es\/#website\"},\"primaryImageOfPage\":{\"@id\":\"https:\/\/politicasocial.vinaros.es\/es\/lajuntament-vinaros-actualitza-la-ordenanca-municipal-per-financiar-ongs-que-treballen-a-la-ciutat\/#primaryimage\"},\"image\":{\"@id\":\"https:\/\/politicasocial.vinaros.es\/es\/lajuntament-vinaros-actualitza-la-ordenanca-municipal-per-financiar-ongs-que-treballen-a-la-ciutat\/#primaryimage\"},\"thumbnailUrl\":\"https:\/\/politicasocial.vinaros.es\/wp-content\/uploads\/2024\/06\/ORDENANZA-SUBVENCIONES-ONGS-2024-2.-1-1.jpg\",\"datePublished\":\"2024-06-04T12:19:46+00:00\",\"dateModified\":\"2024-06-04T12:26:38+00:00\",\"author\":{\"@id\":\"https:\/\/politicasocial.vinaros.es\/es\/#\/schema\/person\/3153dd38d2adbd296f1fecae61173776\"},\"breadcrumb\":{\"@id\":\"https:\/\/politicasocial.vinaros.es\/es\/lajuntament-vinaros-actualitza-la-ordenanca-municipal-per-financiar-ongs-que-treballen-a-la-ciutat\/#breadcrumb\"},\"inLanguage\":\"es\",\"potentialAction\":[{\"@type\":\"ReadAction\",\"target\":[\"https:\/\/politicasocial.vinaros.es\/es\/lajuntament-vinaros-actualitza-la-ordenanca-municipal-per-financiar-ongs-que-treballen-a-la-ciutat\/\"]}]},{\"@type\":\"ImageObject\",\"inLanguage\":\"es\",\"@id\":\"https:\/\/politicasocial.vinaros.es\/es\/lajuntament-vinaros-actualitza-la-ordenanca-municipal-per-financiar-ongs-que-treballen-a-la-ciutat\/#primaryimage\",\"url\":\"https:\/\/politicasocial.vinaros.es\/wp-content\/uploads\/2024\/06\/ORDENANZA-SUBVENCIONES-ONGS-2024-2.-1-1.jpg\",\"contentUrl\":\"https:\/\/politicasocial.vinaros.es\/wp-content\/uploads\/2024\/06\/ORDENANZA-SUBVENCIONES-ONGS-2024-2.-1-1.jpg\",\"width\":2048,\"height\":1152},{\"@type\":\"BreadcrumbList\",\"@id\":\"https:\/\/politicasocial.vinaros.es\/es\/lajuntament-vinaros-actualitza-la-ordenanca-municipal-per-financiar-ongs-que-treballen-a-la-ciutat\/#breadcrumb\",\"itemListElement\":[{\"@type\":\"ListItem\",\"position\":1,\"name\":\"Inicio\",\"item\":\"https:\/\/politicasocial.vinaros.es\/es\/\"},{\"@type\":\"ListItem\",\"position\":2,\"name\":\"Servicios Sociales\",\"item\":\"https:\/\/politicasocial.vinaros.es\/es\/categoria\/servicios-sociales\/\"},{\"@type\":\"ListItem\",\"position\":3,\"name\":\"L&#8217;Ajuntament Vinar\u00f2s actualitza la ordenan\u00e7a municipal per financiar ONGS que treballen a la ciutat\"}]},{\"@type\":\"WebSite\",\"@id\":\"https:\/\/politicasocial.vinaros.es\/es\/#website\",\"url\":\"https:\/\/politicasocial.vinaros.es\/es\/\",\"name\":\"Pol\u00edtica Social - Ajuntament de Vinar\u00f2s\",\"description\":\"Regidoria de Pol\u00edtica Social\",\"potentialAction\":[{\"@type\":\"SearchAction\",\"target\":{\"@type\":\"EntryPoint\",\"urlTemplate\":\"https:\/\/politicasocial.vinaros.es\/es\/?s={search_term_string}\"},\"query-input\":{\"@type\":\"PropertyValueSpecification\",\"valueRequired\":true,\"valueName\":\"search_term_string\"}}],\"inLanguage\":\"es\"},{\"@type\":\"Person\",\"@id\":\"https:\/\/politicasocial.vinaros.es\/es\/#\/schema\/person\/3153dd38d2adbd296f1fecae61173776\",\"name\":\"Maite Minguez\",\"image\":{\"@type\":\"ImageObject\",\"inLanguage\":\"es\",\"@id\":\"https:\/\/politicasocial.vinaros.es\/es\/#\/schema\/person\/image\/\",\"url\":\"https:\/\/secure.gravatar.com\/avatar\/b43f643fe83622ce205212795d506ad78446f2132a2a49411178d132ec2dd8d3?s=96&d=mm&r=g\",\"contentUrl\":\"https:\/\/secure.gravatar.com\/avatar\/b43f643fe83622ce205212795d506ad78446f2132a2a49411178d132ec2dd8d3?s=96&d=mm&r=g\",\"caption\":\"Maite Minguez\"},\"url\":\"https:\/\/politicasocial.vinaros.es\/es\"}]}<\/script>\n<!-- \/ Yoast SEO plugin. -->","yoast_head_json":{"title":"L'Ajuntament Vinar\u00f2s actualitza la ordenan\u00e7a municipal per financiar ONGS que treballen a la ciutat - Pol\u00edtica Social - Ajuntament de Vinar\u00f2s","robots":{"index":"index","follow":"follow","max-snippet":"max-snippet:-1","max-image-preview":"max-image-preview:large","max-video-preview":"max-video-preview:-1"},"canonical":"https:\/\/politicasocial.vinaros.es\/es\/lajuntament-vinaros-actualitza-la-ordenanca-municipal-per-financiar-ongs-que-treballen-a-la-ciutat\/","og_locale":"es_ES","og_type":"article","og_title":"L'Ajuntament Vinar\u00f2s actualitza la ordenan\u00e7a municipal per financiar ONGS que treballen a la ciutat - Pol\u00edtica Social - Ajuntament de Vinar\u00f2s","og_description":"Avu\u00ed dilluns ; 4 de juny, es convocaren en sal\u00f3 de la Biblioteca Municipal a totes les entitats i ongs que treballen en la ciutat de Vinar\u00f2s per explicar la nova ordenan\u00e7a que regula la financiaci\u00f3 d&#8217;aquestes en funci\u00f3 de uns criteris que han sigut elaborats per els t\u00e9cnics municipals d&#8217;acci\u00f3 comunitaria del serveis socials [&hellip;]","og_url":"https:\/\/politicasocial.vinaros.es\/es\/lajuntament-vinaros-actualitza-la-ordenanca-municipal-per-financiar-ongs-que-treballen-a-la-ciutat\/","og_site_name":"Pol\u00edtica Social - Ajuntament de Vinar\u00f2s","article_published_time":"2024-06-04T12:19:46+00:00","article_modified_time":"2024-06-04T12:26:38+00:00","og_image":[{"width":2048,"height":1152,"url":"https:\/\/politicasocial.vinaros.es\/wp-content\/uploads\/2024\/06\/ORDENANZA-SUBVENCIONES-ONGS-2024-2.-1-1.jpg","type":"image\/jpeg"}],"author":"Maite Minguez","twitter_card":"summary_large_image","twitter_misc":{"Escrito por":"Maite Minguez","Tiempo de lectura":"1 minuto"},"schema":{"@context":"https:\/\/schema.org","@graph":[{"@type":"Article","@id":"https:\/\/politicasocial.vinaros.es\/es\/lajuntament-vinaros-actualitza-la-ordenanca-municipal-per-financiar-ongs-que-treballen-a-la-ciutat\/#article","isPartOf":{"@id":"https:\/\/politicasocial.vinaros.es\/es\/lajuntament-vinaros-actualitza-la-ordenanca-municipal-per-financiar-ongs-que-treballen-a-la-ciutat\/"},"author":{"name":"Maite Minguez","@id":"https:\/\/politicasocial.vinaros.es\/es\/#\/schema\/person\/3153dd38d2adbd296f1fecae61173776"},"headline":"L&#8217;Ajuntament Vinar\u00f2s actualitza la ordenan\u00e7a municipal per financiar ONGS que treballen a la ciutat","datePublished":"2024-06-04T12:19:46+00:00","dateModified":"2024-06-04T12:26:38+00:00","mainEntityOfPage":{"@id":"https:\/\/politicasocial.vinaros.es\/es\/lajuntament-vinaros-actualitza-la-ordenanca-municipal-per-financiar-ongs-que-treballen-a-la-ciutat\/"},"wordCount":297,"commentCount":0,"image":{"@id":"https:\/\/politicasocial.vinaros.es\/es\/lajuntament-vinaros-actualitza-la-ordenanca-municipal-per-financiar-ongs-que-treballen-a-la-ciutat\/#primaryimage"},"thumbnailUrl":"https:\/\/politicasocial.vinaros.es\/wp-content\/uploads\/2024\/06\/ORDENANZA-SUBVENCIONES-ONGS-2024-2.-1-1.jpg","articleSection":["Servicios Sociales"],"inLanguage":"es","potentialAction":[{"@type":"CommentAction","name":"Comment","target":["https:\/\/politicasocial.vinaros.es\/es\/lajuntament-vinaros-actualitza-la-ordenanca-municipal-per-financiar-ongs-que-treballen-a-la-ciutat\/#respond"]}]},{"@type":"WebPage","@id":"https:\/\/politicasocial.vinaros.es\/es\/lajuntament-vinaros-actualitza-la-ordenanca-municipal-per-financiar-ongs-que-treballen-a-la-ciutat\/","url":"https:\/\/politicasocial.vinaros.es\/es\/lajuntament-vinaros-actualitza-la-ordenanca-municipal-per-financiar-ongs-que-treballen-a-la-ciutat\/","name":"L'Ajuntament Vinar\u00f2s actualitza la ordenan\u00e7a municipal per financiar ONGS que treballen a la ciutat - Pol\u00edtica Social - Ajuntament de Vinar\u00f2s","isPartOf":{"@id":"https:\/\/politicasocial.vinaros.es\/es\/#website"},"primaryImageOfPage":{"@id":"https:\/\/politicasocial.vinaros.es\/es\/lajuntament-vinaros-actualitza-la-ordenanca-municipal-per-financiar-ongs-que-treballen-a-la-ciutat\/#primaryimage"},"image":{"@id":"https:\/\/politicasocial.vinaros.es\/es\/lajuntament-vinaros-actualitza-la-ordenanca-municipal-per-financiar-ongs-que-treballen-a-la-ciutat\/#primaryimage"},"thumbnailUrl":"https:\/\/politicasocial.vinaros.es\/wp-content\/uploads\/2024\/06\/ORDENANZA-SUBVENCIONES-ONGS-2024-2.-1-1.jpg","datePublished":"2024-06-04T12:19:46+00:00","dateModified":"2024-06-04T12:26:38+00:00","author":{"@id":"https:\/\/politicasocial.vinaros.es\/es\/#\/schema\/person\/3153dd38d2adbd296f1fecae61173776"},"breadcrumb":{"@id":"https:\/\/politicasocial.vinaros.es\/es\/lajuntament-vinaros-actualitza-la-ordenanca-municipal-per-financiar-ongs-que-treballen-a-la-ciutat\/#breadcrumb"},"inLanguage":"es","potentialAction":[{"@type":"ReadAction","target":["https:\/\/politicasocial.vinaros.es\/es\/lajuntament-vinaros-actualitza-la-ordenanca-municipal-per-financiar-ongs-que-treballen-a-la-ciutat\/"]}]},{"@type":"ImageObject","inLanguage":"es","@id":"https:\/\/politicasocial.vinaros.es\/es\/lajuntament-vinaros-actualitza-la-ordenanca-municipal-per-financiar-ongs-que-treballen-a-la-ciutat\/#primaryimage","url":"https:\/\/politicasocial.vinaros.es\/wp-content\/uploads\/2024\/06\/ORDENANZA-SUBVENCIONES-ONGS-2024-2.-1-1.jpg","contentUrl":"https:\/\/politicasocial.vinaros.es\/wp-content\/uploads\/2024\/06\/ORDENANZA-SUBVENCIONES-ONGS-2024-2.-1-1.jpg","width":2048,"height":1152},{"@type":"BreadcrumbList","@id":"https:\/\/politicasocial.vinaros.es\/es\/lajuntament-vinaros-actualitza-la-ordenanca-municipal-per-financiar-ongs-que-treballen-a-la-ciutat\/#breadcrumb","itemListElement":[{"@type":"ListItem","position":1,"name":"Inicio","item":"https:\/\/politicasocial.vinaros.es\/es\/"},{"@type":"ListItem","position":2,"name":"Servicios Sociales","item":"https:\/\/politicasocial.vinaros.es\/es\/categoria\/servicios-sociales\/"},{"@type":"ListItem","position":3,"name":"L&#8217;Ajuntament Vinar\u00f2s actualitza la ordenan\u00e7a municipal per financiar ONGS que treballen a la ciutat"}]},{"@type":"WebSite","@id":"https:\/\/politicasocial.vinaros.es\/es\/#website","url":"https:\/\/politicasocial.vinaros.es\/es\/","name":"Pol\u00edtica Social - Ajuntament de Vinar\u00f2s","description":"Regidoria de Pol\u00edtica Social","potentialAction":[{"@type":"SearchAction","target":{"@type":"EntryPoint","urlTemplate":"https:\/\/politicasocial.vinaros.es\/es\/?s={search_term_string}"},"query-input":{"@type":"PropertyValueSpecification","valueRequired":true,"valueName":"search_term_string"}}],"inLanguage":"es"},{"@type":"Person","@id":"https:\/\/politicasocial.vinaros.es\/es\/#\/schema\/person\/3153dd38d2adbd296f1fecae61173776","name":"Maite Minguez","image":{"@type":"ImageObject","inLanguage":"es","@id":"https:\/\/politicasocial.vinaros.es\/es\/#\/schema\/person\/image\/","url":"https:\/\/secure.gravatar.com\/avatar\/b43f643fe83622ce205212795d506ad78446f2132a2a49411178d132ec2dd8d3?s=96&d=mm&r=g","contentUrl":"https:\/\/secure.gravatar.com\/avatar\/b43f643fe83622ce205212795d506ad78446f2132a2a49411178d132ec2dd8d3?s=96&d=mm&r=g","caption":"Maite Minguez"},"url":"https:\/\/politicasocial.vinaros.es\/es"}]}},"_links":{"self":[{"href":"https:\/\/politicasocial.vinaros.es\/es\/wp-json\/wp\/v2\/posts\/2134","targetHints":{"allow":["GET"]}}],"collection":[{"href":"https:\/\/politicasocial.vinaros.es\/es\/wp-json\/wp\/v2\/posts"}],"about":[{"href":"https:\/\/politicasocial.vinaros.es\/es\/wp-json\/wp\/v2\/types\/post"}],"author":[{"embeddable":true,"href":"https:\/\/politicasocial.vinaros.es\/es\/wp-json\/wp\/v2\/users\/5"}],"replies":[{"embeddable":true,"href":"https:\/\/politicasocial.vinaros.es\/es\/wp-json\/wp\/v2\/comments?post=2134"}],"version-history":[{"count":2,"href":"https:\/\/politicasocial.vinaros.es\/es\/wp-json\/wp\/v2\/posts\/2134\/revisions"}],"predecessor-version":[{"id":2143,"href":"https:\/\/politicasocial.vinaros.es\/es\/wp-json\/wp\/v2\/posts\/2134\/revisions\/2143"}],"wp:featuredmedia":[{"embeddable":true,"href":"https:\/\/politicasocial.vinaros.es\/es\/wp-json\/wp\/v2\/media\/2139"}],"wp:attachment":[{"href":"https:\/\/politicasocial.vinaros.es\/es\/wp-json\/wp\/v2\/media?parent=2134"}],"wp:term":[{"taxonomy":"category","embeddable":true,"href":"https:\/\/politicasocial.vinaros.es\/es\/wp-json\/wp\/v2\/categories?post=2134"},{"taxonomy":"post_tag","embeddable":true,"href":"https:\/\/politicasocial.vinaros.es\/es\/wp-json\/wp\/v2\/tags?post=2134"}],"curies":[{"name":"wp","href":"https:\/\/api.w.org\/{rel}","templated":true}]}}