{"id":2168,"date":"2024-09-16T10:29:10","date_gmt":"2024-09-16T08:29:10","guid":{"rendered":"https:\/\/politicasocial.vinaros.es\/curso-de-formacion-para-cuidadores-no-profesionales-de-personas-dependientes\/"},"modified":"2024-09-16T11:06:59","modified_gmt":"2024-09-16T09:06:59","slug":"curso-de-formacion-para-cuidadores-no-profesionales-de-personas-dependientes","status":"publish","type":"post","link":"https:\/\/politicasocial.vinaros.es\/es\/curso-de-formacion-para-cuidadores-no-profesionales-de-personas-dependientes\/","title":{"rendered":"Curso de formaci\u00f3n para cuidadores no profesionales de personas dependientes"},"content":{"rendered":"\n<p>El <strong>Ayuntamiento de Vinar\u00f2s<\/strong>, a trav\u00e9s del Servicio Municipal de Dependencia de la concejal\u00eda del \u00e1rea de Servicios Sociales organiza un curso de formaci\u00f3n para cuidadores no profesionales de personas dependientes en Vinar\u00f2s, del 10 al 26 Septiembre 2024.<\/p>\n\n<p><strong>En el marco de las pol\u00edticas de apoyo a personas en situaci\u00f3n de dependencia<\/strong>, el Ayuntamiento de Vinar\u00f2s organiza un Curso de Formaci\u00f3n para Cuidadores No Profesionales de Personas Dependientes. Este curso se llevara\u0301 a cabo durante el mes de septiembre en el sal\u00f3n de actos de la Biblioteca Municipal de Vinar\u00f2s y esta\u0301 dirigido a aquellos cuidadores que, sin formaci\u00f3n profesional, se encargan del cuidado de personas con dependencia derivada de enfermedades f\u00edsicas. <\/p>\n\n<p>Desde la implantaci\u00f3n de la Ley 39\/2006, la Conselleria desarrollo\u0301 diversas acciones formativas en nuestra ciudad ( 2010-2011) para dotar a los cuidadores no profesionales de las herramientas y conocimientos necesarios para garantizar una atenci\u00f3n de calidad en el entorno domiciliario, delegando en el Ayuntamiento estas acciones desde 2013 quien las ha organizado con personal propio y colaboraciones hasta 2016; an\u0303o en que se comenz\u00f3\u0301 hasta la actualidad a contar con empresas especializadas (con el par\u00f3n obligado del a\u00f1o del Covid que tuvo que suspenderse). Los cursos realizados en las diferentes ediciones han ido cambiando el tipo de enfermedad que origina la dependencia; dirigi\u00e9ndose a cuidadores de personas con dependencia derivada de enfermedad f\u00edsica, de enfermedad mental, por discapacidad f\u00edsica o sensorial.  <\/p>\n\n<p><strong>La edici\u00f3n 2024 del curso a cuidadores no profesionales de personas con dependencia<\/strong> esta\u0301 centrado en las dependencias derivadas de enfermedades f\u00edsicas y tiene como objetivo principal mejorar la calidad de vida de las personas dependientes y de los cuidadores.<\/p>\n\n<h3 class=\"wp-block-heading\">Fechas y lugar del curso:<\/h3>\n\n<ul class=\"wp-block-list\">\n<li>Fechas: 10, 12, 17, 19, 24 y 26 de septiembre de 2024<\/li>\n\n\n\n<li>Horario: 9:30 h a 13:30 h (excepto el 26\/09\/24: 9:30 h a 14:00 h)<\/li>\n\n\n\n<li>Lugar: Sal\u00f3n de actos de la Biblioteca Municipal (C\/ Pilar 26 Bis, Vinaro\u0300s)<\/li>\n\n\n\n<li>Duraci\u00f3n total: 25 horas<\/li>\n<\/ul>\n\n<h3 class=\"wp-block-heading\">Objetivos del curso:<\/h3>\n\n<ul class=\"wp-block-list\">\n<li><strong>Mejora del cuidado socio-sanitario:<\/strong> Facilitar conocimientos b\u00e1sicos a los cuidadores para optimizar el cuidado de personas en situaci\u00f3n de dependencia.<\/li>\n\n\n\n<li><strong>Fomento de la autonom\u00eda:<\/strong> Promover estrategias y procedimientos que mantengan y mejoren la autonom\u00eda personal y las relaciones con el entorno.<\/li>\n\n\n\n<li><strong>Apoyo en el autocuidado<\/strong>: Informar sobre productos de apoyo que faciliten la vida aut\u00f3noma de la persona dependiente y el autocuidado del cuidador.<\/li>\n\n\n\n<li><strong>Apoyo emocional: <\/strong>Ofrecer recursos de autocuidado para brindar apoyo emocional a los cuidadores.<\/li>\n\n\n\n<li><strong>Informaci\u00f3n sobre recursos:<\/strong> Orientar sobre los recursos sociosanitarios disponibles que garanticen una asistencia adecuada.<\/li>\n\n\n\n<li><strong>Reconocimiento social:<\/strong> Impulsar el reconocimiento social de los cuidadores no profesionales y orientar, en su caso, hacia una posible integraci\u00f3n laboral futura.<\/li>\n<\/ul>\n\n<p>La inscripci\u00f3n y admisi\u00f3n de los participantes se ha gestionado a trav\u00e9s del Servicio Municipal de Atenci\u00f3n a la Dependencia del Ayuntamiento de Vinar\u00f2s, con un limite de 20 plazas, quienes ya han sido informados de los contenidos, horarios y caracter\u00edsticas de la formaci\u00f3n. <\/p>\n\n<p>Este curso es una oportunidad crucial para que los cuidadores no profesionales de Vinar\u00f2s adquieran la formaci\u00f3n necesaria para cumplir con los requisitos normativos y, lo m\u00e1s importante, para mejorar su capacidad de proporcionar cuidados de alta calidad a personas en situaci\u00f3n de dependencia.<\/p>\n\n<figure class=\"wp-block-embed is-type-video is-provider-youtube wp-block-embed-youtube wp-embed-aspect-16-9 wp-has-aspect-ratio\"><div class=\"wp-block-embed__wrapper\"> \n<iframe loading=\"lazy\" title=\"PRESENTACI\u00d3 DEL CURS DE FORMACI\u00d3 PER A CUIDADORS A VINAR\u00d2S 06-09-2024\" width=\"500\" height=\"281\" src=\"https:\/\/www.youtube.com\/embed\/x6hkAB8IspI?feature=oembed\" frameborder=\"0\" allow=\"accelerometer; autoplay; clipboard-write; encrypted-media; gyroscope; picture-in-picture; web-share\" referrerpolicy=\"strict-origin-when-cross-origin\" allowfullscreen><\/iframe>\n <\/div><figcaption class=\"wp-element-caption\">Rueda de Prensa<\/figcaption><\/figure>\n","protected":false},"excerpt":{"rendered":"<p>El Ayuntamiento de Vinar\u00f2s, a trav\u00e9s del Servicio Municipal de Dependencia de la concejal\u00eda del \u00e1rea de Servicios Sociales organiza un curso de formaci\u00f3n para cuidadores no profesionales de personas dependientes en Vinar\u00f2s, del 10 al 26 Septiembre 2024. En el marco de las pol\u00edticas de apoyo a personas en situaci\u00f3n de dependencia, el Ayuntamiento [&hellip;]<\/p>\n","protected":false},"author":2,"featured_media":2171,"comment_status":"open","ping_status":"open","sticky":false,"template":"","format":"standard","meta":{"_acf_changed":false,"inline_featured_image":false,"footnotes":""},"categories":[11],"tags":[],"class_list":["post-2168","post","type-post","status-publish","format-standard","has-post-thumbnail","hentry","category-servicios-sociales"],"acf":[],"yoast_head":"<!-- This site is optimized with the Yoast SEO plugin v27.0 - https:\/\/yoast.com\/product\/yoast-seo-wordpress\/ -->\n<title>Curso de formaci\u00f3n para cuidadores no profesionales de personas dependientes - Pol\u00edtica Social - Ajuntament de Vinar\u00f2s<\/title>\n<meta name=\"robots\" content=\"index, follow, max-snippet:-1, max-image-preview:large, max-video-preview:-1\" \/>\n<link rel=\"canonical\" href=\"https:\/\/politicasocial.vinaros.es\/es\/curso-de-formacion-para-cuidadores-no-profesionales-de-personas-dependientes\/\" \/>\n<meta property=\"og:locale\" content=\"es_ES\" \/>\n<meta property=\"og:type\" content=\"article\" \/>\n<meta property=\"og:title\" content=\"Curso de formaci\u00f3n para cuidadores no profesionales de personas dependientes - Pol\u00edtica Social - Ajuntament de Vinar\u00f2s\" \/>\n<meta property=\"og:description\" content=\"El Ayuntamiento de Vinar\u00f2s, a trav\u00e9s del Servicio Municipal de Dependencia de la concejal\u00eda del \u00e1rea de Servicios Sociales organiza un curso de formaci\u00f3n para cuidadores no profesionales de personas dependientes en Vinar\u00f2s, del 10 al 26 Septiembre 2024. En el marco de las pol\u00edticas de apoyo a personas en situaci\u00f3n de dependencia, el Ayuntamiento [&hellip;]\" \/>\n<meta property=\"og:url\" content=\"https:\/\/politicasocial.vinaros.es\/es\/curso-de-formacion-para-cuidadores-no-profesionales-de-personas-dependientes\/\" \/>\n<meta property=\"og:site_name\" content=\"Pol\u00edtica Social - Ajuntament de Vinar\u00f2s\" \/>\n<meta property=\"article:published_time\" content=\"2024-09-16T08:29:10+00:00\" \/>\n<meta property=\"article:modified_time\" content=\"2024-09-16T09:06:59+00:00\" \/>\n<meta property=\"og:image\" content=\"https:\/\/politicasocial.vinaros.es\/wp-content\/uploads\/2024\/09\/presentacion-cursos-dependencia-rueda-de-prensa-vinaros.jpg\" \/>\n\t<meta property=\"og:image:width\" content=\"1600\" \/>\n\t<meta property=\"og:image:height\" content=\"837\" \/>\n\t<meta property=\"og:image:type\" content=\"image\/jpeg\" \/>\n<meta name=\"author\" content=\"David Pru\u00f1onosa\" \/>\n<meta name=\"twitter:card\" content=\"summary_large_image\" \/>\n<meta name=\"twitter:label1\" content=\"Escrito por\" \/>\n\t<meta name=\"twitter:data1\" content=\"David Pru\u00f1onosa\" \/>\n\t<meta name=\"twitter:label2\" content=\"Tiempo de lectura\" \/>\n\t<meta name=\"twitter:data2\" content=\"3 minutos\" \/>\n<script type=\"application\/ld+json\" class=\"yoast-schema-graph\">{\"@context\":\"https:\/\/schema.org\",\"@graph\":[{\"@type\":\"Article\",\"@id\":\"https:\/\/politicasocial.vinaros.es\/es\/curso-de-formacion-para-cuidadores-no-profesionales-de-personas-dependientes\/#article\",\"isPartOf\":{\"@id\":\"https:\/\/politicasocial.vinaros.es\/es\/curso-de-formacion-para-cuidadores-no-profesionales-de-personas-dependientes\/\"},\"author\":{\"name\":\"David Pru\u00f1onosa\",\"@id\":\"https:\/\/politicasocial.vinaros.es\/es\/#\/schema\/person\/3b1e431ee719cc0fb03b0f048733b979\"},\"headline\":\"Curso de formaci\u00f3n para cuidadores no profesionales de personas dependientes\",\"datePublished\":\"2024-09-16T08:29:10+00:00\",\"dateModified\":\"2024-09-16T09:06:59+00:00\",\"mainEntityOfPage\":{\"@id\":\"https:\/\/politicasocial.vinaros.es\/es\/curso-de-formacion-para-cuidadores-no-profesionales-de-personas-dependientes\/\"},\"wordCount\":571,\"commentCount\":0,\"image\":{\"@id\":\"https:\/\/politicasocial.vinaros.es\/es\/curso-de-formacion-para-cuidadores-no-profesionales-de-personas-dependientes\/#primaryimage\"},\"thumbnailUrl\":\"https:\/\/politicasocial.vinaros.es\/wp-content\/uploads\/2024\/09\/presentacion-cursos-dependencia-rueda-de-prensa-vinaros.jpg\",\"articleSection\":[\"Servicios Sociales\"],\"inLanguage\":\"es\",\"potentialAction\":[{\"@type\":\"CommentAction\",\"name\":\"Comment\",\"target\":[\"https:\/\/politicasocial.vinaros.es\/es\/curso-de-formacion-para-cuidadores-no-profesionales-de-personas-dependientes\/#respond\"]}]},{\"@type\":\"WebPage\",\"@id\":\"https:\/\/politicasocial.vinaros.es\/es\/curso-de-formacion-para-cuidadores-no-profesionales-de-personas-dependientes\/\",\"url\":\"https:\/\/politicasocial.vinaros.es\/es\/curso-de-formacion-para-cuidadores-no-profesionales-de-personas-dependientes\/\",\"name\":\"Curso de formaci\u00f3n para cuidadores no profesionales de personas dependientes - Pol\u00edtica Social - Ajuntament de Vinar\u00f2s\",\"isPartOf\":{\"@id\":\"https:\/\/politicasocial.vinaros.es\/es\/#website\"},\"primaryImageOfPage\":{\"@id\":\"https:\/\/politicasocial.vinaros.es\/es\/curso-de-formacion-para-cuidadores-no-profesionales-de-personas-dependientes\/#primaryimage\"},\"image\":{\"@id\":\"https:\/\/politicasocial.vinaros.es\/es\/curso-de-formacion-para-cuidadores-no-profesionales-de-personas-dependientes\/#primaryimage\"},\"thumbnailUrl\":\"https:\/\/politicasocial.vinaros.es\/wp-content\/uploads\/2024\/09\/presentacion-cursos-dependencia-rueda-de-prensa-vinaros.jpg\",\"datePublished\":\"2024-09-16T08:29:10+00:00\",\"dateModified\":\"2024-09-16T09:06:59+00:00\",\"author\":{\"@id\":\"https:\/\/politicasocial.vinaros.es\/es\/#\/schema\/person\/3b1e431ee719cc0fb03b0f048733b979\"},\"breadcrumb\":{\"@id\":\"https:\/\/politicasocial.vinaros.es\/es\/curso-de-formacion-para-cuidadores-no-profesionales-de-personas-dependientes\/#breadcrumb\"},\"inLanguage\":\"es\",\"potentialAction\":[{\"@type\":\"ReadAction\",\"target\":[\"https:\/\/politicasocial.vinaros.es\/es\/curso-de-formacion-para-cuidadores-no-profesionales-de-personas-dependientes\/\"]}]},{\"@type\":\"ImageObject\",\"inLanguage\":\"es\",\"@id\":\"https:\/\/politicasocial.vinaros.es\/es\/curso-de-formacion-para-cuidadores-no-profesionales-de-personas-dependientes\/#primaryimage\",\"url\":\"https:\/\/politicasocial.vinaros.es\/wp-content\/uploads\/2024\/09\/presentacion-cursos-dependencia-rueda-de-prensa-vinaros.jpg\",\"contentUrl\":\"https:\/\/politicasocial.vinaros.es\/wp-content\/uploads\/2024\/09\/presentacion-cursos-dependencia-rueda-de-prensa-vinaros.jpg\",\"width\":1600,\"height\":837},{\"@type\":\"BreadcrumbList\",\"@id\":\"https:\/\/politicasocial.vinaros.es\/es\/curso-de-formacion-para-cuidadores-no-profesionales-de-personas-dependientes\/#breadcrumb\",\"itemListElement\":[{\"@type\":\"ListItem\",\"position\":1,\"name\":\"Inicio\",\"item\":\"https:\/\/politicasocial.vinaros.es\/es\/\"},{\"@type\":\"ListItem\",\"position\":2,\"name\":\"Servicios Sociales\",\"item\":\"https:\/\/politicasocial.vinaros.es\/es\/categoria\/servicios-sociales\/\"},{\"@type\":\"ListItem\",\"position\":3,\"name\":\"Curso de formaci\u00f3n para cuidadores no profesionales de personas dependientes\"}]},{\"@type\":\"WebSite\",\"@id\":\"https:\/\/politicasocial.vinaros.es\/es\/#website\",\"url\":\"https:\/\/politicasocial.vinaros.es\/es\/\",\"name\":\"Pol\u00edtica Social - Ajuntament de Vinar\u00f2s\",\"description\":\"Regidoria de Pol\u00edtica Social\",\"potentialAction\":[{\"@type\":\"SearchAction\",\"target\":{\"@type\":\"EntryPoint\",\"urlTemplate\":\"https:\/\/politicasocial.vinaros.es\/es\/?s={search_term_string}\"},\"query-input\":{\"@type\":\"PropertyValueSpecification\",\"valueRequired\":true,\"valueName\":\"search_term_string\"}}],\"inLanguage\":\"es\"},{\"@type\":\"Person\",\"@id\":\"https:\/\/politicasocial.vinaros.es\/es\/#\/schema\/person\/3b1e431ee719cc0fb03b0f048733b979\",\"name\":\"David Pru\u00f1onosa\",\"image\":{\"@type\":\"ImageObject\",\"inLanguage\":\"es\",\"@id\":\"https:\/\/politicasocial.vinaros.es\/es\/#\/schema\/person\/image\/\",\"url\":\"https:\/\/secure.gravatar.com\/avatar\/5fc128946e8072351e6094f5d9d8cbf13b1c44e70e2c991bc747c7dc60f0b5a5?s=96&d=mm&r=g\",\"contentUrl\":\"https:\/\/secure.gravatar.com\/avatar\/5fc128946e8072351e6094f5d9d8cbf13b1c44e70e2c991bc747c7dc60f0b5a5?s=96&d=mm&r=g\",\"caption\":\"David Pru\u00f1onosa\"},\"url\":\"https:\/\/politicasocial.vinaros.es\/es\"}]}<\/script>\n<!-- \/ Yoast SEO plugin. -->","yoast_head_json":{"title":"Curso de formaci\u00f3n para cuidadores no profesionales de personas dependientes - Pol\u00edtica Social - Ajuntament de Vinar\u00f2s","robots":{"index":"index","follow":"follow","max-snippet":"max-snippet:-1","max-image-preview":"max-image-preview:large","max-video-preview":"max-video-preview:-1"},"canonical":"https:\/\/politicasocial.vinaros.es\/es\/curso-de-formacion-para-cuidadores-no-profesionales-de-personas-dependientes\/","og_locale":"es_ES","og_type":"article","og_title":"Curso de formaci\u00f3n para cuidadores no profesionales de personas dependientes - Pol\u00edtica Social - Ajuntament de Vinar\u00f2s","og_description":"El Ayuntamiento de Vinar\u00f2s, a trav\u00e9s del Servicio Municipal de Dependencia de la concejal\u00eda del \u00e1rea de Servicios Sociales organiza un curso de formaci\u00f3n para cuidadores no profesionales de personas dependientes en Vinar\u00f2s, del 10 al 26 Septiembre 2024. En el marco de las pol\u00edticas de apoyo a personas en situaci\u00f3n de dependencia, el Ayuntamiento [&hellip;]","og_url":"https:\/\/politicasocial.vinaros.es\/es\/curso-de-formacion-para-cuidadores-no-profesionales-de-personas-dependientes\/","og_site_name":"Pol\u00edtica Social - Ajuntament de Vinar\u00f2s","article_published_time":"2024-09-16T08:29:10+00:00","article_modified_time":"2024-09-16T09:06:59+00:00","og_image":[{"width":1600,"height":837,"url":"https:\/\/politicasocial.vinaros.es\/wp-content\/uploads\/2024\/09\/presentacion-cursos-dependencia-rueda-de-prensa-vinaros.jpg","type":"image\/jpeg"}],"author":"David Pru\u00f1onosa","twitter_card":"summary_large_image","twitter_misc":{"Escrito por":"David Pru\u00f1onosa","Tiempo de lectura":"3 minutos"},"schema":{"@context":"https:\/\/schema.org","@graph":[{"@type":"Article","@id":"https:\/\/politicasocial.vinaros.es\/es\/curso-de-formacion-para-cuidadores-no-profesionales-de-personas-dependientes\/#article","isPartOf":{"@id":"https:\/\/politicasocial.vinaros.es\/es\/curso-de-formacion-para-cuidadores-no-profesionales-de-personas-dependientes\/"},"author":{"name":"David Pru\u00f1onosa","@id":"https:\/\/politicasocial.vinaros.es\/es\/#\/schema\/person\/3b1e431ee719cc0fb03b0f048733b979"},"headline":"Curso de formaci\u00f3n para cuidadores no profesionales de personas dependientes","datePublished":"2024-09-16T08:29:10+00:00","dateModified":"2024-09-16T09:06:59+00:00","mainEntityOfPage":{"@id":"https:\/\/politicasocial.vinaros.es\/es\/curso-de-formacion-para-cuidadores-no-profesionales-de-personas-dependientes\/"},"wordCount":571,"commentCount":0,"image":{"@id":"https:\/\/politicasocial.vinaros.es\/es\/curso-de-formacion-para-cuidadores-no-profesionales-de-personas-dependientes\/#primaryimage"},"thumbnailUrl":"https:\/\/politicasocial.vinaros.es\/wp-content\/uploads\/2024\/09\/presentacion-cursos-dependencia-rueda-de-prensa-vinaros.jpg","articleSection":["Servicios Sociales"],"inLanguage":"es","potentialAction":[{"@type":"CommentAction","name":"Comment","target":["https:\/\/politicasocial.vinaros.es\/es\/curso-de-formacion-para-cuidadores-no-profesionales-de-personas-dependientes\/#respond"]}]},{"@type":"WebPage","@id":"https:\/\/politicasocial.vinaros.es\/es\/curso-de-formacion-para-cuidadores-no-profesionales-de-personas-dependientes\/","url":"https:\/\/politicasocial.vinaros.es\/es\/curso-de-formacion-para-cuidadores-no-profesionales-de-personas-dependientes\/","name":"Curso de formaci\u00f3n para cuidadores no profesionales de personas dependientes - Pol\u00edtica Social - Ajuntament de Vinar\u00f2s","isPartOf":{"@id":"https:\/\/politicasocial.vinaros.es\/es\/#website"},"primaryImageOfPage":{"@id":"https:\/\/politicasocial.vinaros.es\/es\/curso-de-formacion-para-cuidadores-no-profesionales-de-personas-dependientes\/#primaryimage"},"image":{"@id":"https:\/\/politicasocial.vinaros.es\/es\/curso-de-formacion-para-cuidadores-no-profesionales-de-personas-dependientes\/#primaryimage"},"thumbnailUrl":"https:\/\/politicasocial.vinaros.es\/wp-content\/uploads\/2024\/09\/presentacion-cursos-dependencia-rueda-de-prensa-vinaros.jpg","datePublished":"2024-09-16T08:29:10+00:00","dateModified":"2024-09-16T09:06:59+00:00","author":{"@id":"https:\/\/politicasocial.vinaros.es\/es\/#\/schema\/person\/3b1e431ee719cc0fb03b0f048733b979"},"breadcrumb":{"@id":"https:\/\/politicasocial.vinaros.es\/es\/curso-de-formacion-para-cuidadores-no-profesionales-de-personas-dependientes\/#breadcrumb"},"inLanguage":"es","potentialAction":[{"@type":"ReadAction","target":["https:\/\/politicasocial.vinaros.es\/es\/curso-de-formacion-para-cuidadores-no-profesionales-de-personas-dependientes\/"]}]},{"@type":"ImageObject","inLanguage":"es","@id":"https:\/\/politicasocial.vinaros.es\/es\/curso-de-formacion-para-cuidadores-no-profesionales-de-personas-dependientes\/#primaryimage","url":"https:\/\/politicasocial.vinaros.es\/wp-content\/uploads\/2024\/09\/presentacion-cursos-dependencia-rueda-de-prensa-vinaros.jpg","contentUrl":"https:\/\/politicasocial.vinaros.es\/wp-content\/uploads\/2024\/09\/presentacion-cursos-dependencia-rueda-de-prensa-vinaros.jpg","width":1600,"height":837},{"@type":"BreadcrumbList","@id":"https:\/\/politicasocial.vinaros.es\/es\/curso-de-formacion-para-cuidadores-no-profesionales-de-personas-dependientes\/#breadcrumb","itemListElement":[{"@type":"ListItem","position":1,"name":"Inicio","item":"https:\/\/politicasocial.vinaros.es\/es\/"},{"@type":"ListItem","position":2,"name":"Servicios Sociales","item":"https:\/\/politicasocial.vinaros.es\/es\/categoria\/servicios-sociales\/"},{"@type":"ListItem","position":3,"name":"Curso de formaci\u00f3n para cuidadores no profesionales de personas dependientes"}]},{"@type":"WebSite","@id":"https:\/\/politicasocial.vinaros.es\/es\/#website","url":"https:\/\/politicasocial.vinaros.es\/es\/","name":"Pol\u00edtica Social - Ajuntament de Vinar\u00f2s","description":"Regidoria de Pol\u00edtica Social","potentialAction":[{"@type":"SearchAction","target":{"@type":"EntryPoint","urlTemplate":"https:\/\/politicasocial.vinaros.es\/es\/?s={search_term_string}"},"query-input":{"@type":"PropertyValueSpecification","valueRequired":true,"valueName":"search_term_string"}}],"inLanguage":"es"},{"@type":"Person","@id":"https:\/\/politicasocial.vinaros.es\/es\/#\/schema\/person\/3b1e431ee719cc0fb03b0f048733b979","name":"David Pru\u00f1onosa","image":{"@type":"ImageObject","inLanguage":"es","@id":"https:\/\/politicasocial.vinaros.es\/es\/#\/schema\/person\/image\/","url":"https:\/\/secure.gravatar.com\/avatar\/5fc128946e8072351e6094f5d9d8cbf13b1c44e70e2c991bc747c7dc60f0b5a5?s=96&d=mm&r=g","contentUrl":"https:\/\/secure.gravatar.com\/avatar\/5fc128946e8072351e6094f5d9d8cbf13b1c44e70e2c991bc747c7dc60f0b5a5?s=96&d=mm&r=g","caption":"David Pru\u00f1onosa"},"url":"https:\/\/politicasocial.vinaros.es\/es"}]}},"_links":{"self":[{"href":"https:\/\/politicasocial.vinaros.es\/es\/wp-json\/wp\/v2\/posts\/2168","targetHints":{"allow":["GET"]}}],"collection":[{"href":"https:\/\/politicasocial.vinaros.es\/es\/wp-json\/wp\/v2\/posts"}],"about":[{"href":"https:\/\/politicasocial.vinaros.es\/es\/wp-json\/wp\/v2\/types\/post"}],"author":[{"embeddable":true,"href":"https:\/\/politicasocial.vinaros.es\/es\/wp-json\/wp\/v2\/users\/2"}],"replies":[{"embeddable":true,"href":"https:\/\/politicasocial.vinaros.es\/es\/wp-json\/wp\/v2\/comments?post=2168"}],"version-history":[{"count":3,"href":"https:\/\/politicasocial.vinaros.es\/es\/wp-json\/wp\/v2\/posts\/2168\/revisions"}],"predecessor-version":[{"id":2174,"href":"https:\/\/politicasocial.vinaros.es\/es\/wp-json\/wp\/v2\/posts\/2168\/revisions\/2174"}],"wp:featuredmedia":[{"embeddable":true,"href":"https:\/\/politicasocial.vinaros.es\/es\/wp-json\/wp\/v2\/media\/2171"}],"wp:attachment":[{"href":"https:\/\/politicasocial.vinaros.es\/es\/wp-json\/wp\/v2\/media?parent=2168"}],"wp:term":[{"taxonomy":"category","embeddable":true,"href":"https:\/\/politicasocial.vinaros.es\/es\/wp-json\/wp\/v2\/categories?post=2168"},{"taxonomy":"post_tag","embeddable":true,"href":"https:\/\/politicasocial.vinaros.es\/es\/wp-json\/wp\/v2\/tags?post=2168"}],"curies":[{"name":"wp","href":"https:\/\/api.w.org\/{rel}","templated":true}]}}