{"id":2194,"date":"2024-09-16T11:19:26","date_gmt":"2024-09-16T09:19:26","guid":{"rendered":"https:\/\/politicasocial.vinaros.es\/documental-toda-una-vida-historia-real-de-la-directora-marta-romero-sobre-sus-abuelos-y-el-alzheimer\/"},"modified":"2024-09-16T12:12:50","modified_gmt":"2024-09-16T10:12:50","slug":"documental-toda-una-vida-historia-real-de-la-directora-marta-romero-sobre-sus-abuelos-y-el-alzheimer","status":"publish","type":"post","link":"https:\/\/politicasocial.vinaros.es\/es\/documental-toda-una-vida-historia-real-de-la-directora-marta-romero-sobre-sus-abuelos-y-el-alzheimer\/","title":{"rendered":"Documental \u201cToda una vida\u201d, historia real de la directora Marta Romero sobre sus abuelos y el Alzheimer."},"content":{"rendered":"\n<h2 class=\"wp-block-heading\">Toda una vida<\/h2>\n\n<ul class=\"wp-block-list\">\n<li>Charla \u2013 Debate<\/li>\n\n\n\n<li>19 de septiembre \u00b7 17:30 h<\/li>\n\n\n\n<li>Biblioteca Municipal de Vinar\u00f2s<\/li>\n<\/ul>\n\n<p>En la sala de actos de la biblioteca se proyectar\u00e1 el documental <em>\u201cToda una vida\u201d<\/em>, dirigido por la directora de cine de Benicarl\u00f3, Marta Romero. Esta obra se basa en la historia real de sus abuelos y su experiencia con la enfermedad de Alzheimer. <\/p>\n\n<p>El evento est\u00e1 dirigido a toda la poblaci\u00f3n. \u00a1Os esperamos! <\/p>\n\n<h3 class=\"wp-block-heading\">Tr\u00e1iler oficial de \u201cToda una vida\u201d de Marta Romero Coll<\/h3>\n\n<figure class=\"wp-block-embed is-type-video is-provider-youtube wp-block-embed-youtube wp-embed-aspect-16-9 wp-has-aspect-ratio\"><div class=\"wp-block-embed__wrapper\"> \n<iframe loading=\"lazy\" title=\"TODA UNA VIDA - TR\u00c1ILER OFICIAL (HD)\" width=\"500\" height=\"281\" src=\"https:\/\/www.youtube.com\/embed\/Lu0oa_uLfWo?feature=oembed\" frameborder=\"0\" allow=\"accelerometer; autoplay; clipboard-write; encrypted-media; gyroscope; picture-in-picture; web-share\" referrerpolicy=\"strict-origin-when-cross-origin\" allowfullscreen><\/iframe>\n <\/div><\/figure>\n\n<figure class=\"wp-block-image size-full\"><img loading=\"lazy\" decoding=\"async\" width=\"1200\" height=\"675\" src=\"https:\/\/politicasocial.vinaros.es\/wp-content\/uploads\/2024\/09\/marta-romero-coll.jpg\" alt=\"Marta Romero Coll\" class=\"wp-image-2184\" srcset=\"https:\/\/politicasocial.vinaros.es\/wp-content\/uploads\/2024\/09\/marta-romero-coll.jpg 1200w, https:\/\/politicasocial.vinaros.es\/wp-content\/uploads\/2024\/09\/marta-romero-coll-800x450.jpg 800w, https:\/\/politicasocial.vinaros.es\/wp-content\/uploads\/2024\/09\/marta-romero-coll-768x432.jpg 768w\" sizes=\"auto, (max-width: 1200px) 100vw, 1200px\" \/><figcaption class=\"wp-element-caption\">La directora Marta Romero Coll<\/figcaption><\/figure>\n\n<figure class=\"wp-block-image size-large\"><img loading=\"lazy\" decoding=\"async\" width=\"849\" height=\"1200\" src=\"https:\/\/politicasocial.vinaros.es\/wp-content\/uploads\/2024\/09\/charla-coloquio-toda-una-vida-849x1200.jpg\" alt=\"\" class=\"wp-image-2178\" srcset=\"https:\/\/politicasocial.vinaros.es\/wp-content\/uploads\/2024\/09\/charla-coloquio-toda-una-vida-849x1200.jpg 849w, https:\/\/politicasocial.vinaros.es\/wp-content\/uploads\/2024\/09\/charla-coloquio-toda-una-vida-566x800.jpg 566w, https:\/\/politicasocial.vinaros.es\/wp-content\/uploads\/2024\/09\/charla-coloquio-toda-una-vida-768x1086.jpg 768w, https:\/\/politicasocial.vinaros.es\/wp-content\/uploads\/2024\/09\/charla-coloquio-toda-una-vida-1086x1536.jpg 1086w, https:\/\/politicasocial.vinaros.es\/wp-content\/uploads\/2024\/09\/charla-coloquio-toda-una-vida.jpg 1358w\" sizes=\"auto, (max-width: 849px) 100vw, 849px\" \/><figcaption class=\"wp-element-caption\">Cartel \u00abToda una vida\u00bb<\/figcaption><\/figure>\n\n<p><\/p>\n","protected":false},"excerpt":{"rendered":"<p>Toda una vida En la sala de actos de la biblioteca se proyectar\u00e1 el documental \u201cToda una vida\u201d, dirigido por la directora de cine de Benicarl\u00f3, Marta Romero. Esta obra se basa en la historia real de sus abuelos y su experiencia con la enfermedad de Alzheimer. El evento est\u00e1 dirigido a toda la poblaci\u00f3n. [&hellip;]<\/p>\n","protected":false},"author":2,"featured_media":2177,"comment_status":"open","ping_status":"open","sticky":false,"template":"","format":"standard","meta":{"_acf_changed":false,"inline_featured_image":false,"footnotes":""},"categories":[11],"tags":[],"class_list":["post-2194","post","type-post","status-publish","format-standard","has-post-thumbnail","hentry","category-servicios-sociales"],"acf":[],"yoast_head":"<!-- This site is optimized with the Yoast SEO plugin v27.0 - https:\/\/yoast.com\/product\/yoast-seo-wordpress\/ -->\n<title>Documental \u201cToda una vida\u201d, historia real de la directora Marta Romero sobre sus abuelos y el Alzheimer. - Pol\u00edtica Social - Ajuntament de Vinar\u00f2s<\/title>\n<meta name=\"robots\" content=\"index, follow, max-snippet:-1, max-image-preview:large, max-video-preview:-1\" \/>\n<link rel=\"canonical\" href=\"https:\/\/politicasocial.vinaros.es\/es\/documental-toda-una-vida-historia-real-de-la-directora-marta-romero-sobre-sus-abuelos-y-el-alzheimer\/\" \/>\n<meta property=\"og:locale\" content=\"es_ES\" \/>\n<meta property=\"og:type\" content=\"article\" \/>\n<meta property=\"og:title\" content=\"Documental \u201cToda una vida\u201d, historia real de la directora Marta Romero sobre sus abuelos y el Alzheimer. - Pol\u00edtica Social - Ajuntament de Vinar\u00f2s\" \/>\n<meta property=\"og:description\" content=\"Toda una vida En la sala de actos de la biblioteca se proyectar\u00e1 el documental \u201cToda una vida\u201d, dirigido por la directora de cine de Benicarl\u00f3, Marta Romero. Esta obra se basa en la historia real de sus abuelos y su experiencia con la enfermedad de Alzheimer. El evento est\u00e1 dirigido a toda la poblaci\u00f3n. [&hellip;]\" \/>\n<meta property=\"og:url\" content=\"https:\/\/politicasocial.vinaros.es\/es\/documental-toda-una-vida-historia-real-de-la-directora-marta-romero-sobre-sus-abuelos-y-el-alzheimer\/\" \/>\n<meta property=\"og:site_name\" content=\"Pol\u00edtica Social - Ajuntament de Vinar\u00f2s\" \/>\n<meta property=\"article:published_time\" content=\"2024-09-16T09:19:26+00:00\" \/>\n<meta property=\"article:modified_time\" content=\"2024-09-16T10:12:50+00:00\" \/>\n<meta property=\"og:image\" content=\"https:\/\/politicasocial.vinaros.es\/wp-content\/uploads\/2024\/09\/toda-una-vida-fotograma-marta-romero.jpeg\" \/>\n\t<meta property=\"og:image:width\" content=\"1920\" \/>\n\t<meta property=\"og:image:height\" content=\"1082\" \/>\n\t<meta property=\"og:image:type\" content=\"image\/jpeg\" \/>\n<meta name=\"author\" content=\"David Pru\u00f1onosa\" \/>\n<meta name=\"twitter:card\" content=\"summary_large_image\" \/>\n<meta name=\"twitter:label1\" content=\"Escrito por\" \/>\n\t<meta name=\"twitter:data1\" content=\"David Pru\u00f1onosa\" \/>\n<script type=\"application\/ld+json\" class=\"yoast-schema-graph\">{\"@context\":\"https:\/\/schema.org\",\"@graph\":[{\"@type\":\"Article\",\"@id\":\"https:\/\/politicasocial.vinaros.es\/es\/documental-toda-una-vida-historia-real-de-la-directora-marta-romero-sobre-sus-abuelos-y-el-alzheimer\/#article\",\"isPartOf\":{\"@id\":\"https:\/\/politicasocial.vinaros.es\/es\/documental-toda-una-vida-historia-real-de-la-directora-marta-romero-sobre-sus-abuelos-y-el-alzheimer\/\"},\"author\":{\"name\":\"David Pru\u00f1onosa\",\"@id\":\"https:\/\/politicasocial.vinaros.es\/es\/#\/schema\/person\/3b1e431ee719cc0fb03b0f048733b979\"},\"headline\":\"Documental \u201cToda una vida\u201d, historia real de la directora Marta Romero sobre sus abuelos y el Alzheimer.\",\"datePublished\":\"2024-09-16T09:19:26+00:00\",\"dateModified\":\"2024-09-16T10:12:50+00:00\",\"mainEntityOfPage\":{\"@id\":\"https:\/\/politicasocial.vinaros.es\/es\/documental-toda-una-vida-historia-real-de-la-directora-marta-romero-sobre-sus-abuelos-y-el-alzheimer\/\"},\"wordCount\":114,\"commentCount\":0,\"image\":{\"@id\":\"https:\/\/politicasocial.vinaros.es\/es\/documental-toda-una-vida-historia-real-de-la-directora-marta-romero-sobre-sus-abuelos-y-el-alzheimer\/#primaryimage\"},\"thumbnailUrl\":\"https:\/\/politicasocial.vinaros.es\/wp-content\/uploads\/2024\/09\/toda-una-vida-fotograma-marta-romero.jpeg\",\"articleSection\":[\"Servicios Sociales\"],\"inLanguage\":\"es\",\"potentialAction\":[{\"@type\":\"CommentAction\",\"name\":\"Comment\",\"target\":[\"https:\/\/politicasocial.vinaros.es\/es\/documental-toda-una-vida-historia-real-de-la-directora-marta-romero-sobre-sus-abuelos-y-el-alzheimer\/#respond\"]}]},{\"@type\":\"WebPage\",\"@id\":\"https:\/\/politicasocial.vinaros.es\/es\/documental-toda-una-vida-historia-real-de-la-directora-marta-romero-sobre-sus-abuelos-y-el-alzheimer\/\",\"url\":\"https:\/\/politicasocial.vinaros.es\/es\/documental-toda-una-vida-historia-real-de-la-directora-marta-romero-sobre-sus-abuelos-y-el-alzheimer\/\",\"name\":\"Documental \u201cToda una vida\u201d, historia real de la directora Marta Romero sobre sus abuelos y el Alzheimer. - Pol\u00edtica Social - Ajuntament de Vinar\u00f2s\",\"isPartOf\":{\"@id\":\"https:\/\/politicasocial.vinaros.es\/es\/#website\"},\"primaryImageOfPage\":{\"@id\":\"https:\/\/politicasocial.vinaros.es\/es\/documental-toda-una-vida-historia-real-de-la-directora-marta-romero-sobre-sus-abuelos-y-el-alzheimer\/#primaryimage\"},\"image\":{\"@id\":\"https:\/\/politicasocial.vinaros.es\/es\/documental-toda-una-vida-historia-real-de-la-directora-marta-romero-sobre-sus-abuelos-y-el-alzheimer\/#primaryimage\"},\"thumbnailUrl\":\"https:\/\/politicasocial.vinaros.es\/wp-content\/uploads\/2024\/09\/toda-una-vida-fotograma-marta-romero.jpeg\",\"datePublished\":\"2024-09-16T09:19:26+00:00\",\"dateModified\":\"2024-09-16T10:12:50+00:00\",\"author\":{\"@id\":\"https:\/\/politicasocial.vinaros.es\/es\/#\/schema\/person\/3b1e431ee719cc0fb03b0f048733b979\"},\"breadcrumb\":{\"@id\":\"https:\/\/politicasocial.vinaros.es\/es\/documental-toda-una-vida-historia-real-de-la-directora-marta-romero-sobre-sus-abuelos-y-el-alzheimer\/#breadcrumb\"},\"inLanguage\":\"es\",\"potentialAction\":[{\"@type\":\"ReadAction\",\"target\":[\"https:\/\/politicasocial.vinaros.es\/es\/documental-toda-una-vida-historia-real-de-la-directora-marta-romero-sobre-sus-abuelos-y-el-alzheimer\/\"]}]},{\"@type\":\"ImageObject\",\"inLanguage\":\"es\",\"@id\":\"https:\/\/politicasocial.vinaros.es\/es\/documental-toda-una-vida-historia-real-de-la-directora-marta-romero-sobre-sus-abuelos-y-el-alzheimer\/#primaryimage\",\"url\":\"https:\/\/politicasocial.vinaros.es\/wp-content\/uploads\/2024\/09\/toda-una-vida-fotograma-marta-romero.jpeg\",\"contentUrl\":\"https:\/\/politicasocial.vinaros.es\/wp-content\/uploads\/2024\/09\/toda-una-vida-fotograma-marta-romero.jpeg\",\"width\":1920,\"height\":1082},{\"@type\":\"BreadcrumbList\",\"@id\":\"https:\/\/politicasocial.vinaros.es\/es\/documental-toda-una-vida-historia-real-de-la-directora-marta-romero-sobre-sus-abuelos-y-el-alzheimer\/#breadcrumb\",\"itemListElement\":[{\"@type\":\"ListItem\",\"position\":1,\"name\":\"Inicio\",\"item\":\"https:\/\/politicasocial.vinaros.es\/es\/\"},{\"@type\":\"ListItem\",\"position\":2,\"name\":\"Servicios Sociales\",\"item\":\"https:\/\/politicasocial.vinaros.es\/es\/categoria\/servicios-sociales\/\"},{\"@type\":\"ListItem\",\"position\":3,\"name\":\"Documental \u201cToda una vida\u201d, historia real de la directora Marta Romero sobre sus abuelos y el Alzheimer.\"}]},{\"@type\":\"WebSite\",\"@id\":\"https:\/\/politicasocial.vinaros.es\/es\/#website\",\"url\":\"https:\/\/politicasocial.vinaros.es\/es\/\",\"name\":\"Pol\u00edtica Social - Ajuntament de Vinar\u00f2s\",\"description\":\"Regidoria de Pol\u00edtica Social\",\"potentialAction\":[{\"@type\":\"SearchAction\",\"target\":{\"@type\":\"EntryPoint\",\"urlTemplate\":\"https:\/\/politicasocial.vinaros.es\/es\/?s={search_term_string}\"},\"query-input\":{\"@type\":\"PropertyValueSpecification\",\"valueRequired\":true,\"valueName\":\"search_term_string\"}}],\"inLanguage\":\"es\"},{\"@type\":\"Person\",\"@id\":\"https:\/\/politicasocial.vinaros.es\/es\/#\/schema\/person\/3b1e431ee719cc0fb03b0f048733b979\",\"name\":\"David Pru\u00f1onosa\",\"image\":{\"@type\":\"ImageObject\",\"inLanguage\":\"es\",\"@id\":\"https:\/\/politicasocial.vinaros.es\/es\/#\/schema\/person\/image\/\",\"url\":\"https:\/\/secure.gravatar.com\/avatar\/5fc128946e8072351e6094f5d9d8cbf13b1c44e70e2c991bc747c7dc60f0b5a5?s=96&d=mm&r=g\",\"contentUrl\":\"https:\/\/secure.gravatar.com\/avatar\/5fc128946e8072351e6094f5d9d8cbf13b1c44e70e2c991bc747c7dc60f0b5a5?s=96&d=mm&r=g\",\"caption\":\"David Pru\u00f1onosa\"},\"url\":\"https:\/\/politicasocial.vinaros.es\/es\"}]}<\/script>\n<!-- \/ Yoast SEO plugin. -->","yoast_head_json":{"title":"Documental \u201cToda una vida\u201d, historia real de la directora Marta Romero sobre sus abuelos y el Alzheimer. - Pol\u00edtica Social - Ajuntament de Vinar\u00f2s","robots":{"index":"index","follow":"follow","max-snippet":"max-snippet:-1","max-image-preview":"max-image-preview:large","max-video-preview":"max-video-preview:-1"},"canonical":"https:\/\/politicasocial.vinaros.es\/es\/documental-toda-una-vida-historia-real-de-la-directora-marta-romero-sobre-sus-abuelos-y-el-alzheimer\/","og_locale":"es_ES","og_type":"article","og_title":"Documental \u201cToda una vida\u201d, historia real de la directora Marta Romero sobre sus abuelos y el Alzheimer. - Pol\u00edtica Social - Ajuntament de Vinar\u00f2s","og_description":"Toda una vida En la sala de actos de la biblioteca se proyectar\u00e1 el documental \u201cToda una vida\u201d, dirigido por la directora de cine de Benicarl\u00f3, Marta Romero. Esta obra se basa en la historia real de sus abuelos y su experiencia con la enfermedad de Alzheimer. El evento est\u00e1 dirigido a toda la poblaci\u00f3n. [&hellip;]","og_url":"https:\/\/politicasocial.vinaros.es\/es\/documental-toda-una-vida-historia-real-de-la-directora-marta-romero-sobre-sus-abuelos-y-el-alzheimer\/","og_site_name":"Pol\u00edtica Social - Ajuntament de Vinar\u00f2s","article_published_time":"2024-09-16T09:19:26+00:00","article_modified_time":"2024-09-16T10:12:50+00:00","og_image":[{"width":1920,"height":1082,"url":"https:\/\/politicasocial.vinaros.es\/wp-content\/uploads\/2024\/09\/toda-una-vida-fotograma-marta-romero.jpeg","type":"image\/jpeg"}],"author":"David Pru\u00f1onosa","twitter_card":"summary_large_image","twitter_misc":{"Escrito por":"David Pru\u00f1onosa"},"schema":{"@context":"https:\/\/schema.org","@graph":[{"@type":"Article","@id":"https:\/\/politicasocial.vinaros.es\/es\/documental-toda-una-vida-historia-real-de-la-directora-marta-romero-sobre-sus-abuelos-y-el-alzheimer\/#article","isPartOf":{"@id":"https:\/\/politicasocial.vinaros.es\/es\/documental-toda-una-vida-historia-real-de-la-directora-marta-romero-sobre-sus-abuelos-y-el-alzheimer\/"},"author":{"name":"David Pru\u00f1onosa","@id":"https:\/\/politicasocial.vinaros.es\/es\/#\/schema\/person\/3b1e431ee719cc0fb03b0f048733b979"},"headline":"Documental \u201cToda una vida\u201d, historia real de la directora Marta Romero sobre sus abuelos y el Alzheimer.","datePublished":"2024-09-16T09:19:26+00:00","dateModified":"2024-09-16T10:12:50+00:00","mainEntityOfPage":{"@id":"https:\/\/politicasocial.vinaros.es\/es\/documental-toda-una-vida-historia-real-de-la-directora-marta-romero-sobre-sus-abuelos-y-el-alzheimer\/"},"wordCount":114,"commentCount":0,"image":{"@id":"https:\/\/politicasocial.vinaros.es\/es\/documental-toda-una-vida-historia-real-de-la-directora-marta-romero-sobre-sus-abuelos-y-el-alzheimer\/#primaryimage"},"thumbnailUrl":"https:\/\/politicasocial.vinaros.es\/wp-content\/uploads\/2024\/09\/toda-una-vida-fotograma-marta-romero.jpeg","articleSection":["Servicios Sociales"],"inLanguage":"es","potentialAction":[{"@type":"CommentAction","name":"Comment","target":["https:\/\/politicasocial.vinaros.es\/es\/documental-toda-una-vida-historia-real-de-la-directora-marta-romero-sobre-sus-abuelos-y-el-alzheimer\/#respond"]}]},{"@type":"WebPage","@id":"https:\/\/politicasocial.vinaros.es\/es\/documental-toda-una-vida-historia-real-de-la-directora-marta-romero-sobre-sus-abuelos-y-el-alzheimer\/","url":"https:\/\/politicasocial.vinaros.es\/es\/documental-toda-una-vida-historia-real-de-la-directora-marta-romero-sobre-sus-abuelos-y-el-alzheimer\/","name":"Documental \u201cToda una vida\u201d, historia real de la directora Marta Romero sobre sus abuelos y el Alzheimer. - Pol\u00edtica Social - Ajuntament de Vinar\u00f2s","isPartOf":{"@id":"https:\/\/politicasocial.vinaros.es\/es\/#website"},"primaryImageOfPage":{"@id":"https:\/\/politicasocial.vinaros.es\/es\/documental-toda-una-vida-historia-real-de-la-directora-marta-romero-sobre-sus-abuelos-y-el-alzheimer\/#primaryimage"},"image":{"@id":"https:\/\/politicasocial.vinaros.es\/es\/documental-toda-una-vida-historia-real-de-la-directora-marta-romero-sobre-sus-abuelos-y-el-alzheimer\/#primaryimage"},"thumbnailUrl":"https:\/\/politicasocial.vinaros.es\/wp-content\/uploads\/2024\/09\/toda-una-vida-fotograma-marta-romero.jpeg","datePublished":"2024-09-16T09:19:26+00:00","dateModified":"2024-09-16T10:12:50+00:00","author":{"@id":"https:\/\/politicasocial.vinaros.es\/es\/#\/schema\/person\/3b1e431ee719cc0fb03b0f048733b979"},"breadcrumb":{"@id":"https:\/\/politicasocial.vinaros.es\/es\/documental-toda-una-vida-historia-real-de-la-directora-marta-romero-sobre-sus-abuelos-y-el-alzheimer\/#breadcrumb"},"inLanguage":"es","potentialAction":[{"@type":"ReadAction","target":["https:\/\/politicasocial.vinaros.es\/es\/documental-toda-una-vida-historia-real-de-la-directora-marta-romero-sobre-sus-abuelos-y-el-alzheimer\/"]}]},{"@type":"ImageObject","inLanguage":"es","@id":"https:\/\/politicasocial.vinaros.es\/es\/documental-toda-una-vida-historia-real-de-la-directora-marta-romero-sobre-sus-abuelos-y-el-alzheimer\/#primaryimage","url":"https:\/\/politicasocial.vinaros.es\/wp-content\/uploads\/2024\/09\/toda-una-vida-fotograma-marta-romero.jpeg","contentUrl":"https:\/\/politicasocial.vinaros.es\/wp-content\/uploads\/2024\/09\/toda-una-vida-fotograma-marta-romero.jpeg","width":1920,"height":1082},{"@type":"BreadcrumbList","@id":"https:\/\/politicasocial.vinaros.es\/es\/documental-toda-una-vida-historia-real-de-la-directora-marta-romero-sobre-sus-abuelos-y-el-alzheimer\/#breadcrumb","itemListElement":[{"@type":"ListItem","position":1,"name":"Inicio","item":"https:\/\/politicasocial.vinaros.es\/es\/"},{"@type":"ListItem","position":2,"name":"Servicios Sociales","item":"https:\/\/politicasocial.vinaros.es\/es\/categoria\/servicios-sociales\/"},{"@type":"ListItem","position":3,"name":"Documental \u201cToda una vida\u201d, historia real de la directora Marta Romero sobre sus abuelos y el Alzheimer."}]},{"@type":"WebSite","@id":"https:\/\/politicasocial.vinaros.es\/es\/#website","url":"https:\/\/politicasocial.vinaros.es\/es\/","name":"Pol\u00edtica Social - Ajuntament de Vinar\u00f2s","description":"Regidoria de Pol\u00edtica Social","potentialAction":[{"@type":"SearchAction","target":{"@type":"EntryPoint","urlTemplate":"https:\/\/politicasocial.vinaros.es\/es\/?s={search_term_string}"},"query-input":{"@type":"PropertyValueSpecification","valueRequired":true,"valueName":"search_term_string"}}],"inLanguage":"es"},{"@type":"Person","@id":"https:\/\/politicasocial.vinaros.es\/es\/#\/schema\/person\/3b1e431ee719cc0fb03b0f048733b979","name":"David Pru\u00f1onosa","image":{"@type":"ImageObject","inLanguage":"es","@id":"https:\/\/politicasocial.vinaros.es\/es\/#\/schema\/person\/image\/","url":"https:\/\/secure.gravatar.com\/avatar\/5fc128946e8072351e6094f5d9d8cbf13b1c44e70e2c991bc747c7dc60f0b5a5?s=96&d=mm&r=g","contentUrl":"https:\/\/secure.gravatar.com\/avatar\/5fc128946e8072351e6094f5d9d8cbf13b1c44e70e2c991bc747c7dc60f0b5a5?s=96&d=mm&r=g","caption":"David Pru\u00f1onosa"},"url":"https:\/\/politicasocial.vinaros.es\/es"}]}},"_links":{"self":[{"href":"https:\/\/politicasocial.vinaros.es\/es\/wp-json\/wp\/v2\/posts\/2194","targetHints":{"allow":["GET"]}}],"collection":[{"href":"https:\/\/politicasocial.vinaros.es\/es\/wp-json\/wp\/v2\/posts"}],"about":[{"href":"https:\/\/politicasocial.vinaros.es\/es\/wp-json\/wp\/v2\/types\/post"}],"author":[{"embeddable":true,"href":"https:\/\/politicasocial.vinaros.es\/es\/wp-json\/wp\/v2\/users\/2"}],"replies":[{"embeddable":true,"href":"https:\/\/politicasocial.vinaros.es\/es\/wp-json\/wp\/v2\/comments?post=2194"}],"version-history":[{"count":1,"href":"https:\/\/politicasocial.vinaros.es\/es\/wp-json\/wp\/v2\/posts\/2194\/revisions"}],"predecessor-version":[{"id":2195,"href":"https:\/\/politicasocial.vinaros.es\/es\/wp-json\/wp\/v2\/posts\/2194\/revisions\/2195"}],"wp:featuredmedia":[{"embeddable":true,"href":"https:\/\/politicasocial.vinaros.es\/es\/wp-json\/wp\/v2\/media\/2177"}],"wp:attachment":[{"href":"https:\/\/politicasocial.vinaros.es\/es\/wp-json\/wp\/v2\/media?parent=2194"}],"wp:term":[{"taxonomy":"category","embeddable":true,"href":"https:\/\/politicasocial.vinaros.es\/es\/wp-json\/wp\/v2\/categories?post=2194"},{"taxonomy":"post_tag","embeddable":true,"href":"https:\/\/politicasocial.vinaros.es\/es\/wp-json\/wp\/v2\/tags?post=2194"}],"curies":[{"name":"wp","href":"https:\/\/api.w.org\/{rel}","templated":true}]}}