{"id":2240,"date":"2024-11-21T10:51:50","date_gmt":"2024-11-21T09:51:50","guid":{"rendered":"https:\/\/politicasocial.vinaros.es\/formacion-para-los-profesionales-del-area-de-atencion-primaria-basica-y-especifica\/"},"modified":"2024-11-22T11:01:44","modified_gmt":"2024-11-22T10:01:44","slug":"formacion-para-los-profesionales-del-area-de-atencion-primaria-basica-y-especifica","status":"publish","type":"post","link":"https:\/\/politicasocial.vinaros.es\/es\/formacion-para-los-profesionales-del-area-de-atencion-primaria-basica-y-especifica\/","title":{"rendered":"Formaci\u00f3n para los profesionales del \u00e1rea de Atenci\u00f3n Primaria B\u00e1sica y Espec\u00edfica."},"content":{"rendered":"\n<p>Enrique Ferrer Lorente, supervisor de la Generalitat para el area 01 Servicios sociales, ha impartido una formaci\u00f3n en la biblioteca municipal para todos los profesionales del \u00e1rea de Atenci\u00f3n primaria b\u00e1sica (APB) y espec\u00edfica ( APE), competencia municipal y\/o de la Generalitat, del Ayuntamiento de Vinar\u00f2s<\/p>\n\n<p>En nuevo modelo de servicios sociales, surgido de la ley auton\u00f3mica 3\/2019, implica una implantaci\u00f3n progresiva que comienza con la dotaci\u00f3n de todo el personal m\u00ednimo decretado por ratio (que tiene que estar terminado en marzo de 2025) para las plantillas municipales de APB y APE, y debe continuar con la organizaci\u00f3n interna, implantaci\u00f3n del nuevo Sistema de Informaci\u00f3n y Registro (SIUSS) con la Historia Social \u00fanica que vamos a compartir con el Servei Valencia de Salut. Esta segunda fase terminar\u00e1 en diciembre de 2026, momento en el que todos los ayuntamientos de la Comunidad Valenciana deben estar operativos con estas herramientas. <\/p>\n\n<figure class=\"wp-block-image size-large\"><img loading=\"lazy\" decoding=\"async\" width=\"1200\" height=\"900\" src=\"https:\/\/politicasocial.vinaros.es\/wp-content\/uploads\/2024\/11\/IMG_1741-1-1200x900.jpg\" alt=\"\" class=\"wp-image-2237\" srcset=\"https:\/\/politicasocial.vinaros.es\/wp-content\/uploads\/2024\/11\/IMG_1741-1-1200x900.jpg 1200w, https:\/\/politicasocial.vinaros.es\/wp-content\/uploads\/2024\/11\/IMG_1741-1-800x600.jpg 800w, https:\/\/politicasocial.vinaros.es\/wp-content\/uploads\/2024\/11\/IMG_1741-1-600x450.jpg 600w, https:\/\/politicasocial.vinaros.es\/wp-content\/uploads\/2024\/11\/IMG_1741-1-768x576.jpg 768w, https:\/\/politicasocial.vinaros.es\/wp-content\/uploads\/2024\/11\/IMG_1741-1-1536x1152.jpg 1536w, https:\/\/politicasocial.vinaros.es\/wp-content\/uploads\/2024\/11\/IMG_1741-1.jpg 1600w\" sizes=\"auto, (max-width: 1200px) 100vw, 1200px\" \/><\/figure>\n\n<p>La primera parte de la formaci\u00f3n ha dado un repaso al cambio de paradigma que supone la ley (centrado en la persona..) con los servicios que se estructuran en torno a las comisiones (prestaciones, intervenci\u00f3n, organizativa), el Plan de Intervenci\u00f3n individual (PPIs) y las nuevas herramientas ya comentadas.<\/p>\n\n<p>En la segunda parte hemos entrado en lo que supondr\u00e1 la nueva historia social (flujogramas de trabajo, interconexi\u00f3n con otros sistemas\u2026), hemos conocido de primera mano los proyectos pilotos que est\u00e1n en marcha en la Comunidad Valenciana y el trabajo que est\u00e1 realizando un nuevo servicio del IVAFIQ (Direcci\u00f3n General del Instituto Valenciano de Formaci\u00f3n, Investigaci\u00f3n y Calidad) encargando de testar las nuevas herramientas (para lo que se ha seleccionado un ayuntamiento por provincia), con una comisi\u00f3n asesora, con coordinadores t\u00e9cnicos municipales, encargada del seguimiento del proceso.<\/p>\n\n<p>En el debate destacar las cargas que soportamos los Servicios Sociales municipales por competencias impropias ( informes para vivienda, educaci\u00f3n, bonos sociales\u2026), realidad que impide atender debidamente nuestras obligaciones; perjudica la cantidad de tiempo y la calidad de la atenci\u00f3n que requieren los problemas de nuestros conciudadanos, obviando la prevenci\u00f3n; verdadero objetivo de todos nuestros servicios.<\/p>\n","protected":false},"excerpt":{"rendered":"<p>Enrique Ferrer Lorente, supervisor de la Generalitat para el area 01 Servicios sociales, ha impartido una formaci\u00f3n en la biblioteca municipal para todos los profesionales del \u00e1rea de Atenci\u00f3n primaria b\u00e1sica (APB) y espec\u00edfica ( APE), competencia municipal y\/o de la Generalitat, del Ayuntamiento de Vinar\u00f2s En nuevo modelo de servicios sociales, surgido de la [&hellip;]<\/p>\n","protected":false},"author":2,"featured_media":2236,"comment_status":"open","ping_status":"open","sticky":false,"template":"","format":"standard","meta":{"_acf_changed":false,"inline_featured_image":false,"footnotes":""},"categories":[11],"tags":[],"class_list":["post-2240","post","type-post","status-publish","format-standard","has-post-thumbnail","hentry","category-servicios-sociales"],"acf":[],"yoast_head":"<!-- This site is optimized with the Yoast SEO plugin v27.0 - https:\/\/yoast.com\/product\/yoast-seo-wordpress\/ -->\n<title>Formaci\u00f3n para los profesionales del \u00e1rea de Atenci\u00f3n Primaria B\u00e1sica y Espec\u00edfica. - Pol\u00edtica Social - Ajuntament de Vinar\u00f2s<\/title>\n<meta name=\"robots\" content=\"index, follow, max-snippet:-1, max-image-preview:large, max-video-preview:-1\" \/>\n<link rel=\"canonical\" href=\"https:\/\/politicasocial.vinaros.es\/es\/formacion-para-los-profesionales-del-area-de-atencion-primaria-basica-y-especifica\/\" \/>\n<meta property=\"og:locale\" content=\"es_ES\" \/>\n<meta property=\"og:type\" content=\"article\" \/>\n<meta property=\"og:title\" content=\"Formaci\u00f3n para los profesionales del \u00e1rea de Atenci\u00f3n Primaria B\u00e1sica y Espec\u00edfica. - Pol\u00edtica Social - Ajuntament de Vinar\u00f2s\" \/>\n<meta property=\"og:description\" content=\"Enrique Ferrer Lorente, supervisor de la Generalitat para el area 01 Servicios sociales, ha impartido una formaci\u00f3n en la biblioteca municipal para todos los profesionales del \u00e1rea de Atenci\u00f3n primaria b\u00e1sica (APB) y espec\u00edfica ( APE), competencia municipal y\/o de la Generalitat, del Ayuntamiento de Vinar\u00f2s En nuevo modelo de servicios sociales, surgido de la [&hellip;]\" \/>\n<meta property=\"og:url\" content=\"https:\/\/politicasocial.vinaros.es\/es\/formacion-para-los-profesionales-del-area-de-atencion-primaria-basica-y-especifica\/\" \/>\n<meta property=\"og:site_name\" content=\"Pol\u00edtica Social - Ajuntament de Vinar\u00f2s\" \/>\n<meta property=\"article:published_time\" content=\"2024-11-21T09:51:50+00:00\" \/>\n<meta property=\"article:modified_time\" content=\"2024-11-22T10:01:44+00:00\" \/>\n<meta property=\"og:image\" content=\"https:\/\/politicasocial.vinaros.es\/wp-content\/uploads\/2024\/11\/forto3_1.jpg\" \/>\n\t<meta property=\"og:image:width\" content=\"1600\" \/>\n\t<meta property=\"og:image:height\" content=\"1200\" \/>\n\t<meta property=\"og:image:type\" content=\"image\/jpeg\" \/>\n<meta name=\"author\" content=\"David Pru\u00f1onosa\" \/>\n<meta name=\"twitter:card\" content=\"summary_large_image\" \/>\n<meta name=\"twitter:label1\" content=\"Escrito por\" \/>\n\t<meta name=\"twitter:data1\" content=\"David Pru\u00f1onosa\" \/>\n\t<meta name=\"twitter:label2\" content=\"Tiempo de lectura\" \/>\n\t<meta name=\"twitter:data2\" content=\"2 minutos\" \/>\n<script type=\"application\/ld+json\" class=\"yoast-schema-graph\">{\"@context\":\"https:\/\/schema.org\",\"@graph\":[{\"@type\":\"Article\",\"@id\":\"https:\/\/politicasocial.vinaros.es\/es\/formacion-para-los-profesionales-del-area-de-atencion-primaria-basica-y-especifica\/#article\",\"isPartOf\":{\"@id\":\"https:\/\/politicasocial.vinaros.es\/es\/formacion-para-los-profesionales-del-area-de-atencion-primaria-basica-y-especifica\/\"},\"author\":{\"name\":\"David Pru\u00f1onosa\",\"@id\":\"https:\/\/politicasocial.vinaros.es\/es\/#\/schema\/person\/3b1e431ee719cc0fb03b0f048733b979\"},\"headline\":\"Formaci\u00f3n para los profesionales del \u00e1rea de Atenci\u00f3n Primaria B\u00e1sica y Espec\u00edfica.\",\"datePublished\":\"2024-11-21T09:51:50+00:00\",\"dateModified\":\"2024-11-22T10:01:44+00:00\",\"mainEntityOfPage\":{\"@id\":\"https:\/\/politicasocial.vinaros.es\/es\/formacion-para-los-profesionales-del-area-de-atencion-primaria-basica-y-especifica\/\"},\"wordCount\":375,\"commentCount\":0,\"image\":{\"@id\":\"https:\/\/politicasocial.vinaros.es\/es\/formacion-para-los-profesionales-del-area-de-atencion-primaria-basica-y-especifica\/#primaryimage\"},\"thumbnailUrl\":\"https:\/\/politicasocial.vinaros.es\/wp-content\/uploads\/2024\/11\/forto3_1.jpg\",\"articleSection\":[\"Servicios Sociales\"],\"inLanguage\":\"es\",\"potentialAction\":[{\"@type\":\"CommentAction\",\"name\":\"Comment\",\"target\":[\"https:\/\/politicasocial.vinaros.es\/es\/formacion-para-los-profesionales-del-area-de-atencion-primaria-basica-y-especifica\/#respond\"]}]},{\"@type\":\"WebPage\",\"@id\":\"https:\/\/politicasocial.vinaros.es\/es\/formacion-para-los-profesionales-del-area-de-atencion-primaria-basica-y-especifica\/\",\"url\":\"https:\/\/politicasocial.vinaros.es\/es\/formacion-para-los-profesionales-del-area-de-atencion-primaria-basica-y-especifica\/\",\"name\":\"Formaci\u00f3n para los profesionales del \u00e1rea de Atenci\u00f3n Primaria B\u00e1sica y Espec\u00edfica. - Pol\u00edtica Social - Ajuntament de Vinar\u00f2s\",\"isPartOf\":{\"@id\":\"https:\/\/politicasocial.vinaros.es\/es\/#website\"},\"primaryImageOfPage\":{\"@id\":\"https:\/\/politicasocial.vinaros.es\/es\/formacion-para-los-profesionales-del-area-de-atencion-primaria-basica-y-especifica\/#primaryimage\"},\"image\":{\"@id\":\"https:\/\/politicasocial.vinaros.es\/es\/formacion-para-los-profesionales-del-area-de-atencion-primaria-basica-y-especifica\/#primaryimage\"},\"thumbnailUrl\":\"https:\/\/politicasocial.vinaros.es\/wp-content\/uploads\/2024\/11\/forto3_1.jpg\",\"datePublished\":\"2024-11-21T09:51:50+00:00\",\"dateModified\":\"2024-11-22T10:01:44+00:00\",\"author\":{\"@id\":\"https:\/\/politicasocial.vinaros.es\/es\/#\/schema\/person\/3b1e431ee719cc0fb03b0f048733b979\"},\"breadcrumb\":{\"@id\":\"https:\/\/politicasocial.vinaros.es\/es\/formacion-para-los-profesionales-del-area-de-atencion-primaria-basica-y-especifica\/#breadcrumb\"},\"inLanguage\":\"es\",\"potentialAction\":[{\"@type\":\"ReadAction\",\"target\":[\"https:\/\/politicasocial.vinaros.es\/es\/formacion-para-los-profesionales-del-area-de-atencion-primaria-basica-y-especifica\/\"]}]},{\"@type\":\"ImageObject\",\"inLanguage\":\"es\",\"@id\":\"https:\/\/politicasocial.vinaros.es\/es\/formacion-para-los-profesionales-del-area-de-atencion-primaria-basica-y-especifica\/#primaryimage\",\"url\":\"https:\/\/politicasocial.vinaros.es\/wp-content\/uploads\/2024\/11\/forto3_1.jpg\",\"contentUrl\":\"https:\/\/politicasocial.vinaros.es\/wp-content\/uploads\/2024\/11\/forto3_1.jpg\",\"width\":1600,\"height\":1200},{\"@type\":\"BreadcrumbList\",\"@id\":\"https:\/\/politicasocial.vinaros.es\/es\/formacion-para-los-profesionales-del-area-de-atencion-primaria-basica-y-especifica\/#breadcrumb\",\"itemListElement\":[{\"@type\":\"ListItem\",\"position\":1,\"name\":\"Inicio\",\"item\":\"https:\/\/politicasocial.vinaros.es\/es\/\"},{\"@type\":\"ListItem\",\"position\":2,\"name\":\"Servicios Sociales\",\"item\":\"https:\/\/politicasocial.vinaros.es\/es\/categoria\/servicios-sociales\/\"},{\"@type\":\"ListItem\",\"position\":3,\"name\":\"Formaci\u00f3n para los profesionales del \u00e1rea de Atenci\u00f3n Primaria B\u00e1sica y Espec\u00edfica.\"}]},{\"@type\":\"WebSite\",\"@id\":\"https:\/\/politicasocial.vinaros.es\/es\/#website\",\"url\":\"https:\/\/politicasocial.vinaros.es\/es\/\",\"name\":\"Pol\u00edtica Social - Ajuntament de Vinar\u00f2s\",\"description\":\"Regidoria de Pol\u00edtica Social\",\"potentialAction\":[{\"@type\":\"SearchAction\",\"target\":{\"@type\":\"EntryPoint\",\"urlTemplate\":\"https:\/\/politicasocial.vinaros.es\/es\/?s={search_term_string}\"},\"query-input\":{\"@type\":\"PropertyValueSpecification\",\"valueRequired\":true,\"valueName\":\"search_term_string\"}}],\"inLanguage\":\"es\"},{\"@type\":\"Person\",\"@id\":\"https:\/\/politicasocial.vinaros.es\/es\/#\/schema\/person\/3b1e431ee719cc0fb03b0f048733b979\",\"name\":\"David Pru\u00f1onosa\",\"image\":{\"@type\":\"ImageObject\",\"inLanguage\":\"es\",\"@id\":\"https:\/\/politicasocial.vinaros.es\/es\/#\/schema\/person\/image\/\",\"url\":\"https:\/\/secure.gravatar.com\/avatar\/5fc128946e8072351e6094f5d9d8cbf13b1c44e70e2c991bc747c7dc60f0b5a5?s=96&d=mm&r=g\",\"contentUrl\":\"https:\/\/secure.gravatar.com\/avatar\/5fc128946e8072351e6094f5d9d8cbf13b1c44e70e2c991bc747c7dc60f0b5a5?s=96&d=mm&r=g\",\"caption\":\"David Pru\u00f1onosa\"},\"url\":\"https:\/\/politicasocial.vinaros.es\/es\"}]}<\/script>\n<!-- \/ Yoast SEO plugin. -->","yoast_head_json":{"title":"Formaci\u00f3n para los profesionales del \u00e1rea de Atenci\u00f3n Primaria B\u00e1sica y Espec\u00edfica. - Pol\u00edtica Social - Ajuntament de Vinar\u00f2s","robots":{"index":"index","follow":"follow","max-snippet":"max-snippet:-1","max-image-preview":"max-image-preview:large","max-video-preview":"max-video-preview:-1"},"canonical":"https:\/\/politicasocial.vinaros.es\/es\/formacion-para-los-profesionales-del-area-de-atencion-primaria-basica-y-especifica\/","og_locale":"es_ES","og_type":"article","og_title":"Formaci\u00f3n para los profesionales del \u00e1rea de Atenci\u00f3n Primaria B\u00e1sica y Espec\u00edfica. - Pol\u00edtica Social - Ajuntament de Vinar\u00f2s","og_description":"Enrique Ferrer Lorente, supervisor de la Generalitat para el area 01 Servicios sociales, ha impartido una formaci\u00f3n en la biblioteca municipal para todos los profesionales del \u00e1rea de Atenci\u00f3n primaria b\u00e1sica (APB) y espec\u00edfica ( APE), competencia municipal y\/o de la Generalitat, del Ayuntamiento de Vinar\u00f2s En nuevo modelo de servicios sociales, surgido de la [&hellip;]","og_url":"https:\/\/politicasocial.vinaros.es\/es\/formacion-para-los-profesionales-del-area-de-atencion-primaria-basica-y-especifica\/","og_site_name":"Pol\u00edtica Social - Ajuntament de Vinar\u00f2s","article_published_time":"2024-11-21T09:51:50+00:00","article_modified_time":"2024-11-22T10:01:44+00:00","og_image":[{"width":1600,"height":1200,"url":"https:\/\/politicasocial.vinaros.es\/wp-content\/uploads\/2024\/11\/forto3_1.jpg","type":"image\/jpeg"}],"author":"David Pru\u00f1onosa","twitter_card":"summary_large_image","twitter_misc":{"Escrito por":"David Pru\u00f1onosa","Tiempo de lectura":"2 minutos"},"schema":{"@context":"https:\/\/schema.org","@graph":[{"@type":"Article","@id":"https:\/\/politicasocial.vinaros.es\/es\/formacion-para-los-profesionales-del-area-de-atencion-primaria-basica-y-especifica\/#article","isPartOf":{"@id":"https:\/\/politicasocial.vinaros.es\/es\/formacion-para-los-profesionales-del-area-de-atencion-primaria-basica-y-especifica\/"},"author":{"name":"David Pru\u00f1onosa","@id":"https:\/\/politicasocial.vinaros.es\/es\/#\/schema\/person\/3b1e431ee719cc0fb03b0f048733b979"},"headline":"Formaci\u00f3n para los profesionales del \u00e1rea de Atenci\u00f3n Primaria B\u00e1sica y Espec\u00edfica.","datePublished":"2024-11-21T09:51:50+00:00","dateModified":"2024-11-22T10:01:44+00:00","mainEntityOfPage":{"@id":"https:\/\/politicasocial.vinaros.es\/es\/formacion-para-los-profesionales-del-area-de-atencion-primaria-basica-y-especifica\/"},"wordCount":375,"commentCount":0,"image":{"@id":"https:\/\/politicasocial.vinaros.es\/es\/formacion-para-los-profesionales-del-area-de-atencion-primaria-basica-y-especifica\/#primaryimage"},"thumbnailUrl":"https:\/\/politicasocial.vinaros.es\/wp-content\/uploads\/2024\/11\/forto3_1.jpg","articleSection":["Servicios Sociales"],"inLanguage":"es","potentialAction":[{"@type":"CommentAction","name":"Comment","target":["https:\/\/politicasocial.vinaros.es\/es\/formacion-para-los-profesionales-del-area-de-atencion-primaria-basica-y-especifica\/#respond"]}]},{"@type":"WebPage","@id":"https:\/\/politicasocial.vinaros.es\/es\/formacion-para-los-profesionales-del-area-de-atencion-primaria-basica-y-especifica\/","url":"https:\/\/politicasocial.vinaros.es\/es\/formacion-para-los-profesionales-del-area-de-atencion-primaria-basica-y-especifica\/","name":"Formaci\u00f3n para los profesionales del \u00e1rea de Atenci\u00f3n Primaria B\u00e1sica y Espec\u00edfica. - Pol\u00edtica Social - Ajuntament de Vinar\u00f2s","isPartOf":{"@id":"https:\/\/politicasocial.vinaros.es\/es\/#website"},"primaryImageOfPage":{"@id":"https:\/\/politicasocial.vinaros.es\/es\/formacion-para-los-profesionales-del-area-de-atencion-primaria-basica-y-especifica\/#primaryimage"},"image":{"@id":"https:\/\/politicasocial.vinaros.es\/es\/formacion-para-los-profesionales-del-area-de-atencion-primaria-basica-y-especifica\/#primaryimage"},"thumbnailUrl":"https:\/\/politicasocial.vinaros.es\/wp-content\/uploads\/2024\/11\/forto3_1.jpg","datePublished":"2024-11-21T09:51:50+00:00","dateModified":"2024-11-22T10:01:44+00:00","author":{"@id":"https:\/\/politicasocial.vinaros.es\/es\/#\/schema\/person\/3b1e431ee719cc0fb03b0f048733b979"},"breadcrumb":{"@id":"https:\/\/politicasocial.vinaros.es\/es\/formacion-para-los-profesionales-del-area-de-atencion-primaria-basica-y-especifica\/#breadcrumb"},"inLanguage":"es","potentialAction":[{"@type":"ReadAction","target":["https:\/\/politicasocial.vinaros.es\/es\/formacion-para-los-profesionales-del-area-de-atencion-primaria-basica-y-especifica\/"]}]},{"@type":"ImageObject","inLanguage":"es","@id":"https:\/\/politicasocial.vinaros.es\/es\/formacion-para-los-profesionales-del-area-de-atencion-primaria-basica-y-especifica\/#primaryimage","url":"https:\/\/politicasocial.vinaros.es\/wp-content\/uploads\/2024\/11\/forto3_1.jpg","contentUrl":"https:\/\/politicasocial.vinaros.es\/wp-content\/uploads\/2024\/11\/forto3_1.jpg","width":1600,"height":1200},{"@type":"BreadcrumbList","@id":"https:\/\/politicasocial.vinaros.es\/es\/formacion-para-los-profesionales-del-area-de-atencion-primaria-basica-y-especifica\/#breadcrumb","itemListElement":[{"@type":"ListItem","position":1,"name":"Inicio","item":"https:\/\/politicasocial.vinaros.es\/es\/"},{"@type":"ListItem","position":2,"name":"Servicios Sociales","item":"https:\/\/politicasocial.vinaros.es\/es\/categoria\/servicios-sociales\/"},{"@type":"ListItem","position":3,"name":"Formaci\u00f3n para los profesionales del \u00e1rea de Atenci\u00f3n Primaria B\u00e1sica y Espec\u00edfica."}]},{"@type":"WebSite","@id":"https:\/\/politicasocial.vinaros.es\/es\/#website","url":"https:\/\/politicasocial.vinaros.es\/es\/","name":"Pol\u00edtica Social - Ajuntament de Vinar\u00f2s","description":"Regidoria de Pol\u00edtica Social","potentialAction":[{"@type":"SearchAction","target":{"@type":"EntryPoint","urlTemplate":"https:\/\/politicasocial.vinaros.es\/es\/?s={search_term_string}"},"query-input":{"@type":"PropertyValueSpecification","valueRequired":true,"valueName":"search_term_string"}}],"inLanguage":"es"},{"@type":"Person","@id":"https:\/\/politicasocial.vinaros.es\/es\/#\/schema\/person\/3b1e431ee719cc0fb03b0f048733b979","name":"David Pru\u00f1onosa","image":{"@type":"ImageObject","inLanguage":"es","@id":"https:\/\/politicasocial.vinaros.es\/es\/#\/schema\/person\/image\/","url":"https:\/\/secure.gravatar.com\/avatar\/5fc128946e8072351e6094f5d9d8cbf13b1c44e70e2c991bc747c7dc60f0b5a5?s=96&d=mm&r=g","contentUrl":"https:\/\/secure.gravatar.com\/avatar\/5fc128946e8072351e6094f5d9d8cbf13b1c44e70e2c991bc747c7dc60f0b5a5?s=96&d=mm&r=g","caption":"David Pru\u00f1onosa"},"url":"https:\/\/politicasocial.vinaros.es\/es"}]}},"_links":{"self":[{"href":"https:\/\/politicasocial.vinaros.es\/es\/wp-json\/wp\/v2\/posts\/2240","targetHints":{"allow":["GET"]}}],"collection":[{"href":"https:\/\/politicasocial.vinaros.es\/es\/wp-json\/wp\/v2\/posts"}],"about":[{"href":"https:\/\/politicasocial.vinaros.es\/es\/wp-json\/wp\/v2\/types\/post"}],"author":[{"embeddable":true,"href":"https:\/\/politicasocial.vinaros.es\/es\/wp-json\/wp\/v2\/users\/2"}],"replies":[{"embeddable":true,"href":"https:\/\/politicasocial.vinaros.es\/es\/wp-json\/wp\/v2\/comments?post=2240"}],"version-history":[{"count":1,"href":"https:\/\/politicasocial.vinaros.es\/es\/wp-json\/wp\/v2\/posts\/2240\/revisions"}],"predecessor-version":[{"id":2241,"href":"https:\/\/politicasocial.vinaros.es\/es\/wp-json\/wp\/v2\/posts\/2240\/revisions\/2241"}],"wp:featuredmedia":[{"embeddable":true,"href":"https:\/\/politicasocial.vinaros.es\/es\/wp-json\/wp\/v2\/media\/2236"}],"wp:attachment":[{"href":"https:\/\/politicasocial.vinaros.es\/es\/wp-json\/wp\/v2\/media?parent=2240"}],"wp:term":[{"taxonomy":"category","embeddable":true,"href":"https:\/\/politicasocial.vinaros.es\/es\/wp-json\/wp\/v2\/categories?post=2240"},{"taxonomy":"post_tag","embeddable":true,"href":"https:\/\/politicasocial.vinaros.es\/es\/wp-json\/wp\/v2\/tags?post=2240"}],"curies":[{"name":"wp","href":"https:\/\/api.w.org\/{rel}","templated":true}]}}