{"id":2261,"date":"2025-01-21T09:12:13","date_gmt":"2025-01-21T08:12:13","guid":{"rendered":"https:\/\/politicasocial.vinaros.es\/el-deficit-de-plazas-residenciales-para-personas-mayores-en-espana-sigue-aumentando-tras-la-pandemia\/"},"modified":"2025-02-05T09:23:41","modified_gmt":"2025-02-05T08:23:41","slug":"el-deficit-de-plazas-residenciales-para-personas-mayores-en-espana-sigue-aumentando-tras-la-pandemia","status":"publish","type":"post","link":"https:\/\/politicasocial.vinaros.es\/es\/el-deficit-de-plazas-residenciales-para-personas-mayores-en-espana-sigue-aumentando-tras-la-pandemia\/","title":{"rendered":"El d\u00e9ficit de plazas residenciales para personas mayores en espa\u00f1a sigue aumentando tras la pandemia"},"content":{"rendered":"\n<p>En los tres a\u00f1os posteriores a la pandemia (2021, 2022 y 2023) han aumentado en 6.031 las plazas residenciales, mientras que la poblaci\u00f3n mayor de 65 a\u00f1os se ha incrementado en m\u00e1s de 600.000 personas en esos mismos a\u00f1os.<\/p>\n\n<p>395.065 plazas residenciales para mayores hab\u00eda en Espa\u00f1a al comienzo de 2024, 3.510 menos que el a\u00f1o anterior. Desde 2014 no se hab\u00eda registrado un descenso interanual en el n\u00famero de plazas residenciales <\/p>\n\n<p>Contin\u00faa aumentando en n\u00famero y porcentaje las plazas residenciales de financiaci\u00f3n p\u00fablica.<\/p>\n\n<p><strong>Son necesarias 89.324 plazas residenciales <\/strong>para alcanzar 5 plazas por cada 100 personas mayores de 65<br\/>a\u00f1os.<\/p>\n\n<p><strong>Y no menos de 35.000 plazas<\/strong> para atender la demanda actual de personas en Dependencia Severa o Grandes Dependientes.<\/p>\n\n<p><\/p>\n\n<p><\/p>\n","protected":false},"excerpt":{"rendered":"<p>En los tres a\u00f1os posteriores a la pandemia (2021, 2022 y 2023) han aumentado en 6.031 las plazas residenciales, mientras que la poblaci\u00f3n mayor de 65 a\u00f1os se ha incrementado en m\u00e1s de 600.000 personas en esos mismos a\u00f1os. 395.065 plazas residenciales para mayores hab\u00eda en Espa\u00f1a al comienzo de 2024, 3.510 menos que el [&hellip;]<\/p>\n","protected":false},"author":2,"featured_media":2257,"comment_status":"open","ping_status":"open","sticky":false,"template":"","format":"standard","meta":{"_acf_changed":false,"inline_featured_image":false,"footnotes":""},"categories":[11],"tags":[],"class_list":["post-2261","post","type-post","status-publish","format-standard","has-post-thumbnail","hentry","category-servicios-sociales"],"acf":[],"yoast_head":"<!-- This site is optimized with the Yoast SEO plugin v27.0 - https:\/\/yoast.com\/product\/yoast-seo-wordpress\/ -->\n<title>El d\u00e9ficit de plazas residenciales para personas mayores en espa\u00f1a sigue aumentando tras la pandemia - Pol\u00edtica Social - Ajuntament de Vinar\u00f2s<\/title>\n<meta name=\"robots\" content=\"index, follow, max-snippet:-1, max-image-preview:large, max-video-preview:-1\" \/>\n<link rel=\"canonical\" href=\"https:\/\/politicasocial.vinaros.es\/es\/el-deficit-de-plazas-residenciales-para-personas-mayores-en-espana-sigue-aumentando-tras-la-pandemia\/\" \/>\n<meta property=\"og:locale\" content=\"es_ES\" \/>\n<meta property=\"og:type\" content=\"article\" \/>\n<meta property=\"og:title\" content=\"El d\u00e9ficit de plazas residenciales para personas mayores en espa\u00f1a sigue aumentando tras la pandemia - Pol\u00edtica Social - Ajuntament de Vinar\u00f2s\" \/>\n<meta property=\"og:description\" content=\"En los tres a\u00f1os posteriores a la pandemia (2021, 2022 y 2023) han aumentado en 6.031 las plazas residenciales, mientras que la poblaci\u00f3n mayor de 65 a\u00f1os se ha incrementado en m\u00e1s de 600.000 personas en esos mismos a\u00f1os. 395.065 plazas residenciales para mayores hab\u00eda en Espa\u00f1a al comienzo de 2024, 3.510 menos que el [&hellip;]\" \/>\n<meta property=\"og:url\" content=\"https:\/\/politicasocial.vinaros.es\/es\/el-deficit-de-plazas-residenciales-para-personas-mayores-en-espana-sigue-aumentando-tras-la-pandemia\/\" \/>\n<meta property=\"og:site_name\" content=\"Pol\u00edtica Social - Ajuntament de Vinar\u00f2s\" \/>\n<meta property=\"article:published_time\" content=\"2025-01-21T08:12:13+00:00\" \/>\n<meta property=\"article:modified_time\" content=\"2025-02-05T08:23:41+00:00\" \/>\n<meta property=\"og:image\" content=\"https:\/\/politicasocial.vinaros.es\/wp-content\/uploads\/2025\/02\/logo-directoras.jpg\" \/>\n\t<meta property=\"og:image:width\" content=\"1920\" \/>\n\t<meta property=\"og:image:height\" content=\"1332\" \/>\n\t<meta property=\"og:image:type\" content=\"image\/jpeg\" \/>\n<meta name=\"author\" content=\"David Pru\u00f1onosa\" \/>\n<meta name=\"twitter:card\" content=\"summary_large_image\" \/>\n<meta name=\"twitter:label1\" content=\"Escrito por\" \/>\n\t<meta name=\"twitter:data1\" content=\"David Pru\u00f1onosa\" \/>\n\t<meta name=\"twitter:label2\" content=\"Tiempo de lectura\" \/>\n\t<meta name=\"twitter:data2\" content=\"1 minuto\" \/>\n<script type=\"application\/ld+json\" class=\"yoast-schema-graph\">{\"@context\":\"https:\/\/schema.org\",\"@graph\":[{\"@type\":\"Article\",\"@id\":\"https:\/\/politicasocial.vinaros.es\/es\/el-deficit-de-plazas-residenciales-para-personas-mayores-en-espana-sigue-aumentando-tras-la-pandemia\/#article\",\"isPartOf\":{\"@id\":\"https:\/\/politicasocial.vinaros.es\/es\/el-deficit-de-plazas-residenciales-para-personas-mayores-en-espana-sigue-aumentando-tras-la-pandemia\/\"},\"author\":{\"name\":\"David Pru\u00f1onosa\",\"@id\":\"https:\/\/politicasocial.vinaros.es\/es\/#\/schema\/person\/3b1e431ee719cc0fb03b0f048733b979\"},\"headline\":\"El d\u00e9ficit de plazas residenciales para personas mayores en espa\u00f1a sigue aumentando tras la pandemia\",\"datePublished\":\"2025-01-21T08:12:13+00:00\",\"dateModified\":\"2025-02-05T08:23:41+00:00\",\"mainEntityOfPage\":{\"@id\":\"https:\/\/politicasocial.vinaros.es\/es\/el-deficit-de-plazas-residenciales-para-personas-mayores-en-espana-sigue-aumentando-tras-la-pandemia\/\"},\"wordCount\":137,\"commentCount\":0,\"image\":{\"@id\":\"https:\/\/politicasocial.vinaros.es\/es\/el-deficit-de-plazas-residenciales-para-personas-mayores-en-espana-sigue-aumentando-tras-la-pandemia\/#primaryimage\"},\"thumbnailUrl\":\"https:\/\/politicasocial.vinaros.es\/wp-content\/uploads\/2025\/02\/logo-directoras.jpg\",\"articleSection\":[\"Servicios Sociales\"],\"inLanguage\":\"es\",\"potentialAction\":[{\"@type\":\"CommentAction\",\"name\":\"Comment\",\"target\":[\"https:\/\/politicasocial.vinaros.es\/es\/el-deficit-de-plazas-residenciales-para-personas-mayores-en-espana-sigue-aumentando-tras-la-pandemia\/#respond\"]}]},{\"@type\":\"WebPage\",\"@id\":\"https:\/\/politicasocial.vinaros.es\/es\/el-deficit-de-plazas-residenciales-para-personas-mayores-en-espana-sigue-aumentando-tras-la-pandemia\/\",\"url\":\"https:\/\/politicasocial.vinaros.es\/es\/el-deficit-de-plazas-residenciales-para-personas-mayores-en-espana-sigue-aumentando-tras-la-pandemia\/\",\"name\":\"El d\u00e9ficit de plazas residenciales para personas mayores en espa\u00f1a sigue aumentando tras la pandemia - Pol\u00edtica Social - Ajuntament de Vinar\u00f2s\",\"isPartOf\":{\"@id\":\"https:\/\/politicasocial.vinaros.es\/es\/#website\"},\"primaryImageOfPage\":{\"@id\":\"https:\/\/politicasocial.vinaros.es\/es\/el-deficit-de-plazas-residenciales-para-personas-mayores-en-espana-sigue-aumentando-tras-la-pandemia\/#primaryimage\"},\"image\":{\"@id\":\"https:\/\/politicasocial.vinaros.es\/es\/el-deficit-de-plazas-residenciales-para-personas-mayores-en-espana-sigue-aumentando-tras-la-pandemia\/#primaryimage\"},\"thumbnailUrl\":\"https:\/\/politicasocial.vinaros.es\/wp-content\/uploads\/2025\/02\/logo-directoras.jpg\",\"datePublished\":\"2025-01-21T08:12:13+00:00\",\"dateModified\":\"2025-02-05T08:23:41+00:00\",\"author\":{\"@id\":\"https:\/\/politicasocial.vinaros.es\/es\/#\/schema\/person\/3b1e431ee719cc0fb03b0f048733b979\"},\"breadcrumb\":{\"@id\":\"https:\/\/politicasocial.vinaros.es\/es\/el-deficit-de-plazas-residenciales-para-personas-mayores-en-espana-sigue-aumentando-tras-la-pandemia\/#breadcrumb\"},\"inLanguage\":\"es\",\"potentialAction\":[{\"@type\":\"ReadAction\",\"target\":[\"https:\/\/politicasocial.vinaros.es\/es\/el-deficit-de-plazas-residenciales-para-personas-mayores-en-espana-sigue-aumentando-tras-la-pandemia\/\"]}]},{\"@type\":\"ImageObject\",\"inLanguage\":\"es\",\"@id\":\"https:\/\/politicasocial.vinaros.es\/es\/el-deficit-de-plazas-residenciales-para-personas-mayores-en-espana-sigue-aumentando-tras-la-pandemia\/#primaryimage\",\"url\":\"https:\/\/politicasocial.vinaros.es\/wp-content\/uploads\/2025\/02\/logo-directoras.jpg\",\"contentUrl\":\"https:\/\/politicasocial.vinaros.es\/wp-content\/uploads\/2025\/02\/logo-directoras.jpg\",\"width\":1920,\"height\":1332},{\"@type\":\"BreadcrumbList\",\"@id\":\"https:\/\/politicasocial.vinaros.es\/es\/el-deficit-de-plazas-residenciales-para-personas-mayores-en-espana-sigue-aumentando-tras-la-pandemia\/#breadcrumb\",\"itemListElement\":[{\"@type\":\"ListItem\",\"position\":1,\"name\":\"Inicio\",\"item\":\"https:\/\/politicasocial.vinaros.es\/es\/\"},{\"@type\":\"ListItem\",\"position\":2,\"name\":\"Servicios Sociales\",\"item\":\"https:\/\/politicasocial.vinaros.es\/es\/categoria\/servicios-sociales\/\"},{\"@type\":\"ListItem\",\"position\":3,\"name\":\"El d\u00e9ficit de plazas residenciales para personas mayores en espa\u00f1a sigue aumentando tras la pandemia\"}]},{\"@type\":\"WebSite\",\"@id\":\"https:\/\/politicasocial.vinaros.es\/es\/#website\",\"url\":\"https:\/\/politicasocial.vinaros.es\/es\/\",\"name\":\"Pol\u00edtica Social - Ajuntament de Vinar\u00f2s\",\"description\":\"Regidoria de Pol\u00edtica Social\",\"potentialAction\":[{\"@type\":\"SearchAction\",\"target\":{\"@type\":\"EntryPoint\",\"urlTemplate\":\"https:\/\/politicasocial.vinaros.es\/es\/?s={search_term_string}\"},\"query-input\":{\"@type\":\"PropertyValueSpecification\",\"valueRequired\":true,\"valueName\":\"search_term_string\"}}],\"inLanguage\":\"es\"},{\"@type\":\"Person\",\"@id\":\"https:\/\/politicasocial.vinaros.es\/es\/#\/schema\/person\/3b1e431ee719cc0fb03b0f048733b979\",\"name\":\"David Pru\u00f1onosa\",\"image\":{\"@type\":\"ImageObject\",\"inLanguage\":\"es\",\"@id\":\"https:\/\/politicasocial.vinaros.es\/es\/#\/schema\/person\/image\/\",\"url\":\"https:\/\/secure.gravatar.com\/avatar\/5fc128946e8072351e6094f5d9d8cbf13b1c44e70e2c991bc747c7dc60f0b5a5?s=96&d=mm&r=g\",\"contentUrl\":\"https:\/\/secure.gravatar.com\/avatar\/5fc128946e8072351e6094f5d9d8cbf13b1c44e70e2c991bc747c7dc60f0b5a5?s=96&d=mm&r=g\",\"caption\":\"David Pru\u00f1onosa\"},\"url\":\"https:\/\/politicasocial.vinaros.es\/es\"}]}<\/script>\n<!-- \/ Yoast SEO plugin. -->","yoast_head_json":{"title":"El d\u00e9ficit de plazas residenciales para personas mayores en espa\u00f1a sigue aumentando tras la pandemia - Pol\u00edtica Social - Ajuntament de Vinar\u00f2s","robots":{"index":"index","follow":"follow","max-snippet":"max-snippet:-1","max-image-preview":"max-image-preview:large","max-video-preview":"max-video-preview:-1"},"canonical":"https:\/\/politicasocial.vinaros.es\/es\/el-deficit-de-plazas-residenciales-para-personas-mayores-en-espana-sigue-aumentando-tras-la-pandemia\/","og_locale":"es_ES","og_type":"article","og_title":"El d\u00e9ficit de plazas residenciales para personas mayores en espa\u00f1a sigue aumentando tras la pandemia - Pol\u00edtica Social - Ajuntament de Vinar\u00f2s","og_description":"En los tres a\u00f1os posteriores a la pandemia (2021, 2022 y 2023) han aumentado en 6.031 las plazas residenciales, mientras que la poblaci\u00f3n mayor de 65 a\u00f1os se ha incrementado en m\u00e1s de 600.000 personas en esos mismos a\u00f1os. 395.065 plazas residenciales para mayores hab\u00eda en Espa\u00f1a al comienzo de 2024, 3.510 menos que el [&hellip;]","og_url":"https:\/\/politicasocial.vinaros.es\/es\/el-deficit-de-plazas-residenciales-para-personas-mayores-en-espana-sigue-aumentando-tras-la-pandemia\/","og_site_name":"Pol\u00edtica Social - Ajuntament de Vinar\u00f2s","article_published_time":"2025-01-21T08:12:13+00:00","article_modified_time":"2025-02-05T08:23:41+00:00","og_image":[{"width":1920,"height":1332,"url":"https:\/\/politicasocial.vinaros.es\/wp-content\/uploads\/2025\/02\/logo-directoras.jpg","type":"image\/jpeg"}],"author":"David Pru\u00f1onosa","twitter_card":"summary_large_image","twitter_misc":{"Escrito por":"David Pru\u00f1onosa","Tiempo de lectura":"1 minuto"},"schema":{"@context":"https:\/\/schema.org","@graph":[{"@type":"Article","@id":"https:\/\/politicasocial.vinaros.es\/es\/el-deficit-de-plazas-residenciales-para-personas-mayores-en-espana-sigue-aumentando-tras-la-pandemia\/#article","isPartOf":{"@id":"https:\/\/politicasocial.vinaros.es\/es\/el-deficit-de-plazas-residenciales-para-personas-mayores-en-espana-sigue-aumentando-tras-la-pandemia\/"},"author":{"name":"David Pru\u00f1onosa","@id":"https:\/\/politicasocial.vinaros.es\/es\/#\/schema\/person\/3b1e431ee719cc0fb03b0f048733b979"},"headline":"El d\u00e9ficit de plazas residenciales para personas mayores en espa\u00f1a sigue aumentando tras la pandemia","datePublished":"2025-01-21T08:12:13+00:00","dateModified":"2025-02-05T08:23:41+00:00","mainEntityOfPage":{"@id":"https:\/\/politicasocial.vinaros.es\/es\/el-deficit-de-plazas-residenciales-para-personas-mayores-en-espana-sigue-aumentando-tras-la-pandemia\/"},"wordCount":137,"commentCount":0,"image":{"@id":"https:\/\/politicasocial.vinaros.es\/es\/el-deficit-de-plazas-residenciales-para-personas-mayores-en-espana-sigue-aumentando-tras-la-pandemia\/#primaryimage"},"thumbnailUrl":"https:\/\/politicasocial.vinaros.es\/wp-content\/uploads\/2025\/02\/logo-directoras.jpg","articleSection":["Servicios Sociales"],"inLanguage":"es","potentialAction":[{"@type":"CommentAction","name":"Comment","target":["https:\/\/politicasocial.vinaros.es\/es\/el-deficit-de-plazas-residenciales-para-personas-mayores-en-espana-sigue-aumentando-tras-la-pandemia\/#respond"]}]},{"@type":"WebPage","@id":"https:\/\/politicasocial.vinaros.es\/es\/el-deficit-de-plazas-residenciales-para-personas-mayores-en-espana-sigue-aumentando-tras-la-pandemia\/","url":"https:\/\/politicasocial.vinaros.es\/es\/el-deficit-de-plazas-residenciales-para-personas-mayores-en-espana-sigue-aumentando-tras-la-pandemia\/","name":"El d\u00e9ficit de plazas residenciales para personas mayores en espa\u00f1a sigue aumentando tras la pandemia - Pol\u00edtica Social - Ajuntament de Vinar\u00f2s","isPartOf":{"@id":"https:\/\/politicasocial.vinaros.es\/es\/#website"},"primaryImageOfPage":{"@id":"https:\/\/politicasocial.vinaros.es\/es\/el-deficit-de-plazas-residenciales-para-personas-mayores-en-espana-sigue-aumentando-tras-la-pandemia\/#primaryimage"},"image":{"@id":"https:\/\/politicasocial.vinaros.es\/es\/el-deficit-de-plazas-residenciales-para-personas-mayores-en-espana-sigue-aumentando-tras-la-pandemia\/#primaryimage"},"thumbnailUrl":"https:\/\/politicasocial.vinaros.es\/wp-content\/uploads\/2025\/02\/logo-directoras.jpg","datePublished":"2025-01-21T08:12:13+00:00","dateModified":"2025-02-05T08:23:41+00:00","author":{"@id":"https:\/\/politicasocial.vinaros.es\/es\/#\/schema\/person\/3b1e431ee719cc0fb03b0f048733b979"},"breadcrumb":{"@id":"https:\/\/politicasocial.vinaros.es\/es\/el-deficit-de-plazas-residenciales-para-personas-mayores-en-espana-sigue-aumentando-tras-la-pandemia\/#breadcrumb"},"inLanguage":"es","potentialAction":[{"@type":"ReadAction","target":["https:\/\/politicasocial.vinaros.es\/es\/el-deficit-de-plazas-residenciales-para-personas-mayores-en-espana-sigue-aumentando-tras-la-pandemia\/"]}]},{"@type":"ImageObject","inLanguage":"es","@id":"https:\/\/politicasocial.vinaros.es\/es\/el-deficit-de-plazas-residenciales-para-personas-mayores-en-espana-sigue-aumentando-tras-la-pandemia\/#primaryimage","url":"https:\/\/politicasocial.vinaros.es\/wp-content\/uploads\/2025\/02\/logo-directoras.jpg","contentUrl":"https:\/\/politicasocial.vinaros.es\/wp-content\/uploads\/2025\/02\/logo-directoras.jpg","width":1920,"height":1332},{"@type":"BreadcrumbList","@id":"https:\/\/politicasocial.vinaros.es\/es\/el-deficit-de-plazas-residenciales-para-personas-mayores-en-espana-sigue-aumentando-tras-la-pandemia\/#breadcrumb","itemListElement":[{"@type":"ListItem","position":1,"name":"Inicio","item":"https:\/\/politicasocial.vinaros.es\/es\/"},{"@type":"ListItem","position":2,"name":"Servicios Sociales","item":"https:\/\/politicasocial.vinaros.es\/es\/categoria\/servicios-sociales\/"},{"@type":"ListItem","position":3,"name":"El d\u00e9ficit de plazas residenciales para personas mayores en espa\u00f1a sigue aumentando tras la pandemia"}]},{"@type":"WebSite","@id":"https:\/\/politicasocial.vinaros.es\/es\/#website","url":"https:\/\/politicasocial.vinaros.es\/es\/","name":"Pol\u00edtica Social - Ajuntament de Vinar\u00f2s","description":"Regidoria de Pol\u00edtica Social","potentialAction":[{"@type":"SearchAction","target":{"@type":"EntryPoint","urlTemplate":"https:\/\/politicasocial.vinaros.es\/es\/?s={search_term_string}"},"query-input":{"@type":"PropertyValueSpecification","valueRequired":true,"valueName":"search_term_string"}}],"inLanguage":"es"},{"@type":"Person","@id":"https:\/\/politicasocial.vinaros.es\/es\/#\/schema\/person\/3b1e431ee719cc0fb03b0f048733b979","name":"David Pru\u00f1onosa","image":{"@type":"ImageObject","inLanguage":"es","@id":"https:\/\/politicasocial.vinaros.es\/es\/#\/schema\/person\/image\/","url":"https:\/\/secure.gravatar.com\/avatar\/5fc128946e8072351e6094f5d9d8cbf13b1c44e70e2c991bc747c7dc60f0b5a5?s=96&d=mm&r=g","contentUrl":"https:\/\/secure.gravatar.com\/avatar\/5fc128946e8072351e6094f5d9d8cbf13b1c44e70e2c991bc747c7dc60f0b5a5?s=96&d=mm&r=g","caption":"David Pru\u00f1onosa"},"url":"https:\/\/politicasocial.vinaros.es\/es"}]}},"_links":{"self":[{"href":"https:\/\/politicasocial.vinaros.es\/es\/wp-json\/wp\/v2\/posts\/2261","targetHints":{"allow":["GET"]}}],"collection":[{"href":"https:\/\/politicasocial.vinaros.es\/es\/wp-json\/wp\/v2\/posts"}],"about":[{"href":"https:\/\/politicasocial.vinaros.es\/es\/wp-json\/wp\/v2\/types\/post"}],"author":[{"embeddable":true,"href":"https:\/\/politicasocial.vinaros.es\/es\/wp-json\/wp\/v2\/users\/2"}],"replies":[{"embeddable":true,"href":"https:\/\/politicasocial.vinaros.es\/es\/wp-json\/wp\/v2\/comments?post=2261"}],"version-history":[{"count":1,"href":"https:\/\/politicasocial.vinaros.es\/es\/wp-json\/wp\/v2\/posts\/2261\/revisions"}],"predecessor-version":[{"id":2262,"href":"https:\/\/politicasocial.vinaros.es\/es\/wp-json\/wp\/v2\/posts\/2261\/revisions\/2262"}],"wp:featuredmedia":[{"embeddable":true,"href":"https:\/\/politicasocial.vinaros.es\/es\/wp-json\/wp\/v2\/media\/2257"}],"wp:attachment":[{"href":"https:\/\/politicasocial.vinaros.es\/es\/wp-json\/wp\/v2\/media?parent=2261"}],"wp:term":[{"taxonomy":"category","embeddable":true,"href":"https:\/\/politicasocial.vinaros.es\/es\/wp-json\/wp\/v2\/categories?post=2261"},{"taxonomy":"post_tag","embeddable":true,"href":"https:\/\/politicasocial.vinaros.es\/es\/wp-json\/wp\/v2\/tags?post=2261"}],"curies":[{"name":"wp","href":"https:\/\/api.w.org\/{rel}","templated":true}]}}