{"id":2277,"date":"2025-04-15T12:26:30","date_gmt":"2025-04-15T10:26:30","guid":{"rendered":"https:\/\/politicasocial.vinaros.es\/vinaros-acoge-una-jornada-de-formacion-sobre-el-nuevo-protocolo-atenpro-para-victimas-de-violencia-de-genero\/"},"modified":"2025-04-15T13:49:39","modified_gmt":"2025-04-15T11:49:39","slug":"vinaros-acoge-una-jornada-de-formacion-sobre-el-nuevo-protocolo-atenpro-para-victimas-de-violencia-de-genero","status":"publish","type":"post","link":"https:\/\/politicasocial.vinaros.es\/es\/vinaros-acoge-una-jornada-de-formacion-sobre-el-nuevo-protocolo-atenpro-para-victimas-de-violencia-de-genero\/","title":{"rendered":"Vinar\u00f2s acoge una jornada de formaci\u00f3n sobre el nuevo protocolo ATENPRO para v\u00edctimas de violencia de g\u00e9nero"},"content":{"rendered":"\n<p>La jornada ha sido impulsada por la Concejal\u00eda de Servicios Sociales, en colaboraci\u00f3n con la Subdelegaci\u00f3n del Gobierno a Castell\u00f3, la Federaci\u00f3n Valenciana de Municipios y Provincias y Cruz Roja.<\/p>\n\n<p>Desde Servicios Sociales se ha destacado la importancia de este tipo de espacios para compartir recursos y experiencias para mejorar la ayuda a las v\u00edctimas.<\/p>\n\n<p>ATENPRO es un servicio de atenci\u00f3n inmediata 24 horas, 365 d\u00edas al a\u00f1o, mediante tecnolog\u00eda de telelocalizaci\u00f3n, que permite contacto directo con personal especializado en situaciones de emergencia para ofrecer una respuesta r\u00e1pida y coordinada a las v\u00edctimas.<\/p>\n\n<p>M\u00e1s informaci\u00f3n: <a href=\"https:\/\/www.vinaros.es\/ca\/noticies\/vinaros-acull-una-jornada-de-formacio-sobre-el-nou-protocol-de-proteccio-de-les-victimes\">Web de l\u2019Ajuntament de Vin\u00e0r\u00f2s<\/a><\/p>\n","protected":false},"excerpt":{"rendered":"<p>La jornada ha sido impulsada por la Concejal\u00eda de Servicios Sociales, en colaboraci\u00f3n con la Subdelegaci\u00f3n del Gobierno a Castell\u00f3, la Federaci\u00f3n Valenciana de Municipios y Provincias y Cruz Roja. Desde Servicios Sociales se ha destacado la importancia de este tipo de espacios para compartir recursos y experiencias para mejorar la ayuda a las v\u00edctimas. [&hellip;]<\/p>\n","protected":false},"author":7,"featured_media":2275,"comment_status":"open","ping_status":"open","sticky":false,"template":"","format":"standard","meta":{"_acf_changed":false,"inline_featured_image":false,"footnotes":""},"categories":[11],"tags":[],"class_list":["post-2277","post","type-post","status-publish","format-standard","has-post-thumbnail","hentry","category-servicios-sociales"],"acf":[],"yoast_head":"<!-- This site is optimized with the Yoast SEO plugin v27.0 - https:\/\/yoast.com\/product\/yoast-seo-wordpress\/ -->\n<title>Vinar\u00f2s acoge una jornada de formaci\u00f3n sobre el nuevo protocolo ATENPRO para v\u00edctimas de violencia de g\u00e9nero - Pol\u00edtica Social - Ajuntament de Vinar\u00f2s<\/title>\n<meta name=\"robots\" content=\"index, follow, max-snippet:-1, max-image-preview:large, max-video-preview:-1\" \/>\n<link rel=\"canonical\" href=\"https:\/\/politicasocial.vinaros.es\/es\/vinaros-acoge-una-jornada-de-formacion-sobre-el-nuevo-protocolo-atenpro-para-victimas-de-violencia-de-genero\/\" \/>\n<meta property=\"og:locale\" content=\"es_ES\" \/>\n<meta property=\"og:type\" content=\"article\" \/>\n<meta property=\"og:title\" content=\"Vinar\u00f2s acoge una jornada de formaci\u00f3n sobre el nuevo protocolo ATENPRO para v\u00edctimas de violencia de g\u00e9nero - Pol\u00edtica Social - Ajuntament de Vinar\u00f2s\" \/>\n<meta property=\"og:description\" content=\"La jornada ha sido impulsada por la Concejal\u00eda de Servicios Sociales, en colaboraci\u00f3n con la Subdelegaci\u00f3n del Gobierno a Castell\u00f3, la Federaci\u00f3n Valenciana de Municipios y Provincias y Cruz Roja. Desde Servicios Sociales se ha destacado la importancia de este tipo de espacios para compartir recursos y experiencias para mejorar la ayuda a las v\u00edctimas. [&hellip;]\" \/>\n<meta property=\"og:url\" content=\"https:\/\/politicasocial.vinaros.es\/es\/vinaros-acoge-una-jornada-de-formacion-sobre-el-nuevo-protocolo-atenpro-para-victimas-de-violencia-de-genero\/\" \/>\n<meta property=\"og:site_name\" content=\"Pol\u00edtica Social - Ajuntament de Vinar\u00f2s\" \/>\n<meta property=\"article:published_time\" content=\"2025-04-15T10:26:30+00:00\" \/>\n<meta property=\"article:modified_time\" content=\"2025-04-15T11:49:39+00:00\" \/>\n<meta property=\"og:image\" content=\"https:\/\/politicasocial.vinaros.es\/wp-content\/uploads\/2025\/04\/Jornada-1.jpg\" \/>\n\t<meta property=\"og:image:width\" content=\"480\" \/>\n\t<meta property=\"og:image:height\" content=\"333\" \/>\n\t<meta property=\"og:image:type\" content=\"image\/jpeg\" \/>\n<meta name=\"author\" content=\"Nadia\" \/>\n<meta name=\"twitter:card\" content=\"summary_large_image\" \/>\n<meta name=\"twitter:label1\" content=\"Escrito por\" \/>\n\t<meta name=\"twitter:data1\" content=\"Nadia\" \/>\n\t<meta name=\"twitter:label2\" content=\"Tiempo de lectura\" \/>\n\t<meta name=\"twitter:data2\" content=\"1 minuto\" \/>\n<script type=\"application\/ld+json\" class=\"yoast-schema-graph\">{\"@context\":\"https:\/\/schema.org\",\"@graph\":[{\"@type\":\"Article\",\"@id\":\"https:\/\/politicasocial.vinaros.es\/es\/vinaros-acoge-una-jornada-de-formacion-sobre-el-nuevo-protocolo-atenpro-para-victimas-de-violencia-de-genero\/#article\",\"isPartOf\":{\"@id\":\"https:\/\/politicasocial.vinaros.es\/es\/vinaros-acoge-una-jornada-de-formacion-sobre-el-nuevo-protocolo-atenpro-para-victimas-de-violencia-de-genero\/\"},\"author\":{\"name\":\"Nadia\",\"@id\":\"https:\/\/politicasocial.vinaros.es\/es\/#\/schema\/person\/9edf5265f2cf7ab8afc1d2a353622f72\"},\"headline\":\"Vinar\u00f2s acoge una jornada de formaci\u00f3n sobre el nuevo protocolo ATENPRO para v\u00edctimas de violencia de g\u00e9nero\",\"datePublished\":\"2025-04-15T10:26:30+00:00\",\"dateModified\":\"2025-04-15T11:49:39+00:00\",\"mainEntityOfPage\":{\"@id\":\"https:\/\/politicasocial.vinaros.es\/es\/vinaros-acoge-una-jornada-de-formacion-sobre-el-nuevo-protocolo-atenpro-para-victimas-de-violencia-de-genero\/\"},\"wordCount\":136,\"commentCount\":0,\"image\":{\"@id\":\"https:\/\/politicasocial.vinaros.es\/es\/vinaros-acoge-una-jornada-de-formacion-sobre-el-nuevo-protocolo-atenpro-para-victimas-de-violencia-de-genero\/#primaryimage\"},\"thumbnailUrl\":\"https:\/\/politicasocial.vinaros.es\/wp-content\/uploads\/2025\/04\/Jornada-1.jpg\",\"articleSection\":[\"Servicios Sociales\"],\"inLanguage\":\"es\",\"potentialAction\":[{\"@type\":\"CommentAction\",\"name\":\"Comment\",\"target\":[\"https:\/\/politicasocial.vinaros.es\/es\/vinaros-acoge-una-jornada-de-formacion-sobre-el-nuevo-protocolo-atenpro-para-victimas-de-violencia-de-genero\/#respond\"]}]},{\"@type\":\"WebPage\",\"@id\":\"https:\/\/politicasocial.vinaros.es\/es\/vinaros-acoge-una-jornada-de-formacion-sobre-el-nuevo-protocolo-atenpro-para-victimas-de-violencia-de-genero\/\",\"url\":\"https:\/\/politicasocial.vinaros.es\/es\/vinaros-acoge-una-jornada-de-formacion-sobre-el-nuevo-protocolo-atenpro-para-victimas-de-violencia-de-genero\/\",\"name\":\"Vinar\u00f2s acoge una jornada de formaci\u00f3n sobre el nuevo protocolo ATENPRO para v\u00edctimas de violencia de g\u00e9nero - Pol\u00edtica Social - Ajuntament de Vinar\u00f2s\",\"isPartOf\":{\"@id\":\"https:\/\/politicasocial.vinaros.es\/es\/#website\"},\"primaryImageOfPage\":{\"@id\":\"https:\/\/politicasocial.vinaros.es\/es\/vinaros-acoge-una-jornada-de-formacion-sobre-el-nuevo-protocolo-atenpro-para-victimas-de-violencia-de-genero\/#primaryimage\"},\"image\":{\"@id\":\"https:\/\/politicasocial.vinaros.es\/es\/vinaros-acoge-una-jornada-de-formacion-sobre-el-nuevo-protocolo-atenpro-para-victimas-de-violencia-de-genero\/#primaryimage\"},\"thumbnailUrl\":\"https:\/\/politicasocial.vinaros.es\/wp-content\/uploads\/2025\/04\/Jornada-1.jpg\",\"datePublished\":\"2025-04-15T10:26:30+00:00\",\"dateModified\":\"2025-04-15T11:49:39+00:00\",\"author\":{\"@id\":\"https:\/\/politicasocial.vinaros.es\/es\/#\/schema\/person\/9edf5265f2cf7ab8afc1d2a353622f72\"},\"breadcrumb\":{\"@id\":\"https:\/\/politicasocial.vinaros.es\/es\/vinaros-acoge-una-jornada-de-formacion-sobre-el-nuevo-protocolo-atenpro-para-victimas-de-violencia-de-genero\/#breadcrumb\"},\"inLanguage\":\"es\",\"potentialAction\":[{\"@type\":\"ReadAction\",\"target\":[\"https:\/\/politicasocial.vinaros.es\/es\/vinaros-acoge-una-jornada-de-formacion-sobre-el-nuevo-protocolo-atenpro-para-victimas-de-violencia-de-genero\/\"]}]},{\"@type\":\"ImageObject\",\"inLanguage\":\"es\",\"@id\":\"https:\/\/politicasocial.vinaros.es\/es\/vinaros-acoge-una-jornada-de-formacion-sobre-el-nuevo-protocolo-atenpro-para-victimas-de-violencia-de-genero\/#primaryimage\",\"url\":\"https:\/\/politicasocial.vinaros.es\/wp-content\/uploads\/2025\/04\/Jornada-1.jpg\",\"contentUrl\":\"https:\/\/politicasocial.vinaros.es\/wp-content\/uploads\/2025\/04\/Jornada-1.jpg\",\"width\":480,\"height\":333},{\"@type\":\"BreadcrumbList\",\"@id\":\"https:\/\/politicasocial.vinaros.es\/es\/vinaros-acoge-una-jornada-de-formacion-sobre-el-nuevo-protocolo-atenpro-para-victimas-de-violencia-de-genero\/#breadcrumb\",\"itemListElement\":[{\"@type\":\"ListItem\",\"position\":1,\"name\":\"Inicio\",\"item\":\"https:\/\/politicasocial.vinaros.es\/es\/\"},{\"@type\":\"ListItem\",\"position\":2,\"name\":\"Servicios Sociales\",\"item\":\"https:\/\/politicasocial.vinaros.es\/es\/categoria\/servicios-sociales\/\"},{\"@type\":\"ListItem\",\"position\":3,\"name\":\"Vinar\u00f2s acoge una jornada de formaci\u00f3n sobre el nuevo protocolo ATENPRO para v\u00edctimas de violencia de g\u00e9nero\"}]},{\"@type\":\"WebSite\",\"@id\":\"https:\/\/politicasocial.vinaros.es\/es\/#website\",\"url\":\"https:\/\/politicasocial.vinaros.es\/es\/\",\"name\":\"Pol\u00edtica Social - Ajuntament de Vinar\u00f2s\",\"description\":\"Regidoria de Pol\u00edtica Social\",\"potentialAction\":[{\"@type\":\"SearchAction\",\"target\":{\"@type\":\"EntryPoint\",\"urlTemplate\":\"https:\/\/politicasocial.vinaros.es\/es\/?s={search_term_string}\"},\"query-input\":{\"@type\":\"PropertyValueSpecification\",\"valueRequired\":true,\"valueName\":\"search_term_string\"}}],\"inLanguage\":\"es\"},{\"@type\":\"Person\",\"@id\":\"https:\/\/politicasocial.vinaros.es\/es\/#\/schema\/person\/9edf5265f2cf7ab8afc1d2a353622f72\",\"name\":\"Nadia\",\"image\":{\"@type\":\"ImageObject\",\"inLanguage\":\"es\",\"@id\":\"https:\/\/politicasocial.vinaros.es\/es\/#\/schema\/person\/image\/\",\"url\":\"https:\/\/secure.gravatar.com\/avatar\/1ff7e857f70805eb627e8c9ca62235257b91baacb9a8015becc221e4cc6bee24?s=96&d=mm&r=g\",\"contentUrl\":\"https:\/\/secure.gravatar.com\/avatar\/1ff7e857f70805eb627e8c9ca62235257b91baacb9a8015becc221e4cc6bee24?s=96&d=mm&r=g\",\"caption\":\"Nadia\"},\"url\":\"https:\/\/politicasocial.vinaros.es\/es\"}]}<\/script>\n<!-- \/ Yoast SEO plugin. -->","yoast_head_json":{"title":"Vinar\u00f2s acoge una jornada de formaci\u00f3n sobre el nuevo protocolo ATENPRO para v\u00edctimas de violencia de g\u00e9nero - Pol\u00edtica Social - Ajuntament de Vinar\u00f2s","robots":{"index":"index","follow":"follow","max-snippet":"max-snippet:-1","max-image-preview":"max-image-preview:large","max-video-preview":"max-video-preview:-1"},"canonical":"https:\/\/politicasocial.vinaros.es\/es\/vinaros-acoge-una-jornada-de-formacion-sobre-el-nuevo-protocolo-atenpro-para-victimas-de-violencia-de-genero\/","og_locale":"es_ES","og_type":"article","og_title":"Vinar\u00f2s acoge una jornada de formaci\u00f3n sobre el nuevo protocolo ATENPRO para v\u00edctimas de violencia de g\u00e9nero - Pol\u00edtica Social - Ajuntament de Vinar\u00f2s","og_description":"La jornada ha sido impulsada por la Concejal\u00eda de Servicios Sociales, en colaboraci\u00f3n con la Subdelegaci\u00f3n del Gobierno a Castell\u00f3, la Federaci\u00f3n Valenciana de Municipios y Provincias y Cruz Roja. Desde Servicios Sociales se ha destacado la importancia de este tipo de espacios para compartir recursos y experiencias para mejorar la ayuda a las v\u00edctimas. [&hellip;]","og_url":"https:\/\/politicasocial.vinaros.es\/es\/vinaros-acoge-una-jornada-de-formacion-sobre-el-nuevo-protocolo-atenpro-para-victimas-de-violencia-de-genero\/","og_site_name":"Pol\u00edtica Social - Ajuntament de Vinar\u00f2s","article_published_time":"2025-04-15T10:26:30+00:00","article_modified_time":"2025-04-15T11:49:39+00:00","og_image":[{"width":480,"height":333,"url":"https:\/\/politicasocial.vinaros.es\/wp-content\/uploads\/2025\/04\/Jornada-1.jpg","type":"image\/jpeg"}],"author":"Nadia","twitter_card":"summary_large_image","twitter_misc":{"Escrito por":"Nadia","Tiempo de lectura":"1 minuto"},"schema":{"@context":"https:\/\/schema.org","@graph":[{"@type":"Article","@id":"https:\/\/politicasocial.vinaros.es\/es\/vinaros-acoge-una-jornada-de-formacion-sobre-el-nuevo-protocolo-atenpro-para-victimas-de-violencia-de-genero\/#article","isPartOf":{"@id":"https:\/\/politicasocial.vinaros.es\/es\/vinaros-acoge-una-jornada-de-formacion-sobre-el-nuevo-protocolo-atenpro-para-victimas-de-violencia-de-genero\/"},"author":{"name":"Nadia","@id":"https:\/\/politicasocial.vinaros.es\/es\/#\/schema\/person\/9edf5265f2cf7ab8afc1d2a353622f72"},"headline":"Vinar\u00f2s acoge una jornada de formaci\u00f3n sobre el nuevo protocolo ATENPRO para v\u00edctimas de violencia de g\u00e9nero","datePublished":"2025-04-15T10:26:30+00:00","dateModified":"2025-04-15T11:49:39+00:00","mainEntityOfPage":{"@id":"https:\/\/politicasocial.vinaros.es\/es\/vinaros-acoge-una-jornada-de-formacion-sobre-el-nuevo-protocolo-atenpro-para-victimas-de-violencia-de-genero\/"},"wordCount":136,"commentCount":0,"image":{"@id":"https:\/\/politicasocial.vinaros.es\/es\/vinaros-acoge-una-jornada-de-formacion-sobre-el-nuevo-protocolo-atenpro-para-victimas-de-violencia-de-genero\/#primaryimage"},"thumbnailUrl":"https:\/\/politicasocial.vinaros.es\/wp-content\/uploads\/2025\/04\/Jornada-1.jpg","articleSection":["Servicios Sociales"],"inLanguage":"es","potentialAction":[{"@type":"CommentAction","name":"Comment","target":["https:\/\/politicasocial.vinaros.es\/es\/vinaros-acoge-una-jornada-de-formacion-sobre-el-nuevo-protocolo-atenpro-para-victimas-de-violencia-de-genero\/#respond"]}]},{"@type":"WebPage","@id":"https:\/\/politicasocial.vinaros.es\/es\/vinaros-acoge-una-jornada-de-formacion-sobre-el-nuevo-protocolo-atenpro-para-victimas-de-violencia-de-genero\/","url":"https:\/\/politicasocial.vinaros.es\/es\/vinaros-acoge-una-jornada-de-formacion-sobre-el-nuevo-protocolo-atenpro-para-victimas-de-violencia-de-genero\/","name":"Vinar\u00f2s acoge una jornada de formaci\u00f3n sobre el nuevo protocolo ATENPRO para v\u00edctimas de violencia de g\u00e9nero - Pol\u00edtica Social - Ajuntament de Vinar\u00f2s","isPartOf":{"@id":"https:\/\/politicasocial.vinaros.es\/es\/#website"},"primaryImageOfPage":{"@id":"https:\/\/politicasocial.vinaros.es\/es\/vinaros-acoge-una-jornada-de-formacion-sobre-el-nuevo-protocolo-atenpro-para-victimas-de-violencia-de-genero\/#primaryimage"},"image":{"@id":"https:\/\/politicasocial.vinaros.es\/es\/vinaros-acoge-una-jornada-de-formacion-sobre-el-nuevo-protocolo-atenpro-para-victimas-de-violencia-de-genero\/#primaryimage"},"thumbnailUrl":"https:\/\/politicasocial.vinaros.es\/wp-content\/uploads\/2025\/04\/Jornada-1.jpg","datePublished":"2025-04-15T10:26:30+00:00","dateModified":"2025-04-15T11:49:39+00:00","author":{"@id":"https:\/\/politicasocial.vinaros.es\/es\/#\/schema\/person\/9edf5265f2cf7ab8afc1d2a353622f72"},"breadcrumb":{"@id":"https:\/\/politicasocial.vinaros.es\/es\/vinaros-acoge-una-jornada-de-formacion-sobre-el-nuevo-protocolo-atenpro-para-victimas-de-violencia-de-genero\/#breadcrumb"},"inLanguage":"es","potentialAction":[{"@type":"ReadAction","target":["https:\/\/politicasocial.vinaros.es\/es\/vinaros-acoge-una-jornada-de-formacion-sobre-el-nuevo-protocolo-atenpro-para-victimas-de-violencia-de-genero\/"]}]},{"@type":"ImageObject","inLanguage":"es","@id":"https:\/\/politicasocial.vinaros.es\/es\/vinaros-acoge-una-jornada-de-formacion-sobre-el-nuevo-protocolo-atenpro-para-victimas-de-violencia-de-genero\/#primaryimage","url":"https:\/\/politicasocial.vinaros.es\/wp-content\/uploads\/2025\/04\/Jornada-1.jpg","contentUrl":"https:\/\/politicasocial.vinaros.es\/wp-content\/uploads\/2025\/04\/Jornada-1.jpg","width":480,"height":333},{"@type":"BreadcrumbList","@id":"https:\/\/politicasocial.vinaros.es\/es\/vinaros-acoge-una-jornada-de-formacion-sobre-el-nuevo-protocolo-atenpro-para-victimas-de-violencia-de-genero\/#breadcrumb","itemListElement":[{"@type":"ListItem","position":1,"name":"Inicio","item":"https:\/\/politicasocial.vinaros.es\/es\/"},{"@type":"ListItem","position":2,"name":"Servicios Sociales","item":"https:\/\/politicasocial.vinaros.es\/es\/categoria\/servicios-sociales\/"},{"@type":"ListItem","position":3,"name":"Vinar\u00f2s acoge una jornada de formaci\u00f3n sobre el nuevo protocolo ATENPRO para v\u00edctimas de violencia de g\u00e9nero"}]},{"@type":"WebSite","@id":"https:\/\/politicasocial.vinaros.es\/es\/#website","url":"https:\/\/politicasocial.vinaros.es\/es\/","name":"Pol\u00edtica Social - Ajuntament de Vinar\u00f2s","description":"Regidoria de Pol\u00edtica Social","potentialAction":[{"@type":"SearchAction","target":{"@type":"EntryPoint","urlTemplate":"https:\/\/politicasocial.vinaros.es\/es\/?s={search_term_string}"},"query-input":{"@type":"PropertyValueSpecification","valueRequired":true,"valueName":"search_term_string"}}],"inLanguage":"es"},{"@type":"Person","@id":"https:\/\/politicasocial.vinaros.es\/es\/#\/schema\/person\/9edf5265f2cf7ab8afc1d2a353622f72","name":"Nadia","image":{"@type":"ImageObject","inLanguage":"es","@id":"https:\/\/politicasocial.vinaros.es\/es\/#\/schema\/person\/image\/","url":"https:\/\/secure.gravatar.com\/avatar\/1ff7e857f70805eb627e8c9ca62235257b91baacb9a8015becc221e4cc6bee24?s=96&d=mm&r=g","contentUrl":"https:\/\/secure.gravatar.com\/avatar\/1ff7e857f70805eb627e8c9ca62235257b91baacb9a8015becc221e4cc6bee24?s=96&d=mm&r=g","caption":"Nadia"},"url":"https:\/\/politicasocial.vinaros.es\/es"}]}},"_links":{"self":[{"href":"https:\/\/politicasocial.vinaros.es\/es\/wp-json\/wp\/v2\/posts\/2277","targetHints":{"allow":["GET"]}}],"collection":[{"href":"https:\/\/politicasocial.vinaros.es\/es\/wp-json\/wp\/v2\/posts"}],"about":[{"href":"https:\/\/politicasocial.vinaros.es\/es\/wp-json\/wp\/v2\/types\/post"}],"author":[{"embeddable":true,"href":"https:\/\/politicasocial.vinaros.es\/es\/wp-json\/wp\/v2\/users\/7"}],"replies":[{"embeddable":true,"href":"https:\/\/politicasocial.vinaros.es\/es\/wp-json\/wp\/v2\/comments?post=2277"}],"version-history":[{"count":2,"href":"https:\/\/politicasocial.vinaros.es\/es\/wp-json\/wp\/v2\/posts\/2277\/revisions"}],"predecessor-version":[{"id":2281,"href":"https:\/\/politicasocial.vinaros.es\/es\/wp-json\/wp\/v2\/posts\/2277\/revisions\/2281"}],"wp:featuredmedia":[{"embeddable":true,"href":"https:\/\/politicasocial.vinaros.es\/es\/wp-json\/wp\/v2\/media\/2275"}],"wp:attachment":[{"href":"https:\/\/politicasocial.vinaros.es\/es\/wp-json\/wp\/v2\/media?parent=2277"}],"wp:term":[{"taxonomy":"category","embeddable":true,"href":"https:\/\/politicasocial.vinaros.es\/es\/wp-json\/wp\/v2\/categories?post=2277"},{"taxonomy":"post_tag","embeddable":true,"href":"https:\/\/politicasocial.vinaros.es\/es\/wp-json\/wp\/v2\/tags?post=2277"}],"curies":[{"name":"wp","href":"https:\/\/api.w.org\/{rel}","templated":true}]}}